{"id":219247,"date":"2026-02-20T11:13:00","date_gmt":"2026-02-20T14:13:00","guid":{"rendered":"https:\/\/portaltela.pt\/noticias\/2026\/02\/20\/textos-finais-do-pacote-da-habitacao-aprovados-com-votos-de-psd-cds-pp-e-il-2\/"},"modified":"2026-02-20T11:13:00","modified_gmt":"2026-02-20T14:13:00","slug":"textos-finais-do-pacote-da-habitacao-aprovados-com-votos-de-psd-cds-pp-e-il-2","status":"publish","type":"post","link":"https:\/\/portaltela.pt\/noticias\/politica\/2026\/02\/20\/textos-finais-do-pacote-da-habitacao-aprovados-com-votos-de-psd-cds-pp-e-il-2\/","title":{"rendered":"Textos finais do pacote da habita\u00e7\u00e3o aprovados com votos de PSD, CDS-PP e IL"},"content":{"rendered":"<p>Os textos finais do pacote de habita\u00e7\u00e3o do Governo foram aprovados no Parlamento, em vota\u00e7\u00e3o final global desta sexta-feira. A aprova\u00e7\u00e3o aconteceu com os votos favor\u00e1veis de PSD, CDS-PP e IL. O evento ocorreu no \u00e2mbito da sess\u00e3o legislativa regular.<\/p>\n<p>O pacote inclui duas propostas com autoriza\u00e7\u00f5es legislativas: uma com medidas de desagravamento fiscal para incentivar a oferta de habita\u00e7\u00e3o; outra com altera\u00e7\u00f5es ao licenciamento, urbaniza\u00e7\u00e3o e reabilita\u00e7\u00e3o urbana. Ambos os diplomas foram aprovados na generalidade.<\/p>\n<p>Relativamente \u00e0 primeira iniciativa, foram registados votos contra de PS, Livre, PCP e BE, e absten\u00e7\u00f5es de Chega, PAN e JPP. Na segunda proposta, PCP, BE, PAN e Livre votaram contra; Chega, PS e JPP abstiveram-se.<\/p>\n<p>O PS tinha apresentado, em 9 de janeiro, um projeto-lei para refor\u00e7ar instrumentos de promo\u00e7\u00e3o do acesso \u00e0 habita\u00e7\u00e3o permanente, combatendo a especula\u00e7\u00e3o imobili\u00e1ria. Esse projeto-lei foi remetido \u00e0 comiss\u00e3o sem vota\u00e7\u00e3o, e nesta sexta-feira foi chumbado na generalidade, com votos contra de Chega, CDS, IL e PSD. PCP e BE abstiveram-se.<\/p>\n","protected":false},"excerpt":{"rendered":"<ul>\n<li>Os textos finais de duas propostas do pacote de habita\u00e7\u00e3o foram aprovados no Parlamento em vota\u00e7\u00e3o final global, com os votos a favor do PSD, CDS-PP e IL.<\/li>\n<li>A proposta com medidas de desagravamento fiscal para incentivar a oferta de habita\u00e7\u00e3o recebeu oposi\u00e7\u00e3o do PS, Livre, PCP e BE, e absten\u00e7\u00f5es de Chega, PAN e JPP.<\/li>\n<li>A outra proposta, sobre autoriza\u00e7\u00e3o para a revis\u00e3o do regime de licenciamento de opera\u00e7\u00f5es urban\u00edsticas e altera\u00e7\u00f5es aos regimes de urbaniza\u00e7\u00e3o, edifica\u00e7\u00e3o e reabilita\u00e7\u00e3o urbana, teve oposi\u00e7\u00e3o de PCP, BE, PAN e Livre, com absten\u00e7\u00f5es de Chega, PS e JPP.<\/li>\n<li>O PS j\u00e1 tinha apresentado, a 9 de janeiro, um projeto-lei para refor\u00e7ar instrumentos de promo\u00e7\u00e3o do acesso \u00e0 habita\u00e7\u00e3o, que foi remetido \u00e0 comiss\u00e3o sem vota\u00e7\u00e3o.<\/li>\n<li>Nessa altura, o diploma foi chumbado na generalidade, com os votos contra de Chega, CDS, IL e PSD; PCP e BE abstiveram-se.<\/li>\n<\/ul>\n","protected":false},"author":2,"featured_media":219253,"comment_status":"closed","ping_status":"closed","sticky":false,"template":"","format":"standard","meta":{"footnotes":""},"categories":[1,5],"tags":[2478,34,150,2611,2832,3695],"class_list":["post-219247","post","type-post","status-publish","format-standard","has-post-thumbnail","hentry","category-noticias","category-politica","tag-cds","tag-governo","tag-habitacao","tag-il","tag-politica","tag-psd"],"yoast_head":"<!-- This site is optimized with the Yoast SEO plugin v27.2 - https:\/\/yoast.com\/product\/yoast-seo-wordpress\/ -->\n<title>Textos finais do pacote da habita\u00e7\u00e3o aprovados com votos de PSD, CDS-PP e IL - Portal Tela Portugal<\/title>\n<meta name=\"robots\" content=\"index, follow, max-snippet:-1, max-image-preview:large, max-video-preview:-1\" \/>\n<meta property=\"og:locale\" content=\"pt_PT\" \/>\n<meta property=\"og:type\" content=\"article\" \/>\n<meta property=\"og:title\" content=\"Textos finais do pacote da habita\u00e7\u00e3o aprovados com votos de PSD, CDS-PP e IL - Portal Tela Portugal\" \/>\n<meta property=\"og:description\" content=\"Os textos finais de duas propostas do pacote de habita\u00e7\u00e3o foram aprovados no Parlamento em vota\u00e7\u00e3o final global, com os votos a favor do PSD, CDS-PP e IL. A proposta com medidas de desagravamento fiscal para incentivar a oferta de habita\u00e7\u00e3o recebeu oposi\u00e7\u00e3o do PS, Livre, PCP e BE, e absten\u00e7\u00f5es de Chega, PAN e JPP. A outra proposta, sobre autoriza\u00e7\u00e3o para a revis\u00e3o do regime de licenciamento de opera\u00e7\u00f5es urban\u00edsticas e altera\u00e7\u00f5es aos regimes de urbaniza\u00e7\u00e3o, edifica\u00e7\u00e3o e reabilita\u00e7\u00e3o urbana, teve oposi\u00e7\u00e3o de PCP, BE, PAN e Livre, com absten\u00e7\u00f5es de Chega, PS e JPP. O PS j\u00e1 tinha apresentado, a 9 de janeiro, um projeto-lei para refor\u00e7ar instrumentos de promo\u00e7\u00e3o do acesso \u00e0 habita\u00e7\u00e3o, que foi remetido \u00e0 comiss\u00e3o sem vota\u00e7\u00e3o. Nessa altura, o diploma foi chumbado na generalidade, com os votos contra de Chega, CDS, IL e PSD; PCP e BE abstiveram-se.\" \/>\n<meta property=\"og:url\" content=\"https:\/\/portaltela.pt\/noticias\/2026\/02\/20\/textos-finais-do-pacote-da-habitacao-aprovados-com-votos-de-psd-cds-pp-e-il-2\/\" \/>\n<meta property=\"og:site_name\" content=\"Portal Tela Portugal\" \/>\n<meta property=\"article:published_time\" content=\"2026-02-20T14:13:00+00:00\" \/>\n<meta name=\"author\" content=\"Telinha\" \/>\n<meta name=\"twitter:card\" content=\"summary_large_image\" \/>\n<meta name=\"twitter:label1\" content=\"Escrito por\" \/>\n\t<meta name=\"twitter:data1\" content=\"Telinha\" \/>\n\t<meta name=\"twitter:label2\" content=\"Tempo estimado de leitura\" \/>\n\t<meta name=\"twitter:data2\" content=\"1 minuto\" \/>\n<script type=\"application\/ld+json\" class=\"yoast-schema-graph\">{\"@context\":\"https:\/\/schema.org\",\"@graph\":[{\"@type\":\"Article\",\"@id\":\"https:\/\/portaltela.pt\/noticias\/2026\/02\/20\/textos-finais-do-pacote-da-habitacao-aprovados-com-votos-de-psd-cds-pp-e-il-2\/#article\",\"isPartOf\":{\"@id\":\"https:\/\/portaltela.pt\/noticias\/2026\/02\/20\/textos-finais-do-pacote-da-habitacao-aprovados-com-votos-de-psd-cds-pp-e-il-2\/\"},\"author\":{\"name\":\"Telinha\",\"@id\":\"https:\/\/portaltela.pt\/#\/schema\/person\/c4278d4a6028830caff9ee44b42d32ed\"},\"headline\":\"Textos finais do pacote da habita\u00e7\u00e3o aprovados com votos de PSD, CDS-PP e IL\",\"datePublished\":\"2026-02-20T14:13:00+00:00\",\"mainEntityOfPage\":{\"@id\":\"https:\/\/portaltela.pt\/noticias\/2026\/02\/20\/textos-finais-do-pacote-da-habitacao-aprovados-com-votos-de-psd-cds-pp-e-il-2\/\"},\"wordCount\":193,\"image\":{\"@id\":\"https:\/\/portaltela.pt\/noticias\/2026\/02\/20\/textos-finais-do-pacote-da-habitacao-aprovados-com-votos-de-psd-cds-pp-e-il-2\/#primaryimage\"},\"thumbnailUrl\":\"https:\/\/portaltela.pt\/s.01k8rhncp4jt1\/2026\/02\/image-1495.jpg\",\"keywords\":[\"CDS\",\"governo\",\"habita\u00e7\u00e3o\",\"IL\",\"pol\u00edtica\",\"PSD\"],\"articleSection\":[\"Not\u00edcias\",\"Pol\u00edtica\"],\"inLanguage\":\"pt-PT\"},{\"@type\":\"WebPage\",\"@id\":\"https:\/\/portaltela.pt\/noticias\/2026\/02\/20\/textos-finais-do-pacote-da-habitacao-aprovados-com-votos-de-psd-cds-pp-e-il-2\/\",\"url\":\"https:\/\/portaltela.pt\/noticias\/2026\/02\/20\/textos-finais-do-pacote-da-habitacao-aprovados-com-votos-de-psd-cds-pp-e-il-2\/\",\"name\":\"Textos finais do pacote da habita\u00e7\u00e3o aprovados com votos de PSD, CDS-PP e IL - Portal Tela Portugal\",\"isPartOf\":{\"@id\":\"https:\/\/portaltela.pt\/#website\"},\"primaryImageOfPage\":{\"@id\":\"https:\/\/portaltela.pt\/noticias\/2026\/02\/20\/textos-finais-do-pacote-da-habitacao-aprovados-com-votos-de-psd-cds-pp-e-il-2\/#primaryimage\"},\"image\":{\"@id\":\"https:\/\/portaltela.pt\/noticias\/2026\/02\/20\/textos-finais-do-pacote-da-habitacao-aprovados-com-votos-de-psd-cds-pp-e-il-2\/#primaryimage\"},\"thumbnailUrl\":\"https:\/\/portaltela.pt\/s.01k8rhncp4jt1\/2026\/02\/image-1495.jpg\",\"datePublished\":\"2026-02-20T14:13:00+00:00\",\"author\":{\"@id\":\"https:\/\/portaltela.pt\/#\/schema\/person\/c4278d4a6028830caff9ee44b42d32ed\"},\"breadcrumb\":{\"@id\":\"https:\/\/portaltela.pt\/noticias\/2026\/02\/20\/textos-finais-do-pacote-da-habitacao-aprovados-com-votos-de-psd-cds-pp-e-il-2\/#breadcrumb\"},\"inLanguage\":\"pt-PT\",\"potentialAction\":[{\"@type\":\"ReadAction\",\"target\":[\"https:\/\/portaltela.pt\/noticias\/2026\/02\/20\/textos-finais-do-pacote-da-habitacao-aprovados-com-votos-de-psd-cds-pp-e-il-2\/\"]}]},{\"@type\":\"ImageObject\",\"inLanguage\":\"pt-PT\",\"@id\":\"https:\/\/portaltela.pt\/noticias\/2026\/02\/20\/textos-finais-do-pacote-da-habitacao-aprovados-com-votos-de-psd-cds-pp-e-il-2\/#primaryimage\",\"url\":\"https:\/\/portaltela.pt\/s.01k8rhncp4jt1\/2026\/02\/image-1495.jpg\",\"contentUrl\":\"https:\/\/portaltela.pt\/s.01k8rhncp4jt1\/2026\/02\/image-1495.jpg\",\"width\":796,\"height\":448,\"caption\":\"Proposta foi aprovada com os votos favor\u00e1veis do PSD, CDS-PP e IL\"},{\"@type\":\"BreadcrumbList\",\"@id\":\"https:\/\/portaltela.pt\/noticias\/2026\/02\/20\/textos-finais-do-pacote-da-habitacao-aprovados-com-votos-de-psd-cds-pp-e-il-2\/#breadcrumb\",\"itemListElement\":[{\"@type\":\"ListItem\",\"position\":1,\"name\":\"In\u00edcio\",\"item\":\"https:\/\/portaltela.pt\/\"},{\"@type\":\"ListItem\",\"position\":2,\"name\":\"Textos finais do pacote da habita\u00e7\u00e3o aprovados com votos de PSD, CDS-PP e IL\"}]},{\"@type\":\"WebSite\",\"@id\":\"https:\/\/portaltela.pt\/#website\",\"url\":\"https:\/\/portaltela.pt\/\",\"name\":\"Portal Tela Portugal\",\"description\":\"\",\"potentialAction\":[{\"@type\":\"SearchAction\",\"target\":{\"@type\":\"EntryPoint\",\"urlTemplate\":\"https:\/\/portaltela.pt\/?s={search_term_string}\"},\"query-input\":{\"@type\":\"PropertyValueSpecification\",\"valueRequired\":true,\"valueName\":\"search_term_string\"}}],\"inLanguage\":\"pt-PT\"},{\"@type\":\"Person\",\"@id\":\"https:\/\/portaltela.pt\/#\/schema\/person\/c4278d4a6028830caff9ee44b42d32ed\",\"name\":\"Telinha\",\"image\":{\"@type\":\"ImageObject\",\"inLanguage\":\"pt-PT\",\"@id\":\"https:\/\/portaltela.pt\/s.01k8rhncp4jt1\/2025\/11\/talking-bot-125x125.png\",\"url\":\"https:\/\/portaltela.pt\/s.01k8rhncp4jt1\/2025\/11\/talking-bot-125x125.png\",\"contentUrl\":\"https:\/\/portaltela.pt\/s.01k8rhncp4jt1\/2025\/11\/talking-bot-125x125.png\",\"caption\":\"Telinha\"},\"sameAs\":[\"https:\/\/portaltela.pt\/\"],\"url\":\"https:\/\/portaltela.pt\/por\/367410592786\/\"}]}<\/script>\n<!-- \/ Yoast SEO plugin. -->","yoast_head_json":{"title":"Textos finais do pacote da habita\u00e7\u00e3o aprovados com votos de PSD, CDS-PP e IL - Portal Tela Portugal","robots":{"index":"index","follow":"follow","max-snippet":"max-snippet:-1","max-image-preview":"max-image-preview:large","max-video-preview":"max-video-preview:-1"},"og_locale":"pt_PT","og_type":"article","og_title":"Textos finais do pacote da habita\u00e7\u00e3o aprovados com votos de PSD, CDS-PP e IL - Portal Tela Portugal","og_description":"Os textos finais de duas propostas do pacote de habita\u00e7\u00e3o foram aprovados no Parlamento em vota\u00e7\u00e3o final global, com os votos a favor do PSD, CDS-PP e IL. A proposta com medidas de desagravamento fiscal para incentivar a oferta de habita\u00e7\u00e3o recebeu oposi\u00e7\u00e3o do PS, Livre, PCP e BE, e absten\u00e7\u00f5es de Chega, PAN e JPP. A outra proposta, sobre autoriza\u00e7\u00e3o para a revis\u00e3o do regime de licenciamento de opera\u00e7\u00f5es urban\u00edsticas e altera\u00e7\u00f5es aos regimes de urbaniza\u00e7\u00e3o, edifica\u00e7\u00e3o e reabilita\u00e7\u00e3o urbana, teve oposi\u00e7\u00e3o de PCP, BE, PAN e Livre, com absten\u00e7\u00f5es de Chega, PS e JPP. O PS j\u00e1 tinha apresentado, a 9 de janeiro, um projeto-lei para refor\u00e7ar instrumentos de promo\u00e7\u00e3o do acesso \u00e0 habita\u00e7\u00e3o, que foi remetido \u00e0 comiss\u00e3o sem vota\u00e7\u00e3o. Nessa altura, o diploma foi chumbado na generalidade, com os votos contra de Chega, CDS, IL e PSD; PCP e BE abstiveram-se.","og_url":"https:\/\/portaltela.pt\/noticias\/2026\/02\/20\/textos-finais-do-pacote-da-habitacao-aprovados-com-votos-de-psd-cds-pp-e-il-2\/","og_site_name":"Portal Tela Portugal","article_published_time":"2026-02-20T14:13:00+00:00","author":"Telinha","twitter_card":"summary_large_image","twitter_misc":{"Escrito por":"Telinha","Tempo estimado de leitura":"1 minuto"},"schema":{"@context":"https:\/\/schema.org","@graph":[{"@type":"Article","@id":"https:\/\/portaltela.pt\/noticias\/2026\/02\/20\/textos-finais-do-pacote-da-habitacao-aprovados-com-votos-de-psd-cds-pp-e-il-2\/#article","isPartOf":{"@id":"https:\/\/portaltela.pt\/noticias\/2026\/02\/20\/textos-finais-do-pacote-da-habitacao-aprovados-com-votos-de-psd-cds-pp-e-il-2\/"},"author":{"name":"Telinha","@id":"https:\/\/portaltela.pt\/#\/schema\/person\/c4278d4a6028830caff9ee44b42d32ed"},"headline":"Textos finais do pacote da habita\u00e7\u00e3o aprovados com votos de PSD, CDS-PP e IL","datePublished":"2026-02-20T14:13:00+00:00","mainEntityOfPage":{"@id":"https:\/\/portaltela.pt\/noticias\/2026\/02\/20\/textos-finais-do-pacote-da-habitacao-aprovados-com-votos-de-psd-cds-pp-e-il-2\/"},"wordCount":193,"image":{"@id":"https:\/\/portaltela.pt\/noticias\/2026\/02\/20\/textos-finais-do-pacote-da-habitacao-aprovados-com-votos-de-psd-cds-pp-e-il-2\/#primaryimage"},"thumbnailUrl":"https:\/\/portaltela.pt\/s.01k8rhncp4jt1\/2026\/02\/image-1495.jpg","keywords":["CDS","governo","habita\u00e7\u00e3o","IL","pol\u00edtica","PSD"],"articleSection":["Not\u00edcias","Pol\u00edtica"],"inLanguage":"pt-PT"},{"@type":"WebPage","@id":"https:\/\/portaltela.pt\/noticias\/2026\/02\/20\/textos-finais-do-pacote-da-habitacao-aprovados-com-votos-de-psd-cds-pp-e-il-2\/","url":"https:\/\/portaltela.pt\/noticias\/2026\/02\/20\/textos-finais-do-pacote-da-habitacao-aprovados-com-votos-de-psd-cds-pp-e-il-2\/","name":"Textos finais do pacote da habita\u00e7\u00e3o aprovados com votos de PSD, CDS-PP e IL - Portal Tela Portugal","isPartOf":{"@id":"https:\/\/portaltela.pt\/#website"},"primaryImageOfPage":{"@id":"https:\/\/portaltela.pt\/noticias\/2026\/02\/20\/textos-finais-do-pacote-da-habitacao-aprovados-com-votos-de-psd-cds-pp-e-il-2\/#primaryimage"},"image":{"@id":"https:\/\/portaltela.pt\/noticias\/2026\/02\/20\/textos-finais-do-pacote-da-habitacao-aprovados-com-votos-de-psd-cds-pp-e-il-2\/#primaryimage"},"thumbnailUrl":"https:\/\/portaltela.pt\/s.01k8rhncp4jt1\/2026\/02\/image-1495.jpg","datePublished":"2026-02-20T14:13:00+00:00","author":{"@id":"https:\/\/portaltela.pt\/#\/schema\/person\/c4278d4a6028830caff9ee44b42d32ed"},"breadcrumb":{"@id":"https:\/\/portaltela.pt\/noticias\/2026\/02\/20\/textos-finais-do-pacote-da-habitacao-aprovados-com-votos-de-psd-cds-pp-e-il-2\/#breadcrumb"},"inLanguage":"pt-PT","potentialAction":[{"@type":"ReadAction","target":["https:\/\/portaltela.pt\/noticias\/2026\/02\/20\/textos-finais-do-pacote-da-habitacao-aprovados-com-votos-de-psd-cds-pp-e-il-2\/"]}]},{"@type":"ImageObject","inLanguage":"pt-PT","@id":"https:\/\/portaltela.pt\/noticias\/2026\/02\/20\/textos-finais-do-pacote-da-habitacao-aprovados-com-votos-de-psd-cds-pp-e-il-2\/#primaryimage","url":"https:\/\/portaltela.pt\/s.01k8rhncp4jt1\/2026\/02\/image-1495.jpg","contentUrl":"https:\/\/portaltela.pt\/s.01k8rhncp4jt1\/2026\/02\/image-1495.jpg","width":796,"height":448,"caption":"Proposta foi aprovada com os votos favor\u00e1veis do PSD, CDS-PP e IL"},{"@type":"BreadcrumbList","@id":"https:\/\/portaltela.pt\/noticias\/2026\/02\/20\/textos-finais-do-pacote-da-habitacao-aprovados-com-votos-de-psd-cds-pp-e-il-2\/#breadcrumb","itemListElement":[{"@type":"ListItem","position":1,"name":"In\u00edcio","item":"https:\/\/portaltela.pt\/"},{"@type":"ListItem","position":2,"name":"Textos finais do pacote da habita\u00e7\u00e3o aprovados com votos de PSD, CDS-PP e IL"}]},{"@type":"WebSite","@id":"https:\/\/portaltela.pt\/#website","url":"https:\/\/portaltela.pt\/","name":"Portal Tela Portugal","description":"","potentialAction":[{"@type":"SearchAction","target":{"@type":"EntryPoint","urlTemplate":"https:\/\/portaltela.pt\/?s={search_term_string}"},"query-input":{"@type":"PropertyValueSpecification","valueRequired":true,"valueName":"search_term_string"}}],"inLanguage":"pt-PT"},{"@type":"Person","@id":"https:\/\/portaltela.pt\/#\/schema\/person\/c4278d4a6028830caff9ee44b42d32ed","name":"Telinha","image":{"@type":"ImageObject","inLanguage":"pt-PT","@id":"https:\/\/portaltela.pt\/s.01k8rhncp4jt1\/2025\/11\/talking-bot-125x125.png","url":"https:\/\/portaltela.pt\/s.01k8rhncp4jt1\/2025\/11\/talking-bot-125x125.png","contentUrl":"https:\/\/portaltela.pt\/s.01k8rhncp4jt1\/2025\/11\/talking-bot-125x125.png","caption":"Telinha"},"sameAs":["https:\/\/portaltela.pt\/"],"url":"https:\/\/portaltela.pt\/por\/367410592786\/"}]}},"_links":{"self":[{"href":"https:\/\/portaltela.pt\/api\/wp\/v2\/posts\/219247","targetHints":{"allow":["GET"]}}],"collection":[{"href":"https:\/\/portaltela.pt\/api\/wp\/v2\/posts"}],"about":[{"href":"https:\/\/portaltela.pt\/api\/wp\/v2\/types\/post"}],"author":[{"embeddable":true,"href":"https:\/\/portaltela.pt\/api\/wp\/v2\/users\/2"}],"replies":[{"embeddable":true,"href":"https:\/\/portaltela.pt\/api\/wp\/v2\/comments?post=219247"}],"version-history":[{"count":0,"href":"https:\/\/portaltela.pt\/api\/wp\/v2\/posts\/219247\/revisions"}],"wp:featuredmedia":[{"embeddable":true,"href":"https:\/\/portaltela.pt\/api\/wp\/v2\/media\/219253"}],"wp:attachment":[{"href":"https:\/\/portaltela.pt\/api\/wp\/v2\/media?parent=219247"}],"wp:term":[{"taxonomy":"category","embeddable":true,"href":"https:\/\/portaltela.pt\/api\/wp\/v2\/categories?post=219247"},{"taxonomy":"post_tag","embeddable":true,"href":"https:\/\/portaltela.pt\/api\/wp\/v2\/tags?post=219247"}],"curies":[{"name":"wp","href":"https:\/\/api.w.org\/{rel}","templated":true}]}}