{"id":219212,"date":"2026-02-20T11:01:58","date_gmt":"2026-02-20T14:01:58","guid":{"rendered":"https:\/\/portaltela.pt\/noticias\/2026\/02\/20\/estudo-acusa-que-ue-subsidia-carne-de-vaca-e-borrego-580x-mais-que-leguminosas\/"},"modified":"2026-02-20T11:01:58","modified_gmt":"2026-02-20T14:01:58","slug":"estudo-acusa-que-ue-subsidia-carne-de-vaca-e-borrego-580x-mais-que-leguminosas","status":"publish","type":"post","link":"https:\/\/portaltela.pt\/noticias\/2026\/02\/20\/estudo-acusa-que-ue-subsidia-carne-de-vaca-e-borrego-580x-mais-que-leguminosas\/","title":{"rendered":"Estudo acusa que UE subsidia carne de vaca e borrego 580x mais que leguminosas"},"content":{"rendered":"<p>A organiza\u00e7\u00e3o Foodrise denuncia que a Pol\u00edtica Agr\u00edcola Comum (PAC) da UE aprovou subs\u00eddios desproporcionados \u00e0 carne de vaca e borrego, em 2020, em compara\u00e7\u00e3o com leguminosas. O relat\u00f3rio aponta que cerca de 77% do total de subs\u00eddios foram para alimentos de origem animal com emiss\u00f5es elevadas, num total de 39 mil milh\u00f5es de euros.<\/p>\n<p>Conclui ainda que o setor de lactic\u00ednios recebeu, no mesmo ano, substancialmente mais apoios do que frutos secos e sementes, enquanto carne e lactic\u00ednios juntos receberam mais de dez vezes o apoio \u00e0 produ\u00e7\u00e3o de frutas e legumes. A apela\u00e7\u00e3o \u00e9 pela redu\u00e7\u00e3o gradual desses subs\u00eddios em favor de op\u00e7\u00f5es vegetais.<\/p>\n<p>O estudo explica que alimentos de origem animal concentram entre 81% e 86% das emiss\u00f5es da produ\u00e7\u00e3o alimentar da UE, apesar de fornecerem apenas cerca de 32% das calorias e 64% das prote\u00ednas. A cadeia global de alimenta\u00e7\u00e3o tamb\u00e9m \u00e9 respons\u00e1vel por um ter\u00e7o das emiss\u00f5es de gases com efeito de estufa, ap\u00f3s combust\u00edveis f\u00f3sseis.<\/p>\n<p>Ao n\u00edvel europeu, a pegada da pecu\u00e1ria tem aumentado com a intensifica\u00e7\u00e3o agr\u00edcola e o grande n\u00famero de animais. A organiza\u00e7\u00e3o Greenpeace estima que grande parte dos mam\u00edferos do planeta s\u00e3o gado, com impactos significativos na absor\u00e7\u00e3o de carbono de florestas, pradarias e zonas h\u00famidas.<\/p>\n<p>Segundo a WWF, quase 80% da soja mundial destina-se \u00e0 alimenta\u00e7\u00e3o de gado, contribuindo para a expans\u00e3o de \u00e1reas de cultivo. A produ\u00e7\u00e3o de carne e lactic\u00ednios exige recursos relevantes e, por vezes, implica desfloresta\u00e7\u00e3o para suprir ra\u00e7\u00e3o, elevando a press\u00e3o ambiental.<\/p>\n<p>A Foodrise critica a atual aloca\u00e7\u00e3o de fundos da UE e defende uma transi\u00e7\u00e3o para padr\u00f5es alimentares mais saud\u00e1veis e sustent\u00e1veis. O grupo prop\u00f5e um Plano de A\u00e7\u00e3o para Alimentos de Origem Vegetal e um fundo de apoio \u00e0 transi\u00e7\u00e3o dos agricultores.<\/p>\n<p>Em 2024, a Comiss\u00e3o Europeia indicou a necessidade de facilitar a transi\u00e7\u00e3o para alimentos de origem vegetal no Di\u00e1logo Estrat\u00e9gico sobre o Futuro da Agricultura da UE. O documento aponta para a elabora\u00e7\u00e3o de um Plano de A\u00e7\u00e3o at\u00e9 2026. A Euronews Green procurou a rea\u00e7\u00e3o da Comiss\u00e3o.<\/p>\n","protected":false},"excerpt":{"rendered":"<ul>\n<li>Em 2020, a PAC destinou cerca de 77 por cento dos subs\u00eddios \u00e0 produ\u00e7\u00e3o de alimentos de origem animal com elevadas emiss\u00f5es, perfazendo 39 mil milh\u00f5es de euros, dos 51 mil milh\u00f5es gastos no total.<\/li>\n<li>A carne de vaca e de borrego recebeu aproximadamente 580 vezes mais subs\u00eddios do que as leguminosas (lentilhas e feij\u00e3o).<\/li>\n<li>O setor dos lactic\u00ednios recebeu cerca de 554 vezes mais apoio da PAC do que frutos secos e sementes.<\/li>\n<li>Juntos, carne e lactic\u00ednios receberam mais de 10 vezes mais apoios do que a produ\u00e7\u00e3o de frutas e legumes.<\/li>\n<li>A Foodrise apela \u00e0 UE para aprovar um Plano de A\u00e7\u00e3o para Alimentos de Origem Vegetal, promovendo dietas sustent\u00e1veis e facilitando a transi\u00e7\u00e3o dos agricultores da carne para culturas vegetais.<\/li>\n<\/ul>\n","protected":false},"author":2,"featured_media":219217,"comment_status":"closed","ping_status":"closed","sticky":false,"template":"","format":"standard","meta":{"footnotes":""},"categories":[1],"tags":[6115,4914,5566,2053,167,5218],"class_list":["post-219212","post","type-post","status-publish","format-standard","has-post-thumbnail","hentry","category-noticias","tag-_economia","tag-a-agricultura","tag-a-alimentacao","tag-acao-climatica","tag-ambiente","tag-economia-verde"],"yoast_head":"<!-- This site is optimized with the Yoast SEO plugin v27.2 - https:\/\/yoast.com\/product\/yoast-seo-wordpress\/ -->\n<title>Estudo acusa que UE subsidia carne de vaca e borrego 580x mais que leguminosas - Portal Tela Portugal<\/title>\n<meta name=\"robots\" content=\"index, follow, max-snippet:-1, max-image-preview:large, max-video-preview:-1\" \/>\n<meta property=\"og:locale\" content=\"pt_PT\" \/>\n<meta property=\"og:type\" content=\"article\" \/>\n<meta property=\"og:title\" content=\"Estudo acusa que UE subsidia carne de vaca e borrego 580x mais que leguminosas - Portal Tela Portugal\" \/>\n<meta property=\"og:description\" content=\"Em 2020, a PAC destinou cerca de 77 por cento dos subs\u00eddios \u00e0 produ\u00e7\u00e3o de alimentos de origem animal com elevadas emiss\u00f5es, perfazendo 39 mil milh\u00f5es de euros, dos 51 mil milh\u00f5es gastos no total. A carne de vaca e de borrego recebeu aproximadamente 580 vezes mais subs\u00eddios do que as leguminosas (lentilhas e feij\u00e3o). O setor dos lactic\u00ednios recebeu cerca de 554 vezes mais apoio da PAC do que frutos secos e sementes. Juntos, carne e lactic\u00ednios receberam mais de 10 vezes mais apoios do que a produ\u00e7\u00e3o de frutas e legumes. A Foodrise apela \u00e0 UE para aprovar um Plano de A\u00e7\u00e3o para Alimentos de Origem Vegetal, promovendo dietas sustent\u00e1veis e facilitando a transi\u00e7\u00e3o dos agricultores da carne para culturas vegetais.\" \/>\n<meta property=\"og:url\" content=\"https:\/\/portaltela.pt\/noticias\/2026\/02\/20\/estudo-acusa-que-ue-subsidia-carne-de-vaca-e-borrego-580x-mais-que-leguminosas\/\" \/>\n<meta property=\"og:site_name\" content=\"Portal Tela Portugal\" \/>\n<meta property=\"article:published_time\" content=\"2026-02-20T14:01:58+00:00\" \/>\n<meta name=\"author\" content=\"Telinha\" \/>\n<meta name=\"twitter:card\" content=\"summary_large_image\" \/>\n<meta name=\"twitter:label1\" content=\"Escrito por\" \/>\n\t<meta name=\"twitter:data1\" content=\"Telinha\" \/>\n\t<meta name=\"twitter:label2\" content=\"Tempo estimado de leitura\" \/>\n\t<meta name=\"twitter:data2\" content=\"2 minutos\" \/>\n<script type=\"application\/ld+json\" class=\"yoast-schema-graph\">{\"@context\":\"https:\/\/schema.org\",\"@graph\":[{\"@type\":\"Article\",\"@id\":\"https:\/\/portaltela.pt\/noticias\/2026\/02\/20\/estudo-acusa-que-ue-subsidia-carne-de-vaca-e-borrego-580x-mais-que-leguminosas\/#article\",\"isPartOf\":{\"@id\":\"https:\/\/portaltela.pt\/noticias\/2026\/02\/20\/estudo-acusa-que-ue-subsidia-carne-de-vaca-e-borrego-580x-mais-que-leguminosas\/\"},\"author\":{\"name\":\"Telinha\",\"@id\":\"https:\/\/portaltela.pt\/#\/schema\/person\/c4278d4a6028830caff9ee44b42d32ed\"},\"headline\":\"Estudo acusa que UE subsidia carne de vaca e borrego 580x mais que leguminosas\",\"datePublished\":\"2026-02-20T14:01:58+00:00\",\"mainEntityOfPage\":{\"@id\":\"https:\/\/portaltela.pt\/noticias\/2026\/02\/20\/estudo-acusa-que-ue-subsidia-carne-de-vaca-e-borrego-580x-mais-que-leguminosas\/\"},\"wordCount\":396,\"image\":{\"@id\":\"https:\/\/portaltela.pt\/noticias\/2026\/02\/20\/estudo-acusa-que-ue-subsidia-carne-de-vaca-e-borrego-580x-mais-que-leguminosas\/#primaryimage\"},\"thumbnailUrl\":\"https:\/\/portaltela.pt\/s.01k8rhncp4jt1\/2026\/02\/1536x864_cmsv2_b4053af1-c109-578a-baf6-261f6957430a-9659194.jpg\",\"keywords\":[\"_economia\",\"A agricultura\",\"a alimenta\u00e7\u00e3o\",\"A\u00e7\u00e3o Clim\u00e1tica\",\"ambiente\",\"economia verde\"],\"articleSection\":[\"Not\u00edcias\"],\"inLanguage\":\"pt-PT\"},{\"@type\":\"WebPage\",\"@id\":\"https:\/\/portaltela.pt\/noticias\/2026\/02\/20\/estudo-acusa-que-ue-subsidia-carne-de-vaca-e-borrego-580x-mais-que-leguminosas\/\",\"url\":\"https:\/\/portaltela.pt\/noticias\/2026\/02\/20\/estudo-acusa-que-ue-subsidia-carne-de-vaca-e-borrego-580x-mais-que-leguminosas\/\",\"name\":\"Estudo acusa que UE subsidia carne de vaca e borrego 580x mais que leguminosas - Portal Tela Portugal\",\"isPartOf\":{\"@id\":\"https:\/\/portaltela.pt\/#website\"},\"primaryImageOfPage\":{\"@id\":\"https:\/\/portaltela.pt\/noticias\/2026\/02\/20\/estudo-acusa-que-ue-subsidia-carne-de-vaca-e-borrego-580x-mais-que-leguminosas\/#primaryimage\"},\"image\":{\"@id\":\"https:\/\/portaltela.pt\/noticias\/2026\/02\/20\/estudo-acusa-que-ue-subsidia-carne-de-vaca-e-borrego-580x-mais-que-leguminosas\/#primaryimage\"},\"thumbnailUrl\":\"https:\/\/portaltela.pt\/s.01k8rhncp4jt1\/2026\/02\/1536x864_cmsv2_b4053af1-c109-578a-baf6-261f6957430a-9659194.jpg\",\"datePublished\":\"2026-02-20T14:01:58+00:00\",\"author\":{\"@id\":\"https:\/\/portaltela.pt\/#\/schema\/person\/c4278d4a6028830caff9ee44b42d32ed\"},\"breadcrumb\":{\"@id\":\"https:\/\/portaltela.pt\/noticias\/2026\/02\/20\/estudo-acusa-que-ue-subsidia-carne-de-vaca-e-borrego-580x-mais-que-leguminosas\/#breadcrumb\"},\"inLanguage\":\"pt-PT\",\"potentialAction\":[{\"@type\":\"ReadAction\",\"target\":[\"https:\/\/portaltela.pt\/noticias\/2026\/02\/20\/estudo-acusa-que-ue-subsidia-carne-de-vaca-e-borrego-580x-mais-que-leguminosas\/\"]}]},{\"@type\":\"ImageObject\",\"inLanguage\":\"pt-PT\",\"@id\":\"https:\/\/portaltela.pt\/noticias\/2026\/02\/20\/estudo-acusa-que-ue-subsidia-carne-de-vaca-e-borrego-580x-mais-que-leguminosas\/#primaryimage\",\"url\":\"https:\/\/portaltela.pt\/s.01k8rhncp4jt1\/2026\/02\/1536x864_cmsv2_b4053af1-c109-578a-baf6-261f6957430a-9659194.jpg\",\"contentUrl\":\"https:\/\/portaltela.pt\/s.01k8rhncp4jt1\/2026\/02\/1536x864_cmsv2_b4053af1-c109-578a-baf6-261f6957430a-9659194.jpg\",\"width\":796,\"height\":448,\"caption\":\"Primeiro plano de uma vaca a olhar diretamente para a c\u00e2mara\"},{\"@type\":\"BreadcrumbList\",\"@id\":\"https:\/\/portaltela.pt\/noticias\/2026\/02\/20\/estudo-acusa-que-ue-subsidia-carne-de-vaca-e-borrego-580x-mais-que-leguminosas\/#breadcrumb\",\"itemListElement\":[{\"@type\":\"ListItem\",\"position\":1,\"name\":\"In\u00edcio\",\"item\":\"https:\/\/portaltela.pt\/\"},{\"@type\":\"ListItem\",\"position\":2,\"name\":\"Estudo acusa que UE subsidia carne de vaca e borrego 580x mais que leguminosas\"}]},{\"@type\":\"WebSite\",\"@id\":\"https:\/\/portaltela.pt\/#website\",\"url\":\"https:\/\/portaltela.pt\/\",\"name\":\"Portal Tela Portugal\",\"description\":\"\",\"potentialAction\":[{\"@type\":\"SearchAction\",\"target\":{\"@type\":\"EntryPoint\",\"urlTemplate\":\"https:\/\/portaltela.pt\/?s={search_term_string}\"},\"query-input\":{\"@type\":\"PropertyValueSpecification\",\"valueRequired\":true,\"valueName\":\"search_term_string\"}}],\"inLanguage\":\"pt-PT\"},{\"@type\":\"Person\",\"@id\":\"https:\/\/portaltela.pt\/#\/schema\/person\/c4278d4a6028830caff9ee44b42d32ed\",\"name\":\"Telinha\",\"image\":{\"@type\":\"ImageObject\",\"inLanguage\":\"pt-PT\",\"@id\":\"https:\/\/portaltela.pt\/s.01k8rhncp4jt1\/2025\/11\/talking-bot-125x125.png\",\"url\":\"https:\/\/portaltela.pt\/s.01k8rhncp4jt1\/2025\/11\/talking-bot-125x125.png\",\"contentUrl\":\"https:\/\/portaltela.pt\/s.01k8rhncp4jt1\/2025\/11\/talking-bot-125x125.png\",\"caption\":\"Telinha\"},\"sameAs\":[\"https:\/\/portaltela.pt\/\"],\"url\":\"https:\/\/portaltela.pt\/por\/367410592786\/\"}]}<\/script>\n<!-- \/ Yoast SEO plugin. -->","yoast_head_json":{"title":"Estudo acusa que UE subsidia carne de vaca e borrego 580x mais que leguminosas - Portal Tela Portugal","robots":{"index":"index","follow":"follow","max-snippet":"max-snippet:-1","max-image-preview":"max-image-preview:large","max-video-preview":"max-video-preview:-1"},"og_locale":"pt_PT","og_type":"article","og_title":"Estudo acusa que UE subsidia carne de vaca e borrego 580x mais que leguminosas - Portal Tela Portugal","og_description":"Em 2020, a PAC destinou cerca de 77 por cento dos subs\u00eddios \u00e0 produ\u00e7\u00e3o de alimentos de origem animal com elevadas emiss\u00f5es, perfazendo 39 mil milh\u00f5es de euros, dos 51 mil milh\u00f5es gastos no total. A carne de vaca e de borrego recebeu aproximadamente 580 vezes mais subs\u00eddios do que as leguminosas (lentilhas e feij\u00e3o). O setor dos lactic\u00ednios recebeu cerca de 554 vezes mais apoio da PAC do que frutos secos e sementes. Juntos, carne e lactic\u00ednios receberam mais de 10 vezes mais apoios do que a produ\u00e7\u00e3o de frutas e legumes. A Foodrise apela \u00e0 UE para aprovar um Plano de A\u00e7\u00e3o para Alimentos de Origem Vegetal, promovendo dietas sustent\u00e1veis e facilitando a transi\u00e7\u00e3o dos agricultores da carne para culturas vegetais.","og_url":"https:\/\/portaltela.pt\/noticias\/2026\/02\/20\/estudo-acusa-que-ue-subsidia-carne-de-vaca-e-borrego-580x-mais-que-leguminosas\/","og_site_name":"Portal Tela Portugal","article_published_time":"2026-02-20T14:01:58+00:00","author":"Telinha","twitter_card":"summary_large_image","twitter_misc":{"Escrito por":"Telinha","Tempo estimado de leitura":"2 minutos"},"schema":{"@context":"https:\/\/schema.org","@graph":[{"@type":"Article","@id":"https:\/\/portaltela.pt\/noticias\/2026\/02\/20\/estudo-acusa-que-ue-subsidia-carne-de-vaca-e-borrego-580x-mais-que-leguminosas\/#article","isPartOf":{"@id":"https:\/\/portaltela.pt\/noticias\/2026\/02\/20\/estudo-acusa-que-ue-subsidia-carne-de-vaca-e-borrego-580x-mais-que-leguminosas\/"},"author":{"name":"Telinha","@id":"https:\/\/portaltela.pt\/#\/schema\/person\/c4278d4a6028830caff9ee44b42d32ed"},"headline":"Estudo acusa que UE subsidia carne de vaca e borrego 580x mais que leguminosas","datePublished":"2026-02-20T14:01:58+00:00","mainEntityOfPage":{"@id":"https:\/\/portaltela.pt\/noticias\/2026\/02\/20\/estudo-acusa-que-ue-subsidia-carne-de-vaca-e-borrego-580x-mais-que-leguminosas\/"},"wordCount":396,"image":{"@id":"https:\/\/portaltela.pt\/noticias\/2026\/02\/20\/estudo-acusa-que-ue-subsidia-carne-de-vaca-e-borrego-580x-mais-que-leguminosas\/#primaryimage"},"thumbnailUrl":"https:\/\/portaltela.pt\/s.01k8rhncp4jt1\/2026\/02\/1536x864_cmsv2_b4053af1-c109-578a-baf6-261f6957430a-9659194.jpg","keywords":["_economia","A agricultura","a alimenta\u00e7\u00e3o","A\u00e7\u00e3o Clim\u00e1tica","ambiente","economia verde"],"articleSection":["Not\u00edcias"],"inLanguage":"pt-PT"},{"@type":"WebPage","@id":"https:\/\/portaltela.pt\/noticias\/2026\/02\/20\/estudo-acusa-que-ue-subsidia-carne-de-vaca-e-borrego-580x-mais-que-leguminosas\/","url":"https:\/\/portaltela.pt\/noticias\/2026\/02\/20\/estudo-acusa-que-ue-subsidia-carne-de-vaca-e-borrego-580x-mais-que-leguminosas\/","name":"Estudo acusa que UE subsidia carne de vaca e borrego 580x mais que leguminosas - Portal Tela Portugal","isPartOf":{"@id":"https:\/\/portaltela.pt\/#website"},"primaryImageOfPage":{"@id":"https:\/\/portaltela.pt\/noticias\/2026\/02\/20\/estudo-acusa-que-ue-subsidia-carne-de-vaca-e-borrego-580x-mais-que-leguminosas\/#primaryimage"},"image":{"@id":"https:\/\/portaltela.pt\/noticias\/2026\/02\/20\/estudo-acusa-que-ue-subsidia-carne-de-vaca-e-borrego-580x-mais-que-leguminosas\/#primaryimage"},"thumbnailUrl":"https:\/\/portaltela.pt\/s.01k8rhncp4jt1\/2026\/02\/1536x864_cmsv2_b4053af1-c109-578a-baf6-261f6957430a-9659194.jpg","datePublished":"2026-02-20T14:01:58+00:00","author":{"@id":"https:\/\/portaltela.pt\/#\/schema\/person\/c4278d4a6028830caff9ee44b42d32ed"},"breadcrumb":{"@id":"https:\/\/portaltela.pt\/noticias\/2026\/02\/20\/estudo-acusa-que-ue-subsidia-carne-de-vaca-e-borrego-580x-mais-que-leguminosas\/#breadcrumb"},"inLanguage":"pt-PT","potentialAction":[{"@type":"ReadAction","target":["https:\/\/portaltela.pt\/noticias\/2026\/02\/20\/estudo-acusa-que-ue-subsidia-carne-de-vaca-e-borrego-580x-mais-que-leguminosas\/"]}]},{"@type":"ImageObject","inLanguage":"pt-PT","@id":"https:\/\/portaltela.pt\/noticias\/2026\/02\/20\/estudo-acusa-que-ue-subsidia-carne-de-vaca-e-borrego-580x-mais-que-leguminosas\/#primaryimage","url":"https:\/\/portaltela.pt\/s.01k8rhncp4jt1\/2026\/02\/1536x864_cmsv2_b4053af1-c109-578a-baf6-261f6957430a-9659194.jpg","contentUrl":"https:\/\/portaltela.pt\/s.01k8rhncp4jt1\/2026\/02\/1536x864_cmsv2_b4053af1-c109-578a-baf6-261f6957430a-9659194.jpg","width":796,"height":448,"caption":"Primeiro plano de uma vaca a olhar diretamente para a c\u00e2mara"},{"@type":"BreadcrumbList","@id":"https:\/\/portaltela.pt\/noticias\/2026\/02\/20\/estudo-acusa-que-ue-subsidia-carne-de-vaca-e-borrego-580x-mais-que-leguminosas\/#breadcrumb","itemListElement":[{"@type":"ListItem","position":1,"name":"In\u00edcio","item":"https:\/\/portaltela.pt\/"},{"@type":"ListItem","position":2,"name":"Estudo acusa que UE subsidia carne de vaca e borrego 580x mais que leguminosas"}]},{"@type":"WebSite","@id":"https:\/\/portaltela.pt\/#website","url":"https:\/\/portaltela.pt\/","name":"Portal Tela Portugal","description":"","potentialAction":[{"@type":"SearchAction","target":{"@type":"EntryPoint","urlTemplate":"https:\/\/portaltela.pt\/?s={search_term_string}"},"query-input":{"@type":"PropertyValueSpecification","valueRequired":true,"valueName":"search_term_string"}}],"inLanguage":"pt-PT"},{"@type":"Person","@id":"https:\/\/portaltela.pt\/#\/schema\/person\/c4278d4a6028830caff9ee44b42d32ed","name":"Telinha","image":{"@type":"ImageObject","inLanguage":"pt-PT","@id":"https:\/\/portaltela.pt\/s.01k8rhncp4jt1\/2025\/11\/talking-bot-125x125.png","url":"https:\/\/portaltela.pt\/s.01k8rhncp4jt1\/2025\/11\/talking-bot-125x125.png","contentUrl":"https:\/\/portaltela.pt\/s.01k8rhncp4jt1\/2025\/11\/talking-bot-125x125.png","caption":"Telinha"},"sameAs":["https:\/\/portaltela.pt\/"],"url":"https:\/\/portaltela.pt\/por\/367410592786\/"}]}},"_links":{"self":[{"href":"https:\/\/portaltela.pt\/api\/wp\/v2\/posts\/219212","targetHints":{"allow":["GET"]}}],"collection":[{"href":"https:\/\/portaltela.pt\/api\/wp\/v2\/posts"}],"about":[{"href":"https:\/\/portaltela.pt\/api\/wp\/v2\/types\/post"}],"author":[{"embeddable":true,"href":"https:\/\/portaltela.pt\/api\/wp\/v2\/users\/2"}],"replies":[{"embeddable":true,"href":"https:\/\/portaltela.pt\/api\/wp\/v2\/comments?post=219212"}],"version-history":[{"count":0,"href":"https:\/\/portaltela.pt\/api\/wp\/v2\/posts\/219212\/revisions"}],"wp:featuredmedia":[{"embeddable":true,"href":"https:\/\/portaltela.pt\/api\/wp\/v2\/media\/219217"}],"wp:attachment":[{"href":"https:\/\/portaltela.pt\/api\/wp\/v2\/media?parent=219212"}],"wp:term":[{"taxonomy":"category","embeddable":true,"href":"https:\/\/portaltela.pt\/api\/wp\/v2\/categories?post=219212"},{"taxonomy":"post_tag","embeddable":true,"href":"https:\/\/portaltela.pt\/api\/wp\/v2\/tags?post=219212"}],"curies":[{"name":"wp","href":"https:\/\/api.w.org\/{rel}","templated":true}]}}