{"id":219198,"date":"2026-02-20T10:38:00","date_gmt":"2026-02-20T13:38:00","guid":{"rendered":"https:\/\/portaltela.pt\/noticias\/2026\/02\/20\/medico-demite-se-do-inem-no-dia-seguinte-e-afastado-de-funcoes\/"},"modified":"2026-02-20T10:38:00","modified_gmt":"2026-02-20T13:38:00","slug":"medico-demite-se-do-inem-no-dia-seguinte-e-afastado-de-funcoes","status":"publish","type":"post","link":"https:\/\/portaltela.pt\/noticias\/2026\/02\/20\/medico-demite-se-do-inem-no-dia-seguinte-e-afastado-de-funcoes\/","title":{"rendered":"M\u00e9dico demite-se do INEM; no dia seguinte \u00e9 afastado de fun\u00e7\u00f5es"},"content":{"rendered":"<p>Miguel Soares de Oliveira demitiu-se, na quinta-feira passada, do cargo de director do departamento de forma\u00e7\u00e3o do INEM. No dia seguinte, o conselho directivo liderado por Lu\u00eds Cabral afastou-o de outras duas fun\u00e7\u00f5es que ainda acumulava. O m\u00e9dico \u00e9 cirurgi\u00e3o pedi\u00e1trico.<\/p>\n<p>O processo deixa o m\u00e9dico com fun\u00e7\u00f5es esvaziadas no instituto, ao fim de mais de cinco anos em uma das posi\u00e7\u00f5es afastadas. Soares de Oliveira j\u00e1 foi presidente do INEM anteriormente, mantendo liga\u00e7\u00e3o ao organismo.<\/p>\n<h3>Comiss\u00e3o denuncia retalia\u00e7\u00e3o<\/h3>\n<p>A Comiss\u00e3o de Trabalhadores do INEM afirma que houve retaliation por parte do conselho directivo, alegando que as medidas visam como press\u00e3o a figura do m\u00e9dico. O INEM n\u00e3o comentou de forma adicional o caso.<\/p>\n","protected":false},"excerpt":{"rendered":"<ul>\n<li>Miguel Soares de Oliveira demitiu-se, na quinta-feira da semana passada, do cargo de director do departamento de forma\u00e7\u00e3o do Instituto Nacional de Emerg\u00eancia M\u00e9dica (INEM).<\/li>\n<li>No dia seguinte, o conselho directivo, presidido por Lu\u00eds Cabral, afastou-o de duas fun\u00e7\u00f5es que acumulava.<\/li>\n<li>Uma das fun\u00e7\u00f5es afastadas \u00e9 desempenhada h\u00e1 mais de cinco anos pelo m\u00e9dico.<\/li>\n<li>O cirurgi\u00e3o pedi\u00e1trico Miguel Soares de Oliveira j\u00e1 foi presidente do INEM.<\/li>\n<li>A Comiss\u00e3o de Trabalhadores do INEM afirma que houve retalia\u00e7\u00e3o e o m\u00e9dico fica assim esvaziado de fun\u00e7\u00f5es.<\/li>\n<\/ul>\n","protected":false},"author":2,"featured_media":219200,"comment_status":"closed","ping_status":"closed","sticky":false,"template":"","format":"standard","meta":{"footnotes":""},"categories":[1],"tags":[4657,5757,1922,4425,172],"class_list":["post-219198","post","type-post","status-publish","format-standard","has-post-thumbnail","hentry","category-noticias","tag-afastamentos","tag-demissao","tag-inem","tag-profissionais-de-saude","tag-saude"],"yoast_head":"<!-- This site is optimized with the Yoast SEO plugin v27.2 - https:\/\/yoast.com\/product\/yoast-seo-wordpress\/ -->\n<title>M\u00e9dico demite-se do INEM; no dia seguinte \u00e9 afastado de fun\u00e7\u00f5es - Portal Tela Portugal<\/title>\n<meta name=\"robots\" content=\"index, follow, max-snippet:-1, max-image-preview:large, max-video-preview:-1\" \/>\n<meta property=\"og:locale\" content=\"pt_PT\" \/>\n<meta property=\"og:type\" content=\"article\" \/>\n<meta property=\"og:title\" content=\"M\u00e9dico demite-se do INEM; no dia seguinte \u00e9 afastado de fun\u00e7\u00f5es - Portal Tela Portugal\" \/>\n<meta property=\"og:description\" content=\"Miguel Soares de Oliveira demitiu-se, na quinta-feira da semana passada, do cargo de director do departamento de forma\u00e7\u00e3o do Instituto Nacional de Emerg\u00eancia M\u00e9dica (INEM). No dia seguinte, o conselho directivo, presidido por Lu\u00eds Cabral, afastou-o de duas fun\u00e7\u00f5es que acumulava. Uma das fun\u00e7\u00f5es afastadas \u00e9 desempenhada h\u00e1 mais de cinco anos pelo m\u00e9dico. O cirurgi\u00e3o pedi\u00e1trico Miguel Soares de Oliveira j\u00e1 foi presidente do INEM. A Comiss\u00e3o de Trabalhadores do INEM afirma que houve retalia\u00e7\u00e3o e o m\u00e9dico fica assim esvaziado de fun\u00e7\u00f5es.\" \/>\n<meta property=\"og:url\" content=\"https:\/\/portaltela.pt\/noticias\/2026\/02\/20\/medico-demite-se-do-inem-no-dia-seguinte-e-afastado-de-funcoes\/\" \/>\n<meta property=\"og:site_name\" content=\"Portal Tela Portugal\" \/>\n<meta property=\"article:published_time\" content=\"2026-02-20T13:38:00+00:00\" \/>\n<meta name=\"author\" content=\"Telinha\" \/>\n<meta name=\"twitter:card\" content=\"summary_large_image\" \/>\n<meta name=\"twitter:label1\" content=\"Escrito por\" \/>\n\t<meta name=\"twitter:data1\" content=\"Telinha\" \/>\n\t<meta name=\"twitter:label2\" content=\"Tempo estimado de leitura\" \/>\n\t<meta name=\"twitter:data2\" content=\"1 minuto\" \/>\n<script type=\"application\/ld+json\" class=\"yoast-schema-graph\">{\"@context\":\"https:\/\/schema.org\",\"@graph\":[{\"@type\":\"Article\",\"@id\":\"https:\/\/portaltela.pt\/noticias\/2026\/02\/20\/medico-demite-se-do-inem-no-dia-seguinte-e-afastado-de-funcoes\/#article\",\"isPartOf\":{\"@id\":\"https:\/\/portaltela.pt\/noticias\/2026\/02\/20\/medico-demite-se-do-inem-no-dia-seguinte-e-afastado-de-funcoes\/\"},\"author\":{\"name\":\"Telinha\",\"@id\":\"https:\/\/portaltela.pt\/#\/schema\/person\/c4278d4a6028830caff9ee44b42d32ed\"},\"headline\":\"M\u00e9dico demite-se do INEM; no dia seguinte \u00e9 afastado de fun\u00e7\u00f5es\",\"datePublished\":\"2026-02-20T13:38:00+00:00\",\"mainEntityOfPage\":{\"@id\":\"https:\/\/portaltela.pt\/noticias\/2026\/02\/20\/medico-demite-se-do-inem-no-dia-seguinte-e-afastado-de-funcoes\/\"},\"wordCount\":141,\"image\":{\"@id\":\"https:\/\/portaltela.pt\/noticias\/2026\/02\/20\/medico-demite-se-do-inem-no-dia-seguinte-e-afastado-de-funcoes\/#primaryimage\"},\"thumbnailUrl\":\"https:\/\/portaltela.pt\/s.01k8rhncp4jt1\/2026\/02\/2068568.jpg\",\"keywords\":[\"afastamentos\",\"demiss\u00e3o\",\"INEM\",\"profissionais de sa\u00fade\",\"sa\u00fade\"],\"articleSection\":[\"Not\u00edcias\"],\"inLanguage\":\"pt-PT\"},{\"@type\":\"WebPage\",\"@id\":\"https:\/\/portaltela.pt\/noticias\/2026\/02\/20\/medico-demite-se-do-inem-no-dia-seguinte-e-afastado-de-funcoes\/\",\"url\":\"https:\/\/portaltela.pt\/noticias\/2026\/02\/20\/medico-demite-se-do-inem-no-dia-seguinte-e-afastado-de-funcoes\/\",\"name\":\"M\u00e9dico demite-se do INEM; no dia seguinte \u00e9 afastado de fun\u00e7\u00f5es - Portal Tela Portugal\",\"isPartOf\":{\"@id\":\"https:\/\/portaltela.pt\/#website\"},\"primaryImageOfPage\":{\"@id\":\"https:\/\/portaltela.pt\/noticias\/2026\/02\/20\/medico-demite-se-do-inem-no-dia-seguinte-e-afastado-de-funcoes\/#primaryimage\"},\"image\":{\"@id\":\"https:\/\/portaltela.pt\/noticias\/2026\/02\/20\/medico-demite-se-do-inem-no-dia-seguinte-e-afastado-de-funcoes\/#primaryimage\"},\"thumbnailUrl\":\"https:\/\/portaltela.pt\/s.01k8rhncp4jt1\/2026\/02\/2068568.jpg\",\"datePublished\":\"2026-02-20T13:38:00+00:00\",\"author\":{\"@id\":\"https:\/\/portaltela.pt\/#\/schema\/person\/c4278d4a6028830caff9ee44b42d32ed\"},\"breadcrumb\":{\"@id\":\"https:\/\/portaltela.pt\/noticias\/2026\/02\/20\/medico-demite-se-do-inem-no-dia-seguinte-e-afastado-de-funcoes\/#breadcrumb\"},\"inLanguage\":\"pt-PT\",\"potentialAction\":[{\"@type\":\"ReadAction\",\"target\":[\"https:\/\/portaltela.pt\/noticias\/2026\/02\/20\/medico-demite-se-do-inem-no-dia-seguinte-e-afastado-de-funcoes\/\"]}]},{\"@type\":\"ImageObject\",\"inLanguage\":\"pt-PT\",\"@id\":\"https:\/\/portaltela.pt\/noticias\/2026\/02\/20\/medico-demite-se-do-inem-no-dia-seguinte-e-afastado-de-funcoes\/#primaryimage\",\"url\":\"https:\/\/portaltela.pt\/s.01k8rhncp4jt1\/2026\/02\/2068568.jpg\",\"contentUrl\":\"https:\/\/portaltela.pt\/s.01k8rhncp4jt1\/2026\/02\/2068568.jpg\",\"width\":796,\"height\":448,\"caption\":\"Miguel Soares de Oliveira pertence aos quadros do INEM e foi presidente do instituto entre 2010 e 2013\"},{\"@type\":\"BreadcrumbList\",\"@id\":\"https:\/\/portaltela.pt\/noticias\/2026\/02\/20\/medico-demite-se-do-inem-no-dia-seguinte-e-afastado-de-funcoes\/#breadcrumb\",\"itemListElement\":[{\"@type\":\"ListItem\",\"position\":1,\"name\":\"In\u00edcio\",\"item\":\"https:\/\/portaltela.pt\/\"},{\"@type\":\"ListItem\",\"position\":2,\"name\":\"M\u00e9dico demite-se do INEM; no dia seguinte \u00e9 afastado de fun\u00e7\u00f5es\"}]},{\"@type\":\"WebSite\",\"@id\":\"https:\/\/portaltela.pt\/#website\",\"url\":\"https:\/\/portaltela.pt\/\",\"name\":\"Portal Tela Portugal\",\"description\":\"\",\"potentialAction\":[{\"@type\":\"SearchAction\",\"target\":{\"@type\":\"EntryPoint\",\"urlTemplate\":\"https:\/\/portaltela.pt\/?s={search_term_string}\"},\"query-input\":{\"@type\":\"PropertyValueSpecification\",\"valueRequired\":true,\"valueName\":\"search_term_string\"}}],\"inLanguage\":\"pt-PT\"},{\"@type\":\"Person\",\"@id\":\"https:\/\/portaltela.pt\/#\/schema\/person\/c4278d4a6028830caff9ee44b42d32ed\",\"name\":\"Telinha\",\"image\":{\"@type\":\"ImageObject\",\"inLanguage\":\"pt-PT\",\"@id\":\"https:\/\/portaltela.pt\/s.01k8rhncp4jt1\/2025\/11\/talking-bot-125x125.png\",\"url\":\"https:\/\/portaltela.pt\/s.01k8rhncp4jt1\/2025\/11\/talking-bot-125x125.png\",\"contentUrl\":\"https:\/\/portaltela.pt\/s.01k8rhncp4jt1\/2025\/11\/talking-bot-125x125.png\",\"caption\":\"Telinha\"},\"sameAs\":[\"https:\/\/portaltela.pt\/\"],\"url\":\"https:\/\/portaltela.pt\/por\/367410592786\/\"}]}<\/script>\n<!-- \/ Yoast SEO plugin. -->","yoast_head_json":{"title":"M\u00e9dico demite-se do INEM; no dia seguinte \u00e9 afastado de fun\u00e7\u00f5es - Portal Tela Portugal","robots":{"index":"index","follow":"follow","max-snippet":"max-snippet:-1","max-image-preview":"max-image-preview:large","max-video-preview":"max-video-preview:-1"},"og_locale":"pt_PT","og_type":"article","og_title":"M\u00e9dico demite-se do INEM; no dia seguinte \u00e9 afastado de fun\u00e7\u00f5es - Portal Tela Portugal","og_description":"Miguel Soares de Oliveira demitiu-se, na quinta-feira da semana passada, do cargo de director do departamento de forma\u00e7\u00e3o do Instituto Nacional de Emerg\u00eancia M\u00e9dica (INEM). No dia seguinte, o conselho directivo, presidido por Lu\u00eds Cabral, afastou-o de duas fun\u00e7\u00f5es que acumulava. Uma das fun\u00e7\u00f5es afastadas \u00e9 desempenhada h\u00e1 mais de cinco anos pelo m\u00e9dico. O cirurgi\u00e3o pedi\u00e1trico Miguel Soares de Oliveira j\u00e1 foi presidente do INEM. A Comiss\u00e3o de Trabalhadores do INEM afirma que houve retalia\u00e7\u00e3o e o m\u00e9dico fica assim esvaziado de fun\u00e7\u00f5es.","og_url":"https:\/\/portaltela.pt\/noticias\/2026\/02\/20\/medico-demite-se-do-inem-no-dia-seguinte-e-afastado-de-funcoes\/","og_site_name":"Portal Tela Portugal","article_published_time":"2026-02-20T13:38:00+00:00","author":"Telinha","twitter_card":"summary_large_image","twitter_misc":{"Escrito por":"Telinha","Tempo estimado de leitura":"1 minuto"},"schema":{"@context":"https:\/\/schema.org","@graph":[{"@type":"Article","@id":"https:\/\/portaltela.pt\/noticias\/2026\/02\/20\/medico-demite-se-do-inem-no-dia-seguinte-e-afastado-de-funcoes\/#article","isPartOf":{"@id":"https:\/\/portaltela.pt\/noticias\/2026\/02\/20\/medico-demite-se-do-inem-no-dia-seguinte-e-afastado-de-funcoes\/"},"author":{"name":"Telinha","@id":"https:\/\/portaltela.pt\/#\/schema\/person\/c4278d4a6028830caff9ee44b42d32ed"},"headline":"M\u00e9dico demite-se do INEM; no dia seguinte \u00e9 afastado de fun\u00e7\u00f5es","datePublished":"2026-02-20T13:38:00+00:00","mainEntityOfPage":{"@id":"https:\/\/portaltela.pt\/noticias\/2026\/02\/20\/medico-demite-se-do-inem-no-dia-seguinte-e-afastado-de-funcoes\/"},"wordCount":141,"image":{"@id":"https:\/\/portaltela.pt\/noticias\/2026\/02\/20\/medico-demite-se-do-inem-no-dia-seguinte-e-afastado-de-funcoes\/#primaryimage"},"thumbnailUrl":"https:\/\/portaltela.pt\/s.01k8rhncp4jt1\/2026\/02\/2068568.jpg","keywords":["afastamentos","demiss\u00e3o","INEM","profissionais de sa\u00fade","sa\u00fade"],"articleSection":["Not\u00edcias"],"inLanguage":"pt-PT"},{"@type":"WebPage","@id":"https:\/\/portaltela.pt\/noticias\/2026\/02\/20\/medico-demite-se-do-inem-no-dia-seguinte-e-afastado-de-funcoes\/","url":"https:\/\/portaltela.pt\/noticias\/2026\/02\/20\/medico-demite-se-do-inem-no-dia-seguinte-e-afastado-de-funcoes\/","name":"M\u00e9dico demite-se do INEM; no dia seguinte \u00e9 afastado de fun\u00e7\u00f5es - Portal Tela Portugal","isPartOf":{"@id":"https:\/\/portaltela.pt\/#website"},"primaryImageOfPage":{"@id":"https:\/\/portaltela.pt\/noticias\/2026\/02\/20\/medico-demite-se-do-inem-no-dia-seguinte-e-afastado-de-funcoes\/#primaryimage"},"image":{"@id":"https:\/\/portaltela.pt\/noticias\/2026\/02\/20\/medico-demite-se-do-inem-no-dia-seguinte-e-afastado-de-funcoes\/#primaryimage"},"thumbnailUrl":"https:\/\/portaltela.pt\/s.01k8rhncp4jt1\/2026\/02\/2068568.jpg","datePublished":"2026-02-20T13:38:00+00:00","author":{"@id":"https:\/\/portaltela.pt\/#\/schema\/person\/c4278d4a6028830caff9ee44b42d32ed"},"breadcrumb":{"@id":"https:\/\/portaltela.pt\/noticias\/2026\/02\/20\/medico-demite-se-do-inem-no-dia-seguinte-e-afastado-de-funcoes\/#breadcrumb"},"inLanguage":"pt-PT","potentialAction":[{"@type":"ReadAction","target":["https:\/\/portaltela.pt\/noticias\/2026\/02\/20\/medico-demite-se-do-inem-no-dia-seguinte-e-afastado-de-funcoes\/"]}]},{"@type":"ImageObject","inLanguage":"pt-PT","@id":"https:\/\/portaltela.pt\/noticias\/2026\/02\/20\/medico-demite-se-do-inem-no-dia-seguinte-e-afastado-de-funcoes\/#primaryimage","url":"https:\/\/portaltela.pt\/s.01k8rhncp4jt1\/2026\/02\/2068568.jpg","contentUrl":"https:\/\/portaltela.pt\/s.01k8rhncp4jt1\/2026\/02\/2068568.jpg","width":796,"height":448,"caption":"Miguel Soares de Oliveira pertence aos quadros do INEM e foi presidente do instituto entre 2010 e 2013"},{"@type":"BreadcrumbList","@id":"https:\/\/portaltela.pt\/noticias\/2026\/02\/20\/medico-demite-se-do-inem-no-dia-seguinte-e-afastado-de-funcoes\/#breadcrumb","itemListElement":[{"@type":"ListItem","position":1,"name":"In\u00edcio","item":"https:\/\/portaltela.pt\/"},{"@type":"ListItem","position":2,"name":"M\u00e9dico demite-se do INEM; no dia seguinte \u00e9 afastado de fun\u00e7\u00f5es"}]},{"@type":"WebSite","@id":"https:\/\/portaltela.pt\/#website","url":"https:\/\/portaltela.pt\/","name":"Portal Tela Portugal","description":"","potentialAction":[{"@type":"SearchAction","target":{"@type":"EntryPoint","urlTemplate":"https:\/\/portaltela.pt\/?s={search_term_string}"},"query-input":{"@type":"PropertyValueSpecification","valueRequired":true,"valueName":"search_term_string"}}],"inLanguage":"pt-PT"},{"@type":"Person","@id":"https:\/\/portaltela.pt\/#\/schema\/person\/c4278d4a6028830caff9ee44b42d32ed","name":"Telinha","image":{"@type":"ImageObject","inLanguage":"pt-PT","@id":"https:\/\/portaltela.pt\/s.01k8rhncp4jt1\/2025\/11\/talking-bot-125x125.png","url":"https:\/\/portaltela.pt\/s.01k8rhncp4jt1\/2025\/11\/talking-bot-125x125.png","contentUrl":"https:\/\/portaltela.pt\/s.01k8rhncp4jt1\/2025\/11\/talking-bot-125x125.png","caption":"Telinha"},"sameAs":["https:\/\/portaltela.pt\/"],"url":"https:\/\/portaltela.pt\/por\/367410592786\/"}]}},"_links":{"self":[{"href":"https:\/\/portaltela.pt\/api\/wp\/v2\/posts\/219198","targetHints":{"allow":["GET"]}}],"collection":[{"href":"https:\/\/portaltela.pt\/api\/wp\/v2\/posts"}],"about":[{"href":"https:\/\/portaltela.pt\/api\/wp\/v2\/types\/post"}],"author":[{"embeddable":true,"href":"https:\/\/portaltela.pt\/api\/wp\/v2\/users\/2"}],"replies":[{"embeddable":true,"href":"https:\/\/portaltela.pt\/api\/wp\/v2\/comments?post=219198"}],"version-history":[{"count":0,"href":"https:\/\/portaltela.pt\/api\/wp\/v2\/posts\/219198\/revisions"}],"wp:featuredmedia":[{"embeddable":true,"href":"https:\/\/portaltela.pt\/api\/wp\/v2\/media\/219200"}],"wp:attachment":[{"href":"https:\/\/portaltela.pt\/api\/wp\/v2\/media?parent=219198"}],"wp:term":[{"taxonomy":"category","embeddable":true,"href":"https:\/\/portaltela.pt\/api\/wp\/v2\/categories?post=219198"},{"taxonomy":"post_tag","embeddable":true,"href":"https:\/\/portaltela.pt\/api\/wp\/v2\/tags?post=219198"}],"curies":[{"name":"wp","href":"https:\/\/api.w.org\/{rel}","templated":true}]}}