{"id":219167,"date":"2026-02-20T10:39:16","date_gmt":"2026-02-20T13:39:16","guid":{"rendered":"https:\/\/portaltela.pt\/noticias\/2026\/02\/20\/jovem-de-19-detido-na-lourinha-por-suspeita-de-pornografia-de-menores\/"},"modified":"2026-02-20T10:39:16","modified_gmt":"2026-02-20T13:39:16","slug":"jovem-de-19-detido-na-lourinha-por-suspeita-de-pornografia-de-menores","status":"publish","type":"post","link":"https:\/\/portaltela.pt\/noticias\/2026\/02\/20\/jovem-de-19-detido-na-lourinha-por-suspeita-de-pornografia-de-menores\/","title":{"rendered":"Jovem de 19 detido na Lourinh\u00e3 por suspeita de pornografia de menores"},"content":{"rendered":"<p>Um jovem de 19 anos, residente na Lourinh\u00e3, foi detido na quinta-feira pela Pol\u00edcia Judici\u00e1ria (PJ) por fortes ind\u00edcios de pornografia de menores. A deten\u00e7\u00e3o foi apresentada pela PJ na sexta-feira, em comunicado divulgado.<\/p>\n<p>Durante as dilig\u00eancias, a PJ procedeu a uma busca \u00e0 resid\u00eancia do suspeito, na Lourinh\u00e3. Foram apreendidos equipamentos inform\u00e1ticos utilizados para armazenamento e partilha de ficheiros com conte\u00fado de abuso sexual de crian\u00e7as.<\/p>\n<p>O detido j\u00e1 teve o primeiro interrogat\u00f3rio judicial na sexta-feira, ficando a conhecer as medidas de coa\u00e7\u00e3o aplicadas. A opera\u00e7\u00e3o foi conduzida pela Unidade Nacional de Combate ao Cibercrime e \u00e0 Criminalidade Tecnol\u00f3gica (UNC3T) da PJ.<\/p>\n<h3>Opera\u00e7\u00e3o e dilig\u00eancias<\/h3>\n<ul>\n<li>A investiga\u00e7\u00e3o incluiu a apreens\u00e3o de dispositivos usados pelo suspeito para aceder a material ilegal.<\/li>\n<li>A sindic\u00e2ncia foi desencadeada com base em ind\u00edcios recolhidos pela UNC3T, que vai analisar o material apreendido.<\/li>\n<\/ul>\n<h3>Situa\u00e7\u00e3o processual<\/h3>\n<ul>\n<li>O caso encontra-se em fase de investiga\u00e7\u00e3o criminal, com o detido a cumprir as medidas de coa\u00e7\u00e3o determinadas pelo tribunal.<\/li>\n<\/ul>\n","protected":false},"excerpt":{"rendered":"<ul>\n<li>Um jovem de 19 anos, residente na Lourinh\u00e3, foi detido pela Pol\u00edcia Judici\u00e1ria por suspeita de pornografia de menores.<\/li>\n<li>A deten\u00e7\u00e3o ocorreu na quinta-feira e foi anunciada na sexta-feira pela PJ.<\/li>\n<li>Durante a opera\u00e7\u00e3o, houve uma busca na resid\u00eancia do suspeito, onde foram apreendidos equipamentos inform\u00e1ticos.<\/li>\n<li>Os aparelhos eram usados para armazenar e partilhar ficheiros com conte\u00fado de abuso e explora\u00e7\u00e3o sexual de crian\u00e7as.<\/li>\n<li>A v\u00edtima est\u00e1 a decorrer o primeiro interrogat\u00f3rio judicial, e aplicaram-se medidas de coa\u00e7\u00e3o, na opera\u00e7\u00e3o realizada pela Unidade Nacional de Combate ao Cibercrime e \u00e0 Criminalidade Tecnol\u00f3gica (UNC3T).<\/li>\n<\/ul>\n","protected":false},"author":2,"featured_media":219169,"comment_status":"closed","ping_status":"closed","sticky":false,"template":"","format":"standard","meta":{"footnotes":""},"categories":[1],"tags":[1724,147,3990,217,5028,1432],"class_list":["post-219167","post","type-post","status-publish","format-standard","has-post-thumbnail","hentry","category-noticias","tag-cibercrime","tag-crime","tag-crimes-sexuais","tag-investigacao-criminal","tag-lourinha","tag-pornografia-de-menores"],"yoast_head":"<!-- This site is optimized with the Yoast SEO plugin v27.2 - https:\/\/yoast.com\/product\/yoast-seo-wordpress\/ -->\n<title>Jovem de 19 detido na Lourinh\u00e3 por suspeita de pornografia de menores - Portal Tela Portugal<\/title>\n<meta name=\"robots\" content=\"index, follow, max-snippet:-1, max-image-preview:large, max-video-preview:-1\" \/>\n<meta property=\"og:locale\" content=\"pt_PT\" \/>\n<meta property=\"og:type\" content=\"article\" \/>\n<meta property=\"og:title\" content=\"Jovem de 19 detido na Lourinh\u00e3 por suspeita de pornografia de menores - Portal Tela Portugal\" \/>\n<meta property=\"og:description\" content=\"Um jovem de 19 anos, residente na Lourinh\u00e3, foi detido pela Pol\u00edcia Judici\u00e1ria por suspeita de pornografia de menores. A deten\u00e7\u00e3o ocorreu na quinta-feira e foi anunciada na sexta-feira pela PJ. Durante a opera\u00e7\u00e3o, houve uma busca na resid\u00eancia do suspeito, onde foram apreendidos equipamentos inform\u00e1ticos. Os aparelhos eram usados para armazenar e partilhar ficheiros com conte\u00fado de abuso e explora\u00e7\u00e3o sexual de crian\u00e7as. A v\u00edtima est\u00e1 a decorrer o primeiro interrogat\u00f3rio judicial, e aplicaram-se medidas de coa\u00e7\u00e3o, na opera\u00e7\u00e3o realizada pela Unidade Nacional de Combate ao Cibercrime e \u00e0 Criminalidade Tecnol\u00f3gica (UNC3T).\" \/>\n<meta property=\"og:url\" content=\"https:\/\/portaltela.pt\/noticias\/2026\/02\/20\/jovem-de-19-detido-na-lourinha-por-suspeita-de-pornografia-de-menores\/\" \/>\n<meta property=\"og:site_name\" content=\"Portal Tela Portugal\" \/>\n<meta property=\"article:published_time\" content=\"2026-02-20T13:39:16+00:00\" \/>\n<meta name=\"author\" content=\"Telinha\" \/>\n<meta name=\"twitter:card\" content=\"summary_large_image\" \/>\n<meta name=\"twitter:label1\" content=\"Escrito por\" \/>\n\t<meta name=\"twitter:data1\" content=\"Telinha\" \/>\n\t<meta name=\"twitter:label2\" content=\"Tempo estimado de leitura\" \/>\n\t<meta name=\"twitter:data2\" content=\"1 minuto\" \/>\n<script type=\"application\/ld+json\" class=\"yoast-schema-graph\">{\"@context\":\"https:\/\/schema.org\",\"@graph\":[{\"@type\":\"Article\",\"@id\":\"https:\/\/portaltela.pt\/noticias\/2026\/02\/20\/jovem-de-19-detido-na-lourinha-por-suspeita-de-pornografia-de-menores\/#article\",\"isPartOf\":{\"@id\":\"https:\/\/portaltela.pt\/noticias\/2026\/02\/20\/jovem-de-19-detido-na-lourinha-por-suspeita-de-pornografia-de-menores\/\"},\"author\":{\"name\":\"Telinha\",\"@id\":\"https:\/\/portaltela.pt\/#\/schema\/person\/c4278d4a6028830caff9ee44b42d32ed\"},\"headline\":\"Jovem de 19 detido na Lourinh\u00e3 por suspeita de pornografia de menores\",\"datePublished\":\"2026-02-20T13:39:16+00:00\",\"mainEntityOfPage\":{\"@id\":\"https:\/\/portaltela.pt\/noticias\/2026\/02\/20\/jovem-de-19-detido-na-lourinha-por-suspeita-de-pornografia-de-menores\/\"},\"wordCount\":192,\"image\":{\"@id\":\"https:\/\/portaltela.pt\/noticias\/2026\/02\/20\/jovem-de-19-detido-na-lourinha-por-suspeita-de-pornografia-de-menores\/#primaryimage\"},\"thumbnailUrl\":\"https:\/\/portaltela.pt\/s.01k8rhncp4jt1\/2026\/02\/img_1500x1000uu2026-02-01-01-31-00-2209426.jpg\",\"keywords\":[\"cibercrime\",\"crime\",\"crimes sexuais\",\"investiga\u00e7\u00e3o criminal\",\"Lourinh\u00e3\",\"pornografia de menores\"],\"articleSection\":[\"Not\u00edcias\"],\"inLanguage\":\"pt-PT\"},{\"@type\":\"WebPage\",\"@id\":\"https:\/\/portaltela.pt\/noticias\/2026\/02\/20\/jovem-de-19-detido-na-lourinha-por-suspeita-de-pornografia-de-menores\/\",\"url\":\"https:\/\/portaltela.pt\/noticias\/2026\/02\/20\/jovem-de-19-detido-na-lourinha-por-suspeita-de-pornografia-de-menores\/\",\"name\":\"Jovem de 19 detido na Lourinh\u00e3 por suspeita de pornografia de menores - Portal Tela Portugal\",\"isPartOf\":{\"@id\":\"https:\/\/portaltela.pt\/#website\"},\"primaryImageOfPage\":{\"@id\":\"https:\/\/portaltela.pt\/noticias\/2026\/02\/20\/jovem-de-19-detido-na-lourinha-por-suspeita-de-pornografia-de-menores\/#primaryimage\"},\"image\":{\"@id\":\"https:\/\/portaltela.pt\/noticias\/2026\/02\/20\/jovem-de-19-detido-na-lourinha-por-suspeita-de-pornografia-de-menores\/#primaryimage\"},\"thumbnailUrl\":\"https:\/\/portaltela.pt\/s.01k8rhncp4jt1\/2026\/02\/img_1500x1000uu2026-02-01-01-31-00-2209426.jpg\",\"datePublished\":\"2026-02-20T13:39:16+00:00\",\"author\":{\"@id\":\"https:\/\/portaltela.pt\/#\/schema\/person\/c4278d4a6028830caff9ee44b42d32ed\"},\"breadcrumb\":{\"@id\":\"https:\/\/portaltela.pt\/noticias\/2026\/02\/20\/jovem-de-19-detido-na-lourinha-por-suspeita-de-pornografia-de-menores\/#breadcrumb\"},\"inLanguage\":\"pt-PT\",\"potentialAction\":[{\"@type\":\"ReadAction\",\"target\":[\"https:\/\/portaltela.pt\/noticias\/2026\/02\/20\/jovem-de-19-detido-na-lourinha-por-suspeita-de-pornografia-de-menores\/\"]}]},{\"@type\":\"ImageObject\",\"inLanguage\":\"pt-PT\",\"@id\":\"https:\/\/portaltela.pt\/noticias\/2026\/02\/20\/jovem-de-19-detido-na-lourinha-por-suspeita-de-pornografia-de-menores\/#primaryimage\",\"url\":\"https:\/\/portaltela.pt\/s.01k8rhncp4jt1\/2026\/02\/img_1500x1000uu2026-02-01-01-31-00-2209426.jpg\",\"contentUrl\":\"https:\/\/portaltela.pt\/s.01k8rhncp4jt1\/2026\/02\/img_1500x1000uu2026-02-01-01-31-00-2209426.jpg\",\"width\":796,\"height\":448,\"caption\":\"Crimes online, cibercrime\"},{\"@type\":\"BreadcrumbList\",\"@id\":\"https:\/\/portaltela.pt\/noticias\/2026\/02\/20\/jovem-de-19-detido-na-lourinha-por-suspeita-de-pornografia-de-menores\/#breadcrumb\",\"itemListElement\":[{\"@type\":\"ListItem\",\"position\":1,\"name\":\"In\u00edcio\",\"item\":\"https:\/\/portaltela.pt\/\"},{\"@type\":\"ListItem\",\"position\":2,\"name\":\"Jovem de 19 detido na Lourinh\u00e3 por suspeita de pornografia de menores\"}]},{\"@type\":\"WebSite\",\"@id\":\"https:\/\/portaltela.pt\/#website\",\"url\":\"https:\/\/portaltela.pt\/\",\"name\":\"Portal Tela Portugal\",\"description\":\"\",\"potentialAction\":[{\"@type\":\"SearchAction\",\"target\":{\"@type\":\"EntryPoint\",\"urlTemplate\":\"https:\/\/portaltela.pt\/?s={search_term_string}\"},\"query-input\":{\"@type\":\"PropertyValueSpecification\",\"valueRequired\":true,\"valueName\":\"search_term_string\"}}],\"inLanguage\":\"pt-PT\"},{\"@type\":\"Person\",\"@id\":\"https:\/\/portaltela.pt\/#\/schema\/person\/c4278d4a6028830caff9ee44b42d32ed\",\"name\":\"Telinha\",\"image\":{\"@type\":\"ImageObject\",\"inLanguage\":\"pt-PT\",\"@id\":\"https:\/\/portaltela.pt\/s.01k8rhncp4jt1\/2025\/11\/talking-bot-125x125.png\",\"url\":\"https:\/\/portaltela.pt\/s.01k8rhncp4jt1\/2025\/11\/talking-bot-125x125.png\",\"contentUrl\":\"https:\/\/portaltela.pt\/s.01k8rhncp4jt1\/2025\/11\/talking-bot-125x125.png\",\"caption\":\"Telinha\"},\"sameAs\":[\"https:\/\/portaltela.pt\/\"],\"url\":\"https:\/\/portaltela.pt\/por\/367410592786\/\"}]}<\/script>\n<!-- \/ Yoast SEO plugin. -->","yoast_head_json":{"title":"Jovem de 19 detido na Lourinh\u00e3 por suspeita de pornografia de menores - Portal Tela Portugal","robots":{"index":"index","follow":"follow","max-snippet":"max-snippet:-1","max-image-preview":"max-image-preview:large","max-video-preview":"max-video-preview:-1"},"og_locale":"pt_PT","og_type":"article","og_title":"Jovem de 19 detido na Lourinh\u00e3 por suspeita de pornografia de menores - Portal Tela Portugal","og_description":"Um jovem de 19 anos, residente na Lourinh\u00e3, foi detido pela Pol\u00edcia Judici\u00e1ria por suspeita de pornografia de menores. A deten\u00e7\u00e3o ocorreu na quinta-feira e foi anunciada na sexta-feira pela PJ. Durante a opera\u00e7\u00e3o, houve uma busca na resid\u00eancia do suspeito, onde foram apreendidos equipamentos inform\u00e1ticos. Os aparelhos eram usados para armazenar e partilhar ficheiros com conte\u00fado de abuso e explora\u00e7\u00e3o sexual de crian\u00e7as. A v\u00edtima est\u00e1 a decorrer o primeiro interrogat\u00f3rio judicial, e aplicaram-se medidas de coa\u00e7\u00e3o, na opera\u00e7\u00e3o realizada pela Unidade Nacional de Combate ao Cibercrime e \u00e0 Criminalidade Tecnol\u00f3gica (UNC3T).","og_url":"https:\/\/portaltela.pt\/noticias\/2026\/02\/20\/jovem-de-19-detido-na-lourinha-por-suspeita-de-pornografia-de-menores\/","og_site_name":"Portal Tela Portugal","article_published_time":"2026-02-20T13:39:16+00:00","author":"Telinha","twitter_card":"summary_large_image","twitter_misc":{"Escrito por":"Telinha","Tempo estimado de leitura":"1 minuto"},"schema":{"@context":"https:\/\/schema.org","@graph":[{"@type":"Article","@id":"https:\/\/portaltela.pt\/noticias\/2026\/02\/20\/jovem-de-19-detido-na-lourinha-por-suspeita-de-pornografia-de-menores\/#article","isPartOf":{"@id":"https:\/\/portaltela.pt\/noticias\/2026\/02\/20\/jovem-de-19-detido-na-lourinha-por-suspeita-de-pornografia-de-menores\/"},"author":{"name":"Telinha","@id":"https:\/\/portaltela.pt\/#\/schema\/person\/c4278d4a6028830caff9ee44b42d32ed"},"headline":"Jovem de 19 detido na Lourinh\u00e3 por suspeita de pornografia de menores","datePublished":"2026-02-20T13:39:16+00:00","mainEntityOfPage":{"@id":"https:\/\/portaltela.pt\/noticias\/2026\/02\/20\/jovem-de-19-detido-na-lourinha-por-suspeita-de-pornografia-de-menores\/"},"wordCount":192,"image":{"@id":"https:\/\/portaltela.pt\/noticias\/2026\/02\/20\/jovem-de-19-detido-na-lourinha-por-suspeita-de-pornografia-de-menores\/#primaryimage"},"thumbnailUrl":"https:\/\/portaltela.pt\/s.01k8rhncp4jt1\/2026\/02\/img_1500x1000uu2026-02-01-01-31-00-2209426.jpg","keywords":["cibercrime","crime","crimes sexuais","investiga\u00e7\u00e3o criminal","Lourinh\u00e3","pornografia de menores"],"articleSection":["Not\u00edcias"],"inLanguage":"pt-PT"},{"@type":"WebPage","@id":"https:\/\/portaltela.pt\/noticias\/2026\/02\/20\/jovem-de-19-detido-na-lourinha-por-suspeita-de-pornografia-de-menores\/","url":"https:\/\/portaltela.pt\/noticias\/2026\/02\/20\/jovem-de-19-detido-na-lourinha-por-suspeita-de-pornografia-de-menores\/","name":"Jovem de 19 detido na Lourinh\u00e3 por suspeita de pornografia de menores - Portal Tela Portugal","isPartOf":{"@id":"https:\/\/portaltela.pt\/#website"},"primaryImageOfPage":{"@id":"https:\/\/portaltela.pt\/noticias\/2026\/02\/20\/jovem-de-19-detido-na-lourinha-por-suspeita-de-pornografia-de-menores\/#primaryimage"},"image":{"@id":"https:\/\/portaltela.pt\/noticias\/2026\/02\/20\/jovem-de-19-detido-na-lourinha-por-suspeita-de-pornografia-de-menores\/#primaryimage"},"thumbnailUrl":"https:\/\/portaltela.pt\/s.01k8rhncp4jt1\/2026\/02\/img_1500x1000uu2026-02-01-01-31-00-2209426.jpg","datePublished":"2026-02-20T13:39:16+00:00","author":{"@id":"https:\/\/portaltela.pt\/#\/schema\/person\/c4278d4a6028830caff9ee44b42d32ed"},"breadcrumb":{"@id":"https:\/\/portaltela.pt\/noticias\/2026\/02\/20\/jovem-de-19-detido-na-lourinha-por-suspeita-de-pornografia-de-menores\/#breadcrumb"},"inLanguage":"pt-PT","potentialAction":[{"@type":"ReadAction","target":["https:\/\/portaltela.pt\/noticias\/2026\/02\/20\/jovem-de-19-detido-na-lourinha-por-suspeita-de-pornografia-de-menores\/"]}]},{"@type":"ImageObject","inLanguage":"pt-PT","@id":"https:\/\/portaltela.pt\/noticias\/2026\/02\/20\/jovem-de-19-detido-na-lourinha-por-suspeita-de-pornografia-de-menores\/#primaryimage","url":"https:\/\/portaltela.pt\/s.01k8rhncp4jt1\/2026\/02\/img_1500x1000uu2026-02-01-01-31-00-2209426.jpg","contentUrl":"https:\/\/portaltela.pt\/s.01k8rhncp4jt1\/2026\/02\/img_1500x1000uu2026-02-01-01-31-00-2209426.jpg","width":796,"height":448,"caption":"Crimes online, cibercrime"},{"@type":"BreadcrumbList","@id":"https:\/\/portaltela.pt\/noticias\/2026\/02\/20\/jovem-de-19-detido-na-lourinha-por-suspeita-de-pornografia-de-menores\/#breadcrumb","itemListElement":[{"@type":"ListItem","position":1,"name":"In\u00edcio","item":"https:\/\/portaltela.pt\/"},{"@type":"ListItem","position":2,"name":"Jovem de 19 detido na Lourinh\u00e3 por suspeita de pornografia de menores"}]},{"@type":"WebSite","@id":"https:\/\/portaltela.pt\/#website","url":"https:\/\/portaltela.pt\/","name":"Portal Tela Portugal","description":"","potentialAction":[{"@type":"SearchAction","target":{"@type":"EntryPoint","urlTemplate":"https:\/\/portaltela.pt\/?s={search_term_string}"},"query-input":{"@type":"PropertyValueSpecification","valueRequired":true,"valueName":"search_term_string"}}],"inLanguage":"pt-PT"},{"@type":"Person","@id":"https:\/\/portaltela.pt\/#\/schema\/person\/c4278d4a6028830caff9ee44b42d32ed","name":"Telinha","image":{"@type":"ImageObject","inLanguage":"pt-PT","@id":"https:\/\/portaltela.pt\/s.01k8rhncp4jt1\/2025\/11\/talking-bot-125x125.png","url":"https:\/\/portaltela.pt\/s.01k8rhncp4jt1\/2025\/11\/talking-bot-125x125.png","contentUrl":"https:\/\/portaltela.pt\/s.01k8rhncp4jt1\/2025\/11\/talking-bot-125x125.png","caption":"Telinha"},"sameAs":["https:\/\/portaltela.pt\/"],"url":"https:\/\/portaltela.pt\/por\/367410592786\/"}]}},"_links":{"self":[{"href":"https:\/\/portaltela.pt\/api\/wp\/v2\/posts\/219167","targetHints":{"allow":["GET"]}}],"collection":[{"href":"https:\/\/portaltela.pt\/api\/wp\/v2\/posts"}],"about":[{"href":"https:\/\/portaltela.pt\/api\/wp\/v2\/types\/post"}],"author":[{"embeddable":true,"href":"https:\/\/portaltela.pt\/api\/wp\/v2\/users\/2"}],"replies":[{"embeddable":true,"href":"https:\/\/portaltela.pt\/api\/wp\/v2\/comments?post=219167"}],"version-history":[{"count":0,"href":"https:\/\/portaltela.pt\/api\/wp\/v2\/posts\/219167\/revisions"}],"wp:featuredmedia":[{"embeddable":true,"href":"https:\/\/portaltela.pt\/api\/wp\/v2\/media\/219169"}],"wp:attachment":[{"href":"https:\/\/portaltela.pt\/api\/wp\/v2\/media?parent=219167"}],"wp:term":[{"taxonomy":"category","embeddable":true,"href":"https:\/\/portaltela.pt\/api\/wp\/v2\/categories?post=219167"},{"taxonomy":"post_tag","embeddable":true,"href":"https:\/\/portaltela.pt\/api\/wp\/v2\/tags?post=219167"}],"curies":[{"name":"wp","href":"https:\/\/api.w.org\/{rel}","templated":true}]}}