{"id":219160,"date":"2026-02-20T10:22:39","date_gmt":"2026-02-20T13:22:39","guid":{"rendered":"https:\/\/portaltela.pt\/noticias\/2026\/02\/20\/x-recorre-de-multa-europeia-de-120-milhoes-de-euros-2\/"},"modified":"2026-02-20T10:22:39","modified_gmt":"2026-02-20T13:22:39","slug":"x-recorre-de-multa-europeia-de-120-milhoes-de-euros-2","status":"publish","type":"post","link":"https:\/\/portaltela.pt\/noticias\/politica\/2026\/02\/20\/x-recorre-de-multa-europeia-de-120-milhoes-de-euros-2\/","title":{"rendered":"X recorre de multa europeia de 120 milh\u00f5es de euros"},"content":{"rendered":"<p>A rede social X recorreu da multa de 120 milh\u00f5es de euros imposta pela Comiss\u00e3o Europeia, em dezembro, por v\u00e1rias infra\u00e7\u00f5es ao regulamento sobre servi\u00e7os digitais (DSA). A decis\u00e3o foi anunciada pela empresa de Elon Musk na sua plataforma.<\/p>\n<p>A Comiss\u00e3o Europeia multou o X por violar regras de transpar\u00eancia, publicidade enganosa e acesso a dados para investigadores. A decis\u00e3o de incumprimento aponta para o design enganoso do visto azul, a falta de transpar\u00eancia do reposit\u00f3rio de publicidade e a limita\u00e7\u00e3o de dados p\u00fablicos dispon\u00edveis.<\/p>\n<p>A investiga\u00e7\u00e3o contra o X teve in\u00edcio em dezembro de 2023, para apurar se a empresa violou a legisla\u00e7\u00e3o europeia dos servi\u00e7os digitais. As infra\u00e7\u00f5es incluem a marca de verifica\u00e7\u00e3o azul, suposto conte\u00fado engano, e restri\u00e7\u00f5es ao acesso de dados por investigadores.<\/p>\n<h3>Motivo da multa e contornos da contesta\u00e7\u00e3o<\/h3>\n<p>Segundo a UE, o X n\u00e3o cumpriu obriga\u00e7\u00f5es de transpar\u00eancia e acesso a dados, o que motivou a san\u00e7\u00e3o de 120 milh\u00f5es de euros, distribu\u00edda entre 45 milh\u00f5es, 35 milh\u00f5es e 40 milh\u00f5es de euros.<\/p>\n<p>A empresa sustenta que a decis\u00e3o resulta de uma investiga\u00e7\u00e3o incompleta e de erros processuais, bem como de uma interpreta\u00e7\u00e3o excessiva das obriga\u00e7\u00f5es da DSA, e afirma que houve viola\u00e7\u00e3o dos direitos de defesa.<\/p>\n","protected":false},"excerpt":{"rendered":"<ul>\n<li>A rede social X recorreu de uma multa de 120 milh\u00f5es de euros imposta pela Comiss\u00e3o Europeia em dezembro, por infra\u00e7\u00f5es ao regulamento sobre servi\u00e7os digitais (DSA).<\/li>\n<li>A san\u00e7\u00e3o foi aplicada por violar a transpar\u00eancia na publicidade, uso de uma marca de verifica\u00e7\u00e3o enganosa e dificuldade no acesso de dados a investigadores.<\/li>\n<li>A investiga\u00e7\u00e3o, iniciada em dezembro de 2023, concluiu infra\u00e7\u00f5es como o design enganoso da marca azul, o reposit\u00f3rio de publicidade pouco transparente e o acesso limitado a dados p\u00fablicos.<\/li>\n<li>A X afirma que a decis\u00e3o resulta de uma investiga\u00e7\u00e3o incompleta e superficial, erros processuais e interpreta\u00e7\u00e3o excessivamente complexa da DSA, al\u00e9m de viola\u00e7\u00f5es dos direitos de defesa.<\/li>\n<li>A multa de 120 milh\u00f5es de euros est\u00e1 dividida em 45 milh\u00f5es, 35 milh\u00f5es e 40 milh\u00f5es de euros.<\/li>\n<\/ul>\n","protected":false},"author":2,"featured_media":219161,"comment_status":"closed","ping_status":"closed","sticky":false,"template":"","format":"standard","meta":{"footnotes":""},"categories":[1,5],"tags":[215,3562,3209,4516,332,2055],"class_list":["post-219160","post","type-post","status-publish","format-standard","has-post-thumbnail","hentry","category-noticias","category-politica","tag-investigacao","tag-privacidade","tag-publicidade-enganosa","tag-regulamento-dos-mercados-digitais","tag-transparencia","tag-uniao-europeia"],"yoast_head":"<!-- This site is optimized with the Yoast SEO plugin v27.2 - https:\/\/yoast.com\/product\/yoast-seo-wordpress\/ -->\n<title>X recorre de multa europeia de 120 milh\u00f5es de euros - Portal Tela Portugal<\/title>\n<meta name=\"robots\" content=\"index, follow, max-snippet:-1, max-image-preview:large, max-video-preview:-1\" \/>\n<meta property=\"og:locale\" content=\"pt_PT\" \/>\n<meta property=\"og:type\" content=\"article\" \/>\n<meta property=\"og:title\" content=\"X recorre de multa europeia de 120 milh\u00f5es de euros - Portal Tela Portugal\" \/>\n<meta property=\"og:description\" content=\"A rede social X recorreu de uma multa de 120 milh\u00f5es de euros imposta pela Comiss\u00e3o Europeia em dezembro, por infra\u00e7\u00f5es ao regulamento sobre servi\u00e7os digitais (DSA). A san\u00e7\u00e3o foi aplicada por violar a transpar\u00eancia na publicidade, uso de uma marca de verifica\u00e7\u00e3o enganosa e dificuldade no acesso de dados a investigadores. A investiga\u00e7\u00e3o, iniciada em dezembro de 2023, concluiu infra\u00e7\u00f5es como o design enganoso da marca azul, o reposit\u00f3rio de publicidade pouco transparente e o acesso limitado a dados p\u00fablicos. A X afirma que a decis\u00e3o resulta de uma investiga\u00e7\u00e3o incompleta e superficial, erros processuais e interpreta\u00e7\u00e3o excessivamente complexa da DSA, al\u00e9m de viola\u00e7\u00f5es dos direitos de defesa. A multa de 120 milh\u00f5es de euros est\u00e1 dividida em 45 milh\u00f5es, 35 milh\u00f5es e 40 milh\u00f5es de euros.\" \/>\n<meta property=\"og:url\" content=\"https:\/\/portaltela.pt\/noticias\/2026\/02\/20\/x-recorre-de-multa-europeia-de-120-milhoes-de-euros-2\/\" \/>\n<meta property=\"og:site_name\" content=\"Portal Tela Portugal\" \/>\n<meta property=\"article:published_time\" content=\"2026-02-20T13:22:39+00:00\" \/>\n<meta name=\"author\" content=\"Telinha\" \/>\n<meta name=\"twitter:card\" content=\"summary_large_image\" \/>\n<meta name=\"twitter:label1\" content=\"Escrito por\" \/>\n\t<meta name=\"twitter:data1\" content=\"Telinha\" \/>\n\t<meta name=\"twitter:label2\" content=\"Tempo estimado de leitura\" \/>\n\t<meta name=\"twitter:data2\" content=\"1 minuto\" \/>\n<script type=\"application\/ld+json\" class=\"yoast-schema-graph\">{\"@context\":\"https:\/\/schema.org\",\"@graph\":[{\"@type\":\"Article\",\"@id\":\"https:\/\/portaltela.pt\/noticias\/2026\/02\/20\/x-recorre-de-multa-europeia-de-120-milhoes-de-euros-2\/#article\",\"isPartOf\":{\"@id\":\"https:\/\/portaltela.pt\/noticias\/2026\/02\/20\/x-recorre-de-multa-europeia-de-120-milhoes-de-euros-2\/\"},\"author\":{\"name\":\"Telinha\",\"@id\":\"https:\/\/portaltela.pt\/#\/schema\/person\/c4278d4a6028830caff9ee44b42d32ed\"},\"headline\":\"X recorre de multa europeia de 120 milh\u00f5es de euros\",\"datePublished\":\"2026-02-20T13:22:39+00:00\",\"mainEntityOfPage\":{\"@id\":\"https:\/\/portaltela.pt\/noticias\/2026\/02\/20\/x-recorre-de-multa-europeia-de-120-milhoes-de-euros-2\/\"},\"wordCount\":244,\"image\":{\"@id\":\"https:\/\/portaltela.pt\/noticias\/2026\/02\/20\/x-recorre-de-multa-europeia-de-120-milhoes-de-euros-2\/#primaryimage\"},\"thumbnailUrl\":\"https:\/\/portaltela.pt\/s.01k8rhncp4jt1\/2026\/02\/img_1500x1000uu2026-02-05-15-07-53-2264970-2.jpg\",\"keywords\":[\"investiga\u00e7\u00e3o\",\"privacidade\",\"publicidade enganosa\",\"Regulamento dos Mercados Digitais\",\"transpar\u00eancia\",\"Uni\u00e3o Europeia\"],\"articleSection\":[\"Not\u00edcias\",\"Pol\u00edtica\"],\"inLanguage\":\"pt-PT\"},{\"@type\":\"WebPage\",\"@id\":\"https:\/\/portaltela.pt\/noticias\/2026\/02\/20\/x-recorre-de-multa-europeia-de-120-milhoes-de-euros-2\/\",\"url\":\"https:\/\/portaltela.pt\/noticias\/2026\/02\/20\/x-recorre-de-multa-europeia-de-120-milhoes-de-euros-2\/\",\"name\":\"X recorre de multa europeia de 120 milh\u00f5es de euros - Portal Tela Portugal\",\"isPartOf\":{\"@id\":\"https:\/\/portaltela.pt\/#website\"},\"primaryImageOfPage\":{\"@id\":\"https:\/\/portaltela.pt\/noticias\/2026\/02\/20\/x-recorre-de-multa-europeia-de-120-milhoes-de-euros-2\/#primaryimage\"},\"image\":{\"@id\":\"https:\/\/portaltela.pt\/noticias\/2026\/02\/20\/x-recorre-de-multa-europeia-de-120-milhoes-de-euros-2\/#primaryimage\"},\"thumbnailUrl\":\"https:\/\/portaltela.pt\/s.01k8rhncp4jt1\/2026\/02\/img_1500x1000uu2026-02-05-15-07-53-2264970-2.jpg\",\"datePublished\":\"2026-02-20T13:22:39+00:00\",\"author\":{\"@id\":\"https:\/\/portaltela.pt\/#\/schema\/person\/c4278d4a6028830caff9ee44b42d32ed\"},\"breadcrumb\":{\"@id\":\"https:\/\/portaltela.pt\/noticias\/2026\/02\/20\/x-recorre-de-multa-europeia-de-120-milhoes-de-euros-2\/#breadcrumb\"},\"inLanguage\":\"pt-PT\",\"potentialAction\":[{\"@type\":\"ReadAction\",\"target\":[\"https:\/\/portaltela.pt\/noticias\/2026\/02\/20\/x-recorre-de-multa-europeia-de-120-milhoes-de-euros-2\/\"]}]},{\"@type\":\"ImageObject\",\"inLanguage\":\"pt-PT\",\"@id\":\"https:\/\/portaltela.pt\/noticias\/2026\/02\/20\/x-recorre-de-multa-europeia-de-120-milhoes-de-euros-2\/#primaryimage\",\"url\":\"https:\/\/portaltela.pt\/s.01k8rhncp4jt1\/2026\/02\/img_1500x1000uu2026-02-05-15-07-53-2264970-2.jpg\",\"contentUrl\":\"https:\/\/portaltela.pt\/s.01k8rhncp4jt1\/2026\/02\/img_1500x1000uu2026-02-05-15-07-53-2264970-2.jpg\",\"width\":796,\"height\":448,\"caption\":\"Rede social X\"},{\"@type\":\"BreadcrumbList\",\"@id\":\"https:\/\/portaltela.pt\/noticias\/2026\/02\/20\/x-recorre-de-multa-europeia-de-120-milhoes-de-euros-2\/#breadcrumb\",\"itemListElement\":[{\"@type\":\"ListItem\",\"position\":1,\"name\":\"In\u00edcio\",\"item\":\"https:\/\/portaltela.pt\/\"},{\"@type\":\"ListItem\",\"position\":2,\"name\":\"X recorre de multa europeia de 120 milh\u00f5es de euros\"}]},{\"@type\":\"WebSite\",\"@id\":\"https:\/\/portaltela.pt\/#website\",\"url\":\"https:\/\/portaltela.pt\/\",\"name\":\"Portal Tela Portugal\",\"description\":\"\",\"potentialAction\":[{\"@type\":\"SearchAction\",\"target\":{\"@type\":\"EntryPoint\",\"urlTemplate\":\"https:\/\/portaltela.pt\/?s={search_term_string}\"},\"query-input\":{\"@type\":\"PropertyValueSpecification\",\"valueRequired\":true,\"valueName\":\"search_term_string\"}}],\"inLanguage\":\"pt-PT\"},{\"@type\":\"Person\",\"@id\":\"https:\/\/portaltela.pt\/#\/schema\/person\/c4278d4a6028830caff9ee44b42d32ed\",\"name\":\"Telinha\",\"image\":{\"@type\":\"ImageObject\",\"inLanguage\":\"pt-PT\",\"@id\":\"https:\/\/portaltela.pt\/s.01k8rhncp4jt1\/2025\/11\/talking-bot-125x125.png\",\"url\":\"https:\/\/portaltela.pt\/s.01k8rhncp4jt1\/2025\/11\/talking-bot-125x125.png\",\"contentUrl\":\"https:\/\/portaltela.pt\/s.01k8rhncp4jt1\/2025\/11\/talking-bot-125x125.png\",\"caption\":\"Telinha\"},\"sameAs\":[\"https:\/\/portaltela.pt\/\"],\"url\":\"https:\/\/portaltela.pt\/por\/367410592786\/\"}]}<\/script>\n<!-- \/ Yoast SEO plugin. -->","yoast_head_json":{"title":"X recorre de multa europeia de 120 milh\u00f5es de euros - Portal Tela Portugal","robots":{"index":"index","follow":"follow","max-snippet":"max-snippet:-1","max-image-preview":"max-image-preview:large","max-video-preview":"max-video-preview:-1"},"og_locale":"pt_PT","og_type":"article","og_title":"X recorre de multa europeia de 120 milh\u00f5es de euros - Portal Tela Portugal","og_description":"A rede social X recorreu de uma multa de 120 milh\u00f5es de euros imposta pela Comiss\u00e3o Europeia em dezembro, por infra\u00e7\u00f5es ao regulamento sobre servi\u00e7os digitais (DSA). A san\u00e7\u00e3o foi aplicada por violar a transpar\u00eancia na publicidade, uso de uma marca de verifica\u00e7\u00e3o enganosa e dificuldade no acesso de dados a investigadores. A investiga\u00e7\u00e3o, iniciada em dezembro de 2023, concluiu infra\u00e7\u00f5es como o design enganoso da marca azul, o reposit\u00f3rio de publicidade pouco transparente e o acesso limitado a dados p\u00fablicos. A X afirma que a decis\u00e3o resulta de uma investiga\u00e7\u00e3o incompleta e superficial, erros processuais e interpreta\u00e7\u00e3o excessivamente complexa da DSA, al\u00e9m de viola\u00e7\u00f5es dos direitos de defesa. A multa de 120 milh\u00f5es de euros est\u00e1 dividida em 45 milh\u00f5es, 35 milh\u00f5es e 40 milh\u00f5es de euros.","og_url":"https:\/\/portaltela.pt\/noticias\/2026\/02\/20\/x-recorre-de-multa-europeia-de-120-milhoes-de-euros-2\/","og_site_name":"Portal Tela Portugal","article_published_time":"2026-02-20T13:22:39+00:00","author":"Telinha","twitter_card":"summary_large_image","twitter_misc":{"Escrito por":"Telinha","Tempo estimado de leitura":"1 minuto"},"schema":{"@context":"https:\/\/schema.org","@graph":[{"@type":"Article","@id":"https:\/\/portaltela.pt\/noticias\/2026\/02\/20\/x-recorre-de-multa-europeia-de-120-milhoes-de-euros-2\/#article","isPartOf":{"@id":"https:\/\/portaltela.pt\/noticias\/2026\/02\/20\/x-recorre-de-multa-europeia-de-120-milhoes-de-euros-2\/"},"author":{"name":"Telinha","@id":"https:\/\/portaltela.pt\/#\/schema\/person\/c4278d4a6028830caff9ee44b42d32ed"},"headline":"X recorre de multa europeia de 120 milh\u00f5es de euros","datePublished":"2026-02-20T13:22:39+00:00","mainEntityOfPage":{"@id":"https:\/\/portaltela.pt\/noticias\/2026\/02\/20\/x-recorre-de-multa-europeia-de-120-milhoes-de-euros-2\/"},"wordCount":244,"image":{"@id":"https:\/\/portaltela.pt\/noticias\/2026\/02\/20\/x-recorre-de-multa-europeia-de-120-milhoes-de-euros-2\/#primaryimage"},"thumbnailUrl":"https:\/\/portaltela.pt\/s.01k8rhncp4jt1\/2026\/02\/img_1500x1000uu2026-02-05-15-07-53-2264970-2.jpg","keywords":["investiga\u00e7\u00e3o","privacidade","publicidade enganosa","Regulamento dos Mercados Digitais","transpar\u00eancia","Uni\u00e3o Europeia"],"articleSection":["Not\u00edcias","Pol\u00edtica"],"inLanguage":"pt-PT"},{"@type":"WebPage","@id":"https:\/\/portaltela.pt\/noticias\/2026\/02\/20\/x-recorre-de-multa-europeia-de-120-milhoes-de-euros-2\/","url":"https:\/\/portaltela.pt\/noticias\/2026\/02\/20\/x-recorre-de-multa-europeia-de-120-milhoes-de-euros-2\/","name":"X recorre de multa europeia de 120 milh\u00f5es de euros - Portal Tela Portugal","isPartOf":{"@id":"https:\/\/portaltela.pt\/#website"},"primaryImageOfPage":{"@id":"https:\/\/portaltela.pt\/noticias\/2026\/02\/20\/x-recorre-de-multa-europeia-de-120-milhoes-de-euros-2\/#primaryimage"},"image":{"@id":"https:\/\/portaltela.pt\/noticias\/2026\/02\/20\/x-recorre-de-multa-europeia-de-120-milhoes-de-euros-2\/#primaryimage"},"thumbnailUrl":"https:\/\/portaltela.pt\/s.01k8rhncp4jt1\/2026\/02\/img_1500x1000uu2026-02-05-15-07-53-2264970-2.jpg","datePublished":"2026-02-20T13:22:39+00:00","author":{"@id":"https:\/\/portaltela.pt\/#\/schema\/person\/c4278d4a6028830caff9ee44b42d32ed"},"breadcrumb":{"@id":"https:\/\/portaltela.pt\/noticias\/2026\/02\/20\/x-recorre-de-multa-europeia-de-120-milhoes-de-euros-2\/#breadcrumb"},"inLanguage":"pt-PT","potentialAction":[{"@type":"ReadAction","target":["https:\/\/portaltela.pt\/noticias\/2026\/02\/20\/x-recorre-de-multa-europeia-de-120-milhoes-de-euros-2\/"]}]},{"@type":"ImageObject","inLanguage":"pt-PT","@id":"https:\/\/portaltela.pt\/noticias\/2026\/02\/20\/x-recorre-de-multa-europeia-de-120-milhoes-de-euros-2\/#primaryimage","url":"https:\/\/portaltela.pt\/s.01k8rhncp4jt1\/2026\/02\/img_1500x1000uu2026-02-05-15-07-53-2264970-2.jpg","contentUrl":"https:\/\/portaltela.pt\/s.01k8rhncp4jt1\/2026\/02\/img_1500x1000uu2026-02-05-15-07-53-2264970-2.jpg","width":796,"height":448,"caption":"Rede social X"},{"@type":"BreadcrumbList","@id":"https:\/\/portaltela.pt\/noticias\/2026\/02\/20\/x-recorre-de-multa-europeia-de-120-milhoes-de-euros-2\/#breadcrumb","itemListElement":[{"@type":"ListItem","position":1,"name":"In\u00edcio","item":"https:\/\/portaltela.pt\/"},{"@type":"ListItem","position":2,"name":"X recorre de multa europeia de 120 milh\u00f5es de euros"}]},{"@type":"WebSite","@id":"https:\/\/portaltela.pt\/#website","url":"https:\/\/portaltela.pt\/","name":"Portal Tela Portugal","description":"","potentialAction":[{"@type":"SearchAction","target":{"@type":"EntryPoint","urlTemplate":"https:\/\/portaltela.pt\/?s={search_term_string}"},"query-input":{"@type":"PropertyValueSpecification","valueRequired":true,"valueName":"search_term_string"}}],"inLanguage":"pt-PT"},{"@type":"Person","@id":"https:\/\/portaltela.pt\/#\/schema\/person\/c4278d4a6028830caff9ee44b42d32ed","name":"Telinha","image":{"@type":"ImageObject","inLanguage":"pt-PT","@id":"https:\/\/portaltela.pt\/s.01k8rhncp4jt1\/2025\/11\/talking-bot-125x125.png","url":"https:\/\/portaltela.pt\/s.01k8rhncp4jt1\/2025\/11\/talking-bot-125x125.png","contentUrl":"https:\/\/portaltela.pt\/s.01k8rhncp4jt1\/2025\/11\/talking-bot-125x125.png","caption":"Telinha"},"sameAs":["https:\/\/portaltela.pt\/"],"url":"https:\/\/portaltela.pt\/por\/367410592786\/"}]}},"_links":{"self":[{"href":"https:\/\/portaltela.pt\/api\/wp\/v2\/posts\/219160","targetHints":{"allow":["GET"]}}],"collection":[{"href":"https:\/\/portaltela.pt\/api\/wp\/v2\/posts"}],"about":[{"href":"https:\/\/portaltela.pt\/api\/wp\/v2\/types\/post"}],"author":[{"embeddable":true,"href":"https:\/\/portaltela.pt\/api\/wp\/v2\/users\/2"}],"replies":[{"embeddable":true,"href":"https:\/\/portaltela.pt\/api\/wp\/v2\/comments?post=219160"}],"version-history":[{"count":0,"href":"https:\/\/portaltela.pt\/api\/wp\/v2\/posts\/219160\/revisions"}],"wp:featuredmedia":[{"embeddable":true,"href":"https:\/\/portaltela.pt\/api\/wp\/v2\/media\/219161"}],"wp:attachment":[{"href":"https:\/\/portaltela.pt\/api\/wp\/v2\/media?parent=219160"}],"wp:term":[{"taxonomy":"category","embeddable":true,"href":"https:\/\/portaltela.pt\/api\/wp\/v2\/categories?post=219160"},{"taxonomy":"post_tag","embeddable":true,"href":"https:\/\/portaltela.pt\/api\/wp\/v2\/tags?post=219160"}],"curies":[{"name":"wp","href":"https:\/\/api.w.org\/{rel}","templated":true}]}}