{"id":219153,"date":"2026-02-19T21:00:00","date_gmt":"2026-02-20T00:00:00","guid":{"rendered":"https:\/\/portaltela.pt\/noticias\/2026\/02\/19\/metade-de-portugal-ve-conteudo-em-streaming\/"},"modified":"2026-02-19T21:00:00","modified_gmt":"2026-02-20T00:00:00","slug":"metade-de-portugal-ve-conteudo-em-streaming","status":"publish","type":"post","link":"https:\/\/portaltela.pt\/noticias\/2026\/02\/19\/metade-de-portugal-ve-conteudo-em-streaming\/","title":{"rendered":"Metade de Portugal v\u00ea conte\u00fado em streaming"},"content":{"rendered":"<p>O panorama do streaming continua a evoluir, com mudan\u00e7as que afetam tanto criadores como o p\u00fablico. A not\u00edcia chega num momento em que Hollywood reavalia a janela de exibi\u00e7\u00e3o e o modelo de distribui\u00e7\u00e3o, frente a custos e \u00e0 ascens\u00e3o do consumo em casa.<\/p>\n<p>A Academia de Artes e Cinematogr\u00e1ficas decidiu n\u00e3o realizar visionamentos de filmes nomeados para os \u00d3scares em salas de cinema. Pelos pr\u00f3ximos tempos, os filmes chegar\u00e3o primeiro ao streaming, com o objetivo de reduzir custos de exibi\u00e7\u00e3o. A participa\u00e7\u00e3o nas sess\u00f5es p\u00f3s-nomea\u00e7\u00f5es tem sido baixa, segundo uma carta aos membros.<\/p>\n<p>Enquanto isso, em Portugal, o bar\u00f3metro BStream da Marktest registra recordes de consumidores que veem cinema e televis\u00e3o via streaming. Entre setembro e dezembro de 2025, 4,6 milh\u00f5es de pessoas com mais de 15 anos acederam a conte\u00fado on-demand, correspondendo a 53,3% do universo analisado. Destas, 43,1% s\u00e3o assinantes.<\/p>\n<h2>O que mudou no streaming<\/h2>\n<p>Filipa Poppe, autora da s\u00e9rie Ref\u00fagio do Medo da RTP, revela interesse pela nova temporada de Slow Horses, da Apple TV+. O mercado mant\u00e9m o ritmo de lan\u00e7amentos entre plataformas, com novidades previstas para v\u00e1rias servidas de streaming.<\/p>\n<p>Na Netflix, a agenda de fevereiro inclui Strip \u2013 A Lei de Las Vegas e Corta-fogo, al\u00e9m de Taylor Tomlinson: Prodigal Daughter. A anima\u00e7\u00e3o adulta Strip segue Lincoln Gumb, enquanto Corta-fogo acompanha o desaparecimento de uma crian\u00e7a na floresta.<\/p>\n<p>Na Disney+, a segunda temporada de Paradise, thriller apocal\u00edptico, chega a 23 de janeiro, com Sterling K. Brown e James Marsden no elenco. A produ\u00e7\u00e3o continua a explorar o mundo p\u00f3s-ref\u00fagio.<\/p>\n<h2>Novidades por servi\u00e7o<\/h2>\n<p>No HBO Max, Portobello estreia como primeira s\u00e9rie original italiana, centrada no apresentador Enzo Tortora. Banksters, s\u00e9rie alem\u00e3, acompanha um jovem banc\u00e1rio envolvido em assaltos milion\u00e1rios. Surviving the Jehova\u2019s Witness apresenta relatos de ex-membros e especialistas.<\/p>\n<p>A Apple TV+ anuncia A \u00daltima Coisa Que Ele Me Disse, segunda temporada, com a disputa pela recupera\u00e7\u00e3o da fam\u00edlia entre Owen, Hannah e Bailey. A produ\u00e7\u00e3o expande o enredo ap\u00f3s o desaparecimento de Owen.<\/p>\n<p>No Amazon Prime Video, The Bluff traz Priyanka Chopra Jonas num enredo de piratas modernos, enquanto 56 Days explora um casal que enfrenta segredos e um cad\u00e1ver encontrado ap\u00f3s o confinamento.<\/p>\n<h2>Perspetivas nacionais e adicionais<\/h2>\n<p>A SkyShowtime lan\u00e7a A Menina Levada, s\u00e9rie centrada no sequestro de uma das g\u00e9meas e na busca por justi\u00e7a. Filmin apresenta As Quatro Casas, document\u00e1rio sobre as primeiras obras do arquiteto \u00c1lvaro Siza, com 60 anos entre o arquiteto e o primeiro cliente.<\/p>\n<p>A telem\u00e1tica relembra que uma parte relevante da popula\u00e7\u00e3o portuguesa subscreve tr\u00eas ou mais servi\u00e7os de streaming, ilustrando a converg\u00eancia de plataformas na vida di\u00e1ria.<\/p>\n<h2>Perspetivas e desdobramentos<\/h2>\n<p>A ind\u00fastria aposta na coexist\u00eancia entre cinema e streaming, reconhecendo a conveni\u00eancia e a capacidade tecnol\u00f3gica como motor de mudan\u00e7a. A expectativa \u00e9 de mais an\u00fancios de parcerias, produ\u00e7\u00f5es originais e amplia\u00e7\u00f5es geogr\u00e1ficas, com foco na qualidade de experi\u00eancia para o p\u00fablico.<\/p>\n<p>The Chain, miniss\u00e9rie anunciada pela HBO, promete oito epis\u00f3dios com Damon Lindelof, baseada no livro de Adrian McKinty. A Apple TV+ confirma o regresso de Cape Fear, com produ\u00e7\u00e3o executiva de Scorsese e Spielberg, previsto para este ver\u00e3o.<\/p>\n","protected":false},"excerpt":{"rendered":"<ul>\n<li>A Academia de Artes e Ci\u00eancias Cinematogr\u00e1ficas anunciou que vai deixar de realizar visionamentos em salas para filmes nomeados aos \u00d3scares, passando a privilegiar o streaming; a decis\u00e3o baseia-se na baixa participa\u00e7\u00e3o das sess\u00f5es p\u00f3s-nomea\u00e7\u00f5es.<\/li>\n<li>Em Portugal, o bar\u00f3metro BStream da Marktest indica um recorde de residentes com mais de 15 anos a ver cinema e televis\u00e3o em streaming, entre setembro e dezembro de 2025, totalizando 4,6 milh\u00f5es de pessoas (53,3% do universo analisado) e 43,1% de assinantes.<\/li>\n<li>A tend\u00eancia mostra que a conveni\u00eancia e a tecnologia, incluindo a IA, est\u00e3o a moldar o equil\u00edbrio entre cinema, televis\u00e3o e streaming, exigindo respostas adaptadas de produtores e plataformas.<\/li>\n<li>V\u00e1rias plataformas anunciam novidades entre 20 e 26 de fevereiro, com estreias e novas temporadas em Netflix, Disney+, HBO Max, Apple TV, Amazon Prime Video, SkyShowtime e Filmin.<\/li>\n<li>Al\u00e9m disso, confirma-se o interesse em novos conte\u00fados originais, como s\u00e9ries e filmes em produ\u00e7\u00e3o, com lan\u00e7amentos programados para valoriza\u00e7\u00e3o da experi\u00eancia de streaming.<\/li>\n<\/ul>\n","protected":false},"author":2,"featured_media":219154,"comment_status":"closed","ping_status":"closed","sticky":false,"template":"","format":"standard","meta":{"footnotes":""},"categories":[12,1],"tags":[112,1073,145,196,5242,2780],"class_list":["post-219153","post","type-post","status-publish","format-standard","has-post-thumbnail","hentry","category-entretenimento","category-noticias","tag-cinema","tag-cinema-teatro-concertos","tag-cultura","tag-documentarios","tag-filmes","tag-transmissoes-televisivas"],"yoast_head":"<!-- This site is optimized with the Yoast SEO plugin v27.2 - https:\/\/yoast.com\/product\/yoast-seo-wordpress\/ -->\n<title>Metade de Portugal v\u00ea conte\u00fado em streaming - Portal Tela Portugal<\/title>\n<meta name=\"robots\" content=\"index, follow, max-snippet:-1, max-image-preview:large, max-video-preview:-1\" \/>\n<meta property=\"og:locale\" content=\"pt_PT\" \/>\n<meta property=\"og:type\" content=\"article\" \/>\n<meta property=\"og:title\" content=\"Metade de Portugal v\u00ea conte\u00fado em streaming - Portal Tela Portugal\" \/>\n<meta property=\"og:description\" content=\"A Academia de Artes e Ci\u00eancias Cinematogr\u00e1ficas anunciou que vai deixar de realizar visionamentos em salas para filmes nomeados aos \u00d3scares, passando a privilegiar o streaming; a decis\u00e3o baseia-se na baixa participa\u00e7\u00e3o das sess\u00f5es p\u00f3s-nomea\u00e7\u00f5es. Em Portugal, o bar\u00f3metro BStream da Marktest indica um recorde de residentes com mais de 15 anos a ver cinema e televis\u00e3o em streaming, entre setembro e dezembro de 2025, totalizando 4,6 milh\u00f5es de pessoas (53,3% do universo analisado) e 43,1% de assinantes. A tend\u00eancia mostra que a conveni\u00eancia e a tecnologia, incluindo a IA, est\u00e3o a moldar o equil\u00edbrio entre cinema, televis\u00e3o e streaming, exigindo respostas adaptadas de produtores e plataformas. V\u00e1rias plataformas anunciam novidades entre 20 e 26 de fevereiro, com estreias e novas temporadas em Netflix, Disney+, HBO Max, Apple TV, Amazon Prime Video, SkyShowtime e Filmin. Al\u00e9m disso, confirma-se o interesse em novos conte\u00fados originais, como s\u00e9ries e filmes em produ\u00e7\u00e3o, com lan\u00e7amentos programados para valoriza\u00e7\u00e3o da experi\u00eancia de streaming.\" \/>\n<meta property=\"og:url\" content=\"https:\/\/portaltela.pt\/noticias\/2026\/02\/19\/metade-de-portugal-ve-conteudo-em-streaming\/\" \/>\n<meta property=\"og:site_name\" content=\"Portal Tela Portugal\" \/>\n<meta property=\"article:published_time\" content=\"2026-02-20T00:00:00+00:00\" \/>\n<meta name=\"author\" content=\"Telinha\" \/>\n<meta name=\"twitter:card\" content=\"summary_large_image\" \/>\n<meta name=\"twitter:label1\" content=\"Escrito por\" \/>\n\t<meta name=\"twitter:data1\" content=\"Telinha\" \/>\n\t<meta name=\"twitter:label2\" content=\"Tempo estimado de leitura\" \/>\n\t<meta name=\"twitter:data2\" content=\"3 minutos\" \/>\n<script type=\"application\/ld+json\" class=\"yoast-schema-graph\">{\"@context\":\"https:\/\/schema.org\",\"@graph\":[{\"@type\":\"Article\",\"@id\":\"https:\/\/portaltela.pt\/noticias\/2026\/02\/19\/metade-de-portugal-ve-conteudo-em-streaming\/#article\",\"isPartOf\":{\"@id\":\"https:\/\/portaltela.pt\/noticias\/2026\/02\/19\/metade-de-portugal-ve-conteudo-em-streaming\/\"},\"author\":{\"name\":\"Telinha\",\"@id\":\"https:\/\/portaltela.pt\/#\/schema\/person\/c4278d4a6028830caff9ee44b42d32ed\"},\"headline\":\"Metade de Portugal v\u00ea conte\u00fado em streaming\",\"datePublished\":\"2026-02-20T00:00:00+00:00\",\"mainEntityOfPage\":{\"@id\":\"https:\/\/portaltela.pt\/noticias\/2026\/02\/19\/metade-de-portugal-ve-conteudo-em-streaming\/\"},\"wordCount\":583,\"image\":{\"@id\":\"https:\/\/portaltela.pt\/noticias\/2026\/02\/19\/metade-de-portugal-ve-conteudo-em-streaming\/#primaryimage\"},\"thumbnailUrl\":\"https:\/\/portaltela.pt\/s.01k8rhncp4jt1\/2026\/02\/2068497.jpg\",\"keywords\":[\"cinema\",\"cinema\/teatro\/concertos\",\"cultura\",\"document\u00e1rios\",\"filmes\",\"transmiss\u00f5es televisivas\"],\"articleSection\":[\"Entretenimento\",\"Not\u00edcias\"],\"inLanguage\":\"pt-PT\"},{\"@type\":\"WebPage\",\"@id\":\"https:\/\/portaltela.pt\/noticias\/2026\/02\/19\/metade-de-portugal-ve-conteudo-em-streaming\/\",\"url\":\"https:\/\/portaltela.pt\/noticias\/2026\/02\/19\/metade-de-portugal-ve-conteudo-em-streaming\/\",\"name\":\"Metade de Portugal v\u00ea conte\u00fado em streaming - Portal Tela Portugal\",\"isPartOf\":{\"@id\":\"https:\/\/portaltela.pt\/#website\"},\"primaryImageOfPage\":{\"@id\":\"https:\/\/portaltela.pt\/noticias\/2026\/02\/19\/metade-de-portugal-ve-conteudo-em-streaming\/#primaryimage\"},\"image\":{\"@id\":\"https:\/\/portaltela.pt\/noticias\/2026\/02\/19\/metade-de-portugal-ve-conteudo-em-streaming\/#primaryimage\"},\"thumbnailUrl\":\"https:\/\/portaltela.pt\/s.01k8rhncp4jt1\/2026\/02\/2068497.jpg\",\"datePublished\":\"2026-02-20T00:00:00+00:00\",\"author\":{\"@id\":\"https:\/\/portaltela.pt\/#\/schema\/person\/c4278d4a6028830caff9ee44b42d32ed\"},\"breadcrumb\":{\"@id\":\"https:\/\/portaltela.pt\/noticias\/2026\/02\/19\/metade-de-portugal-ve-conteudo-em-streaming\/#breadcrumb\"},\"inLanguage\":\"pt-PT\",\"potentialAction\":[{\"@type\":\"ReadAction\",\"target\":[\"https:\/\/portaltela.pt\/noticias\/2026\/02\/19\/metade-de-portugal-ve-conteudo-em-streaming\/\"]}]},{\"@type\":\"ImageObject\",\"inLanguage\":\"pt-PT\",\"@id\":\"https:\/\/portaltela.pt\/noticias\/2026\/02\/19\/metade-de-portugal-ve-conteudo-em-streaming\/#primaryimage\",\"url\":\"https:\/\/portaltela.pt\/s.01k8rhncp4jt1\/2026\/02\/2068497.jpg\",\"contentUrl\":\"https:\/\/portaltela.pt\/s.01k8rhncp4jt1\/2026\/02\/2068497.jpg\",\"width\":796,\"height\":448,\"caption\":\"Photo\"},{\"@type\":\"BreadcrumbList\",\"@id\":\"https:\/\/portaltela.pt\/noticias\/2026\/02\/19\/metade-de-portugal-ve-conteudo-em-streaming\/#breadcrumb\",\"itemListElement\":[{\"@type\":\"ListItem\",\"position\":1,\"name\":\"In\u00edcio\",\"item\":\"https:\/\/portaltela.pt\/\"},{\"@type\":\"ListItem\",\"position\":2,\"name\":\"Metade de Portugal v\u00ea conte\u00fado em streaming\"}]},{\"@type\":\"WebSite\",\"@id\":\"https:\/\/portaltela.pt\/#website\",\"url\":\"https:\/\/portaltela.pt\/\",\"name\":\"Portal Tela Portugal\",\"description\":\"\",\"potentialAction\":[{\"@type\":\"SearchAction\",\"target\":{\"@type\":\"EntryPoint\",\"urlTemplate\":\"https:\/\/portaltela.pt\/?s={search_term_string}\"},\"query-input\":{\"@type\":\"PropertyValueSpecification\",\"valueRequired\":true,\"valueName\":\"search_term_string\"}}],\"inLanguage\":\"pt-PT\"},{\"@type\":\"Person\",\"@id\":\"https:\/\/portaltela.pt\/#\/schema\/person\/c4278d4a6028830caff9ee44b42d32ed\",\"name\":\"Telinha\",\"image\":{\"@type\":\"ImageObject\",\"inLanguage\":\"pt-PT\",\"@id\":\"https:\/\/portaltela.pt\/s.01k8rhncp4jt1\/2025\/11\/talking-bot-125x125.png\",\"url\":\"https:\/\/portaltela.pt\/s.01k8rhncp4jt1\/2025\/11\/talking-bot-125x125.png\",\"contentUrl\":\"https:\/\/portaltela.pt\/s.01k8rhncp4jt1\/2025\/11\/talking-bot-125x125.png\",\"caption\":\"Telinha\"},\"sameAs\":[\"https:\/\/portaltela.pt\/\"],\"url\":\"https:\/\/portaltela.pt\/por\/367410592786\/\"}]}<\/script>\n<!-- \/ Yoast SEO plugin. -->","yoast_head_json":{"title":"Metade de Portugal v\u00ea conte\u00fado em streaming - Portal Tela Portugal","robots":{"index":"index","follow":"follow","max-snippet":"max-snippet:-1","max-image-preview":"max-image-preview:large","max-video-preview":"max-video-preview:-1"},"og_locale":"pt_PT","og_type":"article","og_title":"Metade de Portugal v\u00ea conte\u00fado em streaming - Portal Tela Portugal","og_description":"A Academia de Artes e Ci\u00eancias Cinematogr\u00e1ficas anunciou que vai deixar de realizar visionamentos em salas para filmes nomeados aos \u00d3scares, passando a privilegiar o streaming; a decis\u00e3o baseia-se na baixa participa\u00e7\u00e3o das sess\u00f5es p\u00f3s-nomea\u00e7\u00f5es. Em Portugal, o bar\u00f3metro BStream da Marktest indica um recorde de residentes com mais de 15 anos a ver cinema e televis\u00e3o em streaming, entre setembro e dezembro de 2025, totalizando 4,6 milh\u00f5es de pessoas (53,3% do universo analisado) e 43,1% de assinantes. A tend\u00eancia mostra que a conveni\u00eancia e a tecnologia, incluindo a IA, est\u00e3o a moldar o equil\u00edbrio entre cinema, televis\u00e3o e streaming, exigindo respostas adaptadas de produtores e plataformas. V\u00e1rias plataformas anunciam novidades entre 20 e 26 de fevereiro, com estreias e novas temporadas em Netflix, Disney+, HBO Max, Apple TV, Amazon Prime Video, SkyShowtime e Filmin. Al\u00e9m disso, confirma-se o interesse em novos conte\u00fados originais, como s\u00e9ries e filmes em produ\u00e7\u00e3o, com lan\u00e7amentos programados para valoriza\u00e7\u00e3o da experi\u00eancia de streaming.","og_url":"https:\/\/portaltela.pt\/noticias\/2026\/02\/19\/metade-de-portugal-ve-conteudo-em-streaming\/","og_site_name":"Portal Tela Portugal","article_published_time":"2026-02-20T00:00:00+00:00","author":"Telinha","twitter_card":"summary_large_image","twitter_misc":{"Escrito por":"Telinha","Tempo estimado de leitura":"3 minutos"},"schema":{"@context":"https:\/\/schema.org","@graph":[{"@type":"Article","@id":"https:\/\/portaltela.pt\/noticias\/2026\/02\/19\/metade-de-portugal-ve-conteudo-em-streaming\/#article","isPartOf":{"@id":"https:\/\/portaltela.pt\/noticias\/2026\/02\/19\/metade-de-portugal-ve-conteudo-em-streaming\/"},"author":{"name":"Telinha","@id":"https:\/\/portaltela.pt\/#\/schema\/person\/c4278d4a6028830caff9ee44b42d32ed"},"headline":"Metade de Portugal v\u00ea conte\u00fado em streaming","datePublished":"2026-02-20T00:00:00+00:00","mainEntityOfPage":{"@id":"https:\/\/portaltela.pt\/noticias\/2026\/02\/19\/metade-de-portugal-ve-conteudo-em-streaming\/"},"wordCount":583,"image":{"@id":"https:\/\/portaltela.pt\/noticias\/2026\/02\/19\/metade-de-portugal-ve-conteudo-em-streaming\/#primaryimage"},"thumbnailUrl":"https:\/\/portaltela.pt\/s.01k8rhncp4jt1\/2026\/02\/2068497.jpg","keywords":["cinema","cinema\/teatro\/concertos","cultura","document\u00e1rios","filmes","transmiss\u00f5es televisivas"],"articleSection":["Entretenimento","Not\u00edcias"],"inLanguage":"pt-PT"},{"@type":"WebPage","@id":"https:\/\/portaltela.pt\/noticias\/2026\/02\/19\/metade-de-portugal-ve-conteudo-em-streaming\/","url":"https:\/\/portaltela.pt\/noticias\/2026\/02\/19\/metade-de-portugal-ve-conteudo-em-streaming\/","name":"Metade de Portugal v\u00ea conte\u00fado em streaming - Portal Tela Portugal","isPartOf":{"@id":"https:\/\/portaltela.pt\/#website"},"primaryImageOfPage":{"@id":"https:\/\/portaltela.pt\/noticias\/2026\/02\/19\/metade-de-portugal-ve-conteudo-em-streaming\/#primaryimage"},"image":{"@id":"https:\/\/portaltela.pt\/noticias\/2026\/02\/19\/metade-de-portugal-ve-conteudo-em-streaming\/#primaryimage"},"thumbnailUrl":"https:\/\/portaltela.pt\/s.01k8rhncp4jt1\/2026\/02\/2068497.jpg","datePublished":"2026-02-20T00:00:00+00:00","author":{"@id":"https:\/\/portaltela.pt\/#\/schema\/person\/c4278d4a6028830caff9ee44b42d32ed"},"breadcrumb":{"@id":"https:\/\/portaltela.pt\/noticias\/2026\/02\/19\/metade-de-portugal-ve-conteudo-em-streaming\/#breadcrumb"},"inLanguage":"pt-PT","potentialAction":[{"@type":"ReadAction","target":["https:\/\/portaltela.pt\/noticias\/2026\/02\/19\/metade-de-portugal-ve-conteudo-em-streaming\/"]}]},{"@type":"ImageObject","inLanguage":"pt-PT","@id":"https:\/\/portaltela.pt\/noticias\/2026\/02\/19\/metade-de-portugal-ve-conteudo-em-streaming\/#primaryimage","url":"https:\/\/portaltela.pt\/s.01k8rhncp4jt1\/2026\/02\/2068497.jpg","contentUrl":"https:\/\/portaltela.pt\/s.01k8rhncp4jt1\/2026\/02\/2068497.jpg","width":796,"height":448,"caption":"Photo"},{"@type":"BreadcrumbList","@id":"https:\/\/portaltela.pt\/noticias\/2026\/02\/19\/metade-de-portugal-ve-conteudo-em-streaming\/#breadcrumb","itemListElement":[{"@type":"ListItem","position":1,"name":"In\u00edcio","item":"https:\/\/portaltela.pt\/"},{"@type":"ListItem","position":2,"name":"Metade de Portugal v\u00ea conte\u00fado em streaming"}]},{"@type":"WebSite","@id":"https:\/\/portaltela.pt\/#website","url":"https:\/\/portaltela.pt\/","name":"Portal Tela Portugal","description":"","potentialAction":[{"@type":"SearchAction","target":{"@type":"EntryPoint","urlTemplate":"https:\/\/portaltela.pt\/?s={search_term_string}"},"query-input":{"@type":"PropertyValueSpecification","valueRequired":true,"valueName":"search_term_string"}}],"inLanguage":"pt-PT"},{"@type":"Person","@id":"https:\/\/portaltela.pt\/#\/schema\/person\/c4278d4a6028830caff9ee44b42d32ed","name":"Telinha","image":{"@type":"ImageObject","inLanguage":"pt-PT","@id":"https:\/\/portaltela.pt\/s.01k8rhncp4jt1\/2025\/11\/talking-bot-125x125.png","url":"https:\/\/portaltela.pt\/s.01k8rhncp4jt1\/2025\/11\/talking-bot-125x125.png","contentUrl":"https:\/\/portaltela.pt\/s.01k8rhncp4jt1\/2025\/11\/talking-bot-125x125.png","caption":"Telinha"},"sameAs":["https:\/\/portaltela.pt\/"],"url":"https:\/\/portaltela.pt\/por\/367410592786\/"}]}},"_links":{"self":[{"href":"https:\/\/portaltela.pt\/api\/wp\/v2\/posts\/219153","targetHints":{"allow":["GET"]}}],"collection":[{"href":"https:\/\/portaltela.pt\/api\/wp\/v2\/posts"}],"about":[{"href":"https:\/\/portaltela.pt\/api\/wp\/v2\/types\/post"}],"author":[{"embeddable":true,"href":"https:\/\/portaltela.pt\/api\/wp\/v2\/users\/2"}],"replies":[{"embeddable":true,"href":"https:\/\/portaltela.pt\/api\/wp\/v2\/comments?post=219153"}],"version-history":[{"count":0,"href":"https:\/\/portaltela.pt\/api\/wp\/v2\/posts\/219153\/revisions"}],"wp:featuredmedia":[{"embeddable":true,"href":"https:\/\/portaltela.pt\/api\/wp\/v2\/media\/219154"}],"wp:attachment":[{"href":"https:\/\/portaltela.pt\/api\/wp\/v2\/media?parent=219153"}],"wp:term":[{"taxonomy":"category","embeddable":true,"href":"https:\/\/portaltela.pt\/api\/wp\/v2\/categories?post=219153"},{"taxonomy":"post_tag","embeddable":true,"href":"https:\/\/portaltela.pt\/api\/wp\/v2\/tags?post=219153"}],"curies":[{"name":"wp","href":"https:\/\/api.w.org\/{rel}","templated":true}]}}