{"id":219141,"date":"2026-02-20T10:26:14","date_gmt":"2026-02-20T13:26:14","guid":{"rendered":"https:\/\/portaltela.pt\/noticias\/2026\/02\/20\/imagens-aereas-mostram-a-extensao-das-inundacoes-no-sudoeste-de-franca\/"},"modified":"2026-02-20T10:26:14","modified_gmt":"2026-02-20T13:26:14","slug":"imagens-aereas-mostram-a-extensao-das-inundacoes-no-sudoeste-de-franca","status":"publish","type":"post","link":"https:\/\/portaltela.pt\/noticias\/2026\/02\/20\/imagens-aereas-mostram-a-extensao-das-inundacoes-no-sudoeste-de-franca\/","title":{"rendered":"Imagens a\u00e9reas mostram a extens\u00e3o das inunda\u00e7\u00f5es no sudoeste de Fran\u00e7a"},"content":{"rendered":"<p>A chuva intensa que caiu no sudoeste de Fran\u00e7a nos \u00faltimos 36 dias provocou inunda\u00e7\u00f5es generalizadas, deixando v\u00e1rias zonas completamente alagadas, aldeias isoladas e habita\u00e7\u00f5es sem energia. Entre as regi\u00f5es afetadas est\u00e3o Gironde, Lot-et-Garonne, Charente-Maritime, Maine-et-Loire e Loire-Atlantique.<\/p>\n<p>A situa\u00e7\u00e3o mant\u00e9m-se sob aviso vermelho nesta sexta-feira, segundo as autoridades meteorol\u00f3gicas, com previs\u00f5es de aumento de precipita\u00e7\u00e3o em algumas \u00e1reas.<\/p>\n<p>Imagens a\u00e9reas mostram a extens\u00e3o das inunda\u00e7\u00f5es e os impactos na circula\u00e7\u00e3o e na vida cotidiana das popula\u00e7\u00f5es locais.<\/p>\n","protected":false},"excerpt":{"rendered":"<ul>\n<li>A chuva intensa que caiu no sudoeste de Fran\u00e7a nos \u00faltimos trinta e seis dias deixou v\u00e1rias zonas totalmente inundadas, aldeias isoladas e habita\u00e7\u00f5es sem energia el\u00e9ctrica.<\/li>\n<li>V\u00e1rias zonas da regi\u00e3o continuam sob aviso vermelho nesta sexta-feira.<\/li>\n<li>Os departamentos afetados s\u00e3o Gironde, Lot-et-Garonne, Charente-Maritime, Maine-et-Loire e Loire-Atlantique.<\/li>\n<li>Imagens a\u00e9reas mostram a extens\u00e3o das inunda\u00e7\u00f5es na \u00e1rea.<\/li>\n<li>A situa\u00e7\u00e3o permanece sob vigil\u00e2ncia das autoridades.<\/li>\n<\/ul>\n","protected":false},"author":2,"featured_media":219150,"comment_status":"closed","ping_status":"closed","sticky":false,"template":"","format":"standard","meta":{"footnotes":""},"categories":[1],"tags":[3784,5215,5329,2487,1856,2293],"class_list":["post-219141","post","type-post","status-publish","format-standard","has-post-thumbnail","hentry","category-noticias","tag-aviso-vermelho","tag-catastrofes-naturais","tag-chuva","tag-europa","tag-franca","tag-inundacoes"],"yoast_head":"<!-- This site is optimized with the Yoast SEO plugin v27.2 - https:\/\/yoast.com\/product\/yoast-seo-wordpress\/ -->\n<title>Imagens a\u00e9reas mostram a extens\u00e3o das inunda\u00e7\u00f5es no sudoeste de Fran\u00e7a - Portal Tela Portugal<\/title>\n<meta name=\"robots\" content=\"index, follow, max-snippet:-1, max-image-preview:large, max-video-preview:-1\" \/>\n<meta property=\"og:locale\" content=\"pt_PT\" \/>\n<meta property=\"og:type\" content=\"article\" \/>\n<meta property=\"og:title\" content=\"Imagens a\u00e9reas mostram a extens\u00e3o das inunda\u00e7\u00f5es no sudoeste de Fran\u00e7a - Portal Tela Portugal\" \/>\n<meta property=\"og:description\" content=\"A chuva intensa que caiu no sudoeste de Fran\u00e7a nos \u00faltimos trinta e seis dias deixou v\u00e1rias zonas totalmente inundadas, aldeias isoladas e habita\u00e7\u00f5es sem energia el\u00e9ctrica. V\u00e1rias zonas da regi\u00e3o continuam sob aviso vermelho nesta sexta-feira. Os departamentos afetados s\u00e3o Gironde, Lot-et-Garonne, Charente-Maritime, Maine-et-Loire e Loire-Atlantique. Imagens a\u00e9reas mostram a extens\u00e3o das inunda\u00e7\u00f5es na \u00e1rea. A situa\u00e7\u00e3o permanece sob vigil\u00e2ncia das autoridades.\" \/>\n<meta property=\"og:url\" content=\"https:\/\/portaltela.pt\/noticias\/2026\/02\/20\/imagens-aereas-mostram-a-extensao-das-inundacoes-no-sudoeste-de-franca\/\" \/>\n<meta property=\"og:site_name\" content=\"Portal Tela Portugal\" \/>\n<meta property=\"article:published_time\" content=\"2026-02-20T13:26:14+00:00\" \/>\n<meta name=\"author\" content=\"Telinha\" \/>\n<meta name=\"twitter:card\" content=\"summary_large_image\" \/>\n<meta name=\"twitter:label1\" content=\"Escrito por\" \/>\n\t<meta name=\"twitter:data1\" content=\"Telinha\" \/>\n<script type=\"application\/ld+json\" class=\"yoast-schema-graph\">{\"@context\":\"https:\/\/schema.org\",\"@graph\":[{\"@type\":\"Article\",\"@id\":\"https:\/\/portaltela.pt\/noticias\/2026\/02\/20\/imagens-aereas-mostram-a-extensao-das-inundacoes-no-sudoeste-de-franca\/#article\",\"isPartOf\":{\"@id\":\"https:\/\/portaltela.pt\/noticias\/2026\/02\/20\/imagens-aereas-mostram-a-extensao-das-inundacoes-no-sudoeste-de-franca\/\"},\"author\":{\"name\":\"Telinha\",\"@id\":\"https:\/\/portaltela.pt\/#\/schema\/person\/c4278d4a6028830caff9ee44b42d32ed\"},\"headline\":\"Imagens a\u00e9reas mostram a extens\u00e3o das inunda\u00e7\u00f5es no sudoeste de Fran\u00e7a\",\"datePublished\":\"2026-02-20T13:26:14+00:00\",\"mainEntityOfPage\":{\"@id\":\"https:\/\/portaltela.pt\/noticias\/2026\/02\/20\/imagens-aereas-mostram-a-extensao-das-inundacoes-no-sudoeste-de-franca\/\"},\"wordCount\":108,\"image\":{\"@id\":\"https:\/\/portaltela.pt\/noticias\/2026\/02\/20\/imagens-aereas-mostram-a-extensao-das-inundacoes-no-sudoeste-de-franca\/#primaryimage\"},\"thumbnailUrl\":\"https:\/\/portaltela.pt\/s.01k8rhncp4jt1\/2026\/02\/img_1280x722uu2026-02-20-13-22-01-2267920.jpg\",\"keywords\":[\"aviso vermelho\",\"cat\u00e1strofes naturais\",\"chuva\",\"Europa\",\"Fran\u00e7a\",\"inunda\u00e7\u00f5es\"],\"articleSection\":[\"Not\u00edcias\"],\"inLanguage\":\"pt-PT\"},{\"@type\":\"WebPage\",\"@id\":\"https:\/\/portaltela.pt\/noticias\/2026\/02\/20\/imagens-aereas-mostram-a-extensao-das-inundacoes-no-sudoeste-de-franca\/\",\"url\":\"https:\/\/portaltela.pt\/noticias\/2026\/02\/20\/imagens-aereas-mostram-a-extensao-das-inundacoes-no-sudoeste-de-franca\/\",\"name\":\"Imagens a\u00e9reas mostram a extens\u00e3o das inunda\u00e7\u00f5es no sudoeste de Fran\u00e7a - Portal Tela Portugal\",\"isPartOf\":{\"@id\":\"https:\/\/portaltela.pt\/#website\"},\"primaryImageOfPage\":{\"@id\":\"https:\/\/portaltela.pt\/noticias\/2026\/02\/20\/imagens-aereas-mostram-a-extensao-das-inundacoes-no-sudoeste-de-franca\/#primaryimage\"},\"image\":{\"@id\":\"https:\/\/portaltela.pt\/noticias\/2026\/02\/20\/imagens-aereas-mostram-a-extensao-das-inundacoes-no-sudoeste-de-franca\/#primaryimage\"},\"thumbnailUrl\":\"https:\/\/portaltela.pt\/s.01k8rhncp4jt1\/2026\/02\/img_1280x722uu2026-02-20-13-22-01-2267920.jpg\",\"datePublished\":\"2026-02-20T13:26:14+00:00\",\"author\":{\"@id\":\"https:\/\/portaltela.pt\/#\/schema\/person\/c4278d4a6028830caff9ee44b42d32ed\"},\"breadcrumb\":{\"@id\":\"https:\/\/portaltela.pt\/noticias\/2026\/02\/20\/imagens-aereas-mostram-a-extensao-das-inundacoes-no-sudoeste-de-franca\/#breadcrumb\"},\"inLanguage\":\"pt-PT\",\"potentialAction\":[{\"@type\":\"ReadAction\",\"target\":[\"https:\/\/portaltela.pt\/noticias\/2026\/02\/20\/imagens-aereas-mostram-a-extensao-das-inundacoes-no-sudoeste-de-franca\/\"]}]},{\"@type\":\"ImageObject\",\"inLanguage\":\"pt-PT\",\"@id\":\"https:\/\/portaltela.pt\/noticias\/2026\/02\/20\/imagens-aereas-mostram-a-extensao-das-inundacoes-no-sudoeste-de-franca\/#primaryimage\",\"url\":\"https:\/\/portaltela.pt\/s.01k8rhncp4jt1\/2026\/02\/img_1280x722uu2026-02-20-13-22-01-2267920.jpg\",\"contentUrl\":\"https:\/\/portaltela.pt\/s.01k8rhncp4jt1\/2026\/02\/img_1280x722uu2026-02-20-13-22-01-2267920.jpg\",\"width\":796,\"height\":448,\"caption\":\"Imagens a\u00e9reas mostram extens\u00e3o das inunda\u00e7\u00f5es no sudoeste de Fran\u00e7a\"},{\"@type\":\"BreadcrumbList\",\"@id\":\"https:\/\/portaltela.pt\/noticias\/2026\/02\/20\/imagens-aereas-mostram-a-extensao-das-inundacoes-no-sudoeste-de-franca\/#breadcrumb\",\"itemListElement\":[{\"@type\":\"ListItem\",\"position\":1,\"name\":\"In\u00edcio\",\"item\":\"https:\/\/portaltela.pt\/\"},{\"@type\":\"ListItem\",\"position\":2,\"name\":\"Imagens a\u00e9reas mostram a extens\u00e3o das inunda\u00e7\u00f5es no sudoeste de Fran\u00e7a\"}]},{\"@type\":\"WebSite\",\"@id\":\"https:\/\/portaltela.pt\/#website\",\"url\":\"https:\/\/portaltela.pt\/\",\"name\":\"Portal Tela Portugal\",\"description\":\"\",\"potentialAction\":[{\"@type\":\"SearchAction\",\"target\":{\"@type\":\"EntryPoint\",\"urlTemplate\":\"https:\/\/portaltela.pt\/?s={search_term_string}\"},\"query-input\":{\"@type\":\"PropertyValueSpecification\",\"valueRequired\":true,\"valueName\":\"search_term_string\"}}],\"inLanguage\":\"pt-PT\"},{\"@type\":\"Person\",\"@id\":\"https:\/\/portaltela.pt\/#\/schema\/person\/c4278d4a6028830caff9ee44b42d32ed\",\"name\":\"Telinha\",\"image\":{\"@type\":\"ImageObject\",\"inLanguage\":\"pt-PT\",\"@id\":\"https:\/\/portaltela.pt\/s.01k8rhncp4jt1\/2025\/11\/talking-bot-125x125.png\",\"url\":\"https:\/\/portaltela.pt\/s.01k8rhncp4jt1\/2025\/11\/talking-bot-125x125.png\",\"contentUrl\":\"https:\/\/portaltela.pt\/s.01k8rhncp4jt1\/2025\/11\/talking-bot-125x125.png\",\"caption\":\"Telinha\"},\"sameAs\":[\"https:\/\/portaltela.pt\/\"],\"url\":\"https:\/\/portaltela.pt\/por\/367410592786\/\"}]}<\/script>\n<!-- \/ Yoast SEO plugin. -->","yoast_head_json":{"title":"Imagens a\u00e9reas mostram a extens\u00e3o das inunda\u00e7\u00f5es no sudoeste de Fran\u00e7a - Portal Tela Portugal","robots":{"index":"index","follow":"follow","max-snippet":"max-snippet:-1","max-image-preview":"max-image-preview:large","max-video-preview":"max-video-preview:-1"},"og_locale":"pt_PT","og_type":"article","og_title":"Imagens a\u00e9reas mostram a extens\u00e3o das inunda\u00e7\u00f5es no sudoeste de Fran\u00e7a - Portal Tela Portugal","og_description":"A chuva intensa que caiu no sudoeste de Fran\u00e7a nos \u00faltimos trinta e seis dias deixou v\u00e1rias zonas totalmente inundadas, aldeias isoladas e habita\u00e7\u00f5es sem energia el\u00e9ctrica. V\u00e1rias zonas da regi\u00e3o continuam sob aviso vermelho nesta sexta-feira. Os departamentos afetados s\u00e3o Gironde, Lot-et-Garonne, Charente-Maritime, Maine-et-Loire e Loire-Atlantique. Imagens a\u00e9reas mostram a extens\u00e3o das inunda\u00e7\u00f5es na \u00e1rea. A situa\u00e7\u00e3o permanece sob vigil\u00e2ncia das autoridades.","og_url":"https:\/\/portaltela.pt\/noticias\/2026\/02\/20\/imagens-aereas-mostram-a-extensao-das-inundacoes-no-sudoeste-de-franca\/","og_site_name":"Portal Tela Portugal","article_published_time":"2026-02-20T13:26:14+00:00","author":"Telinha","twitter_card":"summary_large_image","twitter_misc":{"Escrito por":"Telinha"},"schema":{"@context":"https:\/\/schema.org","@graph":[{"@type":"Article","@id":"https:\/\/portaltela.pt\/noticias\/2026\/02\/20\/imagens-aereas-mostram-a-extensao-das-inundacoes-no-sudoeste-de-franca\/#article","isPartOf":{"@id":"https:\/\/portaltela.pt\/noticias\/2026\/02\/20\/imagens-aereas-mostram-a-extensao-das-inundacoes-no-sudoeste-de-franca\/"},"author":{"name":"Telinha","@id":"https:\/\/portaltela.pt\/#\/schema\/person\/c4278d4a6028830caff9ee44b42d32ed"},"headline":"Imagens a\u00e9reas mostram a extens\u00e3o das inunda\u00e7\u00f5es no sudoeste de Fran\u00e7a","datePublished":"2026-02-20T13:26:14+00:00","mainEntityOfPage":{"@id":"https:\/\/portaltela.pt\/noticias\/2026\/02\/20\/imagens-aereas-mostram-a-extensao-das-inundacoes-no-sudoeste-de-franca\/"},"wordCount":108,"image":{"@id":"https:\/\/portaltela.pt\/noticias\/2026\/02\/20\/imagens-aereas-mostram-a-extensao-das-inundacoes-no-sudoeste-de-franca\/#primaryimage"},"thumbnailUrl":"https:\/\/portaltela.pt\/s.01k8rhncp4jt1\/2026\/02\/img_1280x722uu2026-02-20-13-22-01-2267920.jpg","keywords":["aviso vermelho","cat\u00e1strofes naturais","chuva","Europa","Fran\u00e7a","inunda\u00e7\u00f5es"],"articleSection":["Not\u00edcias"],"inLanguage":"pt-PT"},{"@type":"WebPage","@id":"https:\/\/portaltela.pt\/noticias\/2026\/02\/20\/imagens-aereas-mostram-a-extensao-das-inundacoes-no-sudoeste-de-franca\/","url":"https:\/\/portaltela.pt\/noticias\/2026\/02\/20\/imagens-aereas-mostram-a-extensao-das-inundacoes-no-sudoeste-de-franca\/","name":"Imagens a\u00e9reas mostram a extens\u00e3o das inunda\u00e7\u00f5es no sudoeste de Fran\u00e7a - Portal Tela Portugal","isPartOf":{"@id":"https:\/\/portaltela.pt\/#website"},"primaryImageOfPage":{"@id":"https:\/\/portaltela.pt\/noticias\/2026\/02\/20\/imagens-aereas-mostram-a-extensao-das-inundacoes-no-sudoeste-de-franca\/#primaryimage"},"image":{"@id":"https:\/\/portaltela.pt\/noticias\/2026\/02\/20\/imagens-aereas-mostram-a-extensao-das-inundacoes-no-sudoeste-de-franca\/#primaryimage"},"thumbnailUrl":"https:\/\/portaltela.pt\/s.01k8rhncp4jt1\/2026\/02\/img_1280x722uu2026-02-20-13-22-01-2267920.jpg","datePublished":"2026-02-20T13:26:14+00:00","author":{"@id":"https:\/\/portaltela.pt\/#\/schema\/person\/c4278d4a6028830caff9ee44b42d32ed"},"breadcrumb":{"@id":"https:\/\/portaltela.pt\/noticias\/2026\/02\/20\/imagens-aereas-mostram-a-extensao-das-inundacoes-no-sudoeste-de-franca\/#breadcrumb"},"inLanguage":"pt-PT","potentialAction":[{"@type":"ReadAction","target":["https:\/\/portaltela.pt\/noticias\/2026\/02\/20\/imagens-aereas-mostram-a-extensao-das-inundacoes-no-sudoeste-de-franca\/"]}]},{"@type":"ImageObject","inLanguage":"pt-PT","@id":"https:\/\/portaltela.pt\/noticias\/2026\/02\/20\/imagens-aereas-mostram-a-extensao-das-inundacoes-no-sudoeste-de-franca\/#primaryimage","url":"https:\/\/portaltela.pt\/s.01k8rhncp4jt1\/2026\/02\/img_1280x722uu2026-02-20-13-22-01-2267920.jpg","contentUrl":"https:\/\/portaltela.pt\/s.01k8rhncp4jt1\/2026\/02\/img_1280x722uu2026-02-20-13-22-01-2267920.jpg","width":796,"height":448,"caption":"Imagens a\u00e9reas mostram extens\u00e3o das inunda\u00e7\u00f5es no sudoeste de Fran\u00e7a"},{"@type":"BreadcrumbList","@id":"https:\/\/portaltela.pt\/noticias\/2026\/02\/20\/imagens-aereas-mostram-a-extensao-das-inundacoes-no-sudoeste-de-franca\/#breadcrumb","itemListElement":[{"@type":"ListItem","position":1,"name":"In\u00edcio","item":"https:\/\/portaltela.pt\/"},{"@type":"ListItem","position":2,"name":"Imagens a\u00e9reas mostram a extens\u00e3o das inunda\u00e7\u00f5es no sudoeste de Fran\u00e7a"}]},{"@type":"WebSite","@id":"https:\/\/portaltela.pt\/#website","url":"https:\/\/portaltela.pt\/","name":"Portal Tela Portugal","description":"","potentialAction":[{"@type":"SearchAction","target":{"@type":"EntryPoint","urlTemplate":"https:\/\/portaltela.pt\/?s={search_term_string}"},"query-input":{"@type":"PropertyValueSpecification","valueRequired":true,"valueName":"search_term_string"}}],"inLanguage":"pt-PT"},{"@type":"Person","@id":"https:\/\/portaltela.pt\/#\/schema\/person\/c4278d4a6028830caff9ee44b42d32ed","name":"Telinha","image":{"@type":"ImageObject","inLanguage":"pt-PT","@id":"https:\/\/portaltela.pt\/s.01k8rhncp4jt1\/2025\/11\/talking-bot-125x125.png","url":"https:\/\/portaltela.pt\/s.01k8rhncp4jt1\/2025\/11\/talking-bot-125x125.png","contentUrl":"https:\/\/portaltela.pt\/s.01k8rhncp4jt1\/2025\/11\/talking-bot-125x125.png","caption":"Telinha"},"sameAs":["https:\/\/portaltela.pt\/"],"url":"https:\/\/portaltela.pt\/por\/367410592786\/"}]}},"_links":{"self":[{"href":"https:\/\/portaltela.pt\/api\/wp\/v2\/posts\/219141","targetHints":{"allow":["GET"]}}],"collection":[{"href":"https:\/\/portaltela.pt\/api\/wp\/v2\/posts"}],"about":[{"href":"https:\/\/portaltela.pt\/api\/wp\/v2\/types\/post"}],"author":[{"embeddable":true,"href":"https:\/\/portaltela.pt\/api\/wp\/v2\/users\/2"}],"replies":[{"embeddable":true,"href":"https:\/\/portaltela.pt\/api\/wp\/v2\/comments?post=219141"}],"version-history":[{"count":0,"href":"https:\/\/portaltela.pt\/api\/wp\/v2\/posts\/219141\/revisions"}],"wp:featuredmedia":[{"embeddable":true,"href":"https:\/\/portaltela.pt\/api\/wp\/v2\/media\/219150"}],"wp:attachment":[{"href":"https:\/\/portaltela.pt\/api\/wp\/v2\/media?parent=219141"}],"wp:term":[{"taxonomy":"category","embeddable":true,"href":"https:\/\/portaltela.pt\/api\/wp\/v2\/categories?post=219141"},{"taxonomy":"post_tag","embeddable":true,"href":"https:\/\/portaltela.pt\/api\/wp\/v2\/tags?post=219141"}],"curies":[{"name":"wp","href":"https:\/\/api.w.org\/{rel}","templated":true}]}}