{"id":219125,"date":"2026-02-20T10:00:00","date_gmt":"2026-02-20T13:00:00","guid":{"rendered":"https:\/\/portaltela.pt\/noticias\/2026\/02\/20\/kompany-acusa-mourinho-de-usar-eusebio-para-atacar-vinicius\/"},"modified":"2026-02-20T10:00:00","modified_gmt":"2026-02-20T13:00:00","slug":"kompany-acusa-mourinho-de-usar-eusebio-para-atacar-vinicius","status":"publish","type":"post","link":"https:\/\/portaltela.pt\/desporto\/futebol\/2026\/02\/20\/kompany-acusa-mourinho-de-usar-eusebio-para-atacar-vinicius\/","title":{"rendered":"Kompany acusa Mourinho de usar Eus\u00e9bio para atacar Vin\u00edcius"},"content":{"rendered":"<p>Vincent Kompany, treinador do Bayern Munique, criticou nesta sexta-feira a forma como Jos\u00e9 Mourinho lidou com o caso Prestianni-Vin\u00edcius, durante o encontro Benfica-Real Madrid no Est\u00e1dio da Luz. O leque de acusa\u00e7\u00f5es e a forma de abordar o tema foram apontados como um erro pelo t\u00e9cnico alem\u00e3o.<\/p>\n<p>Kompany afirma que houve um uso inadequado do nome de Eus\u00e9bio da Silva Ferreira, s\u00edmbolo do Benfica, naquilo que descreveu como ataque a Vin\u00edcius. O treinador frisou que esse recurso n\u00e3o contribui para um debate desportivo, contribuindo para a escalada de tens\u00f5es no ambiente do futebol.<\/p>\n<p>O epis\u00f3dio envolve o caso Prestianni-Vin\u00edcius e a forma como foi comentado publicamente por Mourinho. A cr\u00edtica de Kompany foi feita durante a confer\u00eancia de imprensa realizada antes de outras atividades do Bayern, destacando a necessidade de tratar temas sens\u00edveis com responsabilidade.<\/p>\n<p>Contexto e desdobramentos<\/p>\n<p>Kompany enfatizou a import\u00e2ncia de manter a discuss\u00e3o futebol\u00edstica livre de refer\u00eancias que possam gerar confrontos entre clubes e apoiar uma an\u00e1lise objetiva dos acontecimentos. A declara\u00e7\u00e3o ocorreu no \u00e2mbito da agenda de imprensa associada aos compromissos do Bayern, sem indicar novas a\u00e7\u00f5es ou desdobramentos oficiais para j\u00e1.<\/p>\n","protected":false},"excerpt":{"rendered":"<ul>\n<li>Vincent Kompany, treinador do Bayern de Munique, comentou a pol\u00e9mica gerada no Benfica\u2013Real Madrid no Est\u00e1dio da Luz.<\/li>\n<li>Em confer\u00eancia de imprensa na sexta-feira, criticou a forma como Jos\u00e9 Mourinho lidou com o caso Prestianni\u2011Vin\u00edcius.<\/li>\n<li>O t\u00e9cnico afirmou que houve um erro importante ao usar o nome de Eus\u00e9bio da Silva Ferreira para atacar Vin\u00edcius.<\/li>\n<li>Kompany destacou a import\u00e2ncia de evitar ataques baseados em s\u00edmbolos hist\u00f3ricos do clube encarnado.<\/li>\n<li>O coment\u00e1rio de Kompany foca a forma de abordar o caso e n\u00e3o em declara\u00e7\u00f5es sobre jogadores espec\u00edficos.<\/li>\n<\/ul>\n","protected":false},"author":2,"featured_media":219126,"comment_status":"closed","ping_status":"closed","sticky":false,"template":"","format":"standard","meta":{"footnotes":""},"categories":[21,24],"tags":[1946,3933,32,3310,2714,2265],"class_list":["post-219125","post","type-post","status-publish","format-standard","has-post-thumbnail","hentry","category-desporto","category-futebol","tag-benfica","tag-eusebio","tag-futebol","tag-mourinho","tag-real-madrid","tag-vinicius-junior"],"yoast_head":"<!-- This site is optimized with the Yoast SEO plugin v27.2 - https:\/\/yoast.com\/product\/yoast-seo-wordpress\/ -->\n<title>Kompany acusa Mourinho de usar Eus\u00e9bio para atacar Vin\u00edcius - Portal Tela Portugal<\/title>\n<meta name=\"robots\" content=\"index, follow, max-snippet:-1, max-image-preview:large, max-video-preview:-1\" \/>\n<meta property=\"og:locale\" content=\"pt_PT\" \/>\n<meta property=\"og:type\" content=\"article\" \/>\n<meta property=\"og:title\" content=\"Kompany acusa Mourinho de usar Eus\u00e9bio para atacar Vin\u00edcius - Portal Tela Portugal\" \/>\n<meta property=\"og:description\" content=\"Vincent Kompany, treinador do Bayern de Munique, comentou a pol\u00e9mica gerada no Benfica\u2013Real Madrid no Est\u00e1dio da Luz. Em confer\u00eancia de imprensa na sexta-feira, criticou a forma como Jos\u00e9 Mourinho lidou com o caso Prestianni\u2011Vin\u00edcius. O t\u00e9cnico afirmou que houve um erro importante ao usar o nome de Eus\u00e9bio da Silva Ferreira para atacar Vin\u00edcius. Kompany destacou a import\u00e2ncia de evitar ataques baseados em s\u00edmbolos hist\u00f3ricos do clube encarnado. O coment\u00e1rio de Kompany foca a forma de abordar o caso e n\u00e3o em declara\u00e7\u00f5es sobre jogadores espec\u00edficos.\" \/>\n<meta property=\"og:url\" content=\"https:\/\/portaltela.pt\/noticias\/2026\/02\/20\/kompany-acusa-mourinho-de-usar-eusebio-para-atacar-vinicius\/\" \/>\n<meta property=\"og:site_name\" content=\"Portal Tela Portugal\" \/>\n<meta property=\"article:published_time\" content=\"2026-02-20T13:00:00+00:00\" \/>\n<meta name=\"author\" content=\"Telinha\" \/>\n<meta name=\"twitter:card\" content=\"summary_large_image\" \/>\n<meta name=\"twitter:label1\" content=\"Escrito por\" \/>\n\t<meta name=\"twitter:data1\" content=\"Telinha\" \/>\n\t<meta name=\"twitter:label2\" content=\"Tempo estimado de leitura\" \/>\n\t<meta name=\"twitter:data2\" content=\"1 minuto\" \/>\n<script type=\"application\/ld+json\" class=\"yoast-schema-graph\">{\"@context\":\"https:\/\/schema.org\",\"@graph\":[{\"@type\":\"Article\",\"@id\":\"https:\/\/portaltela.pt\/noticias\/2026\/02\/20\/kompany-acusa-mourinho-de-usar-eusebio-para-atacar-vinicius\/#article\",\"isPartOf\":{\"@id\":\"https:\/\/portaltela.pt\/noticias\/2026\/02\/20\/kompany-acusa-mourinho-de-usar-eusebio-para-atacar-vinicius\/\"},\"author\":{\"name\":\"Telinha\",\"@id\":\"https:\/\/portaltela.pt\/#\/schema\/person\/c4278d4a6028830caff9ee44b42d32ed\"},\"headline\":\"Kompany acusa Mourinho de usar Eus\u00e9bio para atacar Vin\u00edcius\",\"datePublished\":\"2026-02-20T13:00:00+00:00\",\"mainEntityOfPage\":{\"@id\":\"https:\/\/portaltela.pt\/noticias\/2026\/02\/20\/kompany-acusa-mourinho-de-usar-eusebio-para-atacar-vinicius\/\"},\"wordCount\":219,\"image\":{\"@id\":\"https:\/\/portaltela.pt\/noticias\/2026\/02\/20\/kompany-acusa-mourinho-de-usar-eusebio-para-atacar-vinicius\/#primaryimage\"},\"thumbnailUrl\":\"https:\/\/portaltela.pt\/s.01k8rhncp4jt1\/2026\/02\/img_1200x721uu2026-02-20-12-58-16-2422696.jpg\",\"keywords\":[\"Benfica\",\"Eus\u00e9bio\",\"futebol\",\"Mourinho\",\"Real Madrid\",\"Vin\u00edcius J\u00fanior\"],\"articleSection\":[\"Desporto\",\"Futebol\"],\"inLanguage\":\"pt-PT\"},{\"@type\":\"WebPage\",\"@id\":\"https:\/\/portaltela.pt\/noticias\/2026\/02\/20\/kompany-acusa-mourinho-de-usar-eusebio-para-atacar-vinicius\/\",\"url\":\"https:\/\/portaltela.pt\/noticias\/2026\/02\/20\/kompany-acusa-mourinho-de-usar-eusebio-para-atacar-vinicius\/\",\"name\":\"Kompany acusa Mourinho de usar Eus\u00e9bio para atacar Vin\u00edcius - Portal Tela Portugal\",\"isPartOf\":{\"@id\":\"https:\/\/portaltela.pt\/#website\"},\"primaryImageOfPage\":{\"@id\":\"https:\/\/portaltela.pt\/noticias\/2026\/02\/20\/kompany-acusa-mourinho-de-usar-eusebio-para-atacar-vinicius\/#primaryimage\"},\"image\":{\"@id\":\"https:\/\/portaltela.pt\/noticias\/2026\/02\/20\/kompany-acusa-mourinho-de-usar-eusebio-para-atacar-vinicius\/#primaryimage\"},\"thumbnailUrl\":\"https:\/\/portaltela.pt\/s.01k8rhncp4jt1\/2026\/02\/img_1200x721uu2026-02-20-12-58-16-2422696.jpg\",\"datePublished\":\"2026-02-20T13:00:00+00:00\",\"author\":{\"@id\":\"https:\/\/portaltela.pt\/#\/schema\/person\/c4278d4a6028830caff9ee44b42d32ed\"},\"breadcrumb\":{\"@id\":\"https:\/\/portaltela.pt\/noticias\/2026\/02\/20\/kompany-acusa-mourinho-de-usar-eusebio-para-atacar-vinicius\/#breadcrumb\"},\"inLanguage\":\"pt-PT\",\"potentialAction\":[{\"@type\":\"ReadAction\",\"target\":[\"https:\/\/portaltela.pt\/noticias\/2026\/02\/20\/kompany-acusa-mourinho-de-usar-eusebio-para-atacar-vinicius\/\"]}]},{\"@type\":\"ImageObject\",\"inLanguage\":\"pt-PT\",\"@id\":\"https:\/\/portaltela.pt\/noticias\/2026\/02\/20\/kompany-acusa-mourinho-de-usar-eusebio-para-atacar-vinicius\/#primaryimage\",\"url\":\"https:\/\/portaltela.pt\/s.01k8rhncp4jt1\/2026\/02\/img_1200x721uu2026-02-20-12-58-16-2422696.jpg\",\"contentUrl\":\"https:\/\/portaltela.pt\/s.01k8rhncp4jt1\/2026\/02\/img_1200x721uu2026-02-20-12-58-16-2422696.jpg\",\"width\":796,\"height\":448,\"caption\":\"Vincent Kompany, treinador do Bayern Munique, n\u00e3o passou ao lado da pol\u00e9mica que marcou o Benfica-Real Madrid no Est\u00e1dio da Luz.\"},{\"@type\":\"BreadcrumbList\",\"@id\":\"https:\/\/portaltela.pt\/noticias\/2026\/02\/20\/kompany-acusa-mourinho-de-usar-eusebio-para-atacar-vinicius\/#breadcrumb\",\"itemListElement\":[{\"@type\":\"ListItem\",\"position\":1,\"name\":\"In\u00edcio\",\"item\":\"https:\/\/portaltela.pt\/\"},{\"@type\":\"ListItem\",\"position\":2,\"name\":\"Kompany acusa Mourinho de usar Eus\u00e9bio para atacar Vin\u00edcius\"}]},{\"@type\":\"WebSite\",\"@id\":\"https:\/\/portaltela.pt\/#website\",\"url\":\"https:\/\/portaltela.pt\/\",\"name\":\"Portal Tela Portugal\",\"description\":\"\",\"potentialAction\":[{\"@type\":\"SearchAction\",\"target\":{\"@type\":\"EntryPoint\",\"urlTemplate\":\"https:\/\/portaltela.pt\/?s={search_term_string}\"},\"query-input\":{\"@type\":\"PropertyValueSpecification\",\"valueRequired\":true,\"valueName\":\"search_term_string\"}}],\"inLanguage\":\"pt-PT\"},{\"@type\":\"Person\",\"@id\":\"https:\/\/portaltela.pt\/#\/schema\/person\/c4278d4a6028830caff9ee44b42d32ed\",\"name\":\"Telinha\",\"image\":{\"@type\":\"ImageObject\",\"inLanguage\":\"pt-PT\",\"@id\":\"https:\/\/portaltela.pt\/s.01k8rhncp4jt1\/2025\/11\/talking-bot-125x125.png\",\"url\":\"https:\/\/portaltela.pt\/s.01k8rhncp4jt1\/2025\/11\/talking-bot-125x125.png\",\"contentUrl\":\"https:\/\/portaltela.pt\/s.01k8rhncp4jt1\/2025\/11\/talking-bot-125x125.png\",\"caption\":\"Telinha\"},\"sameAs\":[\"https:\/\/portaltela.pt\/\"],\"url\":\"https:\/\/portaltela.pt\/por\/367410592786\/\"}]}<\/script>\n<!-- \/ Yoast SEO plugin. -->","yoast_head_json":{"title":"Kompany acusa Mourinho de usar Eus\u00e9bio para atacar Vin\u00edcius - Portal Tela Portugal","robots":{"index":"index","follow":"follow","max-snippet":"max-snippet:-1","max-image-preview":"max-image-preview:large","max-video-preview":"max-video-preview:-1"},"og_locale":"pt_PT","og_type":"article","og_title":"Kompany acusa Mourinho de usar Eus\u00e9bio para atacar Vin\u00edcius - Portal Tela Portugal","og_description":"Vincent Kompany, treinador do Bayern de Munique, comentou a pol\u00e9mica gerada no Benfica\u2013Real Madrid no Est\u00e1dio da Luz. Em confer\u00eancia de imprensa na sexta-feira, criticou a forma como Jos\u00e9 Mourinho lidou com o caso Prestianni\u2011Vin\u00edcius. O t\u00e9cnico afirmou que houve um erro importante ao usar o nome de Eus\u00e9bio da Silva Ferreira para atacar Vin\u00edcius. Kompany destacou a import\u00e2ncia de evitar ataques baseados em s\u00edmbolos hist\u00f3ricos do clube encarnado. O coment\u00e1rio de Kompany foca a forma de abordar o caso e n\u00e3o em declara\u00e7\u00f5es sobre jogadores espec\u00edficos.","og_url":"https:\/\/portaltela.pt\/noticias\/2026\/02\/20\/kompany-acusa-mourinho-de-usar-eusebio-para-atacar-vinicius\/","og_site_name":"Portal Tela Portugal","article_published_time":"2026-02-20T13:00:00+00:00","author":"Telinha","twitter_card":"summary_large_image","twitter_misc":{"Escrito por":"Telinha","Tempo estimado de leitura":"1 minuto"},"schema":{"@context":"https:\/\/schema.org","@graph":[{"@type":"Article","@id":"https:\/\/portaltela.pt\/noticias\/2026\/02\/20\/kompany-acusa-mourinho-de-usar-eusebio-para-atacar-vinicius\/#article","isPartOf":{"@id":"https:\/\/portaltela.pt\/noticias\/2026\/02\/20\/kompany-acusa-mourinho-de-usar-eusebio-para-atacar-vinicius\/"},"author":{"name":"Telinha","@id":"https:\/\/portaltela.pt\/#\/schema\/person\/c4278d4a6028830caff9ee44b42d32ed"},"headline":"Kompany acusa Mourinho de usar Eus\u00e9bio para atacar Vin\u00edcius","datePublished":"2026-02-20T13:00:00+00:00","mainEntityOfPage":{"@id":"https:\/\/portaltela.pt\/noticias\/2026\/02\/20\/kompany-acusa-mourinho-de-usar-eusebio-para-atacar-vinicius\/"},"wordCount":219,"image":{"@id":"https:\/\/portaltela.pt\/noticias\/2026\/02\/20\/kompany-acusa-mourinho-de-usar-eusebio-para-atacar-vinicius\/#primaryimage"},"thumbnailUrl":"https:\/\/portaltela.pt\/s.01k8rhncp4jt1\/2026\/02\/img_1200x721uu2026-02-20-12-58-16-2422696.jpg","keywords":["Benfica","Eus\u00e9bio","futebol","Mourinho","Real Madrid","Vin\u00edcius J\u00fanior"],"articleSection":["Desporto","Futebol"],"inLanguage":"pt-PT"},{"@type":"WebPage","@id":"https:\/\/portaltela.pt\/noticias\/2026\/02\/20\/kompany-acusa-mourinho-de-usar-eusebio-para-atacar-vinicius\/","url":"https:\/\/portaltela.pt\/noticias\/2026\/02\/20\/kompany-acusa-mourinho-de-usar-eusebio-para-atacar-vinicius\/","name":"Kompany acusa Mourinho de usar Eus\u00e9bio para atacar Vin\u00edcius - Portal Tela Portugal","isPartOf":{"@id":"https:\/\/portaltela.pt\/#website"},"primaryImageOfPage":{"@id":"https:\/\/portaltela.pt\/noticias\/2026\/02\/20\/kompany-acusa-mourinho-de-usar-eusebio-para-atacar-vinicius\/#primaryimage"},"image":{"@id":"https:\/\/portaltela.pt\/noticias\/2026\/02\/20\/kompany-acusa-mourinho-de-usar-eusebio-para-atacar-vinicius\/#primaryimage"},"thumbnailUrl":"https:\/\/portaltela.pt\/s.01k8rhncp4jt1\/2026\/02\/img_1200x721uu2026-02-20-12-58-16-2422696.jpg","datePublished":"2026-02-20T13:00:00+00:00","author":{"@id":"https:\/\/portaltela.pt\/#\/schema\/person\/c4278d4a6028830caff9ee44b42d32ed"},"breadcrumb":{"@id":"https:\/\/portaltela.pt\/noticias\/2026\/02\/20\/kompany-acusa-mourinho-de-usar-eusebio-para-atacar-vinicius\/#breadcrumb"},"inLanguage":"pt-PT","potentialAction":[{"@type":"ReadAction","target":["https:\/\/portaltela.pt\/noticias\/2026\/02\/20\/kompany-acusa-mourinho-de-usar-eusebio-para-atacar-vinicius\/"]}]},{"@type":"ImageObject","inLanguage":"pt-PT","@id":"https:\/\/portaltela.pt\/noticias\/2026\/02\/20\/kompany-acusa-mourinho-de-usar-eusebio-para-atacar-vinicius\/#primaryimage","url":"https:\/\/portaltela.pt\/s.01k8rhncp4jt1\/2026\/02\/img_1200x721uu2026-02-20-12-58-16-2422696.jpg","contentUrl":"https:\/\/portaltela.pt\/s.01k8rhncp4jt1\/2026\/02\/img_1200x721uu2026-02-20-12-58-16-2422696.jpg","width":796,"height":448,"caption":"Vincent Kompany, treinador do Bayern Munique, n\u00e3o passou ao lado da pol\u00e9mica que marcou o Benfica-Real Madrid no Est\u00e1dio da Luz."},{"@type":"BreadcrumbList","@id":"https:\/\/portaltela.pt\/noticias\/2026\/02\/20\/kompany-acusa-mourinho-de-usar-eusebio-para-atacar-vinicius\/#breadcrumb","itemListElement":[{"@type":"ListItem","position":1,"name":"In\u00edcio","item":"https:\/\/portaltela.pt\/"},{"@type":"ListItem","position":2,"name":"Kompany acusa Mourinho de usar Eus\u00e9bio para atacar Vin\u00edcius"}]},{"@type":"WebSite","@id":"https:\/\/portaltela.pt\/#website","url":"https:\/\/portaltela.pt\/","name":"Portal Tela Portugal","description":"","potentialAction":[{"@type":"SearchAction","target":{"@type":"EntryPoint","urlTemplate":"https:\/\/portaltela.pt\/?s={search_term_string}"},"query-input":{"@type":"PropertyValueSpecification","valueRequired":true,"valueName":"search_term_string"}}],"inLanguage":"pt-PT"},{"@type":"Person","@id":"https:\/\/portaltela.pt\/#\/schema\/person\/c4278d4a6028830caff9ee44b42d32ed","name":"Telinha","image":{"@type":"ImageObject","inLanguage":"pt-PT","@id":"https:\/\/portaltela.pt\/s.01k8rhncp4jt1\/2025\/11\/talking-bot-125x125.png","url":"https:\/\/portaltela.pt\/s.01k8rhncp4jt1\/2025\/11\/talking-bot-125x125.png","contentUrl":"https:\/\/portaltela.pt\/s.01k8rhncp4jt1\/2025\/11\/talking-bot-125x125.png","caption":"Telinha"},"sameAs":["https:\/\/portaltela.pt\/"],"url":"https:\/\/portaltela.pt\/por\/367410592786\/"}]}},"_links":{"self":[{"href":"https:\/\/portaltela.pt\/api\/wp\/v2\/posts\/219125","targetHints":{"allow":["GET"]}}],"collection":[{"href":"https:\/\/portaltela.pt\/api\/wp\/v2\/posts"}],"about":[{"href":"https:\/\/portaltela.pt\/api\/wp\/v2\/types\/post"}],"author":[{"embeddable":true,"href":"https:\/\/portaltela.pt\/api\/wp\/v2\/users\/2"}],"replies":[{"embeddable":true,"href":"https:\/\/portaltela.pt\/api\/wp\/v2\/comments?post=219125"}],"version-history":[{"count":0,"href":"https:\/\/portaltela.pt\/api\/wp\/v2\/posts\/219125\/revisions"}],"wp:featuredmedia":[{"embeddable":true,"href":"https:\/\/portaltela.pt\/api\/wp\/v2\/media\/219126"}],"wp:attachment":[{"href":"https:\/\/portaltela.pt\/api\/wp\/v2\/media?parent=219125"}],"wp:term":[{"taxonomy":"category","embeddable":true,"href":"https:\/\/portaltela.pt\/api\/wp\/v2\/categories?post=219125"},{"taxonomy":"post_tag","embeddable":true,"href":"https:\/\/portaltela.pt\/api\/wp\/v2\/tags?post=219125"}],"curies":[{"name":"wp","href":"https:\/\/api.w.org\/{rel}","templated":true}]}}