{"id":219113,"date":"2026-02-20T10:14:44","date_gmt":"2026-02-20T13:14:44","guid":{"rendered":"https:\/\/portaltela.pt\/noticias\/2026\/02\/20\/luis-pinto-quer-jogar-com-responsabilidade-no-derbi\/"},"modified":"2026-02-20T10:14:44","modified_gmt":"2026-02-20T13:14:44","slug":"luis-pinto-quer-jogar-com-responsabilidade-no-derbi","status":"publish","type":"post","link":"https:\/\/portaltela.pt\/desporto\/futebol\/2026\/02\/20\/luis-pinto-quer-jogar-com-responsabilidade-no-derbi\/","title":{"rendered":"Lu\u00eds Pinto quer jogar com responsabilidade no d\u00e9rbi"},"content":{"rendered":"<p>O treinador Lu\u00eds Pinto prepara o d\u00e9rbi entre Vit\u00f3ria de Guimar\u00e3es e Sp. Braga, a contar para a 23.\u00aa jornada da Liga. A partida realiza-se \u00e0s 20h30 de s\u00e1bado, no Est\u00e1dio Municipal de Braga. A equipa vitoriana procura somar pontos no contexto de uma final de honra local.<\/p>\n<p>Pinto reconhece o peso do encontro e a press\u00e3o de vencer. O objetivo \u00e9 manter o foco no que est\u00e1 em jogo e jogar com responsabilidade, sem descurar o orgulho de disputar um d\u00e9rbi que envolve muita gente.<\/p>\n<p>Para o t\u00e9cnico, o Sp. Braga chega a este jogo com a li\u00e7\u00e3o da derrota anterior em mente. O foco \u00e9 alcan\u00e7ar os tr\u00eas pontos e manter a consist\u00eancia mostrada em v\u00e1rios momentos da \u00e9poca, adaptando-se ao que o d\u00e9rbi exige.<\/p>\n<h3>Pre\u00e7o de um d\u00e9rbi com o protagonismo do Vit\u00f3ria<\/h3>\n<p>Amanh\u00e3, o Vit\u00f3ria quer impor o seu ritmo e explorar momentos de posse no meio-campo advers\u00e1rio. A ideia \u00e9 controlar o jogo e capitalizar as ocasi\u00f5es para marcar, reconhecendo a import\u00e2ncia de n\u00e3o ceder espa\u00e7o ao ataque do Sp. Braga.<\/p>\n<h3>Sp. Braga hoje versus Allianz Cup<\/h3>\n<p>O t\u00e9cnico entende que o Sp. Braga evoluiu desde a final da Allianz Cup, tornando-se mais pragm\u00e1tico e est\u00e1vel no processo ofensivo. O plantel mant\u00e9m qualidade coletiva e individual, o que pode exigir uma gest\u00e3o cuidadosa de combina\u00e7\u00f5es e posi\u00e7\u00f5es durante o d\u00e9rbi.<\/p>\n","protected":false},"excerpt":{"rendered":"<ul>\n<li>Lu\u00eds Pinto antev\u00ea o d\u00e9rbi entre o Vit\u00f3ria de Guimar\u00e3es e o Sp. Braga, marcado para as 20h30 de s\u00e1bado, no Est\u00e1dio Municipal de Braga.<\/li>\n<li>O treinador afirma que o d\u00e9rbi deve ter emo\u00e7\u00e3o e foco na vit\u00f3ria, assumindo a responsabilidade do confronto.<\/li>\n<li>Referindo-se ao t\u00edtulo conquistado entre os dois clubes, diz que \u00e9 passado e que o objetivo \u00e9 vencer para somar os tr\u00eas pontos.<\/li>\n<li>O Sp. Braga \u00e9 visto como equipa diferente, mais pragm\u00e1tica mas com jogo ofensivo de qualidade, com consist\u00eancia crescente.<\/li>\n<li>O t\u00e9cnico destaca a necessidade de gerir momentos do jogo, alternando press\u00e3o, posse e proximidade da baliza para explorar oportunidades.<\/li>\n<\/ul>\n","protected":false},"author":2,"featured_media":219119,"comment_status":"closed","ping_status":"closed","sticky":false,"template":"","format":"standard","meta":{"footnotes":""},"categories":[21,24],"tags":[4073,1207,32,1786,2070,2428],"class_list":["post-219113","post","type-post","status-publish","format-standard","has-post-thumbnail","hentry","category-desporto","category-futebol","tag-allianz-cup","tag-braga","tag-futebol","tag-liga","tag-sp-braga","tag-vitoria"],"yoast_head":"<!-- This site is optimized with the Yoast SEO plugin v27.2 - https:\/\/yoast.com\/product\/yoast-seo-wordpress\/ -->\n<title>Lu\u00eds Pinto quer jogar com responsabilidade no d\u00e9rbi - Portal Tela Portugal<\/title>\n<meta name=\"robots\" content=\"index, follow, max-snippet:-1, max-image-preview:large, max-video-preview:-1\" \/>\n<meta property=\"og:locale\" content=\"pt_PT\" \/>\n<meta property=\"og:type\" content=\"article\" \/>\n<meta property=\"og:title\" content=\"Lu\u00eds Pinto quer jogar com responsabilidade no d\u00e9rbi - Portal Tela Portugal\" \/>\n<meta property=\"og:description\" content=\"Lu\u00eds Pinto antev\u00ea o d\u00e9rbi entre o Vit\u00f3ria de Guimar\u00e3es e o Sp. Braga, marcado para as 20h30 de s\u00e1bado, no Est\u00e1dio Municipal de Braga. O treinador afirma que o d\u00e9rbi deve ter emo\u00e7\u00e3o e foco na vit\u00f3ria, assumindo a responsabilidade do confronto. Referindo-se ao t\u00edtulo conquistado entre os dois clubes, diz que \u00e9 passado e que o objetivo \u00e9 vencer para somar os tr\u00eas pontos. O Sp. Braga \u00e9 visto como equipa diferente, mais pragm\u00e1tica mas com jogo ofensivo de qualidade, com consist\u00eancia crescente. O t\u00e9cnico destaca a necessidade de gerir momentos do jogo, alternando press\u00e3o, posse e proximidade da baliza para explorar oportunidades.\" \/>\n<meta property=\"og:url\" content=\"https:\/\/portaltela.pt\/noticias\/2026\/02\/20\/luis-pinto-quer-jogar-com-responsabilidade-no-derbi\/\" \/>\n<meta property=\"og:site_name\" content=\"Portal Tela Portugal\" \/>\n<meta property=\"article:published_time\" content=\"2026-02-20T13:14:44+00:00\" \/>\n<meta name=\"author\" content=\"Telinha\" \/>\n<meta name=\"twitter:card\" content=\"summary_large_image\" \/>\n<meta name=\"twitter:label1\" content=\"Escrito por\" \/>\n\t<meta name=\"twitter:data1\" content=\"Telinha\" \/>\n\t<meta name=\"twitter:label2\" content=\"Tempo estimado de leitura\" \/>\n\t<meta name=\"twitter:data2\" content=\"1 minuto\" \/>\n<script type=\"application\/ld+json\" class=\"yoast-schema-graph\">{\"@context\":\"https:\/\/schema.org\",\"@graph\":[{\"@type\":\"Article\",\"@id\":\"https:\/\/portaltela.pt\/noticias\/2026\/02\/20\/luis-pinto-quer-jogar-com-responsabilidade-no-derbi\/#article\",\"isPartOf\":{\"@id\":\"https:\/\/portaltela.pt\/noticias\/2026\/02\/20\/luis-pinto-quer-jogar-com-responsabilidade-no-derbi\/\"},\"author\":{\"name\":\"Telinha\",\"@id\":\"https:\/\/portaltela.pt\/#\/schema\/person\/c4278d4a6028830caff9ee44b42d32ed\"},\"headline\":\"Lu\u00eds Pinto quer jogar com responsabilidade no d\u00e9rbi\",\"datePublished\":\"2026-02-20T13:14:44+00:00\",\"mainEntityOfPage\":{\"@id\":\"https:\/\/portaltela.pt\/noticias\/2026\/02\/20\/luis-pinto-quer-jogar-com-responsabilidade-no-derbi\/\"},\"wordCount\":263,\"image\":{\"@id\":\"https:\/\/portaltela.pt\/noticias\/2026\/02\/20\/luis-pinto-quer-jogar-com-responsabilidade-no-derbi\/#primaryimage\"},\"thumbnailUrl\":\"https:\/\/portaltela.pt\/s.01k8rhncp4jt1\/2026\/02\/img_920x518uu2026-02-08-00-05-19-2420225-1.jpg\",\"keywords\":[\"Allianz Cup\",\"Braga\",\"futebol\",\"Liga\",\"Sp. Braga\",\"Vit\u00f3ria\"],\"articleSection\":[\"Desporto\",\"Futebol\"],\"inLanguage\":\"pt-PT\"},{\"@type\":\"WebPage\",\"@id\":\"https:\/\/portaltela.pt\/noticias\/2026\/02\/20\/luis-pinto-quer-jogar-com-responsabilidade-no-derbi\/\",\"url\":\"https:\/\/portaltela.pt\/noticias\/2026\/02\/20\/luis-pinto-quer-jogar-com-responsabilidade-no-derbi\/\",\"name\":\"Lu\u00eds Pinto quer jogar com responsabilidade no d\u00e9rbi - Portal Tela Portugal\",\"isPartOf\":{\"@id\":\"https:\/\/portaltela.pt\/#website\"},\"primaryImageOfPage\":{\"@id\":\"https:\/\/portaltela.pt\/noticias\/2026\/02\/20\/luis-pinto-quer-jogar-com-responsabilidade-no-derbi\/#primaryimage\"},\"image\":{\"@id\":\"https:\/\/portaltela.pt\/noticias\/2026\/02\/20\/luis-pinto-quer-jogar-com-responsabilidade-no-derbi\/#primaryimage\"},\"thumbnailUrl\":\"https:\/\/portaltela.pt\/s.01k8rhncp4jt1\/2026\/02\/img_920x518uu2026-02-08-00-05-19-2420225-1.jpg\",\"datePublished\":\"2026-02-20T13:14:44+00:00\",\"author\":{\"@id\":\"https:\/\/portaltela.pt\/#\/schema\/person\/c4278d4a6028830caff9ee44b42d32ed\"},\"breadcrumb\":{\"@id\":\"https:\/\/portaltela.pt\/noticias\/2026\/02\/20\/luis-pinto-quer-jogar-com-responsabilidade-no-derbi\/#breadcrumb\"},\"inLanguage\":\"pt-PT\",\"potentialAction\":[{\"@type\":\"ReadAction\",\"target\":[\"https:\/\/portaltela.pt\/noticias\/2026\/02\/20\/luis-pinto-quer-jogar-com-responsabilidade-no-derbi\/\"]}]},{\"@type\":\"ImageObject\",\"inLanguage\":\"pt-PT\",\"@id\":\"https:\/\/portaltela.pt\/noticias\/2026\/02\/20\/luis-pinto-quer-jogar-com-responsabilidade-no-derbi\/#primaryimage\",\"url\":\"https:\/\/portaltela.pt\/s.01k8rhncp4jt1\/2026\/02\/img_920x518uu2026-02-08-00-05-19-2420225-1.jpg\",\"contentUrl\":\"https:\/\/portaltela.pt\/s.01k8rhncp4jt1\/2026\/02\/img_920x518uu2026-02-08-00-05-19-2420225-1.jpg\",\"width\":796,\"height\":448,\"caption\":\"Lu\u00eds Pinto\"},{\"@type\":\"BreadcrumbList\",\"@id\":\"https:\/\/portaltela.pt\/noticias\/2026\/02\/20\/luis-pinto-quer-jogar-com-responsabilidade-no-derbi\/#breadcrumb\",\"itemListElement\":[{\"@type\":\"ListItem\",\"position\":1,\"name\":\"In\u00edcio\",\"item\":\"https:\/\/portaltela.pt\/\"},{\"@type\":\"ListItem\",\"position\":2,\"name\":\"Lu\u00eds Pinto quer jogar com responsabilidade no d\u00e9rbi\"}]},{\"@type\":\"WebSite\",\"@id\":\"https:\/\/portaltela.pt\/#website\",\"url\":\"https:\/\/portaltela.pt\/\",\"name\":\"Portal Tela Portugal\",\"description\":\"\",\"potentialAction\":[{\"@type\":\"SearchAction\",\"target\":{\"@type\":\"EntryPoint\",\"urlTemplate\":\"https:\/\/portaltela.pt\/?s={search_term_string}\"},\"query-input\":{\"@type\":\"PropertyValueSpecification\",\"valueRequired\":true,\"valueName\":\"search_term_string\"}}],\"inLanguage\":\"pt-PT\"},{\"@type\":\"Person\",\"@id\":\"https:\/\/portaltela.pt\/#\/schema\/person\/c4278d4a6028830caff9ee44b42d32ed\",\"name\":\"Telinha\",\"image\":{\"@type\":\"ImageObject\",\"inLanguage\":\"pt-PT\",\"@id\":\"https:\/\/portaltela.pt\/s.01k8rhncp4jt1\/2025\/11\/talking-bot-125x125.png\",\"url\":\"https:\/\/portaltela.pt\/s.01k8rhncp4jt1\/2025\/11\/talking-bot-125x125.png\",\"contentUrl\":\"https:\/\/portaltela.pt\/s.01k8rhncp4jt1\/2025\/11\/talking-bot-125x125.png\",\"caption\":\"Telinha\"},\"sameAs\":[\"https:\/\/portaltela.pt\/\"],\"url\":\"https:\/\/portaltela.pt\/por\/367410592786\/\"}]}<\/script>\n<!-- \/ Yoast SEO plugin. -->","yoast_head_json":{"title":"Lu\u00eds Pinto quer jogar com responsabilidade no d\u00e9rbi - Portal Tela Portugal","robots":{"index":"index","follow":"follow","max-snippet":"max-snippet:-1","max-image-preview":"max-image-preview:large","max-video-preview":"max-video-preview:-1"},"og_locale":"pt_PT","og_type":"article","og_title":"Lu\u00eds Pinto quer jogar com responsabilidade no d\u00e9rbi - Portal Tela Portugal","og_description":"Lu\u00eds Pinto antev\u00ea o d\u00e9rbi entre o Vit\u00f3ria de Guimar\u00e3es e o Sp. Braga, marcado para as 20h30 de s\u00e1bado, no Est\u00e1dio Municipal de Braga. O treinador afirma que o d\u00e9rbi deve ter emo\u00e7\u00e3o e foco na vit\u00f3ria, assumindo a responsabilidade do confronto. Referindo-se ao t\u00edtulo conquistado entre os dois clubes, diz que \u00e9 passado e que o objetivo \u00e9 vencer para somar os tr\u00eas pontos. O Sp. Braga \u00e9 visto como equipa diferente, mais pragm\u00e1tica mas com jogo ofensivo de qualidade, com consist\u00eancia crescente. O t\u00e9cnico destaca a necessidade de gerir momentos do jogo, alternando press\u00e3o, posse e proximidade da baliza para explorar oportunidades.","og_url":"https:\/\/portaltela.pt\/noticias\/2026\/02\/20\/luis-pinto-quer-jogar-com-responsabilidade-no-derbi\/","og_site_name":"Portal Tela Portugal","article_published_time":"2026-02-20T13:14:44+00:00","author":"Telinha","twitter_card":"summary_large_image","twitter_misc":{"Escrito por":"Telinha","Tempo estimado de leitura":"1 minuto"},"schema":{"@context":"https:\/\/schema.org","@graph":[{"@type":"Article","@id":"https:\/\/portaltela.pt\/noticias\/2026\/02\/20\/luis-pinto-quer-jogar-com-responsabilidade-no-derbi\/#article","isPartOf":{"@id":"https:\/\/portaltela.pt\/noticias\/2026\/02\/20\/luis-pinto-quer-jogar-com-responsabilidade-no-derbi\/"},"author":{"name":"Telinha","@id":"https:\/\/portaltela.pt\/#\/schema\/person\/c4278d4a6028830caff9ee44b42d32ed"},"headline":"Lu\u00eds Pinto quer jogar com responsabilidade no d\u00e9rbi","datePublished":"2026-02-20T13:14:44+00:00","mainEntityOfPage":{"@id":"https:\/\/portaltela.pt\/noticias\/2026\/02\/20\/luis-pinto-quer-jogar-com-responsabilidade-no-derbi\/"},"wordCount":263,"image":{"@id":"https:\/\/portaltela.pt\/noticias\/2026\/02\/20\/luis-pinto-quer-jogar-com-responsabilidade-no-derbi\/#primaryimage"},"thumbnailUrl":"https:\/\/portaltela.pt\/s.01k8rhncp4jt1\/2026\/02\/img_920x518uu2026-02-08-00-05-19-2420225-1.jpg","keywords":["Allianz Cup","Braga","futebol","Liga","Sp. Braga","Vit\u00f3ria"],"articleSection":["Desporto","Futebol"],"inLanguage":"pt-PT"},{"@type":"WebPage","@id":"https:\/\/portaltela.pt\/noticias\/2026\/02\/20\/luis-pinto-quer-jogar-com-responsabilidade-no-derbi\/","url":"https:\/\/portaltela.pt\/noticias\/2026\/02\/20\/luis-pinto-quer-jogar-com-responsabilidade-no-derbi\/","name":"Lu\u00eds Pinto quer jogar com responsabilidade no d\u00e9rbi - Portal Tela Portugal","isPartOf":{"@id":"https:\/\/portaltela.pt\/#website"},"primaryImageOfPage":{"@id":"https:\/\/portaltela.pt\/noticias\/2026\/02\/20\/luis-pinto-quer-jogar-com-responsabilidade-no-derbi\/#primaryimage"},"image":{"@id":"https:\/\/portaltela.pt\/noticias\/2026\/02\/20\/luis-pinto-quer-jogar-com-responsabilidade-no-derbi\/#primaryimage"},"thumbnailUrl":"https:\/\/portaltela.pt\/s.01k8rhncp4jt1\/2026\/02\/img_920x518uu2026-02-08-00-05-19-2420225-1.jpg","datePublished":"2026-02-20T13:14:44+00:00","author":{"@id":"https:\/\/portaltela.pt\/#\/schema\/person\/c4278d4a6028830caff9ee44b42d32ed"},"breadcrumb":{"@id":"https:\/\/portaltela.pt\/noticias\/2026\/02\/20\/luis-pinto-quer-jogar-com-responsabilidade-no-derbi\/#breadcrumb"},"inLanguage":"pt-PT","potentialAction":[{"@type":"ReadAction","target":["https:\/\/portaltela.pt\/noticias\/2026\/02\/20\/luis-pinto-quer-jogar-com-responsabilidade-no-derbi\/"]}]},{"@type":"ImageObject","inLanguage":"pt-PT","@id":"https:\/\/portaltela.pt\/noticias\/2026\/02\/20\/luis-pinto-quer-jogar-com-responsabilidade-no-derbi\/#primaryimage","url":"https:\/\/portaltela.pt\/s.01k8rhncp4jt1\/2026\/02\/img_920x518uu2026-02-08-00-05-19-2420225-1.jpg","contentUrl":"https:\/\/portaltela.pt\/s.01k8rhncp4jt1\/2026\/02\/img_920x518uu2026-02-08-00-05-19-2420225-1.jpg","width":796,"height":448,"caption":"Lu\u00eds Pinto"},{"@type":"BreadcrumbList","@id":"https:\/\/portaltela.pt\/noticias\/2026\/02\/20\/luis-pinto-quer-jogar-com-responsabilidade-no-derbi\/#breadcrumb","itemListElement":[{"@type":"ListItem","position":1,"name":"In\u00edcio","item":"https:\/\/portaltela.pt\/"},{"@type":"ListItem","position":2,"name":"Lu\u00eds Pinto quer jogar com responsabilidade no d\u00e9rbi"}]},{"@type":"WebSite","@id":"https:\/\/portaltela.pt\/#website","url":"https:\/\/portaltela.pt\/","name":"Portal Tela Portugal","description":"","potentialAction":[{"@type":"SearchAction","target":{"@type":"EntryPoint","urlTemplate":"https:\/\/portaltela.pt\/?s={search_term_string}"},"query-input":{"@type":"PropertyValueSpecification","valueRequired":true,"valueName":"search_term_string"}}],"inLanguage":"pt-PT"},{"@type":"Person","@id":"https:\/\/portaltela.pt\/#\/schema\/person\/c4278d4a6028830caff9ee44b42d32ed","name":"Telinha","image":{"@type":"ImageObject","inLanguage":"pt-PT","@id":"https:\/\/portaltela.pt\/s.01k8rhncp4jt1\/2025\/11\/talking-bot-125x125.png","url":"https:\/\/portaltela.pt\/s.01k8rhncp4jt1\/2025\/11\/talking-bot-125x125.png","contentUrl":"https:\/\/portaltela.pt\/s.01k8rhncp4jt1\/2025\/11\/talking-bot-125x125.png","caption":"Telinha"},"sameAs":["https:\/\/portaltela.pt\/"],"url":"https:\/\/portaltela.pt\/por\/367410592786\/"}]}},"_links":{"self":[{"href":"https:\/\/portaltela.pt\/api\/wp\/v2\/posts\/219113","targetHints":{"allow":["GET"]}}],"collection":[{"href":"https:\/\/portaltela.pt\/api\/wp\/v2\/posts"}],"about":[{"href":"https:\/\/portaltela.pt\/api\/wp\/v2\/types\/post"}],"author":[{"embeddable":true,"href":"https:\/\/portaltela.pt\/api\/wp\/v2\/users\/2"}],"replies":[{"embeddable":true,"href":"https:\/\/portaltela.pt\/api\/wp\/v2\/comments?post=219113"}],"version-history":[{"count":0,"href":"https:\/\/portaltela.pt\/api\/wp\/v2\/posts\/219113\/revisions"}],"wp:featuredmedia":[{"embeddable":true,"href":"https:\/\/portaltela.pt\/api\/wp\/v2\/media\/219119"}],"wp:attachment":[{"href":"https:\/\/portaltela.pt\/api\/wp\/v2\/media?parent=219113"}],"wp:term":[{"taxonomy":"category","embeddable":true,"href":"https:\/\/portaltela.pt\/api\/wp\/v2\/categories?post=219113"},{"taxonomy":"post_tag","embeddable":true,"href":"https:\/\/portaltela.pt\/api\/wp\/v2\/tags?post=219113"}],"curies":[{"name":"wp","href":"https:\/\/api.w.org\/{rel}","templated":true}]}}