{"id":219109,"date":"2026-02-20T10:02:27","date_gmt":"2026-02-20T13:02:27","guid":{"rendered":"https:\/\/portaltela.pt\/noticias\/2026\/02\/20\/kompany-acusa-mourinho-de-erro-ao-usar-nome-de-eusebio-para-atacar-vinicius\/"},"modified":"2026-02-20T10:02:27","modified_gmt":"2026-02-20T13:02:27","slug":"kompany-acusa-mourinho-de-erro-ao-usar-nome-de-eusebio-para-atacar-vinicius","status":"publish","type":"post","link":"https:\/\/portaltela.pt\/desporto\/futebol\/2026\/02\/20\/kompany-acusa-mourinho-de-erro-ao-usar-nome-de-eusebio-para-atacar-vinicius\/","title":{"rendered":"Kompany acusa Mourinho de erro ao usar nome de Eus\u00e9bio para atacar Vin\u00edcius"},"content":{"rendered":"<p>O treinador do Bayern de Munique, Vincent Kompany, criticou o que designa como o \u201cgrande erro\u201d de Jos\u00e9 Mourinho durante o encontro entre Benfica e Real Madrid no Est\u00e1dio da Luz. O alvo foi a forma como o t\u00e9cnico portugu\u00eas abordou os acontecimentos, em especial a men\u00e7\u00e3o ao nome de Eus\u00e9bio da Silva Ferreira.<\/p>\n<p>Kompany disse, numa confer\u00eancia de imprensa, que usar a refer\u00eancia ao s\u00edmbolo do Benfica para atacar Vin\u00edcius foi uma abordagem inadequada. O treinador belga afirmou que esse recurso n\u00e3o contribui para o fair play nem para o esclarecimento de factos.<\/p>\n<h3>Contexto e declara\u00e7\u00f5es<\/h3>\n<p>O epis\u00f3dio ocorreu no contexto do jogo entre Benfica e Real Madrid, disputado em Lisboa. Segundo Kompany, a utiliza\u00e7\u00e3o do legado de Eus\u00e9bio para cr\u00edticas a Vin\u00edcius gerou controv\u00e9rsia entre adeptos e comentadores, destacando a necessidade de manter a discuss\u00e3o centrada em factos ligados \u00e0 partida.<\/p>\n<p>A equipa de Mourinho n\u00e3o foi identificada por Kompany como alvo direto, mas a cr\u00edtica recai sobre a metodologia de comunica\u00e7\u00e3o empregada. O t\u00e9cnico do Bayern enfatizou a import\u00e2ncia de evitar estrat\u00e9gias que possam inflamar tens\u00f5es entre clubes e f\u00e3s.<\/p>\n","protected":false},"excerpt":{"rendered":"<ul>\n<li>O treinador do Bayern Munique, Vincent Kompany, criticou o que chamou de \u201cgrande erro\u201d de Jos\u00e9 Mourinho.<\/li>\n<li>O alvo da cr\u00edtica foi o uso do nome de Eus\u00e9bio da Silva Ferreira por Mourinho para atacar Vin\u00edcius.<\/li>\n<li>O epis\u00f3dio ocorreu no seguimento do Benfica\u2013Real Madrid, disputado no Est\u00e1dio da Luz.<\/li>\n<li>Kompany fez a observa\u00e7\u00e3o durante uma confer\u00eancia de imprensa.<\/li>\n<li>A not\u00edcia foi publicada a 20 de fevereiro de 2026 \u00e0s 13:02.<\/li>\n<\/ul>\n","protected":false},"author":2,"featured_media":219121,"comment_status":"closed","ping_status":"closed","sticky":false,"template":"","format":"standard","meta":{"footnotes":""},"categories":[21,24],"tags":[1946,3933,3627,3310,2714,2265],"class_list":["post-219109","post","type-post","status-publish","format-standard","has-post-thumbnail","hentry","category-desporto","category-futebol","tag-benfica","tag-eusebio","tag-kompany","tag-mourinho","tag-real-madrid","tag-vinicius-junior"],"yoast_head":"<!-- This site is optimized with the Yoast SEO plugin v27.2 - https:\/\/yoast.com\/product\/yoast-seo-wordpress\/ -->\n<title>Kompany acusa Mourinho de erro ao usar nome de Eus\u00e9bio para atacar Vin\u00edcius - Portal Tela Portugal<\/title>\n<meta name=\"robots\" content=\"index, follow, max-snippet:-1, max-image-preview:large, max-video-preview:-1\" \/>\n<meta property=\"og:locale\" content=\"pt_PT\" \/>\n<meta property=\"og:type\" content=\"article\" \/>\n<meta property=\"og:title\" content=\"Kompany acusa Mourinho de erro ao usar nome de Eus\u00e9bio para atacar Vin\u00edcius - Portal Tela Portugal\" \/>\n<meta property=\"og:description\" content=\"O treinador do Bayern Munique, Vincent Kompany, criticou o que chamou de \u201cgrande erro\u201d de Jos\u00e9 Mourinho. O alvo da cr\u00edtica foi o uso do nome de Eus\u00e9bio da Silva Ferreira por Mourinho para atacar Vin\u00edcius. O epis\u00f3dio ocorreu no seguimento do Benfica\u2013Real Madrid, disputado no Est\u00e1dio da Luz. Kompany fez a observa\u00e7\u00e3o durante uma confer\u00eancia de imprensa. A not\u00edcia foi publicada a 20 de fevereiro de 2026 \u00e0s 13:02.\" \/>\n<meta property=\"og:url\" content=\"https:\/\/portaltela.pt\/noticias\/2026\/02\/20\/kompany-acusa-mourinho-de-erro-ao-usar-nome-de-eusebio-para-atacar-vinicius\/\" \/>\n<meta property=\"og:site_name\" content=\"Portal Tela Portugal\" \/>\n<meta property=\"article:published_time\" content=\"2026-02-20T13:02:27+00:00\" \/>\n<meta name=\"author\" content=\"Telinha\" \/>\n<meta name=\"twitter:card\" content=\"summary_large_image\" \/>\n<meta name=\"twitter:label1\" content=\"Escrito por\" \/>\n\t<meta name=\"twitter:data1\" content=\"Telinha\" \/>\n\t<meta name=\"twitter:label2\" content=\"Tempo estimado de leitura\" \/>\n\t<meta name=\"twitter:data2\" content=\"1 minuto\" \/>\n<script type=\"application\/ld+json\" class=\"yoast-schema-graph\">{\"@context\":\"https:\/\/schema.org\",\"@graph\":[{\"@type\":\"Article\",\"@id\":\"https:\/\/portaltela.pt\/noticias\/2026\/02\/20\/kompany-acusa-mourinho-de-erro-ao-usar-nome-de-eusebio-para-atacar-vinicius\/#article\",\"isPartOf\":{\"@id\":\"https:\/\/portaltela.pt\/noticias\/2026\/02\/20\/kompany-acusa-mourinho-de-erro-ao-usar-nome-de-eusebio-para-atacar-vinicius\/\"},\"author\":{\"name\":\"Telinha\",\"@id\":\"https:\/\/portaltela.pt\/#\/schema\/person\/c4278d4a6028830caff9ee44b42d32ed\"},\"headline\":\"Kompany acusa Mourinho de erro ao usar nome de Eus\u00e9bio para atacar Vin\u00edcius\",\"datePublished\":\"2026-02-20T13:02:27+00:00\",\"mainEntityOfPage\":{\"@id\":\"https:\/\/portaltela.pt\/noticias\/2026\/02\/20\/kompany-acusa-mourinho-de-erro-ao-usar-nome-de-eusebio-para-atacar-vinicius\/\"},\"wordCount\":223,\"image\":{\"@id\":\"https:\/\/portaltela.pt\/noticias\/2026\/02\/20\/kompany-acusa-mourinho-de-erro-ao-usar-nome-de-eusebio-para-atacar-vinicius\/#primaryimage\"},\"thumbnailUrl\":\"https:\/\/portaltela.pt\/s.01k8rhncp4jt1\/2026\/02\/img_1280x722uu2026-02-20-13-01-27-2267913.jpg\",\"keywords\":[\"Benfica\",\"Eus\u00e9bio\",\"Kompany\",\"Mourinho\",\"Real Madrid\",\"Vin\u00edcius J\u00fanior\"],\"articleSection\":[\"Desporto\",\"Futebol\"],\"inLanguage\":\"pt-PT\"},{\"@type\":\"WebPage\",\"@id\":\"https:\/\/portaltela.pt\/noticias\/2026\/02\/20\/kompany-acusa-mourinho-de-erro-ao-usar-nome-de-eusebio-para-atacar-vinicius\/\",\"url\":\"https:\/\/portaltela.pt\/noticias\/2026\/02\/20\/kompany-acusa-mourinho-de-erro-ao-usar-nome-de-eusebio-para-atacar-vinicius\/\",\"name\":\"Kompany acusa Mourinho de erro ao usar nome de Eus\u00e9bio para atacar Vin\u00edcius - Portal Tela Portugal\",\"isPartOf\":{\"@id\":\"https:\/\/portaltela.pt\/#website\"},\"primaryImageOfPage\":{\"@id\":\"https:\/\/portaltela.pt\/noticias\/2026\/02\/20\/kompany-acusa-mourinho-de-erro-ao-usar-nome-de-eusebio-para-atacar-vinicius\/#primaryimage\"},\"image\":{\"@id\":\"https:\/\/portaltela.pt\/noticias\/2026\/02\/20\/kompany-acusa-mourinho-de-erro-ao-usar-nome-de-eusebio-para-atacar-vinicius\/#primaryimage\"},\"thumbnailUrl\":\"https:\/\/portaltela.pt\/s.01k8rhncp4jt1\/2026\/02\/img_1280x722uu2026-02-20-13-01-27-2267913.jpg\",\"datePublished\":\"2026-02-20T13:02:27+00:00\",\"author\":{\"@id\":\"https:\/\/portaltela.pt\/#\/schema\/person\/c4278d4a6028830caff9ee44b42d32ed\"},\"breadcrumb\":{\"@id\":\"https:\/\/portaltela.pt\/noticias\/2026\/02\/20\/kompany-acusa-mourinho-de-erro-ao-usar-nome-de-eusebio-para-atacar-vinicius\/#breadcrumb\"},\"inLanguage\":\"pt-PT\",\"potentialAction\":[{\"@type\":\"ReadAction\",\"target\":[\"https:\/\/portaltela.pt\/noticias\/2026\/02\/20\/kompany-acusa-mourinho-de-erro-ao-usar-nome-de-eusebio-para-atacar-vinicius\/\"]}]},{\"@type\":\"ImageObject\",\"inLanguage\":\"pt-PT\",\"@id\":\"https:\/\/portaltela.pt\/noticias\/2026\/02\/20\/kompany-acusa-mourinho-de-erro-ao-usar-nome-de-eusebio-para-atacar-vinicius\/#primaryimage\",\"url\":\"https:\/\/portaltela.pt\/s.01k8rhncp4jt1\/2026\/02\/img_1280x722uu2026-02-20-13-01-27-2267913.jpg\",\"contentUrl\":\"https:\/\/portaltela.pt\/s.01k8rhncp4jt1\/2026\/02\/img_1280x722uu2026-02-20-13-01-27-2267913.jpg\",\"width\":796,\"height\":448,\"caption\":\"Photo\"},{\"@type\":\"BreadcrumbList\",\"@id\":\"https:\/\/portaltela.pt\/noticias\/2026\/02\/20\/kompany-acusa-mourinho-de-erro-ao-usar-nome-de-eusebio-para-atacar-vinicius\/#breadcrumb\",\"itemListElement\":[{\"@type\":\"ListItem\",\"position\":1,\"name\":\"In\u00edcio\",\"item\":\"https:\/\/portaltela.pt\/\"},{\"@type\":\"ListItem\",\"position\":2,\"name\":\"Kompany acusa Mourinho de erro ao usar nome de Eus\u00e9bio para atacar Vin\u00edcius\"}]},{\"@type\":\"WebSite\",\"@id\":\"https:\/\/portaltela.pt\/#website\",\"url\":\"https:\/\/portaltela.pt\/\",\"name\":\"Portal Tela Portugal\",\"description\":\"\",\"potentialAction\":[{\"@type\":\"SearchAction\",\"target\":{\"@type\":\"EntryPoint\",\"urlTemplate\":\"https:\/\/portaltela.pt\/?s={search_term_string}\"},\"query-input\":{\"@type\":\"PropertyValueSpecification\",\"valueRequired\":true,\"valueName\":\"search_term_string\"}}],\"inLanguage\":\"pt-PT\"},{\"@type\":\"Person\",\"@id\":\"https:\/\/portaltela.pt\/#\/schema\/person\/c4278d4a6028830caff9ee44b42d32ed\",\"name\":\"Telinha\",\"image\":{\"@type\":\"ImageObject\",\"inLanguage\":\"pt-PT\",\"@id\":\"https:\/\/portaltela.pt\/s.01k8rhncp4jt1\/2025\/11\/talking-bot-125x125.png\",\"url\":\"https:\/\/portaltela.pt\/s.01k8rhncp4jt1\/2025\/11\/talking-bot-125x125.png\",\"contentUrl\":\"https:\/\/portaltela.pt\/s.01k8rhncp4jt1\/2025\/11\/talking-bot-125x125.png\",\"caption\":\"Telinha\"},\"sameAs\":[\"https:\/\/portaltela.pt\/\"],\"url\":\"https:\/\/portaltela.pt\/por\/367410592786\/\"}]}<\/script>\n<!-- \/ Yoast SEO plugin. -->","yoast_head_json":{"title":"Kompany acusa Mourinho de erro ao usar nome de Eus\u00e9bio para atacar Vin\u00edcius - Portal Tela Portugal","robots":{"index":"index","follow":"follow","max-snippet":"max-snippet:-1","max-image-preview":"max-image-preview:large","max-video-preview":"max-video-preview:-1"},"og_locale":"pt_PT","og_type":"article","og_title":"Kompany acusa Mourinho de erro ao usar nome de Eus\u00e9bio para atacar Vin\u00edcius - Portal Tela Portugal","og_description":"O treinador do Bayern Munique, Vincent Kompany, criticou o que chamou de \u201cgrande erro\u201d de Jos\u00e9 Mourinho. O alvo da cr\u00edtica foi o uso do nome de Eus\u00e9bio da Silva Ferreira por Mourinho para atacar Vin\u00edcius. O epis\u00f3dio ocorreu no seguimento do Benfica\u2013Real Madrid, disputado no Est\u00e1dio da Luz. Kompany fez a observa\u00e7\u00e3o durante uma confer\u00eancia de imprensa. A not\u00edcia foi publicada a 20 de fevereiro de 2026 \u00e0s 13:02.","og_url":"https:\/\/portaltela.pt\/noticias\/2026\/02\/20\/kompany-acusa-mourinho-de-erro-ao-usar-nome-de-eusebio-para-atacar-vinicius\/","og_site_name":"Portal Tela Portugal","article_published_time":"2026-02-20T13:02:27+00:00","author":"Telinha","twitter_card":"summary_large_image","twitter_misc":{"Escrito por":"Telinha","Tempo estimado de leitura":"1 minuto"},"schema":{"@context":"https:\/\/schema.org","@graph":[{"@type":"Article","@id":"https:\/\/portaltela.pt\/noticias\/2026\/02\/20\/kompany-acusa-mourinho-de-erro-ao-usar-nome-de-eusebio-para-atacar-vinicius\/#article","isPartOf":{"@id":"https:\/\/portaltela.pt\/noticias\/2026\/02\/20\/kompany-acusa-mourinho-de-erro-ao-usar-nome-de-eusebio-para-atacar-vinicius\/"},"author":{"name":"Telinha","@id":"https:\/\/portaltela.pt\/#\/schema\/person\/c4278d4a6028830caff9ee44b42d32ed"},"headline":"Kompany acusa Mourinho de erro ao usar nome de Eus\u00e9bio para atacar Vin\u00edcius","datePublished":"2026-02-20T13:02:27+00:00","mainEntityOfPage":{"@id":"https:\/\/portaltela.pt\/noticias\/2026\/02\/20\/kompany-acusa-mourinho-de-erro-ao-usar-nome-de-eusebio-para-atacar-vinicius\/"},"wordCount":223,"image":{"@id":"https:\/\/portaltela.pt\/noticias\/2026\/02\/20\/kompany-acusa-mourinho-de-erro-ao-usar-nome-de-eusebio-para-atacar-vinicius\/#primaryimage"},"thumbnailUrl":"https:\/\/portaltela.pt\/s.01k8rhncp4jt1\/2026\/02\/img_1280x722uu2026-02-20-13-01-27-2267913.jpg","keywords":["Benfica","Eus\u00e9bio","Kompany","Mourinho","Real Madrid","Vin\u00edcius J\u00fanior"],"articleSection":["Desporto","Futebol"],"inLanguage":"pt-PT"},{"@type":"WebPage","@id":"https:\/\/portaltela.pt\/noticias\/2026\/02\/20\/kompany-acusa-mourinho-de-erro-ao-usar-nome-de-eusebio-para-atacar-vinicius\/","url":"https:\/\/portaltela.pt\/noticias\/2026\/02\/20\/kompany-acusa-mourinho-de-erro-ao-usar-nome-de-eusebio-para-atacar-vinicius\/","name":"Kompany acusa Mourinho de erro ao usar nome de Eus\u00e9bio para atacar Vin\u00edcius - Portal Tela Portugal","isPartOf":{"@id":"https:\/\/portaltela.pt\/#website"},"primaryImageOfPage":{"@id":"https:\/\/portaltela.pt\/noticias\/2026\/02\/20\/kompany-acusa-mourinho-de-erro-ao-usar-nome-de-eusebio-para-atacar-vinicius\/#primaryimage"},"image":{"@id":"https:\/\/portaltela.pt\/noticias\/2026\/02\/20\/kompany-acusa-mourinho-de-erro-ao-usar-nome-de-eusebio-para-atacar-vinicius\/#primaryimage"},"thumbnailUrl":"https:\/\/portaltela.pt\/s.01k8rhncp4jt1\/2026\/02\/img_1280x722uu2026-02-20-13-01-27-2267913.jpg","datePublished":"2026-02-20T13:02:27+00:00","author":{"@id":"https:\/\/portaltela.pt\/#\/schema\/person\/c4278d4a6028830caff9ee44b42d32ed"},"breadcrumb":{"@id":"https:\/\/portaltela.pt\/noticias\/2026\/02\/20\/kompany-acusa-mourinho-de-erro-ao-usar-nome-de-eusebio-para-atacar-vinicius\/#breadcrumb"},"inLanguage":"pt-PT","potentialAction":[{"@type":"ReadAction","target":["https:\/\/portaltela.pt\/noticias\/2026\/02\/20\/kompany-acusa-mourinho-de-erro-ao-usar-nome-de-eusebio-para-atacar-vinicius\/"]}]},{"@type":"ImageObject","inLanguage":"pt-PT","@id":"https:\/\/portaltela.pt\/noticias\/2026\/02\/20\/kompany-acusa-mourinho-de-erro-ao-usar-nome-de-eusebio-para-atacar-vinicius\/#primaryimage","url":"https:\/\/portaltela.pt\/s.01k8rhncp4jt1\/2026\/02\/img_1280x722uu2026-02-20-13-01-27-2267913.jpg","contentUrl":"https:\/\/portaltela.pt\/s.01k8rhncp4jt1\/2026\/02\/img_1280x722uu2026-02-20-13-01-27-2267913.jpg","width":796,"height":448,"caption":"Photo"},{"@type":"BreadcrumbList","@id":"https:\/\/portaltela.pt\/noticias\/2026\/02\/20\/kompany-acusa-mourinho-de-erro-ao-usar-nome-de-eusebio-para-atacar-vinicius\/#breadcrumb","itemListElement":[{"@type":"ListItem","position":1,"name":"In\u00edcio","item":"https:\/\/portaltela.pt\/"},{"@type":"ListItem","position":2,"name":"Kompany acusa Mourinho de erro ao usar nome de Eus\u00e9bio para atacar Vin\u00edcius"}]},{"@type":"WebSite","@id":"https:\/\/portaltela.pt\/#website","url":"https:\/\/portaltela.pt\/","name":"Portal Tela Portugal","description":"","potentialAction":[{"@type":"SearchAction","target":{"@type":"EntryPoint","urlTemplate":"https:\/\/portaltela.pt\/?s={search_term_string}"},"query-input":{"@type":"PropertyValueSpecification","valueRequired":true,"valueName":"search_term_string"}}],"inLanguage":"pt-PT"},{"@type":"Person","@id":"https:\/\/portaltela.pt\/#\/schema\/person\/c4278d4a6028830caff9ee44b42d32ed","name":"Telinha","image":{"@type":"ImageObject","inLanguage":"pt-PT","@id":"https:\/\/portaltela.pt\/s.01k8rhncp4jt1\/2025\/11\/talking-bot-125x125.png","url":"https:\/\/portaltela.pt\/s.01k8rhncp4jt1\/2025\/11\/talking-bot-125x125.png","contentUrl":"https:\/\/portaltela.pt\/s.01k8rhncp4jt1\/2025\/11\/talking-bot-125x125.png","caption":"Telinha"},"sameAs":["https:\/\/portaltela.pt\/"],"url":"https:\/\/portaltela.pt\/por\/367410592786\/"}]}},"_links":{"self":[{"href":"https:\/\/portaltela.pt\/api\/wp\/v2\/posts\/219109","targetHints":{"allow":["GET"]}}],"collection":[{"href":"https:\/\/portaltela.pt\/api\/wp\/v2\/posts"}],"about":[{"href":"https:\/\/portaltela.pt\/api\/wp\/v2\/types\/post"}],"author":[{"embeddable":true,"href":"https:\/\/portaltela.pt\/api\/wp\/v2\/users\/2"}],"replies":[{"embeddable":true,"href":"https:\/\/portaltela.pt\/api\/wp\/v2\/comments?post=219109"}],"version-history":[{"count":0,"href":"https:\/\/portaltela.pt\/api\/wp\/v2\/posts\/219109\/revisions"}],"wp:featuredmedia":[{"embeddable":true,"href":"https:\/\/portaltela.pt\/api\/wp\/v2\/media\/219121"}],"wp:attachment":[{"href":"https:\/\/portaltela.pt\/api\/wp\/v2\/media?parent=219109"}],"wp:term":[{"taxonomy":"category","embeddable":true,"href":"https:\/\/portaltela.pt\/api\/wp\/v2\/categories?post=219109"},{"taxonomy":"post_tag","embeddable":true,"href":"https:\/\/portaltela.pt\/api\/wp\/v2\/tags?post=219109"}],"curies":[{"name":"wp","href":"https:\/\/api.w.org\/{rel}","templated":true}]}}