{"id":219094,"date":"2026-02-20T07:56:00","date_gmt":"2026-02-20T10:56:00","guid":{"rendered":"https:\/\/portaltela.pt\/noticias\/2026\/02\/20\/tribunal-inicia-audicoes-sobre-crimes-imputados-ao-ex-presidente-filipino\/"},"modified":"2026-02-20T07:56:00","modified_gmt":"2026-02-20T10:56:00","slug":"tribunal-inicia-audicoes-sobre-crimes-imputados-ao-ex-presidente-filipino","status":"publish","type":"post","link":"https:\/\/portaltela.pt\/noticias\/politica\/2026\/02\/20\/tribunal-inicia-audicoes-sobre-crimes-imputados-ao-ex-presidente-filipino\/","title":{"rendered":"Tribunal inicia audi\u00e7\u00f5es sobre crimes imputados ao ex-presidente filipino"},"content":{"rendered":"<p>O Tribunal Internacional vai iniciar audi\u00e7\u00f5es sobre crimes imputados a um ex-Presidente das Filipinas. A not\u00edcia aponta para um processo no \u00e2mbito do sistema internacional de justi\u00e7a, com foco nas acusa\u00e7\u00f5es atribu\u00eddas ao antigo chefe de Estado.<\/p>\n<p>Segundo informa\u00e7\u00f5es dispon\u00edveis, o objetivo \u00e9 esclarecer as acusa\u00e7\u00f5es e avaliar a responsabilidade do ex-Presidente no contexto de crimes considerados internacionais. As audi\u00e7\u00f5es ir\u00e3o decorrer sob a supervis\u00e3o do tribunal competente.<\/p>\n<p>N\u00e3o h\u00e1 confirma\u00e7\u00e3o de datas espec\u00edficas, nem de locais precisos para as sess\u00f5es, no resumo dispon\u00edvel. Detalhes adicionais dependem de fontes oficiais e de documenta\u00e7\u00e3o do processo.<\/p>\n","protected":false},"excerpt":{"rendered":"<ul>\n<li>Um tribunal internacional vai iniciar audi\u00e7\u00f5es sobre crimes imputados a um ex-Presidente das Filipinas.<\/li>\n<li>As sess\u00f5es t\u00eam como objetivo apurar as acusa\u00e7\u00f5es contra o ex-chefe de Estado filipino.<\/li>\n<li>As audi\u00e7\u00f5es dever\u00e3o ocorrer no \u00e2mbito do processo conduzido pelo tribunal internacional competente.<\/li>\n<li>A not\u00edcia n\u00e3o fornece data espec\u00edfica para o in\u00edcio das apresenta\u00e7\u00f5es.<\/li>\n<\/ul>\n","protected":false},"author":2,"featured_media":219096,"comment_status":"closed","ping_status":"closed","sticky":false,"template":"","format":"standard","meta":{"footnotes":""},"categories":[1,5],"tags":[3081,81,215,803,52,5384],"class_list":["post-219094","post","type-post","status-publish","format-standard","has-post-thumbnail","hentry","category-noticias","category-politica","tag-crimes-internacionais","tag-internacionais","tag-investigacao","tag-justica","tag-tribunal","tag-tribunal-penal-internacional"],"yoast_head":"<!-- This site is optimized with the Yoast SEO plugin v27.2 - https:\/\/yoast.com\/product\/yoast-seo-wordpress\/ -->\n<title>Tribunal inicia audi\u00e7\u00f5es sobre crimes imputados ao ex-presidente filipino - Portal Tela Portugal<\/title>\n<meta name=\"robots\" content=\"index, follow, max-snippet:-1, max-image-preview:large, max-video-preview:-1\" \/>\n<meta property=\"og:locale\" content=\"pt_PT\" \/>\n<meta property=\"og:type\" content=\"article\" \/>\n<meta property=\"og:title\" content=\"Tribunal inicia audi\u00e7\u00f5es sobre crimes imputados ao ex-presidente filipino - Portal Tela Portugal\" \/>\n<meta property=\"og:description\" content=\"Um tribunal internacional vai iniciar audi\u00e7\u00f5es sobre crimes imputados a um ex-Presidente das Filipinas. As sess\u00f5es t\u00eam como objetivo apurar as acusa\u00e7\u00f5es contra o ex-chefe de Estado filipino. As audi\u00e7\u00f5es dever\u00e3o ocorrer no \u00e2mbito do processo conduzido pelo tribunal internacional competente. A not\u00edcia n\u00e3o fornece data espec\u00edfica para o in\u00edcio das apresenta\u00e7\u00f5es.\" \/>\n<meta property=\"og:url\" content=\"https:\/\/portaltela.pt\/noticias\/2026\/02\/20\/tribunal-inicia-audicoes-sobre-crimes-imputados-ao-ex-presidente-filipino\/\" \/>\n<meta property=\"og:site_name\" content=\"Portal Tela Portugal\" \/>\n<meta property=\"article:published_time\" content=\"2026-02-20T10:56:00+00:00\" \/>\n<meta name=\"author\" content=\"Telinha\" \/>\n<meta name=\"twitter:card\" content=\"summary_large_image\" \/>\n<meta name=\"twitter:label1\" content=\"Escrito por\" \/>\n\t<meta name=\"twitter:data1\" content=\"Telinha\" \/>\n\t<meta name=\"twitter:label2\" content=\"Tempo estimado de leitura\" \/>\n\t<meta name=\"twitter:data2\" content=\"1 minuto\" \/>\n<script type=\"application\/ld+json\" class=\"yoast-schema-graph\">{\"@context\":\"https:\/\/schema.org\",\"@graph\":[{\"@type\":\"Article\",\"@id\":\"https:\/\/portaltela.pt\/noticias\/2026\/02\/20\/tribunal-inicia-audicoes-sobre-crimes-imputados-ao-ex-presidente-filipino\/#article\",\"isPartOf\":{\"@id\":\"https:\/\/portaltela.pt\/noticias\/2026\/02\/20\/tribunal-inicia-audicoes-sobre-crimes-imputados-ao-ex-presidente-filipino\/\"},\"author\":{\"name\":\"Telinha\",\"@id\":\"https:\/\/portaltela.pt\/#\/schema\/person\/c4278d4a6028830caff9ee44b42d32ed\"},\"headline\":\"Tribunal inicia audi\u00e7\u00f5es sobre crimes imputados ao ex-presidente filipino\",\"datePublished\":\"2026-02-20T10:56:00+00:00\",\"mainEntityOfPage\":{\"@id\":\"https:\/\/portaltela.pt\/noticias\/2026\/02\/20\/tribunal-inicia-audicoes-sobre-crimes-imputados-ao-ex-presidente-filipino\/\"},\"wordCount\":121,\"image\":{\"@id\":\"https:\/\/portaltela.pt\/noticias\/2026\/02\/20\/tribunal-inicia-audicoes-sobre-crimes-imputados-ao-ex-presidente-filipino\/#primaryimage\"},\"thumbnailUrl\":\"https:\/\/portaltela.pt\/s.01k8rhncp4jt1\/2026\/02\/CACHE_780X1200_ANALOG_WATERMARKED_45710019_2529912_20022026114608.jpg\",\"keywords\":[\"crimes internacionais\",\"internacionais\",\"investiga\u00e7\u00e3o\",\"justi\u00e7a\",\"tribunal\",\"Tribunal Penal Internacional\"],\"articleSection\":[\"Not\u00edcias\",\"Pol\u00edtica\"],\"inLanguage\":\"pt-PT\"},{\"@type\":\"WebPage\",\"@id\":\"https:\/\/portaltela.pt\/noticias\/2026\/02\/20\/tribunal-inicia-audicoes-sobre-crimes-imputados-ao-ex-presidente-filipino\/\",\"url\":\"https:\/\/portaltela.pt\/noticias\/2026\/02\/20\/tribunal-inicia-audicoes-sobre-crimes-imputados-ao-ex-presidente-filipino\/\",\"name\":\"Tribunal inicia audi\u00e7\u00f5es sobre crimes imputados ao ex-presidente filipino - Portal Tela Portugal\",\"isPartOf\":{\"@id\":\"https:\/\/portaltela.pt\/#website\"},\"primaryImageOfPage\":{\"@id\":\"https:\/\/portaltela.pt\/noticias\/2026\/02\/20\/tribunal-inicia-audicoes-sobre-crimes-imputados-ao-ex-presidente-filipino\/#primaryimage\"},\"image\":{\"@id\":\"https:\/\/portaltela.pt\/noticias\/2026\/02\/20\/tribunal-inicia-audicoes-sobre-crimes-imputados-ao-ex-presidente-filipino\/#primaryimage\"},\"thumbnailUrl\":\"https:\/\/portaltela.pt\/s.01k8rhncp4jt1\/2026\/02\/CACHE_780X1200_ANALOG_WATERMARKED_45710019_2529912_20022026114608.jpg\",\"datePublished\":\"2026-02-20T10:56:00+00:00\",\"author\":{\"@id\":\"https:\/\/portaltela.pt\/#\/schema\/person\/c4278d4a6028830caff9ee44b42d32ed\"},\"breadcrumb\":{\"@id\":\"https:\/\/portaltela.pt\/noticias\/2026\/02\/20\/tribunal-inicia-audicoes-sobre-crimes-imputados-ao-ex-presidente-filipino\/#breadcrumb\"},\"inLanguage\":\"pt-PT\",\"potentialAction\":[{\"@type\":\"ReadAction\",\"target\":[\"https:\/\/portaltela.pt\/noticias\/2026\/02\/20\/tribunal-inicia-audicoes-sobre-crimes-imputados-ao-ex-presidente-filipino\/\"]}]},{\"@type\":\"ImageObject\",\"inLanguage\":\"pt-PT\",\"@id\":\"https:\/\/portaltela.pt\/noticias\/2026\/02\/20\/tribunal-inicia-audicoes-sobre-crimes-imputados-ao-ex-presidente-filipino\/#primaryimage\",\"url\":\"https:\/\/portaltela.pt\/s.01k8rhncp4jt1\/2026\/02\/CACHE_780X1200_ANALOG_WATERMARKED_45710019_2529912_20022026114608.jpg\",\"contentUrl\":\"https:\/\/portaltela.pt\/s.01k8rhncp4jt1\/2026\/02\/CACHE_780X1200_ANALOG_WATERMARKED_45710019_2529912_20022026114608.jpg\",\"width\":796,\"height\":448,\"caption\":\"Tribunal internacional vai iniciar audi\u00e7\u00f5es sobre crimes imputados a ex-Presidente filipino\"},{\"@type\":\"BreadcrumbList\",\"@id\":\"https:\/\/portaltela.pt\/noticias\/2026\/02\/20\/tribunal-inicia-audicoes-sobre-crimes-imputados-ao-ex-presidente-filipino\/#breadcrumb\",\"itemListElement\":[{\"@type\":\"ListItem\",\"position\":1,\"name\":\"In\u00edcio\",\"item\":\"https:\/\/portaltela.pt\/\"},{\"@type\":\"ListItem\",\"position\":2,\"name\":\"Tribunal inicia audi\u00e7\u00f5es sobre crimes imputados ao ex-presidente filipino\"}]},{\"@type\":\"WebSite\",\"@id\":\"https:\/\/portaltela.pt\/#website\",\"url\":\"https:\/\/portaltela.pt\/\",\"name\":\"Portal Tela Portugal\",\"description\":\"\",\"potentialAction\":[{\"@type\":\"SearchAction\",\"target\":{\"@type\":\"EntryPoint\",\"urlTemplate\":\"https:\/\/portaltela.pt\/?s={search_term_string}\"},\"query-input\":{\"@type\":\"PropertyValueSpecification\",\"valueRequired\":true,\"valueName\":\"search_term_string\"}}],\"inLanguage\":\"pt-PT\"},{\"@type\":\"Person\",\"@id\":\"https:\/\/portaltela.pt\/#\/schema\/person\/c4278d4a6028830caff9ee44b42d32ed\",\"name\":\"Telinha\",\"image\":{\"@type\":\"ImageObject\",\"inLanguage\":\"pt-PT\",\"@id\":\"https:\/\/portaltela.pt\/s.01k8rhncp4jt1\/2025\/11\/talking-bot-125x125.png\",\"url\":\"https:\/\/portaltela.pt\/s.01k8rhncp4jt1\/2025\/11\/talking-bot-125x125.png\",\"contentUrl\":\"https:\/\/portaltela.pt\/s.01k8rhncp4jt1\/2025\/11\/talking-bot-125x125.png\",\"caption\":\"Telinha\"},\"sameAs\":[\"https:\/\/portaltela.pt\/\"],\"url\":\"https:\/\/portaltela.pt\/por\/367410592786\/\"}]}<\/script>\n<!-- \/ Yoast SEO plugin. -->","yoast_head_json":{"title":"Tribunal inicia audi\u00e7\u00f5es sobre crimes imputados ao ex-presidente filipino - Portal Tela Portugal","robots":{"index":"index","follow":"follow","max-snippet":"max-snippet:-1","max-image-preview":"max-image-preview:large","max-video-preview":"max-video-preview:-1"},"og_locale":"pt_PT","og_type":"article","og_title":"Tribunal inicia audi\u00e7\u00f5es sobre crimes imputados ao ex-presidente filipino - Portal Tela Portugal","og_description":"Um tribunal internacional vai iniciar audi\u00e7\u00f5es sobre crimes imputados a um ex-Presidente das Filipinas. As sess\u00f5es t\u00eam como objetivo apurar as acusa\u00e7\u00f5es contra o ex-chefe de Estado filipino. As audi\u00e7\u00f5es dever\u00e3o ocorrer no \u00e2mbito do processo conduzido pelo tribunal internacional competente. A not\u00edcia n\u00e3o fornece data espec\u00edfica para o in\u00edcio das apresenta\u00e7\u00f5es.","og_url":"https:\/\/portaltela.pt\/noticias\/2026\/02\/20\/tribunal-inicia-audicoes-sobre-crimes-imputados-ao-ex-presidente-filipino\/","og_site_name":"Portal Tela Portugal","article_published_time":"2026-02-20T10:56:00+00:00","author":"Telinha","twitter_card":"summary_large_image","twitter_misc":{"Escrito por":"Telinha","Tempo estimado de leitura":"1 minuto"},"schema":{"@context":"https:\/\/schema.org","@graph":[{"@type":"Article","@id":"https:\/\/portaltela.pt\/noticias\/2026\/02\/20\/tribunal-inicia-audicoes-sobre-crimes-imputados-ao-ex-presidente-filipino\/#article","isPartOf":{"@id":"https:\/\/portaltela.pt\/noticias\/2026\/02\/20\/tribunal-inicia-audicoes-sobre-crimes-imputados-ao-ex-presidente-filipino\/"},"author":{"name":"Telinha","@id":"https:\/\/portaltela.pt\/#\/schema\/person\/c4278d4a6028830caff9ee44b42d32ed"},"headline":"Tribunal inicia audi\u00e7\u00f5es sobre crimes imputados ao ex-presidente filipino","datePublished":"2026-02-20T10:56:00+00:00","mainEntityOfPage":{"@id":"https:\/\/portaltela.pt\/noticias\/2026\/02\/20\/tribunal-inicia-audicoes-sobre-crimes-imputados-ao-ex-presidente-filipino\/"},"wordCount":121,"image":{"@id":"https:\/\/portaltela.pt\/noticias\/2026\/02\/20\/tribunal-inicia-audicoes-sobre-crimes-imputados-ao-ex-presidente-filipino\/#primaryimage"},"thumbnailUrl":"https:\/\/portaltela.pt\/s.01k8rhncp4jt1\/2026\/02\/CACHE_780X1200_ANALOG_WATERMARKED_45710019_2529912_20022026114608.jpg","keywords":["crimes internacionais","internacionais","investiga\u00e7\u00e3o","justi\u00e7a","tribunal","Tribunal Penal Internacional"],"articleSection":["Not\u00edcias","Pol\u00edtica"],"inLanguage":"pt-PT"},{"@type":"WebPage","@id":"https:\/\/portaltela.pt\/noticias\/2026\/02\/20\/tribunal-inicia-audicoes-sobre-crimes-imputados-ao-ex-presidente-filipino\/","url":"https:\/\/portaltela.pt\/noticias\/2026\/02\/20\/tribunal-inicia-audicoes-sobre-crimes-imputados-ao-ex-presidente-filipino\/","name":"Tribunal inicia audi\u00e7\u00f5es sobre crimes imputados ao ex-presidente filipino - Portal Tela Portugal","isPartOf":{"@id":"https:\/\/portaltela.pt\/#website"},"primaryImageOfPage":{"@id":"https:\/\/portaltela.pt\/noticias\/2026\/02\/20\/tribunal-inicia-audicoes-sobre-crimes-imputados-ao-ex-presidente-filipino\/#primaryimage"},"image":{"@id":"https:\/\/portaltela.pt\/noticias\/2026\/02\/20\/tribunal-inicia-audicoes-sobre-crimes-imputados-ao-ex-presidente-filipino\/#primaryimage"},"thumbnailUrl":"https:\/\/portaltela.pt\/s.01k8rhncp4jt1\/2026\/02\/CACHE_780X1200_ANALOG_WATERMARKED_45710019_2529912_20022026114608.jpg","datePublished":"2026-02-20T10:56:00+00:00","author":{"@id":"https:\/\/portaltela.pt\/#\/schema\/person\/c4278d4a6028830caff9ee44b42d32ed"},"breadcrumb":{"@id":"https:\/\/portaltela.pt\/noticias\/2026\/02\/20\/tribunal-inicia-audicoes-sobre-crimes-imputados-ao-ex-presidente-filipino\/#breadcrumb"},"inLanguage":"pt-PT","potentialAction":[{"@type":"ReadAction","target":["https:\/\/portaltela.pt\/noticias\/2026\/02\/20\/tribunal-inicia-audicoes-sobre-crimes-imputados-ao-ex-presidente-filipino\/"]}]},{"@type":"ImageObject","inLanguage":"pt-PT","@id":"https:\/\/portaltela.pt\/noticias\/2026\/02\/20\/tribunal-inicia-audicoes-sobre-crimes-imputados-ao-ex-presidente-filipino\/#primaryimage","url":"https:\/\/portaltela.pt\/s.01k8rhncp4jt1\/2026\/02\/CACHE_780X1200_ANALOG_WATERMARKED_45710019_2529912_20022026114608.jpg","contentUrl":"https:\/\/portaltela.pt\/s.01k8rhncp4jt1\/2026\/02\/CACHE_780X1200_ANALOG_WATERMARKED_45710019_2529912_20022026114608.jpg","width":796,"height":448,"caption":"Tribunal internacional vai iniciar audi\u00e7\u00f5es sobre crimes imputados a ex-Presidente filipino"},{"@type":"BreadcrumbList","@id":"https:\/\/portaltela.pt\/noticias\/2026\/02\/20\/tribunal-inicia-audicoes-sobre-crimes-imputados-ao-ex-presidente-filipino\/#breadcrumb","itemListElement":[{"@type":"ListItem","position":1,"name":"In\u00edcio","item":"https:\/\/portaltela.pt\/"},{"@type":"ListItem","position":2,"name":"Tribunal inicia audi\u00e7\u00f5es sobre crimes imputados ao ex-presidente filipino"}]},{"@type":"WebSite","@id":"https:\/\/portaltela.pt\/#website","url":"https:\/\/portaltela.pt\/","name":"Portal Tela Portugal","description":"","potentialAction":[{"@type":"SearchAction","target":{"@type":"EntryPoint","urlTemplate":"https:\/\/portaltela.pt\/?s={search_term_string}"},"query-input":{"@type":"PropertyValueSpecification","valueRequired":true,"valueName":"search_term_string"}}],"inLanguage":"pt-PT"},{"@type":"Person","@id":"https:\/\/portaltela.pt\/#\/schema\/person\/c4278d4a6028830caff9ee44b42d32ed","name":"Telinha","image":{"@type":"ImageObject","inLanguage":"pt-PT","@id":"https:\/\/portaltela.pt\/s.01k8rhncp4jt1\/2025\/11\/talking-bot-125x125.png","url":"https:\/\/portaltela.pt\/s.01k8rhncp4jt1\/2025\/11\/talking-bot-125x125.png","contentUrl":"https:\/\/portaltela.pt\/s.01k8rhncp4jt1\/2025\/11\/talking-bot-125x125.png","caption":"Telinha"},"sameAs":["https:\/\/portaltela.pt\/"],"url":"https:\/\/portaltela.pt\/por\/367410592786\/"}]}},"_links":{"self":[{"href":"https:\/\/portaltela.pt\/api\/wp\/v2\/posts\/219094","targetHints":{"allow":["GET"]}}],"collection":[{"href":"https:\/\/portaltela.pt\/api\/wp\/v2\/posts"}],"about":[{"href":"https:\/\/portaltela.pt\/api\/wp\/v2\/types\/post"}],"author":[{"embeddable":true,"href":"https:\/\/portaltela.pt\/api\/wp\/v2\/users\/2"}],"replies":[{"embeddable":true,"href":"https:\/\/portaltela.pt\/api\/wp\/v2\/comments?post=219094"}],"version-history":[{"count":0,"href":"https:\/\/portaltela.pt\/api\/wp\/v2\/posts\/219094\/revisions"}],"wp:featuredmedia":[{"embeddable":true,"href":"https:\/\/portaltela.pt\/api\/wp\/v2\/media\/219096"}],"wp:attachment":[{"href":"https:\/\/portaltela.pt\/api\/wp\/v2\/media?parent=219094"}],"wp:term":[{"taxonomy":"category","embeddable":true,"href":"https:\/\/portaltela.pt\/api\/wp\/v2\/categories?post=219094"},{"taxonomy":"post_tag","embeddable":true,"href":"https:\/\/portaltela.pt\/api\/wp\/v2\/tags?post=219094"}],"curies":[{"name":"wp","href":"https:\/\/api.w.org\/{rel}","templated":true}]}}