{"id":219078,"date":"2026-02-20T09:45:04","date_gmt":"2026-02-20T12:45:04","guid":{"rendered":"https:\/\/portaltela.pt\/noticias\/2026\/02\/20\/inscricoes-abertas-para-acao-de-storytelling-no-programa-formacao-proxima\/"},"modified":"2026-02-20T09:45:04","modified_gmt":"2026-02-20T12:45:04","slug":"inscricoes-abertas-para-acao-de-storytelling-no-programa-formacao-proxima","status":"publish","type":"post","link":"https:\/\/portaltela.pt\/noticias\/2026\/02\/20\/inscricoes-abertas-para-acao-de-storytelling-no-programa-formacao-proxima\/","title":{"rendered":"Inscri\u00e7\u00f5es abertas para a\u00e7\u00e3o de storytelling no programa Forma\u00e7\u00e3o + Pr\u00f3xima"},"content":{"rendered":"<p>Abertas as inscri\u00e7\u00f5es para uma a\u00e7\u00e3o de forma\u00e7\u00e3o em Storytelling, integrada no programa Formac\u0327a\u0303o + Pro\u0301xima. O evento realiza-se nos dias 3, 5 e 10 de mar\u00e7o, na sala polivalente da Biblioteca Municipal L\u00eddia Jorge. Participa\u00e7\u00e3o gratuita, com inscri\u00e7\u00e3o online.<\/p>\n<p>A forma\u00e7\u00e3o \u00e9 dirigida a interessados em refor\u00e7ar compet\u00eancias de comunica\u00e7\u00e3o aplicadas ao turismo. As sess\u00f5es decorrem entre as 09h30 e as 13h30, com formadores especialistas do Turismo de Portugal. As inscri\u00e7\u00f5es est\u00e3o dispon\u00edveis na plataforma da Academia Digital.<\/p>\n<p>A iniciativa faz parte do projeto Formac\u0327a\u0303o + Pro\u0301xima, no \u00e2mbito do Plano Reativar o Turismo | Construir o Futuro. O objetivo \u00e9 qualificar recursos humanos do setor, adaptando programas aos contextos locais e aos desafios do turismo.<\/p>\n<p>A C\u00e2mara Municipal de Albufeira tem apoiado o projeto, tendo j\u00e1 conduzido mais de uma dezena de forma\u00e7\u00f5es em v\u00e1rias \u00e1reas. A autarquia refor\u00e7a o compromisso com a qualifica\u00e7\u00e3o de profissionais locais e com o desenvolvimento empresarial do concelho.<\/p>\n<h3>Parcerias e impacto regional<\/h3>\n<p>A a\u00e7\u00e3o de Storytelling visa valorizar a experi\u00eancia tur\u00edstica ao n\u00edvel da comunica\u00e7\u00e3o estrutural e aut\u00eantica. O objetivo \u00e9 criar experi\u00eancias mais memor\u00e1veis e alinhadas com as expectativas dos visitantes.<\/p>\n<p>A iniciativa refor\u00e7a a coopera\u00e7\u00e3o entre entidades locais e nacionais para a qualifica\u00e7\u00e3o de recursos humanos. A participa\u00e7\u00e3o \u00e9 gratuita e depende apenas da inscri\u00e7\u00e3o pr\u00e9via online.<\/p>\n","protected":false},"excerpt":{"rendered":"<ul>\n<li>Inscri\u00e7\u00f5es abertas para a a\u00e7\u00e3o de forma\u00e7\u00e3o em \u201cStorytelling\u201d, nos dias 3, 5 e 10 de mar\u00e7o, na sala polivalente da Biblioteca Municipal L\u00eddia Jorge, em Albufeira \u2014 participa\u00e7\u00e3o gratuita mediante inscri\u00e7\u00e3o online.<\/li>\n<li>A forma\u00e7\u00e3o \u00e9 organizada no \u00e2mbito do projeto \u201cForma\u00e7\u00e3o + Pr\u00f3xima\u201d do Turismo de Portugal, integrado no Plano Reativar o Turismo | Construir o Futuro.<\/li>\n<li>O objetivo \u00e9 capacitar os formandos na comunica\u00e7\u00e3o aplicada ao turismo, com t\u00e9cnicas de narrativa para valorizar a experi\u00eancia tur\u00edstica e a hospitalidade.<\/li>\n<li>As inscri\u00e7\u00f5es decorrem online atrav\u00e9s da Academia Digital do Turismo de Portugal.<\/li>\n<li>A C\u00e2mara Municipal de Albufeira tem apoiado v\u00e1rias forma\u00e7\u00f5es para qualificar os profissionais locais e dinamizar o tecido empresarial do concelho.<\/li>\n<\/ul>\n","protected":false},"author":2,"featured_media":219085,"comment_status":"closed","ping_status":"closed","sticky":false,"template":"","format":"standard","meta":{"footnotes":""},"categories":[1],"tags":[1202,5449,1290,169,4301],"class_list":["post-219078","post","type-post","status-publish","format-standard","has-post-thumbnail","hentry","category-noticias","tag-albufeira","tag-camara-municipal","tag-formacao","tag-turismo","tag-turismo-de-portugal"],"yoast_head":"<!-- This site is optimized with the Yoast SEO plugin v27.2 - https:\/\/yoast.com\/product\/yoast-seo-wordpress\/ -->\n<title>Inscri\u00e7\u00f5es abertas para a\u00e7\u00e3o de storytelling no programa Forma\u00e7\u00e3o + Pr\u00f3xima - Portal Tela Portugal<\/title>\n<meta name=\"robots\" content=\"index, follow, max-snippet:-1, max-image-preview:large, max-video-preview:-1\" \/>\n<meta property=\"og:locale\" content=\"pt_PT\" \/>\n<meta property=\"og:type\" content=\"article\" \/>\n<meta property=\"og:title\" content=\"Inscri\u00e7\u00f5es abertas para a\u00e7\u00e3o de storytelling no programa Forma\u00e7\u00e3o + Pr\u00f3xima - Portal Tela Portugal\" \/>\n<meta property=\"og:description\" content=\"Inscri\u00e7\u00f5es abertas para a a\u00e7\u00e3o de forma\u00e7\u00e3o em \u201cStorytelling\u201d, nos dias 3, 5 e 10 de mar\u00e7o, na sala polivalente da Biblioteca Municipal L\u00eddia Jorge, em Albufeira \u2014 participa\u00e7\u00e3o gratuita mediante inscri\u00e7\u00e3o online. A forma\u00e7\u00e3o \u00e9 organizada no \u00e2mbito do projeto \u201cForma\u00e7\u00e3o + Pr\u00f3xima\u201d do Turismo de Portugal, integrado no Plano Reativar o Turismo | Construir o Futuro. O objetivo \u00e9 capacitar os formandos na comunica\u00e7\u00e3o aplicada ao turismo, com t\u00e9cnicas de narrativa para valorizar a experi\u00eancia tur\u00edstica e a hospitalidade. As inscri\u00e7\u00f5es decorrem online atrav\u00e9s da Academia Digital do Turismo de Portugal. A C\u00e2mara Municipal de Albufeira tem apoiado v\u00e1rias forma\u00e7\u00f5es para qualificar os profissionais locais e dinamizar o tecido empresarial do concelho.\" \/>\n<meta property=\"og:url\" content=\"https:\/\/portaltela.pt\/noticias\/2026\/02\/20\/inscricoes-abertas-para-acao-de-storytelling-no-programa-formacao-proxima\/\" \/>\n<meta property=\"og:site_name\" content=\"Portal Tela Portugal\" \/>\n<meta property=\"article:published_time\" content=\"2026-02-20T12:45:04+00:00\" \/>\n<meta name=\"author\" content=\"Telinha\" \/>\n<meta name=\"twitter:card\" content=\"summary_large_image\" \/>\n<meta name=\"twitter:label1\" content=\"Escrito por\" \/>\n\t<meta name=\"twitter:data1\" content=\"Telinha\" \/>\n\t<meta name=\"twitter:label2\" content=\"Tempo estimado de leitura\" \/>\n\t<meta name=\"twitter:data2\" content=\"1 minuto\" \/>\n<script type=\"application\/ld+json\" class=\"yoast-schema-graph\">{\"@context\":\"https:\/\/schema.org\",\"@graph\":[{\"@type\":\"Article\",\"@id\":\"https:\/\/portaltela.pt\/noticias\/2026\/02\/20\/inscricoes-abertas-para-acao-de-storytelling-no-programa-formacao-proxima\/#article\",\"isPartOf\":{\"@id\":\"https:\/\/portaltela.pt\/noticias\/2026\/02\/20\/inscricoes-abertas-para-acao-de-storytelling-no-programa-formacao-proxima\/\"},\"author\":{\"name\":\"Telinha\",\"@id\":\"https:\/\/portaltela.pt\/#\/schema\/person\/c4278d4a6028830caff9ee44b42d32ed\"},\"headline\":\"Inscri\u00e7\u00f5es abertas para a\u00e7\u00e3o de storytelling no programa Forma\u00e7\u00e3o + Pr\u00f3xima\",\"datePublished\":\"2026-02-20T12:45:04+00:00\",\"mainEntityOfPage\":{\"@id\":\"https:\/\/portaltela.pt\/noticias\/2026\/02\/20\/inscricoes-abertas-para-acao-de-storytelling-no-programa-formacao-proxima\/\"},\"wordCount\":261,\"image\":{\"@id\":\"https:\/\/portaltela.pt\/noticias\/2026\/02\/20\/inscricoes-abertas-para-acao-de-storytelling-no-programa-formacao-proxima\/#primaryimage\"},\"thumbnailUrl\":\"https:\/\/portaltela.pt\/s.01k8rhncp4jt1\/2026\/02\/img_1500x1000uu2026-02-20-12-44-09-2267904.jpg\",\"keywords\":[\"Albufeira\",\"C\u00e2mara Municipal\",\"forma\u00e7\u00e3o\",\"turismo\",\"Turismo de Portugal\"],\"articleSection\":[\"Not\u00edcias\"],\"inLanguage\":\"pt-PT\"},{\"@type\":\"WebPage\",\"@id\":\"https:\/\/portaltela.pt\/noticias\/2026\/02\/20\/inscricoes-abertas-para-acao-de-storytelling-no-programa-formacao-proxima\/\",\"url\":\"https:\/\/portaltela.pt\/noticias\/2026\/02\/20\/inscricoes-abertas-para-acao-de-storytelling-no-programa-formacao-proxima\/\",\"name\":\"Inscri\u00e7\u00f5es abertas para a\u00e7\u00e3o de storytelling no programa Forma\u00e7\u00e3o + Pr\u00f3xima - Portal Tela Portugal\",\"isPartOf\":{\"@id\":\"https:\/\/portaltela.pt\/#website\"},\"primaryImageOfPage\":{\"@id\":\"https:\/\/portaltela.pt\/noticias\/2026\/02\/20\/inscricoes-abertas-para-acao-de-storytelling-no-programa-formacao-proxima\/#primaryimage\"},\"image\":{\"@id\":\"https:\/\/portaltela.pt\/noticias\/2026\/02\/20\/inscricoes-abertas-para-acao-de-storytelling-no-programa-formacao-proxima\/#primaryimage\"},\"thumbnailUrl\":\"https:\/\/portaltela.pt\/s.01k8rhncp4jt1\/2026\/02\/img_1500x1000uu2026-02-20-12-44-09-2267904.jpg\",\"datePublished\":\"2026-02-20T12:45:04+00:00\",\"author\":{\"@id\":\"https:\/\/portaltela.pt\/#\/schema\/person\/c4278d4a6028830caff9ee44b42d32ed\"},\"breadcrumb\":{\"@id\":\"https:\/\/portaltela.pt\/noticias\/2026\/02\/20\/inscricoes-abertas-para-acao-de-storytelling-no-programa-formacao-proxima\/#breadcrumb\"},\"inLanguage\":\"pt-PT\",\"potentialAction\":[{\"@type\":\"ReadAction\",\"target\":[\"https:\/\/portaltela.pt\/noticias\/2026\/02\/20\/inscricoes-abertas-para-acao-de-storytelling-no-programa-formacao-proxima\/\"]}]},{\"@type\":\"ImageObject\",\"inLanguage\":\"pt-PT\",\"@id\":\"https:\/\/portaltela.pt\/noticias\/2026\/02\/20\/inscricoes-abertas-para-acao-de-storytelling-no-programa-formacao-proxima\/#primaryimage\",\"url\":\"https:\/\/portaltela.pt\/s.01k8rhncp4jt1\/2026\/02\/img_1500x1000uu2026-02-20-12-44-09-2267904.jpg\",\"contentUrl\":\"https:\/\/portaltela.pt\/s.01k8rhncp4jt1\/2026\/02\/img_1500x1000uu2026-02-20-12-44-09-2267904.jpg\",\"width\":796,\"height\":448,\"caption\":\"Forma\u00e7\u00e3o Pr\u00f3xima: Escolas de Turismo de Portugal preparam profissionais para o setor\"},{\"@type\":\"BreadcrumbList\",\"@id\":\"https:\/\/portaltela.pt\/noticias\/2026\/02\/20\/inscricoes-abertas-para-acao-de-storytelling-no-programa-formacao-proxima\/#breadcrumb\",\"itemListElement\":[{\"@type\":\"ListItem\",\"position\":1,\"name\":\"In\u00edcio\",\"item\":\"https:\/\/portaltela.pt\/\"},{\"@type\":\"ListItem\",\"position\":2,\"name\":\"Inscri\u00e7\u00f5es abertas para a\u00e7\u00e3o de storytelling no programa Forma\u00e7\u00e3o + Pr\u00f3xima\"}]},{\"@type\":\"WebSite\",\"@id\":\"https:\/\/portaltela.pt\/#website\",\"url\":\"https:\/\/portaltela.pt\/\",\"name\":\"Portal Tela Portugal\",\"description\":\"\",\"potentialAction\":[{\"@type\":\"SearchAction\",\"target\":{\"@type\":\"EntryPoint\",\"urlTemplate\":\"https:\/\/portaltela.pt\/?s={search_term_string}\"},\"query-input\":{\"@type\":\"PropertyValueSpecification\",\"valueRequired\":true,\"valueName\":\"search_term_string\"}}],\"inLanguage\":\"pt-PT\"},{\"@type\":\"Person\",\"@id\":\"https:\/\/portaltela.pt\/#\/schema\/person\/c4278d4a6028830caff9ee44b42d32ed\",\"name\":\"Telinha\",\"image\":{\"@type\":\"ImageObject\",\"inLanguage\":\"pt-PT\",\"@id\":\"https:\/\/portaltela.pt\/s.01k8rhncp4jt1\/2025\/11\/talking-bot-125x125.png\",\"url\":\"https:\/\/portaltela.pt\/s.01k8rhncp4jt1\/2025\/11\/talking-bot-125x125.png\",\"contentUrl\":\"https:\/\/portaltela.pt\/s.01k8rhncp4jt1\/2025\/11\/talking-bot-125x125.png\",\"caption\":\"Telinha\"},\"sameAs\":[\"https:\/\/portaltela.pt\/\"],\"url\":\"https:\/\/portaltela.pt\/por\/367410592786\/\"}]}<\/script>\n<!-- \/ Yoast SEO plugin. -->","yoast_head_json":{"title":"Inscri\u00e7\u00f5es abertas para a\u00e7\u00e3o de storytelling no programa Forma\u00e7\u00e3o + Pr\u00f3xima - Portal Tela Portugal","robots":{"index":"index","follow":"follow","max-snippet":"max-snippet:-1","max-image-preview":"max-image-preview:large","max-video-preview":"max-video-preview:-1"},"og_locale":"pt_PT","og_type":"article","og_title":"Inscri\u00e7\u00f5es abertas para a\u00e7\u00e3o de storytelling no programa Forma\u00e7\u00e3o + Pr\u00f3xima - Portal Tela Portugal","og_description":"Inscri\u00e7\u00f5es abertas para a a\u00e7\u00e3o de forma\u00e7\u00e3o em \u201cStorytelling\u201d, nos dias 3, 5 e 10 de mar\u00e7o, na sala polivalente da Biblioteca Municipal L\u00eddia Jorge, em Albufeira \u2014 participa\u00e7\u00e3o gratuita mediante inscri\u00e7\u00e3o online. A forma\u00e7\u00e3o \u00e9 organizada no \u00e2mbito do projeto \u201cForma\u00e7\u00e3o + Pr\u00f3xima\u201d do Turismo de Portugal, integrado no Plano Reativar o Turismo | Construir o Futuro. O objetivo \u00e9 capacitar os formandos na comunica\u00e7\u00e3o aplicada ao turismo, com t\u00e9cnicas de narrativa para valorizar a experi\u00eancia tur\u00edstica e a hospitalidade. As inscri\u00e7\u00f5es decorrem online atrav\u00e9s da Academia Digital do Turismo de Portugal. A C\u00e2mara Municipal de Albufeira tem apoiado v\u00e1rias forma\u00e7\u00f5es para qualificar os profissionais locais e dinamizar o tecido empresarial do concelho.","og_url":"https:\/\/portaltela.pt\/noticias\/2026\/02\/20\/inscricoes-abertas-para-acao-de-storytelling-no-programa-formacao-proxima\/","og_site_name":"Portal Tela Portugal","article_published_time":"2026-02-20T12:45:04+00:00","author":"Telinha","twitter_card":"summary_large_image","twitter_misc":{"Escrito por":"Telinha","Tempo estimado de leitura":"1 minuto"},"schema":{"@context":"https:\/\/schema.org","@graph":[{"@type":"Article","@id":"https:\/\/portaltela.pt\/noticias\/2026\/02\/20\/inscricoes-abertas-para-acao-de-storytelling-no-programa-formacao-proxima\/#article","isPartOf":{"@id":"https:\/\/portaltela.pt\/noticias\/2026\/02\/20\/inscricoes-abertas-para-acao-de-storytelling-no-programa-formacao-proxima\/"},"author":{"name":"Telinha","@id":"https:\/\/portaltela.pt\/#\/schema\/person\/c4278d4a6028830caff9ee44b42d32ed"},"headline":"Inscri\u00e7\u00f5es abertas para a\u00e7\u00e3o de storytelling no programa Forma\u00e7\u00e3o + Pr\u00f3xima","datePublished":"2026-02-20T12:45:04+00:00","mainEntityOfPage":{"@id":"https:\/\/portaltela.pt\/noticias\/2026\/02\/20\/inscricoes-abertas-para-acao-de-storytelling-no-programa-formacao-proxima\/"},"wordCount":261,"image":{"@id":"https:\/\/portaltela.pt\/noticias\/2026\/02\/20\/inscricoes-abertas-para-acao-de-storytelling-no-programa-formacao-proxima\/#primaryimage"},"thumbnailUrl":"https:\/\/portaltela.pt\/s.01k8rhncp4jt1\/2026\/02\/img_1500x1000uu2026-02-20-12-44-09-2267904.jpg","keywords":["Albufeira","C\u00e2mara Municipal","forma\u00e7\u00e3o","turismo","Turismo de Portugal"],"articleSection":["Not\u00edcias"],"inLanguage":"pt-PT"},{"@type":"WebPage","@id":"https:\/\/portaltela.pt\/noticias\/2026\/02\/20\/inscricoes-abertas-para-acao-de-storytelling-no-programa-formacao-proxima\/","url":"https:\/\/portaltela.pt\/noticias\/2026\/02\/20\/inscricoes-abertas-para-acao-de-storytelling-no-programa-formacao-proxima\/","name":"Inscri\u00e7\u00f5es abertas para a\u00e7\u00e3o de storytelling no programa Forma\u00e7\u00e3o + Pr\u00f3xima - Portal Tela Portugal","isPartOf":{"@id":"https:\/\/portaltela.pt\/#website"},"primaryImageOfPage":{"@id":"https:\/\/portaltela.pt\/noticias\/2026\/02\/20\/inscricoes-abertas-para-acao-de-storytelling-no-programa-formacao-proxima\/#primaryimage"},"image":{"@id":"https:\/\/portaltela.pt\/noticias\/2026\/02\/20\/inscricoes-abertas-para-acao-de-storytelling-no-programa-formacao-proxima\/#primaryimage"},"thumbnailUrl":"https:\/\/portaltela.pt\/s.01k8rhncp4jt1\/2026\/02\/img_1500x1000uu2026-02-20-12-44-09-2267904.jpg","datePublished":"2026-02-20T12:45:04+00:00","author":{"@id":"https:\/\/portaltela.pt\/#\/schema\/person\/c4278d4a6028830caff9ee44b42d32ed"},"breadcrumb":{"@id":"https:\/\/portaltela.pt\/noticias\/2026\/02\/20\/inscricoes-abertas-para-acao-de-storytelling-no-programa-formacao-proxima\/#breadcrumb"},"inLanguage":"pt-PT","potentialAction":[{"@type":"ReadAction","target":["https:\/\/portaltela.pt\/noticias\/2026\/02\/20\/inscricoes-abertas-para-acao-de-storytelling-no-programa-formacao-proxima\/"]}]},{"@type":"ImageObject","inLanguage":"pt-PT","@id":"https:\/\/portaltela.pt\/noticias\/2026\/02\/20\/inscricoes-abertas-para-acao-de-storytelling-no-programa-formacao-proxima\/#primaryimage","url":"https:\/\/portaltela.pt\/s.01k8rhncp4jt1\/2026\/02\/img_1500x1000uu2026-02-20-12-44-09-2267904.jpg","contentUrl":"https:\/\/portaltela.pt\/s.01k8rhncp4jt1\/2026\/02\/img_1500x1000uu2026-02-20-12-44-09-2267904.jpg","width":796,"height":448,"caption":"Forma\u00e7\u00e3o Pr\u00f3xima: Escolas de Turismo de Portugal preparam profissionais para o setor"},{"@type":"BreadcrumbList","@id":"https:\/\/portaltela.pt\/noticias\/2026\/02\/20\/inscricoes-abertas-para-acao-de-storytelling-no-programa-formacao-proxima\/#breadcrumb","itemListElement":[{"@type":"ListItem","position":1,"name":"In\u00edcio","item":"https:\/\/portaltela.pt\/"},{"@type":"ListItem","position":2,"name":"Inscri\u00e7\u00f5es abertas para a\u00e7\u00e3o de storytelling no programa Forma\u00e7\u00e3o + Pr\u00f3xima"}]},{"@type":"WebSite","@id":"https:\/\/portaltela.pt\/#website","url":"https:\/\/portaltela.pt\/","name":"Portal Tela Portugal","description":"","potentialAction":[{"@type":"SearchAction","target":{"@type":"EntryPoint","urlTemplate":"https:\/\/portaltela.pt\/?s={search_term_string}"},"query-input":{"@type":"PropertyValueSpecification","valueRequired":true,"valueName":"search_term_string"}}],"inLanguage":"pt-PT"},{"@type":"Person","@id":"https:\/\/portaltela.pt\/#\/schema\/person\/c4278d4a6028830caff9ee44b42d32ed","name":"Telinha","image":{"@type":"ImageObject","inLanguage":"pt-PT","@id":"https:\/\/portaltela.pt\/s.01k8rhncp4jt1\/2025\/11\/talking-bot-125x125.png","url":"https:\/\/portaltela.pt\/s.01k8rhncp4jt1\/2025\/11\/talking-bot-125x125.png","contentUrl":"https:\/\/portaltela.pt\/s.01k8rhncp4jt1\/2025\/11\/talking-bot-125x125.png","caption":"Telinha"},"sameAs":["https:\/\/portaltela.pt\/"],"url":"https:\/\/portaltela.pt\/por\/367410592786\/"}]}},"_links":{"self":[{"href":"https:\/\/portaltela.pt\/api\/wp\/v2\/posts\/219078","targetHints":{"allow":["GET"]}}],"collection":[{"href":"https:\/\/portaltela.pt\/api\/wp\/v2\/posts"}],"about":[{"href":"https:\/\/portaltela.pt\/api\/wp\/v2\/types\/post"}],"author":[{"embeddable":true,"href":"https:\/\/portaltela.pt\/api\/wp\/v2\/users\/2"}],"replies":[{"embeddable":true,"href":"https:\/\/portaltela.pt\/api\/wp\/v2\/comments?post=219078"}],"version-history":[{"count":0,"href":"https:\/\/portaltela.pt\/api\/wp\/v2\/posts\/219078\/revisions"}],"wp:featuredmedia":[{"embeddable":true,"href":"https:\/\/portaltela.pt\/api\/wp\/v2\/media\/219085"}],"wp:attachment":[{"href":"https:\/\/portaltela.pt\/api\/wp\/v2\/media?parent=219078"}],"wp:term":[{"taxonomy":"category","embeddable":true,"href":"https:\/\/portaltela.pt\/api\/wp\/v2\/categories?post=219078"},{"taxonomy":"post_tag","embeddable":true,"href":"https:\/\/portaltela.pt\/api\/wp\/v2\/tags?post=219078"}],"curies":[{"name":"wp","href":"https:\/\/api.w.org\/{rel}","templated":true}]}}