{"id":219066,"date":"2026-02-20T09:28:00","date_gmt":"2026-02-20T12:28:00","guid":{"rendered":"https:\/\/portaltela.pt\/noticias\/2026\/02\/20\/controlo-de-terrenos-na-area-do-novo-aeroporto-entra-em-vigor-este-sabado\/"},"modified":"2026-02-20T09:28:00","modified_gmt":"2026-02-20T12:28:00","slug":"controlo-de-terrenos-na-area-do-novo-aeroporto-entra-em-vigor-este-sabado","status":"publish","type":"post","link":"https:\/\/portaltela.pt\/noticias\/2026\/02\/20\/controlo-de-terrenos-na-area-do-novo-aeroporto-entra-em-vigor-este-sabado\/","title":{"rendered":"Controlo de terrenos na \u00e1rea do novo aeroporto entra em vigor este s\u00e1bado"},"content":{"rendered":"<p>O Conselho de Ministros pode impor restri\u00e7\u00f5es \u00e0 \u00e1rea envolvente ao novo aeroporto de Lisboa. A depender do planeado, as medidas visam evitar altera\u00e7\u00f5es que tornem mais onerosas as obras.<\/p>\n<p>A partir deste s\u00e1bado, 21 de Fevereiro, entra em vigor um conjunto de restri\u00e7\u00f5es na \u00e1rea do Campo de Tiro de Alcochete. A iniciativa pretende preservar as condi\u00e7\u00f5es de constru\u00e7\u00e3o do Aeroporto Lu\u00eds de Cam\u00f5es e das infraestruturas associadas.<\/p>\n<p>A regulamenta\u00e7\u00e3o, publicada no Di\u00e1rio da Rep\u00fablica, estabelece medidas preventivas para evitar altera\u00e7\u00f5es de circunst\u00e2ncias que comprometam a obra ou o seu custo. A \u00e1rea de incid\u00eancia pode ser ajustada conforme o evoluir do projecto.<\/p>\n<h3>Medidas e \u00e2mbito<\/h3>\n<p>O Governo descreve opera\u00e7\u00f5es sujeitas a controlo, incluindo loteamento, urbaniza\u00e7\u00e3o, constru\u00e7\u00e3o, amplia\u00e7\u00e3o, remodela\u00e7\u00e3o e reconstru\u00e7\u00e3o de terrenos. Dependendo da localiza\u00e7\u00e3o, podem aplicar-se desde proibi\u00e7\u00f5es at\u00e9 pareceres vinculativos.<\/p>\n<p>Os munic\u00edpios vinculados ao territ\u00f3rio \u2014 Alcochete, Benavente, Coruche, Montemor-o-Novo, Montijo, Palmela e Vendas Novas \u2014 t\u00eam 15 dias \u00fateis para analisar impactos de opera\u00e7\u00f5es urban\u00edsticas que possam afetar o aeroporto.<\/p>\n<p>O objetivo \u00e9 impedir danos graves e irrevers\u00edveis \u00e0 constru\u00e7\u00e3o e opera\u00e7\u00e3o do Aeroporto Lu\u00eds de Cam\u00f5es. O diploma aponta ainda o direito \u00e0 eventual indemniza\u00e7\u00e3o, conforme o caso.<\/p>\n<p>O regime tem dura\u00e7\u00e3o inicial de dois anos, com possibilidade de prorroga\u00e7\u00e3o. A decis\u00e3o sobre altera\u00e7\u00f5es na \u00e1rea de incid\u00eancia pode variar conforme o progresso do projecto.<\/p>\n","protected":false},"excerpt":{"rendered":"<ul>\n<li>A partir de s\u00e1bado, 21 de fevereiro, entram em vigor restri\u00e7\u00f5es \u00e0 constru\u00e7\u00e3o na \u00e1rea que envolve o novo aeroporto de Lisboa, no Campo de Tiro de Alcochete.<\/li>\n<li>A resolu\u00e7\u00e3o do Conselho de Ministros pretende evitar altera\u00e7\u00f5es de circunst\u00e2ncias que possam comprometer a execu\u00e7\u00e3o do Aeroporto Lu\u00eds de Cam\u00f5es e de infraestruturas associadas.<\/li>\n<li>As medidas preventivas v\u00e3o abranger opera\u00e7\u00f5es de loteamento, obras de urbaniza\u00e7\u00e3o, constru\u00e7\u00e3o, remodela\u00e7\u00e3o de terrenos e\/ou obras de remodela\u00e7\u00e3o, com o regime variando entre proibi\u00e7\u00e3o total e parecer vinculativo, consoante a localiza\u00e7\u00e3o.<\/li>\n<li>Os munic\u00edpios da \u00e1rea (Alcochete, Benavente, Coruche, Montemor-o-Novo, Montijo, Palmela e Vendas Novas) t\u00eam quinze dias \u00fateis para uma an\u00e1lise preliminar de opera\u00e7\u00f5es urban\u00edsticas que possam impactar o aeroporto, sem preju\u00edzo de indemniza\u00e7\u00f5es.<\/li>\n<li>O conjunto de medidas tem prazo de dois anos, prorrog\u00e1vel, e a \u00e1rea de incid\u00eancia pode ser ajustada conforme evolu\u00e7\u00e3o do projeto, sob a gest\u00e3o da ANA \u2013 Aeroportos de Portugal.<\/li>\n<\/ul>\n","protected":false},"author":2,"featured_media":219067,"comment_status":"closed","ping_status":"closed","sticky":false,"template":"","format":"standard","meta":{"footnotes":""},"categories":[1],"tags":[1068,4127,1058,1066,6097,4112],"class_list":["post-219066","post","type-post","status-publish","format-standard","has-post-thumbnail","hentry","category-noticias","tag-alcochete","tag-coruche","tag-montijo","tag-palmela","tag-planeamento-territorial","tag-vendas-novas"],"yoast_head":"<!-- This site is optimized with the Yoast SEO plugin v27.2 - https:\/\/yoast.com\/product\/yoast-seo-wordpress\/ -->\n<title>Controlo de terrenos na \u00e1rea do novo aeroporto entra em vigor este s\u00e1bado - Portal Tela Portugal<\/title>\n<meta name=\"robots\" content=\"index, follow, max-snippet:-1, max-image-preview:large, max-video-preview:-1\" \/>\n<meta property=\"og:locale\" content=\"pt_PT\" \/>\n<meta property=\"og:type\" content=\"article\" \/>\n<meta property=\"og:title\" content=\"Controlo de terrenos na \u00e1rea do novo aeroporto entra em vigor este s\u00e1bado - Portal Tela Portugal\" \/>\n<meta property=\"og:description\" content=\"A partir de s\u00e1bado, 21 de fevereiro, entram em vigor restri\u00e7\u00f5es \u00e0 constru\u00e7\u00e3o na \u00e1rea que envolve o novo aeroporto de Lisboa, no Campo de Tiro de Alcochete. A resolu\u00e7\u00e3o do Conselho de Ministros pretende evitar altera\u00e7\u00f5es de circunst\u00e2ncias que possam comprometer a execu\u00e7\u00e3o do Aeroporto Lu\u00eds de Cam\u00f5es e de infraestruturas associadas. As medidas preventivas v\u00e3o abranger opera\u00e7\u00f5es de loteamento, obras de urbaniza\u00e7\u00e3o, constru\u00e7\u00e3o, remodela\u00e7\u00e3o de terrenos e\/ou obras de remodela\u00e7\u00e3o, com o regime variando entre proibi\u00e7\u00e3o total e parecer vinculativo, consoante a localiza\u00e7\u00e3o. Os munic\u00edpios da \u00e1rea (Alcochete, Benavente, Coruche, Montemor-o-Novo, Montijo, Palmela e Vendas Novas) t\u00eam quinze dias \u00fateis para uma an\u00e1lise preliminar de opera\u00e7\u00f5es urban\u00edsticas que possam impactar o aeroporto, sem preju\u00edzo de indemniza\u00e7\u00f5es. O conjunto de medidas tem prazo de dois anos, prorrog\u00e1vel, e a \u00e1rea de incid\u00eancia pode ser ajustada conforme evolu\u00e7\u00e3o do projeto, sob a gest\u00e3o da ANA \u2013 Aeroportos de Portugal.\" \/>\n<meta property=\"og:url\" content=\"https:\/\/portaltela.pt\/noticias\/2026\/02\/20\/controlo-de-terrenos-na-area-do-novo-aeroporto-entra-em-vigor-este-sabado\/\" \/>\n<meta property=\"og:site_name\" content=\"Portal Tela Portugal\" \/>\n<meta property=\"article:published_time\" content=\"2026-02-20T12:28:00+00:00\" \/>\n<meta name=\"author\" content=\"Telinha\" \/>\n<meta name=\"twitter:card\" content=\"summary_large_image\" \/>\n<meta name=\"twitter:label1\" content=\"Escrito por\" \/>\n\t<meta name=\"twitter:data1\" content=\"Telinha\" \/>\n\t<meta name=\"twitter:label2\" content=\"Tempo estimado de leitura\" \/>\n\t<meta name=\"twitter:data2\" content=\"1 minuto\" \/>\n<script type=\"application\/ld+json\" class=\"yoast-schema-graph\">{\"@context\":\"https:\/\/schema.org\",\"@graph\":[{\"@type\":\"Article\",\"@id\":\"https:\/\/portaltela.pt\/noticias\/2026\/02\/20\/controlo-de-terrenos-na-area-do-novo-aeroporto-entra-em-vigor-este-sabado\/#article\",\"isPartOf\":{\"@id\":\"https:\/\/portaltela.pt\/noticias\/2026\/02\/20\/controlo-de-terrenos-na-area-do-novo-aeroporto-entra-em-vigor-este-sabado\/\"},\"author\":{\"name\":\"Telinha\",\"@id\":\"https:\/\/portaltela.pt\/#\/schema\/person\/c4278d4a6028830caff9ee44b42d32ed\"},\"headline\":\"Controlo de terrenos na \u00e1rea do novo aeroporto entra em vigor este s\u00e1bado\",\"datePublished\":\"2026-02-20T12:28:00+00:00\",\"mainEntityOfPage\":{\"@id\":\"https:\/\/portaltela.pt\/noticias\/2026\/02\/20\/controlo-de-terrenos-na-area-do-novo-aeroporto-entra-em-vigor-este-sabado\/\"},\"wordCount\":265,\"image\":{\"@id\":\"https:\/\/portaltela.pt\/noticias\/2026\/02\/20\/controlo-de-terrenos-na-area-do-novo-aeroporto-entra-em-vigor-este-sabado\/#primaryimage\"},\"thumbnailUrl\":\"https:\/\/portaltela.pt\/s.01k8rhncp4jt1\/2026\/02\/tpUHdbIMAGENStypeJPGshare1oBarraFacebook_Publico-19.jpg\",\"keywords\":[\"Alcochete\",\"Coruche\",\"Montijo\",\"Palmela\",\"planeamento territorial\",\"Vendas Novas\"],\"articleSection\":[\"Not\u00edcias\"],\"inLanguage\":\"pt-PT\"},{\"@type\":\"WebPage\",\"@id\":\"https:\/\/portaltela.pt\/noticias\/2026\/02\/20\/controlo-de-terrenos-na-area-do-novo-aeroporto-entra-em-vigor-este-sabado\/\",\"url\":\"https:\/\/portaltela.pt\/noticias\/2026\/02\/20\/controlo-de-terrenos-na-area-do-novo-aeroporto-entra-em-vigor-este-sabado\/\",\"name\":\"Controlo de terrenos na \u00e1rea do novo aeroporto entra em vigor este s\u00e1bado - Portal Tela Portugal\",\"isPartOf\":{\"@id\":\"https:\/\/portaltela.pt\/#website\"},\"primaryImageOfPage\":{\"@id\":\"https:\/\/portaltela.pt\/noticias\/2026\/02\/20\/controlo-de-terrenos-na-area-do-novo-aeroporto-entra-em-vigor-este-sabado\/#primaryimage\"},\"image\":{\"@id\":\"https:\/\/portaltela.pt\/noticias\/2026\/02\/20\/controlo-de-terrenos-na-area-do-novo-aeroporto-entra-em-vigor-este-sabado\/#primaryimage\"},\"thumbnailUrl\":\"https:\/\/portaltela.pt\/s.01k8rhncp4jt1\/2026\/02\/tpUHdbIMAGENStypeJPGshare1oBarraFacebook_Publico-19.jpg\",\"datePublished\":\"2026-02-20T12:28:00+00:00\",\"author\":{\"@id\":\"https:\/\/portaltela.pt\/#\/schema\/person\/c4278d4a6028830caff9ee44b42d32ed\"},\"breadcrumb\":{\"@id\":\"https:\/\/portaltela.pt\/noticias\/2026\/02\/20\/controlo-de-terrenos-na-area-do-novo-aeroporto-entra-em-vigor-este-sabado\/#breadcrumb\"},\"inLanguage\":\"pt-PT\",\"potentialAction\":[{\"@type\":\"ReadAction\",\"target\":[\"https:\/\/portaltela.pt\/noticias\/2026\/02\/20\/controlo-de-terrenos-na-area-do-novo-aeroporto-entra-em-vigor-este-sabado\/\"]}]},{\"@type\":\"ImageObject\",\"inLanguage\":\"pt-PT\",\"@id\":\"https:\/\/portaltela.pt\/noticias\/2026\/02\/20\/controlo-de-terrenos-na-area-do-novo-aeroporto-entra-em-vigor-este-sabado\/#primaryimage\",\"url\":\"https:\/\/portaltela.pt\/s.01k8rhncp4jt1\/2026\/02\/tpUHdbIMAGENStypeJPGshare1oBarraFacebook_Publico-19.jpg\",\"contentUrl\":\"https:\/\/portaltela.pt\/s.01k8rhncp4jt1\/2026\/02\/tpUHdbIMAGENStypeJPGshare1oBarraFacebook_Publico-19.jpg\",\"width\":1200,\"height\":630,\"caption\":\"Novo aeroporto de Lisboa vai ser edificado no actual Campo de Tiro de Alcochete\"},{\"@type\":\"BreadcrumbList\",\"@id\":\"https:\/\/portaltela.pt\/noticias\/2026\/02\/20\/controlo-de-terrenos-na-area-do-novo-aeroporto-entra-em-vigor-este-sabado\/#breadcrumb\",\"itemListElement\":[{\"@type\":\"ListItem\",\"position\":1,\"name\":\"In\u00edcio\",\"item\":\"https:\/\/portaltela.pt\/\"},{\"@type\":\"ListItem\",\"position\":2,\"name\":\"Controlo de terrenos na \u00e1rea do novo aeroporto entra em vigor este s\u00e1bado\"}]},{\"@type\":\"WebSite\",\"@id\":\"https:\/\/portaltela.pt\/#website\",\"url\":\"https:\/\/portaltela.pt\/\",\"name\":\"Portal Tela Portugal\",\"description\":\"\",\"potentialAction\":[{\"@type\":\"SearchAction\",\"target\":{\"@type\":\"EntryPoint\",\"urlTemplate\":\"https:\/\/portaltela.pt\/?s={search_term_string}\"},\"query-input\":{\"@type\":\"PropertyValueSpecification\",\"valueRequired\":true,\"valueName\":\"search_term_string\"}}],\"inLanguage\":\"pt-PT\"},{\"@type\":\"Person\",\"@id\":\"https:\/\/portaltela.pt\/#\/schema\/person\/c4278d4a6028830caff9ee44b42d32ed\",\"name\":\"Telinha\",\"image\":{\"@type\":\"ImageObject\",\"inLanguage\":\"pt-PT\",\"@id\":\"https:\/\/portaltela.pt\/s.01k8rhncp4jt1\/2025\/11\/talking-bot-125x125.png\",\"url\":\"https:\/\/portaltela.pt\/s.01k8rhncp4jt1\/2025\/11\/talking-bot-125x125.png\",\"contentUrl\":\"https:\/\/portaltela.pt\/s.01k8rhncp4jt1\/2025\/11\/talking-bot-125x125.png\",\"caption\":\"Telinha\"},\"sameAs\":[\"https:\/\/portaltela.pt\/\"],\"url\":\"https:\/\/portaltela.pt\/por\/367410592786\/\"}]}<\/script>\n<!-- \/ Yoast SEO plugin. -->","yoast_head_json":{"title":"Controlo de terrenos na \u00e1rea do novo aeroporto entra em vigor este s\u00e1bado - Portal Tela Portugal","robots":{"index":"index","follow":"follow","max-snippet":"max-snippet:-1","max-image-preview":"max-image-preview:large","max-video-preview":"max-video-preview:-1"},"og_locale":"pt_PT","og_type":"article","og_title":"Controlo de terrenos na \u00e1rea do novo aeroporto entra em vigor este s\u00e1bado - Portal Tela Portugal","og_description":"A partir de s\u00e1bado, 21 de fevereiro, entram em vigor restri\u00e7\u00f5es \u00e0 constru\u00e7\u00e3o na \u00e1rea que envolve o novo aeroporto de Lisboa, no Campo de Tiro de Alcochete. A resolu\u00e7\u00e3o do Conselho de Ministros pretende evitar altera\u00e7\u00f5es de circunst\u00e2ncias que possam comprometer a execu\u00e7\u00e3o do Aeroporto Lu\u00eds de Cam\u00f5es e de infraestruturas associadas. As medidas preventivas v\u00e3o abranger opera\u00e7\u00f5es de loteamento, obras de urbaniza\u00e7\u00e3o, constru\u00e7\u00e3o, remodela\u00e7\u00e3o de terrenos e\/ou obras de remodela\u00e7\u00e3o, com o regime variando entre proibi\u00e7\u00e3o total e parecer vinculativo, consoante a localiza\u00e7\u00e3o. Os munic\u00edpios da \u00e1rea (Alcochete, Benavente, Coruche, Montemor-o-Novo, Montijo, Palmela e Vendas Novas) t\u00eam quinze dias \u00fateis para uma an\u00e1lise preliminar de opera\u00e7\u00f5es urban\u00edsticas que possam impactar o aeroporto, sem preju\u00edzo de indemniza\u00e7\u00f5es. O conjunto de medidas tem prazo de dois anos, prorrog\u00e1vel, e a \u00e1rea de incid\u00eancia pode ser ajustada conforme evolu\u00e7\u00e3o do projeto, sob a gest\u00e3o da ANA \u2013 Aeroportos de Portugal.","og_url":"https:\/\/portaltela.pt\/noticias\/2026\/02\/20\/controlo-de-terrenos-na-area-do-novo-aeroporto-entra-em-vigor-este-sabado\/","og_site_name":"Portal Tela Portugal","article_published_time":"2026-02-20T12:28:00+00:00","author":"Telinha","twitter_card":"summary_large_image","twitter_misc":{"Escrito por":"Telinha","Tempo estimado de leitura":"1 minuto"},"schema":{"@context":"https:\/\/schema.org","@graph":[{"@type":"Article","@id":"https:\/\/portaltela.pt\/noticias\/2026\/02\/20\/controlo-de-terrenos-na-area-do-novo-aeroporto-entra-em-vigor-este-sabado\/#article","isPartOf":{"@id":"https:\/\/portaltela.pt\/noticias\/2026\/02\/20\/controlo-de-terrenos-na-area-do-novo-aeroporto-entra-em-vigor-este-sabado\/"},"author":{"name":"Telinha","@id":"https:\/\/portaltela.pt\/#\/schema\/person\/c4278d4a6028830caff9ee44b42d32ed"},"headline":"Controlo de terrenos na \u00e1rea do novo aeroporto entra em vigor este s\u00e1bado","datePublished":"2026-02-20T12:28:00+00:00","mainEntityOfPage":{"@id":"https:\/\/portaltela.pt\/noticias\/2026\/02\/20\/controlo-de-terrenos-na-area-do-novo-aeroporto-entra-em-vigor-este-sabado\/"},"wordCount":265,"image":{"@id":"https:\/\/portaltela.pt\/noticias\/2026\/02\/20\/controlo-de-terrenos-na-area-do-novo-aeroporto-entra-em-vigor-este-sabado\/#primaryimage"},"thumbnailUrl":"https:\/\/portaltela.pt\/s.01k8rhncp4jt1\/2026\/02\/tpUHdbIMAGENStypeJPGshare1oBarraFacebook_Publico-19.jpg","keywords":["Alcochete","Coruche","Montijo","Palmela","planeamento territorial","Vendas Novas"],"articleSection":["Not\u00edcias"],"inLanguage":"pt-PT"},{"@type":"WebPage","@id":"https:\/\/portaltela.pt\/noticias\/2026\/02\/20\/controlo-de-terrenos-na-area-do-novo-aeroporto-entra-em-vigor-este-sabado\/","url":"https:\/\/portaltela.pt\/noticias\/2026\/02\/20\/controlo-de-terrenos-na-area-do-novo-aeroporto-entra-em-vigor-este-sabado\/","name":"Controlo de terrenos na \u00e1rea do novo aeroporto entra em vigor este s\u00e1bado - Portal Tela Portugal","isPartOf":{"@id":"https:\/\/portaltela.pt\/#website"},"primaryImageOfPage":{"@id":"https:\/\/portaltela.pt\/noticias\/2026\/02\/20\/controlo-de-terrenos-na-area-do-novo-aeroporto-entra-em-vigor-este-sabado\/#primaryimage"},"image":{"@id":"https:\/\/portaltela.pt\/noticias\/2026\/02\/20\/controlo-de-terrenos-na-area-do-novo-aeroporto-entra-em-vigor-este-sabado\/#primaryimage"},"thumbnailUrl":"https:\/\/portaltela.pt\/s.01k8rhncp4jt1\/2026\/02\/tpUHdbIMAGENStypeJPGshare1oBarraFacebook_Publico-19.jpg","datePublished":"2026-02-20T12:28:00+00:00","author":{"@id":"https:\/\/portaltela.pt\/#\/schema\/person\/c4278d4a6028830caff9ee44b42d32ed"},"breadcrumb":{"@id":"https:\/\/portaltela.pt\/noticias\/2026\/02\/20\/controlo-de-terrenos-na-area-do-novo-aeroporto-entra-em-vigor-este-sabado\/#breadcrumb"},"inLanguage":"pt-PT","potentialAction":[{"@type":"ReadAction","target":["https:\/\/portaltela.pt\/noticias\/2026\/02\/20\/controlo-de-terrenos-na-area-do-novo-aeroporto-entra-em-vigor-este-sabado\/"]}]},{"@type":"ImageObject","inLanguage":"pt-PT","@id":"https:\/\/portaltela.pt\/noticias\/2026\/02\/20\/controlo-de-terrenos-na-area-do-novo-aeroporto-entra-em-vigor-este-sabado\/#primaryimage","url":"https:\/\/portaltela.pt\/s.01k8rhncp4jt1\/2026\/02\/tpUHdbIMAGENStypeJPGshare1oBarraFacebook_Publico-19.jpg","contentUrl":"https:\/\/portaltela.pt\/s.01k8rhncp4jt1\/2026\/02\/tpUHdbIMAGENStypeJPGshare1oBarraFacebook_Publico-19.jpg","width":1200,"height":630,"caption":"Novo aeroporto de Lisboa vai ser edificado no actual Campo de Tiro de Alcochete"},{"@type":"BreadcrumbList","@id":"https:\/\/portaltela.pt\/noticias\/2026\/02\/20\/controlo-de-terrenos-na-area-do-novo-aeroporto-entra-em-vigor-este-sabado\/#breadcrumb","itemListElement":[{"@type":"ListItem","position":1,"name":"In\u00edcio","item":"https:\/\/portaltela.pt\/"},{"@type":"ListItem","position":2,"name":"Controlo de terrenos na \u00e1rea do novo aeroporto entra em vigor este s\u00e1bado"}]},{"@type":"WebSite","@id":"https:\/\/portaltela.pt\/#website","url":"https:\/\/portaltela.pt\/","name":"Portal Tela Portugal","description":"","potentialAction":[{"@type":"SearchAction","target":{"@type":"EntryPoint","urlTemplate":"https:\/\/portaltela.pt\/?s={search_term_string}"},"query-input":{"@type":"PropertyValueSpecification","valueRequired":true,"valueName":"search_term_string"}}],"inLanguage":"pt-PT"},{"@type":"Person","@id":"https:\/\/portaltela.pt\/#\/schema\/person\/c4278d4a6028830caff9ee44b42d32ed","name":"Telinha","image":{"@type":"ImageObject","inLanguage":"pt-PT","@id":"https:\/\/portaltela.pt\/s.01k8rhncp4jt1\/2025\/11\/talking-bot-125x125.png","url":"https:\/\/portaltela.pt\/s.01k8rhncp4jt1\/2025\/11\/talking-bot-125x125.png","contentUrl":"https:\/\/portaltela.pt\/s.01k8rhncp4jt1\/2025\/11\/talking-bot-125x125.png","caption":"Telinha"},"sameAs":["https:\/\/portaltela.pt\/"],"url":"https:\/\/portaltela.pt\/por\/367410592786\/"}]}},"_links":{"self":[{"href":"https:\/\/portaltela.pt\/api\/wp\/v2\/posts\/219066","targetHints":{"allow":["GET"]}}],"collection":[{"href":"https:\/\/portaltela.pt\/api\/wp\/v2\/posts"}],"about":[{"href":"https:\/\/portaltela.pt\/api\/wp\/v2\/types\/post"}],"author":[{"embeddable":true,"href":"https:\/\/portaltela.pt\/api\/wp\/v2\/users\/2"}],"replies":[{"embeddable":true,"href":"https:\/\/portaltela.pt\/api\/wp\/v2\/comments?post=219066"}],"version-history":[{"count":0,"href":"https:\/\/portaltela.pt\/api\/wp\/v2\/posts\/219066\/revisions"}],"wp:featuredmedia":[{"embeddable":true,"href":"https:\/\/portaltela.pt\/api\/wp\/v2\/media\/219067"}],"wp:attachment":[{"href":"https:\/\/portaltela.pt\/api\/wp\/v2\/media?parent=219066"}],"wp:term":[{"taxonomy":"category","embeddable":true,"href":"https:\/\/portaltela.pt\/api\/wp\/v2\/categories?post=219066"},{"taxonomy":"post_tag","embeddable":true,"href":"https:\/\/portaltela.pt\/api\/wp\/v2\/tags?post=219066"}],"curies":[{"name":"wp","href":"https:\/\/api.w.org\/{rel}","templated":true}]}}