{"id":219063,"date":"2026-02-20T09:44:58","date_gmt":"2026-02-20T12:44:58","guid":{"rendered":"https:\/\/portaltela.pt\/noticias\/2026\/02\/20\/mourinho-admite-dificuldade-em-gerir-emocionalmente-o-que-aconteceu\/"},"modified":"2026-02-20T09:44:58","modified_gmt":"2026-02-20T12:44:58","slug":"mourinho-admite-dificuldade-em-gerir-emocionalmente-o-que-aconteceu","status":"publish","type":"post","link":"https:\/\/portaltela.pt\/desporto\/futebol\/2026\/02\/20\/mourinho-admite-dificuldade-em-gerir-emocionalmente-o-que-aconteceu\/","title":{"rendered":"Mourinho admite dificuldade em gerir emocionalmente o que aconteceu"},"content":{"rendered":"<p>Jos\u00e9 Mourinho revelou, em exclusivo \u00e0 BTV, a antevis\u00e3o ao encontro com o AVS SAD. O treinador do Benfica afirmou que n\u00e3o tem sido f\u00e1cil gerir emocionalmente toda a situa\u00e7\u00e3o em torno da pol\u00e9mica envolvendo Gianluca Prestianni.<\/p>\n<p>O cl\u00e1ssico trabalho de prepara\u00e7\u00e3o para o jogo foi prioridade, numa altura em que o clube encara uma poss\u00edvel press\u00e3o externa. Mourinho reconheceu o impacto emocional das recentes situa\u00e7\u00f5es vividas pela equipa e pelo jogador.<\/p>\n<p>A entrevista foi veiculada na sexta-feira pela opera\u00e7\u00e3o de transmiss\u00e3o do clube, com foco no desempenho da equipa para a prova seguinte. O advers\u00e1rio encontra-se no calend\u00e1rio, num registo competitivo determinante.<\/p>\n<h3>Controv\u00e9rsia em torno de Gianluca Prestianni<\/h3>\n<p>A tens\u00e3o associada a Gianluca Prestianni tem marcado as comunica\u00e7\u00f5es da equipa nas \u00faltimas semanas, influenciando o clima de grupo e a vaga de escolhas para o encontro com o AVS SAD. A gest\u00e3o emocional permanece a prioridade nos planos da equipa t\u00e9cnica.<\/p>\n","protected":false},"excerpt":{"rendered":"<ul>\n<li>Jos\u00e9 Mourinho antecipou, em exclusivo \u00e0 BTV, o duelo entre o Benfica e o AVS SAD.<\/li>\n<li>O treinador falou sobre a prepara\u00e7\u00e3o para o jogo durante a entrevista ao canal do clube.<\/li>\n<li>Disse que &#8220;n\u00e3o tem sido f\u00e1cil gerir emocionalmente tudo o que aconteceu e continua a acontecer&#8221; em volta da pol\u00e9mica envolvendo Gianluca Prestianni.<\/li>\n<li>A conversa centra-se na novela relacionada com o jovem jogador, conforme o contexto da not\u00edcia.<\/li>\n<li>A not\u00edcia n\u00e3o apresenta conclus\u00f5es adicionais, limitando-se a relatar as declara\u00e7\u00f5es do t\u00e9cnico e a antevis\u00e3o do encontro.<\/li>\n<\/ul>\n","protected":false},"author":2,"featured_media":219065,"comment_status":"closed","ping_status":"closed","sticky":false,"template":"","format":"standard","meta":{"footnotes":""},"categories":[21,24],"tags":[1984,1946,152,32,6031,2138],"class_list":["post-219063","post","type-post","status-publish","format-standard","has-post-thumbnail","hentry","category-desporto","category-futebol","tag-avs-sad","tag-benfica","tag-desporto","tag-futebol","tag-gianluca-prestianni","tag-jose-mourinho"],"yoast_head":"<!-- This site is optimized with the Yoast SEO plugin v27.2 - https:\/\/yoast.com\/product\/yoast-seo-wordpress\/ -->\n<title>Mourinho admite dificuldade em gerir emocionalmente o que aconteceu - Portal Tela Portugal<\/title>\n<meta name=\"robots\" content=\"index, follow, max-snippet:-1, max-image-preview:large, max-video-preview:-1\" \/>\n<meta property=\"og:locale\" content=\"pt_PT\" \/>\n<meta property=\"og:type\" content=\"article\" \/>\n<meta property=\"og:title\" content=\"Mourinho admite dificuldade em gerir emocionalmente o que aconteceu - Portal Tela Portugal\" \/>\n<meta property=\"og:description\" content=\"Jos\u00e9 Mourinho antecipou, em exclusivo \u00e0 BTV, o duelo entre o Benfica e o AVS SAD. O treinador falou sobre a prepara\u00e7\u00e3o para o jogo durante a entrevista ao canal do clube. Disse que &quot;n\u00e3o tem sido f\u00e1cil gerir emocionalmente tudo o que aconteceu e continua a acontecer&quot; em volta da pol\u00e9mica envolvendo Gianluca Prestianni. A conversa centra-se na novela relacionada com o jovem jogador, conforme o contexto da not\u00edcia. A not\u00edcia n\u00e3o apresenta conclus\u00f5es adicionais, limitando-se a relatar as declara\u00e7\u00f5es do t\u00e9cnico e a antevis\u00e3o do encontro.\" \/>\n<meta property=\"og:url\" content=\"https:\/\/portaltela.pt\/noticias\/2026\/02\/20\/mourinho-admite-dificuldade-em-gerir-emocionalmente-o-que-aconteceu\/\" \/>\n<meta property=\"og:site_name\" content=\"Portal Tela Portugal\" \/>\n<meta property=\"article:published_time\" content=\"2026-02-20T12:44:58+00:00\" \/>\n<meta name=\"author\" content=\"Telinha\" \/>\n<meta name=\"twitter:card\" content=\"summary_large_image\" \/>\n<meta name=\"twitter:label1\" content=\"Escrito por\" \/>\n\t<meta name=\"twitter:data1\" content=\"Telinha\" \/>\n\t<meta name=\"twitter:label2\" content=\"Tempo estimado de leitura\" \/>\n\t<meta name=\"twitter:data2\" content=\"1 minuto\" \/>\n<script type=\"application\/ld+json\" class=\"yoast-schema-graph\">{\"@context\":\"https:\/\/schema.org\",\"@graph\":[{\"@type\":\"Article\",\"@id\":\"https:\/\/portaltela.pt\/noticias\/2026\/02\/20\/mourinho-admite-dificuldade-em-gerir-emocionalmente-o-que-aconteceu\/#article\",\"isPartOf\":{\"@id\":\"https:\/\/portaltela.pt\/noticias\/2026\/02\/20\/mourinho-admite-dificuldade-em-gerir-emocionalmente-o-que-aconteceu\/\"},\"author\":{\"name\":\"Telinha\",\"@id\":\"https:\/\/portaltela.pt\/#\/schema\/person\/c4278d4a6028830caff9ee44b42d32ed\"},\"headline\":\"Mourinho admite dificuldade em gerir emocionalmente o que aconteceu\",\"datePublished\":\"2026-02-20T12:44:58+00:00\",\"mainEntityOfPage\":{\"@id\":\"https:\/\/portaltela.pt\/noticias\/2026\/02\/20\/mourinho-admite-dificuldade-em-gerir-emocionalmente-o-que-aconteceu\/\"},\"wordCount\":179,\"image\":{\"@id\":\"https:\/\/portaltela.pt\/noticias\/2026\/02\/20\/mourinho-admite-dificuldade-em-gerir-emocionalmente-o-que-aconteceu\/#primaryimage\"},\"thumbnailUrl\":\"https:\/\/portaltela.pt\/s.01k8rhncp4jt1\/2026\/02\/img_293x165uu2026-02-20-12-43-51-2422693.jpg\",\"keywords\":[\"AVS SAD\",\"Benfica\",\"desporto\",\"futebol\",\"Gianluca Prestianni\",\"Jos\u00e9 Mourinho\"],\"articleSection\":[\"Desporto\",\"Futebol\"],\"inLanguage\":\"pt-PT\"},{\"@type\":\"WebPage\",\"@id\":\"https:\/\/portaltela.pt\/noticias\/2026\/02\/20\/mourinho-admite-dificuldade-em-gerir-emocionalmente-o-que-aconteceu\/\",\"url\":\"https:\/\/portaltela.pt\/noticias\/2026\/02\/20\/mourinho-admite-dificuldade-em-gerir-emocionalmente-o-que-aconteceu\/\",\"name\":\"Mourinho admite dificuldade em gerir emocionalmente o que aconteceu - Portal Tela Portugal\",\"isPartOf\":{\"@id\":\"https:\/\/portaltela.pt\/#website\"},\"primaryImageOfPage\":{\"@id\":\"https:\/\/portaltela.pt\/noticias\/2026\/02\/20\/mourinho-admite-dificuldade-em-gerir-emocionalmente-o-que-aconteceu\/#primaryimage\"},\"image\":{\"@id\":\"https:\/\/portaltela.pt\/noticias\/2026\/02\/20\/mourinho-admite-dificuldade-em-gerir-emocionalmente-o-que-aconteceu\/#primaryimage\"},\"thumbnailUrl\":\"https:\/\/portaltela.pt\/s.01k8rhncp4jt1\/2026\/02\/img_293x165uu2026-02-20-12-43-51-2422693.jpg\",\"datePublished\":\"2026-02-20T12:44:58+00:00\",\"author\":{\"@id\":\"https:\/\/portaltela.pt\/#\/schema\/person\/c4278d4a6028830caff9ee44b42d32ed\"},\"breadcrumb\":{\"@id\":\"https:\/\/portaltela.pt\/noticias\/2026\/02\/20\/mourinho-admite-dificuldade-em-gerir-emocionalmente-o-que-aconteceu\/#breadcrumb\"},\"inLanguage\":\"pt-PT\",\"potentialAction\":[{\"@type\":\"ReadAction\",\"target\":[\"https:\/\/portaltela.pt\/noticias\/2026\/02\/20\/mourinho-admite-dificuldade-em-gerir-emocionalmente-o-que-aconteceu\/\"]}]},{\"@type\":\"ImageObject\",\"inLanguage\":\"pt-PT\",\"@id\":\"https:\/\/portaltela.pt\/noticias\/2026\/02\/20\/mourinho-admite-dificuldade-em-gerir-emocionalmente-o-que-aconteceu\/#primaryimage\",\"url\":\"https:\/\/portaltela.pt\/s.01k8rhncp4jt1\/2026\/02\/img_293x165uu2026-02-20-12-43-51-2422693.jpg\",\"contentUrl\":\"https:\/\/portaltela.pt\/s.01k8rhncp4jt1\/2026\/02\/img_293x165uu2026-02-20-12-43-51-2422693.jpg\",\"width\":796,\"height\":448,\"caption\":\"Mourinho: \u00abN\u00e3o tem sido f\u00e1cil gerir emocionalmente tudo o que aconteceu e continua a acontecer\u00bb\"},{\"@type\":\"BreadcrumbList\",\"@id\":\"https:\/\/portaltela.pt\/noticias\/2026\/02\/20\/mourinho-admite-dificuldade-em-gerir-emocionalmente-o-que-aconteceu\/#breadcrumb\",\"itemListElement\":[{\"@type\":\"ListItem\",\"position\":1,\"name\":\"In\u00edcio\",\"item\":\"https:\/\/portaltela.pt\/\"},{\"@type\":\"ListItem\",\"position\":2,\"name\":\"Mourinho admite dificuldade em gerir emocionalmente o que aconteceu\"}]},{\"@type\":\"WebSite\",\"@id\":\"https:\/\/portaltela.pt\/#website\",\"url\":\"https:\/\/portaltela.pt\/\",\"name\":\"Portal Tela Portugal\",\"description\":\"\",\"potentialAction\":[{\"@type\":\"SearchAction\",\"target\":{\"@type\":\"EntryPoint\",\"urlTemplate\":\"https:\/\/portaltela.pt\/?s={search_term_string}\"},\"query-input\":{\"@type\":\"PropertyValueSpecification\",\"valueRequired\":true,\"valueName\":\"search_term_string\"}}],\"inLanguage\":\"pt-PT\"},{\"@type\":\"Person\",\"@id\":\"https:\/\/portaltela.pt\/#\/schema\/person\/c4278d4a6028830caff9ee44b42d32ed\",\"name\":\"Telinha\",\"image\":{\"@type\":\"ImageObject\",\"inLanguage\":\"pt-PT\",\"@id\":\"https:\/\/portaltela.pt\/s.01k8rhncp4jt1\/2025\/11\/talking-bot-125x125.png\",\"url\":\"https:\/\/portaltela.pt\/s.01k8rhncp4jt1\/2025\/11\/talking-bot-125x125.png\",\"contentUrl\":\"https:\/\/portaltela.pt\/s.01k8rhncp4jt1\/2025\/11\/talking-bot-125x125.png\",\"caption\":\"Telinha\"},\"sameAs\":[\"https:\/\/portaltela.pt\/\"],\"url\":\"https:\/\/portaltela.pt\/por\/367410592786\/\"}]}<\/script>\n<!-- \/ Yoast SEO plugin. -->","yoast_head_json":{"title":"Mourinho admite dificuldade em gerir emocionalmente o que aconteceu - Portal Tela Portugal","robots":{"index":"index","follow":"follow","max-snippet":"max-snippet:-1","max-image-preview":"max-image-preview:large","max-video-preview":"max-video-preview:-1"},"og_locale":"pt_PT","og_type":"article","og_title":"Mourinho admite dificuldade em gerir emocionalmente o que aconteceu - Portal Tela Portugal","og_description":"Jos\u00e9 Mourinho antecipou, em exclusivo \u00e0 BTV, o duelo entre o Benfica e o AVS SAD. O treinador falou sobre a prepara\u00e7\u00e3o para o jogo durante a entrevista ao canal do clube. Disse que \"n\u00e3o tem sido f\u00e1cil gerir emocionalmente tudo o que aconteceu e continua a acontecer\" em volta da pol\u00e9mica envolvendo Gianluca Prestianni. A conversa centra-se na novela relacionada com o jovem jogador, conforme o contexto da not\u00edcia. A not\u00edcia n\u00e3o apresenta conclus\u00f5es adicionais, limitando-se a relatar as declara\u00e7\u00f5es do t\u00e9cnico e a antevis\u00e3o do encontro.","og_url":"https:\/\/portaltela.pt\/noticias\/2026\/02\/20\/mourinho-admite-dificuldade-em-gerir-emocionalmente-o-que-aconteceu\/","og_site_name":"Portal Tela Portugal","article_published_time":"2026-02-20T12:44:58+00:00","author":"Telinha","twitter_card":"summary_large_image","twitter_misc":{"Escrito por":"Telinha","Tempo estimado de leitura":"1 minuto"},"schema":{"@context":"https:\/\/schema.org","@graph":[{"@type":"Article","@id":"https:\/\/portaltela.pt\/noticias\/2026\/02\/20\/mourinho-admite-dificuldade-em-gerir-emocionalmente-o-que-aconteceu\/#article","isPartOf":{"@id":"https:\/\/portaltela.pt\/noticias\/2026\/02\/20\/mourinho-admite-dificuldade-em-gerir-emocionalmente-o-que-aconteceu\/"},"author":{"name":"Telinha","@id":"https:\/\/portaltela.pt\/#\/schema\/person\/c4278d4a6028830caff9ee44b42d32ed"},"headline":"Mourinho admite dificuldade em gerir emocionalmente o que aconteceu","datePublished":"2026-02-20T12:44:58+00:00","mainEntityOfPage":{"@id":"https:\/\/portaltela.pt\/noticias\/2026\/02\/20\/mourinho-admite-dificuldade-em-gerir-emocionalmente-o-que-aconteceu\/"},"wordCount":179,"image":{"@id":"https:\/\/portaltela.pt\/noticias\/2026\/02\/20\/mourinho-admite-dificuldade-em-gerir-emocionalmente-o-que-aconteceu\/#primaryimage"},"thumbnailUrl":"https:\/\/portaltela.pt\/s.01k8rhncp4jt1\/2026\/02\/img_293x165uu2026-02-20-12-43-51-2422693.jpg","keywords":["AVS SAD","Benfica","desporto","futebol","Gianluca Prestianni","Jos\u00e9 Mourinho"],"articleSection":["Desporto","Futebol"],"inLanguage":"pt-PT"},{"@type":"WebPage","@id":"https:\/\/portaltela.pt\/noticias\/2026\/02\/20\/mourinho-admite-dificuldade-em-gerir-emocionalmente-o-que-aconteceu\/","url":"https:\/\/portaltela.pt\/noticias\/2026\/02\/20\/mourinho-admite-dificuldade-em-gerir-emocionalmente-o-que-aconteceu\/","name":"Mourinho admite dificuldade em gerir emocionalmente o que aconteceu - Portal Tela Portugal","isPartOf":{"@id":"https:\/\/portaltela.pt\/#website"},"primaryImageOfPage":{"@id":"https:\/\/portaltela.pt\/noticias\/2026\/02\/20\/mourinho-admite-dificuldade-em-gerir-emocionalmente-o-que-aconteceu\/#primaryimage"},"image":{"@id":"https:\/\/portaltela.pt\/noticias\/2026\/02\/20\/mourinho-admite-dificuldade-em-gerir-emocionalmente-o-que-aconteceu\/#primaryimage"},"thumbnailUrl":"https:\/\/portaltela.pt\/s.01k8rhncp4jt1\/2026\/02\/img_293x165uu2026-02-20-12-43-51-2422693.jpg","datePublished":"2026-02-20T12:44:58+00:00","author":{"@id":"https:\/\/portaltela.pt\/#\/schema\/person\/c4278d4a6028830caff9ee44b42d32ed"},"breadcrumb":{"@id":"https:\/\/portaltela.pt\/noticias\/2026\/02\/20\/mourinho-admite-dificuldade-em-gerir-emocionalmente-o-que-aconteceu\/#breadcrumb"},"inLanguage":"pt-PT","potentialAction":[{"@type":"ReadAction","target":["https:\/\/portaltela.pt\/noticias\/2026\/02\/20\/mourinho-admite-dificuldade-em-gerir-emocionalmente-o-que-aconteceu\/"]}]},{"@type":"ImageObject","inLanguage":"pt-PT","@id":"https:\/\/portaltela.pt\/noticias\/2026\/02\/20\/mourinho-admite-dificuldade-em-gerir-emocionalmente-o-que-aconteceu\/#primaryimage","url":"https:\/\/portaltela.pt\/s.01k8rhncp4jt1\/2026\/02\/img_293x165uu2026-02-20-12-43-51-2422693.jpg","contentUrl":"https:\/\/portaltela.pt\/s.01k8rhncp4jt1\/2026\/02\/img_293x165uu2026-02-20-12-43-51-2422693.jpg","width":796,"height":448,"caption":"Mourinho: \u00abN\u00e3o tem sido f\u00e1cil gerir emocionalmente tudo o que aconteceu e continua a acontecer\u00bb"},{"@type":"BreadcrumbList","@id":"https:\/\/portaltela.pt\/noticias\/2026\/02\/20\/mourinho-admite-dificuldade-em-gerir-emocionalmente-o-que-aconteceu\/#breadcrumb","itemListElement":[{"@type":"ListItem","position":1,"name":"In\u00edcio","item":"https:\/\/portaltela.pt\/"},{"@type":"ListItem","position":2,"name":"Mourinho admite dificuldade em gerir emocionalmente o que aconteceu"}]},{"@type":"WebSite","@id":"https:\/\/portaltela.pt\/#website","url":"https:\/\/portaltela.pt\/","name":"Portal Tela Portugal","description":"","potentialAction":[{"@type":"SearchAction","target":{"@type":"EntryPoint","urlTemplate":"https:\/\/portaltela.pt\/?s={search_term_string}"},"query-input":{"@type":"PropertyValueSpecification","valueRequired":true,"valueName":"search_term_string"}}],"inLanguage":"pt-PT"},{"@type":"Person","@id":"https:\/\/portaltela.pt\/#\/schema\/person\/c4278d4a6028830caff9ee44b42d32ed","name":"Telinha","image":{"@type":"ImageObject","inLanguage":"pt-PT","@id":"https:\/\/portaltela.pt\/s.01k8rhncp4jt1\/2025\/11\/talking-bot-125x125.png","url":"https:\/\/portaltela.pt\/s.01k8rhncp4jt1\/2025\/11\/talking-bot-125x125.png","contentUrl":"https:\/\/portaltela.pt\/s.01k8rhncp4jt1\/2025\/11\/talking-bot-125x125.png","caption":"Telinha"},"sameAs":["https:\/\/portaltela.pt\/"],"url":"https:\/\/portaltela.pt\/por\/367410592786\/"}]}},"_links":{"self":[{"href":"https:\/\/portaltela.pt\/api\/wp\/v2\/posts\/219063","targetHints":{"allow":["GET"]}}],"collection":[{"href":"https:\/\/portaltela.pt\/api\/wp\/v2\/posts"}],"about":[{"href":"https:\/\/portaltela.pt\/api\/wp\/v2\/types\/post"}],"author":[{"embeddable":true,"href":"https:\/\/portaltela.pt\/api\/wp\/v2\/users\/2"}],"replies":[{"embeddable":true,"href":"https:\/\/portaltela.pt\/api\/wp\/v2\/comments?post=219063"}],"version-history":[{"count":0,"href":"https:\/\/portaltela.pt\/api\/wp\/v2\/posts\/219063\/revisions"}],"wp:featuredmedia":[{"embeddable":true,"href":"https:\/\/portaltela.pt\/api\/wp\/v2\/media\/219065"}],"wp:attachment":[{"href":"https:\/\/portaltela.pt\/api\/wp\/v2\/media?parent=219063"}],"wp:term":[{"taxonomy":"category","embeddable":true,"href":"https:\/\/portaltela.pt\/api\/wp\/v2\/categories?post=219063"},{"taxonomy":"post_tag","embeddable":true,"href":"https:\/\/portaltela.pt\/api\/wp\/v2\/tags?post=219063"}],"curies":[{"name":"wp","href":"https:\/\/api.w.org\/{rel}","templated":true}]}}