{"id":219048,"date":"2026-02-20T09:31:46","date_gmt":"2026-02-20T12:31:46","guid":{"rendered":"https:\/\/portaltela.pt\/noticias\/2026\/02\/20\/ladrao-fica-preso-nove-horas-no-cofre-de-banco-e-detido-em-milao\/"},"modified":"2026-02-20T09:31:46","modified_gmt":"2026-02-20T12:31:46","slug":"ladrao-fica-preso-nove-horas-no-cofre-de-banco-e-detido-em-milao","status":"publish","type":"post","link":"https:\/\/portaltela.pt\/noticias\/2026\/02\/20\/ladrao-fica-preso-nove-horas-no-cofre-de-banco-e-detido-em-milao\/","title":{"rendered":"Ladr\u00e3o fica preso nove horas no cofre de banco e detido em Mil\u00e3o"},"content":{"rendered":"<p>O caso ocorreu em Mil\u00e3o, na zona da Viale Certosa, numa ag\u00eancia do UniCredit. Um jovem de 24 anos, de origem bengali, ficou preso dentro do cofre durante nove horas ap\u00f3s tentar arrombar os cofres. A interven\u00e7\u00e3o dos bombeiros foi necess\u00e1ria para libert\u00e1-lo, devido a um obst\u00e1culo t\u00e9cnico.<\/p>\n<p>O alarme disparou quando a equipa de seguran\u00e7a privada, monitorizando as imagens, identificou o suspeito no interior das instala\u00e7\u00f5es blindadas. A pol\u00edcia iniciou de imediato a deten\u00e7\u00e3o do indiv\u00edduo, que entrou no banco aproveitando o hor\u00e1rio de abertura ao p\u00fablico para chegar \u00e0 \u00e1rea do cofre.<\/p>\n<p>A liberta\u00e7\u00e3o s\u00f3 foi poss\u00edvel com a interven\u00e7\u00e3o dos bombeiros, pois o acesso ao local estava bloqueado. As chaves para abrir o cofre ficavam dentro de um outro cofre com fechadura temporizada, ativada apenas \u00e0s 8:00 da manh\u00e3 seguinte.<\/p>\n<p>Durante o resgate, os socorristas tiveram que arrombar o cofre para aceder \u00e0s chaves. O suspeito foi retirado em seguran\u00e7a e, na altura da deten\u00e7\u00e3o, encontrava-se em boas condi\u00e7\u00f5es de sa\u00fade.<\/p>\n<p>O UniCredit confirmou a intrus\u00e3o e reiterou que o sistema de alarme funcionou corretamente, permitindo uma resposta r\u00e1pida. A institui\u00e7\u00e3o destacou que os procedimentos visaram a prote\u00e7\u00e3o de bens e a integridade f\u00edsica do intruso. O banco est\u00e1 a colaborar com as autoridades para esclarecer o incidente.<\/p>\n","protected":false},"excerpt":{"rendered":"<ul>\n<li>Um jovem de 24 anos de origem bengali foi detido em Mil\u00e3o, sob acusa\u00e7\u00e3o de tentativa de roubo agravado, ap\u00f3s ficar nove horas preso no cofre de uma ag\u00eancia do UniCredit na Viale Certosa, entre quinta e sexta-feira.<\/li>\n<li>Os alarme disparou quando funcion\u00e1rios de seguran\u00e7a monitorizando a videovigil\u00e2ncia identificaram o homem enquanto tentava arrombar os cofres no interior das instala\u00e7\u00f5es blindadas.<\/li>\n<li>A deten\u00e7\u00e3o ocorreu rapidamente, j\u00e1 que o suspeito tinha aproveitado o hor\u00e1rio de abertura ao p\u00fablico para aceder \u00e0 zona do cofre.<\/li>\n<li>A liberta\u00e7\u00e3o exigiu bombeiros, pois as chaves estavam dentro de um cofre com fechadura temporizada, cuja ativa\u00e7\u00e3o estava programada apenas para as oito da manh\u00e3 seguinte.<\/li>\n<li>O homem foi considerado em boas condi\u00e7\u00f5es de sa\u00fade no momento da deten\u00e7\u00e3o; o UniCredit confirmou o funcionamento do sistema de alarme e anunciou total colabora\u00e7\u00e3o com as autoridades.<\/li>\n<\/ul>\n","protected":false},"author":2,"featured_media":219050,"comment_status":"closed","ping_status":"closed","sticky":false,"template":"","format":"standard","meta":{"footnotes":""},"categories":[1],"tags":[4994,971,424,3418,4343,4536],"class_list":["post-219048","post","type-post","status-publish","format-standard","has-post-thumbnail","hentry","category-noticias","tag-arrombamento","tag-bombeiros","tag-furto","tag-policia-de-seguranca-publica","tag-prisoes","tag-seguranca"],"yoast_head":"<!-- This site is optimized with the Yoast SEO plugin v27.2 - https:\/\/yoast.com\/product\/yoast-seo-wordpress\/ -->\n<title>Ladr\u00e3o fica preso nove horas no cofre de banco e detido em Mil\u00e3o - Portal Tela Portugal<\/title>\n<meta name=\"robots\" content=\"index, follow, max-snippet:-1, max-image-preview:large, max-video-preview:-1\" \/>\n<meta property=\"og:locale\" content=\"pt_PT\" \/>\n<meta property=\"og:type\" content=\"article\" \/>\n<meta property=\"og:title\" content=\"Ladr\u00e3o fica preso nove horas no cofre de banco e detido em Mil\u00e3o - Portal Tela Portugal\" \/>\n<meta property=\"og:description\" content=\"Um jovem de 24 anos de origem bengali foi detido em Mil\u00e3o, sob acusa\u00e7\u00e3o de tentativa de roubo agravado, ap\u00f3s ficar nove horas preso no cofre de uma ag\u00eancia do UniCredit na Viale Certosa, entre quinta e sexta-feira. Os alarme disparou quando funcion\u00e1rios de seguran\u00e7a monitorizando a videovigil\u00e2ncia identificaram o homem enquanto tentava arrombar os cofres no interior das instala\u00e7\u00f5es blindadas. A deten\u00e7\u00e3o ocorreu rapidamente, j\u00e1 que o suspeito tinha aproveitado o hor\u00e1rio de abertura ao p\u00fablico para aceder \u00e0 zona do cofre. A liberta\u00e7\u00e3o exigiu bombeiros, pois as chaves estavam dentro de um cofre com fechadura temporizada, cuja ativa\u00e7\u00e3o estava programada apenas para as oito da manh\u00e3 seguinte. O homem foi considerado em boas condi\u00e7\u00f5es de sa\u00fade no momento da deten\u00e7\u00e3o; o UniCredit confirmou o funcionamento do sistema de alarme e anunciou total colabora\u00e7\u00e3o com as autoridades.\" \/>\n<meta property=\"og:url\" content=\"https:\/\/portaltela.pt\/noticias\/2026\/02\/20\/ladrao-fica-preso-nove-horas-no-cofre-de-banco-e-detido-em-milao\/\" \/>\n<meta property=\"og:site_name\" content=\"Portal Tela Portugal\" \/>\n<meta property=\"article:published_time\" content=\"2026-02-20T12:31:46+00:00\" \/>\n<meta name=\"author\" content=\"Telinha\" \/>\n<meta name=\"twitter:card\" content=\"summary_large_image\" \/>\n<meta name=\"twitter:label1\" content=\"Escrito por\" \/>\n\t<meta name=\"twitter:data1\" content=\"Telinha\" \/>\n\t<meta name=\"twitter:label2\" content=\"Tempo estimado de leitura\" \/>\n\t<meta name=\"twitter:data2\" content=\"1 minuto\" \/>\n<script type=\"application\/ld+json\" class=\"yoast-schema-graph\">{\"@context\":\"https:\/\/schema.org\",\"@graph\":[{\"@type\":\"Article\",\"@id\":\"https:\/\/portaltela.pt\/noticias\/2026\/02\/20\/ladrao-fica-preso-nove-horas-no-cofre-de-banco-e-detido-em-milao\/#article\",\"isPartOf\":{\"@id\":\"https:\/\/portaltela.pt\/noticias\/2026\/02\/20\/ladrao-fica-preso-nove-horas-no-cofre-de-banco-e-detido-em-milao\/\"},\"author\":{\"name\":\"Telinha\",\"@id\":\"https:\/\/portaltela.pt\/#\/schema\/person\/c4278d4a6028830caff9ee44b42d32ed\"},\"headline\":\"Ladr\u00e3o fica preso nove horas no cofre de banco e detido em Mil\u00e3o\",\"datePublished\":\"2026-02-20T12:31:46+00:00\",\"mainEntityOfPage\":{\"@id\":\"https:\/\/portaltela.pt\/noticias\/2026\/02\/20\/ladrao-fica-preso-nove-horas-no-cofre-de-banco-e-detido-em-milao\/\"},\"wordCount\":250,\"image\":{\"@id\":\"https:\/\/portaltela.pt\/noticias\/2026\/02\/20\/ladrao-fica-preso-nove-horas-no-cofre-de-banco-e-detido-em-milao\/#primaryimage\"},\"thumbnailUrl\":\"https:\/\/portaltela.pt\/s.01k8rhncp4jt1\/2026\/02\/1536x864_cmsv2_88d39dff-4de4-5e4c-af58-ac902b543e83-9659119.jpg\",\"keywords\":[\"arrombamento\",\"bombeiros\",\"furto\",\"Pol\u00edcia de Seguran\u00e7a P\u00fablica\",\"pris\u00f5es\",\"seguran\u00e7a\"],\"articleSection\":[\"Not\u00edcias\"],\"inLanguage\":\"pt-PT\"},{\"@type\":\"WebPage\",\"@id\":\"https:\/\/portaltela.pt\/noticias\/2026\/02\/20\/ladrao-fica-preso-nove-horas-no-cofre-de-banco-e-detido-em-milao\/\",\"url\":\"https:\/\/portaltela.pt\/noticias\/2026\/02\/20\/ladrao-fica-preso-nove-horas-no-cofre-de-banco-e-detido-em-milao\/\",\"name\":\"Ladr\u00e3o fica preso nove horas no cofre de banco e detido em Mil\u00e3o - Portal Tela Portugal\",\"isPartOf\":{\"@id\":\"https:\/\/portaltela.pt\/#website\"},\"primaryImageOfPage\":{\"@id\":\"https:\/\/portaltela.pt\/noticias\/2026\/02\/20\/ladrao-fica-preso-nove-horas-no-cofre-de-banco-e-detido-em-milao\/#primaryimage\"},\"image\":{\"@id\":\"https:\/\/portaltela.pt\/noticias\/2026\/02\/20\/ladrao-fica-preso-nove-horas-no-cofre-de-banco-e-detido-em-milao\/#primaryimage\"},\"thumbnailUrl\":\"https:\/\/portaltela.pt\/s.01k8rhncp4jt1\/2026\/02\/1536x864_cmsv2_88d39dff-4de4-5e4c-af58-ac902b543e83-9659119.jpg\",\"datePublished\":\"2026-02-20T12:31:46+00:00\",\"author\":{\"@id\":\"https:\/\/portaltela.pt\/#\/schema\/person\/c4278d4a6028830caff9ee44b42d32ed\"},\"breadcrumb\":{\"@id\":\"https:\/\/portaltela.pt\/noticias\/2026\/02\/20\/ladrao-fica-preso-nove-horas-no-cofre-de-banco-e-detido-em-milao\/#breadcrumb\"},\"inLanguage\":\"pt-PT\",\"potentialAction\":[{\"@type\":\"ReadAction\",\"target\":[\"https:\/\/portaltela.pt\/noticias\/2026\/02\/20\/ladrao-fica-preso-nove-horas-no-cofre-de-banco-e-detido-em-milao\/\"]}]},{\"@type\":\"ImageObject\",\"inLanguage\":\"pt-PT\",\"@id\":\"https:\/\/portaltela.pt\/noticias\/2026\/02\/20\/ladrao-fica-preso-nove-horas-no-cofre-de-banco-e-detido-em-milao\/#primaryimage\",\"url\":\"https:\/\/portaltela.pt\/s.01k8rhncp4jt1\/2026\/02\/1536x864_cmsv2_88d39dff-4de4-5e4c-af58-ac902b543e83-9659119.jpg\",\"contentUrl\":\"https:\/\/portaltela.pt\/s.01k8rhncp4jt1\/2026\/02\/1536x864_cmsv2_88d39dff-4de4-5e4c-af58-ac902b543e83-9659119.jpg\",\"width\":1536,\"height\":864,\"caption\":\"Sede de um banco Unicredit, imagem de arquivo\"},{\"@type\":\"BreadcrumbList\",\"@id\":\"https:\/\/portaltela.pt\/noticias\/2026\/02\/20\/ladrao-fica-preso-nove-horas-no-cofre-de-banco-e-detido-em-milao\/#breadcrumb\",\"itemListElement\":[{\"@type\":\"ListItem\",\"position\":1,\"name\":\"In\u00edcio\",\"item\":\"https:\/\/portaltela.pt\/\"},{\"@type\":\"ListItem\",\"position\":2,\"name\":\"Ladr\u00e3o fica preso nove horas no cofre de banco e detido em Mil\u00e3o\"}]},{\"@type\":\"WebSite\",\"@id\":\"https:\/\/portaltela.pt\/#website\",\"url\":\"https:\/\/portaltela.pt\/\",\"name\":\"Portal Tela Portugal\",\"description\":\"\",\"potentialAction\":[{\"@type\":\"SearchAction\",\"target\":{\"@type\":\"EntryPoint\",\"urlTemplate\":\"https:\/\/portaltela.pt\/?s={search_term_string}\"},\"query-input\":{\"@type\":\"PropertyValueSpecification\",\"valueRequired\":true,\"valueName\":\"search_term_string\"}}],\"inLanguage\":\"pt-PT\"},{\"@type\":\"Person\",\"@id\":\"https:\/\/portaltela.pt\/#\/schema\/person\/c4278d4a6028830caff9ee44b42d32ed\",\"name\":\"Telinha\",\"image\":{\"@type\":\"ImageObject\",\"inLanguage\":\"pt-PT\",\"@id\":\"https:\/\/portaltela.pt\/s.01k8rhncp4jt1\/2025\/11\/talking-bot-125x125.png\",\"url\":\"https:\/\/portaltela.pt\/s.01k8rhncp4jt1\/2025\/11\/talking-bot-125x125.png\",\"contentUrl\":\"https:\/\/portaltela.pt\/s.01k8rhncp4jt1\/2025\/11\/talking-bot-125x125.png\",\"caption\":\"Telinha\"},\"sameAs\":[\"https:\/\/portaltela.pt\/\"],\"url\":\"https:\/\/portaltela.pt\/por\/367410592786\/\"}]}<\/script>\n<!-- \/ Yoast SEO plugin. -->","yoast_head_json":{"title":"Ladr\u00e3o fica preso nove horas no cofre de banco e detido em Mil\u00e3o - Portal Tela Portugal","robots":{"index":"index","follow":"follow","max-snippet":"max-snippet:-1","max-image-preview":"max-image-preview:large","max-video-preview":"max-video-preview:-1"},"og_locale":"pt_PT","og_type":"article","og_title":"Ladr\u00e3o fica preso nove horas no cofre de banco e detido em Mil\u00e3o - Portal Tela Portugal","og_description":"Um jovem de 24 anos de origem bengali foi detido em Mil\u00e3o, sob acusa\u00e7\u00e3o de tentativa de roubo agravado, ap\u00f3s ficar nove horas preso no cofre de uma ag\u00eancia do UniCredit na Viale Certosa, entre quinta e sexta-feira. Os alarme disparou quando funcion\u00e1rios de seguran\u00e7a monitorizando a videovigil\u00e2ncia identificaram o homem enquanto tentava arrombar os cofres no interior das instala\u00e7\u00f5es blindadas. A deten\u00e7\u00e3o ocorreu rapidamente, j\u00e1 que o suspeito tinha aproveitado o hor\u00e1rio de abertura ao p\u00fablico para aceder \u00e0 zona do cofre. A liberta\u00e7\u00e3o exigiu bombeiros, pois as chaves estavam dentro de um cofre com fechadura temporizada, cuja ativa\u00e7\u00e3o estava programada apenas para as oito da manh\u00e3 seguinte. O homem foi considerado em boas condi\u00e7\u00f5es de sa\u00fade no momento da deten\u00e7\u00e3o; o UniCredit confirmou o funcionamento do sistema de alarme e anunciou total colabora\u00e7\u00e3o com as autoridades.","og_url":"https:\/\/portaltela.pt\/noticias\/2026\/02\/20\/ladrao-fica-preso-nove-horas-no-cofre-de-banco-e-detido-em-milao\/","og_site_name":"Portal Tela Portugal","article_published_time":"2026-02-20T12:31:46+00:00","author":"Telinha","twitter_card":"summary_large_image","twitter_misc":{"Escrito por":"Telinha","Tempo estimado de leitura":"1 minuto"},"schema":{"@context":"https:\/\/schema.org","@graph":[{"@type":"Article","@id":"https:\/\/portaltela.pt\/noticias\/2026\/02\/20\/ladrao-fica-preso-nove-horas-no-cofre-de-banco-e-detido-em-milao\/#article","isPartOf":{"@id":"https:\/\/portaltela.pt\/noticias\/2026\/02\/20\/ladrao-fica-preso-nove-horas-no-cofre-de-banco-e-detido-em-milao\/"},"author":{"name":"Telinha","@id":"https:\/\/portaltela.pt\/#\/schema\/person\/c4278d4a6028830caff9ee44b42d32ed"},"headline":"Ladr\u00e3o fica preso nove horas no cofre de banco e detido em Mil\u00e3o","datePublished":"2026-02-20T12:31:46+00:00","mainEntityOfPage":{"@id":"https:\/\/portaltela.pt\/noticias\/2026\/02\/20\/ladrao-fica-preso-nove-horas-no-cofre-de-banco-e-detido-em-milao\/"},"wordCount":250,"image":{"@id":"https:\/\/portaltela.pt\/noticias\/2026\/02\/20\/ladrao-fica-preso-nove-horas-no-cofre-de-banco-e-detido-em-milao\/#primaryimage"},"thumbnailUrl":"https:\/\/portaltela.pt\/s.01k8rhncp4jt1\/2026\/02\/1536x864_cmsv2_88d39dff-4de4-5e4c-af58-ac902b543e83-9659119.jpg","keywords":["arrombamento","bombeiros","furto","Pol\u00edcia de Seguran\u00e7a P\u00fablica","pris\u00f5es","seguran\u00e7a"],"articleSection":["Not\u00edcias"],"inLanguage":"pt-PT"},{"@type":"WebPage","@id":"https:\/\/portaltela.pt\/noticias\/2026\/02\/20\/ladrao-fica-preso-nove-horas-no-cofre-de-banco-e-detido-em-milao\/","url":"https:\/\/portaltela.pt\/noticias\/2026\/02\/20\/ladrao-fica-preso-nove-horas-no-cofre-de-banco-e-detido-em-milao\/","name":"Ladr\u00e3o fica preso nove horas no cofre de banco e detido em Mil\u00e3o - Portal Tela Portugal","isPartOf":{"@id":"https:\/\/portaltela.pt\/#website"},"primaryImageOfPage":{"@id":"https:\/\/portaltela.pt\/noticias\/2026\/02\/20\/ladrao-fica-preso-nove-horas-no-cofre-de-banco-e-detido-em-milao\/#primaryimage"},"image":{"@id":"https:\/\/portaltela.pt\/noticias\/2026\/02\/20\/ladrao-fica-preso-nove-horas-no-cofre-de-banco-e-detido-em-milao\/#primaryimage"},"thumbnailUrl":"https:\/\/portaltela.pt\/s.01k8rhncp4jt1\/2026\/02\/1536x864_cmsv2_88d39dff-4de4-5e4c-af58-ac902b543e83-9659119.jpg","datePublished":"2026-02-20T12:31:46+00:00","author":{"@id":"https:\/\/portaltela.pt\/#\/schema\/person\/c4278d4a6028830caff9ee44b42d32ed"},"breadcrumb":{"@id":"https:\/\/portaltela.pt\/noticias\/2026\/02\/20\/ladrao-fica-preso-nove-horas-no-cofre-de-banco-e-detido-em-milao\/#breadcrumb"},"inLanguage":"pt-PT","potentialAction":[{"@type":"ReadAction","target":["https:\/\/portaltela.pt\/noticias\/2026\/02\/20\/ladrao-fica-preso-nove-horas-no-cofre-de-banco-e-detido-em-milao\/"]}]},{"@type":"ImageObject","inLanguage":"pt-PT","@id":"https:\/\/portaltela.pt\/noticias\/2026\/02\/20\/ladrao-fica-preso-nove-horas-no-cofre-de-banco-e-detido-em-milao\/#primaryimage","url":"https:\/\/portaltela.pt\/s.01k8rhncp4jt1\/2026\/02\/1536x864_cmsv2_88d39dff-4de4-5e4c-af58-ac902b543e83-9659119.jpg","contentUrl":"https:\/\/portaltela.pt\/s.01k8rhncp4jt1\/2026\/02\/1536x864_cmsv2_88d39dff-4de4-5e4c-af58-ac902b543e83-9659119.jpg","width":1536,"height":864,"caption":"Sede de um banco Unicredit, imagem de arquivo"},{"@type":"BreadcrumbList","@id":"https:\/\/portaltela.pt\/noticias\/2026\/02\/20\/ladrao-fica-preso-nove-horas-no-cofre-de-banco-e-detido-em-milao\/#breadcrumb","itemListElement":[{"@type":"ListItem","position":1,"name":"In\u00edcio","item":"https:\/\/portaltela.pt\/"},{"@type":"ListItem","position":2,"name":"Ladr\u00e3o fica preso nove horas no cofre de banco e detido em Mil\u00e3o"}]},{"@type":"WebSite","@id":"https:\/\/portaltela.pt\/#website","url":"https:\/\/portaltela.pt\/","name":"Portal Tela Portugal","description":"","potentialAction":[{"@type":"SearchAction","target":{"@type":"EntryPoint","urlTemplate":"https:\/\/portaltela.pt\/?s={search_term_string}"},"query-input":{"@type":"PropertyValueSpecification","valueRequired":true,"valueName":"search_term_string"}}],"inLanguage":"pt-PT"},{"@type":"Person","@id":"https:\/\/portaltela.pt\/#\/schema\/person\/c4278d4a6028830caff9ee44b42d32ed","name":"Telinha","image":{"@type":"ImageObject","inLanguage":"pt-PT","@id":"https:\/\/portaltela.pt\/s.01k8rhncp4jt1\/2025\/11\/talking-bot-125x125.png","url":"https:\/\/portaltela.pt\/s.01k8rhncp4jt1\/2025\/11\/talking-bot-125x125.png","contentUrl":"https:\/\/portaltela.pt\/s.01k8rhncp4jt1\/2025\/11\/talking-bot-125x125.png","caption":"Telinha"},"sameAs":["https:\/\/portaltela.pt\/"],"url":"https:\/\/portaltela.pt\/por\/367410592786\/"}]}},"_links":{"self":[{"href":"https:\/\/portaltela.pt\/api\/wp\/v2\/posts\/219048","targetHints":{"allow":["GET"]}}],"collection":[{"href":"https:\/\/portaltela.pt\/api\/wp\/v2\/posts"}],"about":[{"href":"https:\/\/portaltela.pt\/api\/wp\/v2\/types\/post"}],"author":[{"embeddable":true,"href":"https:\/\/portaltela.pt\/api\/wp\/v2\/users\/2"}],"replies":[{"embeddable":true,"href":"https:\/\/portaltela.pt\/api\/wp\/v2\/comments?post=219048"}],"version-history":[{"count":0,"href":"https:\/\/portaltela.pt\/api\/wp\/v2\/posts\/219048\/revisions"}],"wp:featuredmedia":[{"embeddable":true,"href":"https:\/\/portaltela.pt\/api\/wp\/v2\/media\/219050"}],"wp:attachment":[{"href":"https:\/\/portaltela.pt\/api\/wp\/v2\/media?parent=219048"}],"wp:term":[{"taxonomy":"category","embeddable":true,"href":"https:\/\/portaltela.pt\/api\/wp\/v2\/categories?post=219048"},{"taxonomy":"post_tag","embeddable":true,"href":"https:\/\/portaltela.pt\/api\/wp\/v2\/tags?post=219048"}],"curies":[{"name":"wp","href":"https:\/\/api.w.org\/{rel}","templated":true}]}}