{"id":219042,"date":"2026-02-20T09:18:24","date_gmt":"2026-02-20T12:18:24","guid":{"rendered":"https:\/\/portaltela.pt\/noticias\/2026\/02\/20\/junta-de-porto-de-mos-entrega-radios-a-populacao-apos-mau-tempo\/"},"modified":"2026-02-20T09:18:24","modified_gmt":"2026-02-20T12:18:24","slug":"junta-de-porto-de-mos-entrega-radios-a-populacao-apos-mau-tempo","status":"publish","type":"post","link":"https:\/\/portaltela.pt\/noticias\/2026\/02\/20\/junta-de-porto-de-mos-entrega-radios-a-populacao-apos-mau-tempo\/","title":{"rendered":"Junta de Porto de M\u00f3s entrega r\u00e1dios \u00e0 popula\u00e7\u00e3o ap\u00f3s mau tempo"},"content":{"rendered":"<p>A Junta de Freguesia de Porto de M\u00f3s entregou r\u00e1dios \u00e0 popula\u00e7\u00e3o como resposta aos cortes de energia e comunica\u00e7\u00f5es causados pela depress\u00e3o Kristin. A iniciativa results de um atraso de resposta a falhas na rede. Ao todo, s\u00e3o 1.500 r\u00e1dios comprados.<\/p>\n<p>At\u00e9 sexta-feira tinham sido distribu\u00eddos 550 aparelhos, segundo o presidente da Junta, Manuel Barroso. O projeto nasceu ap\u00f3s o apag\u00e3o de abril passado, em que muitos ficaram sem televis\u00e3o, telefone ou internet e sem forma de passar o tempo.<\/p>\n<h3>Como funciona a distribui\u00e7\u00e3o<\/h3>\n<p>A freguesia, no distrito de Leiria, tem cerca de seis mil habitantes. O Dia Mundial da R\u00e1dio, celebrado em 13 de outubro, motivou o arranque da entrega, que come\u00e7ou na segunda-feira. Cada agregado recebe um r\u00e1dio com quatro pilhas.<\/p>\n<p>Os r\u00e1dios s\u00e3o entregues na sede da Junta, j\u00e1 com duas pilhas inseridas. Quem n\u00e3o puder deslocar-se pode solicitar a entrega domicili\u00e1ria. Em casa, as pessoas passaram a ter um meio de informa\u00e7\u00e3o durante o per\u00edodo de falhas.<\/p>\n<h3>Investimento e alcance<\/h3>\n<p>O custo total da opera\u00e7\u00e3o \u00e9 de cerca de 6 mil euros, com cada r\u00e1dio a custar aproximadamente 4,5 euros. A Junta destacou ter conseguido um pre\u00e7o promocional junto do fornecedor, em face da cat\u00e1strofe que afetou a regi\u00e3o.<\/p>\n<p>No momento, a iniciativa prev\u00ea entregar um r\u00e1dio a cada fam\u00edlia recenseada. Em pr\u00f3xima reuni\u00e3o, ser\u00e1 discutida a extens\u00e3o da distribui\u00e7\u00e3o a toda a popula\u00e7\u00e3o, caso o or\u00e7amento permita.<\/p>\n<p>A deprecia\u00e7\u00e3o de Kristin deixou v\u00e1rias necessidades acentuadas na regi\u00e3o, entre elas o isolamento de fam\u00edlias sem acesso a informa\u00e7\u00f5es vitais. A opera\u00e7\u00e3o visa manter a popula\u00e7\u00e3o informada mesmo com falhas de servi\u00e7os.<\/p>\n","protected":false},"excerpt":{"rendered":"<ul>\n<li>A Junta de Freguesia de Porto de M\u00f3s entregou r\u00e1dios \u00e0 popula\u00e7\u00e3o ap\u00f3s a depress\u00e3o Kristin que deixou cortes de energia e comunica\u00e7\u00f5es na regi\u00e3o.<\/li>\n<li>Foram comprados 1.500 r\u00e1dios e, at\u00e9 sexta-feira, j\u00e1 tinham sido distribu\u00eddos 550 aparelhos, segundo o presidente da Junta.<\/li>\n<li>Cada agregado familiar recenseado recebe um r\u00e1dio com quatro pilhas, havendo a op\u00e7\u00e3o de entrega ao domic\u00edlio para quem n\u00e3o puder deslocar-se.<\/li>\n<li>O investimento total rondou os 6 mil euros, com cada r\u00e1dio a custar cerca de 4,5 euros, devido a um pre\u00e7o promocional do fornecedor.<\/li>\n<li>A Junta pretende, se o or\u00e7amento permitir, estender a iniciativa a toda a popula\u00e7\u00e3o de Porto de M\u00f3s, mantendo o foco na disponibiliza\u00e7\u00e3o de informa\u00e7\u00e3o em situa\u00e7\u00f5es de falha de comunica\u00e7\u00f5es.<\/li>\n<\/ul>\n","protected":false},"author":2,"featured_media":219045,"comment_status":"closed","ping_status":"closed","sticky":false,"template":"","format":"standard","meta":{"footnotes":""},"categories":[1],"tags":[4729,4846,1550,5292,1385,3794],"class_list":["post-219042","post","type-post","status-publish","format-standard","has-post-thumbnail","hentry","category-noticias","tag-abastecimento-de-energia","tag-administracao-local","tag-apagao","tag-isolamento","tag-leiria","tag-radios"],"yoast_head":"<!-- This site is optimized with the Yoast SEO plugin v27.2 - https:\/\/yoast.com\/product\/yoast-seo-wordpress\/ -->\n<title>Junta de Porto de M\u00f3s entrega r\u00e1dios \u00e0 popula\u00e7\u00e3o ap\u00f3s mau tempo - Portal Tela Portugal<\/title>\n<meta name=\"robots\" content=\"index, follow, max-snippet:-1, max-image-preview:large, max-video-preview:-1\" \/>\n<meta property=\"og:locale\" content=\"pt_PT\" \/>\n<meta property=\"og:type\" content=\"article\" \/>\n<meta property=\"og:title\" content=\"Junta de Porto de M\u00f3s entrega r\u00e1dios \u00e0 popula\u00e7\u00e3o ap\u00f3s mau tempo - Portal Tela Portugal\" \/>\n<meta property=\"og:description\" content=\"A Junta de Freguesia de Porto de M\u00f3s entregou r\u00e1dios \u00e0 popula\u00e7\u00e3o ap\u00f3s a depress\u00e3o Kristin que deixou cortes de energia e comunica\u00e7\u00f5es na regi\u00e3o. Foram comprados 1.500 r\u00e1dios e, at\u00e9 sexta-feira, j\u00e1 tinham sido distribu\u00eddos 550 aparelhos, segundo o presidente da Junta. Cada agregado familiar recenseado recebe um r\u00e1dio com quatro pilhas, havendo a op\u00e7\u00e3o de entrega ao domic\u00edlio para quem n\u00e3o puder deslocar-se. O investimento total rondou os 6 mil euros, com cada r\u00e1dio a custar cerca de 4,5 euros, devido a um pre\u00e7o promocional do fornecedor. A Junta pretende, se o or\u00e7amento permitir, estender a iniciativa a toda a popula\u00e7\u00e3o de Porto de M\u00f3s, mantendo o foco na disponibiliza\u00e7\u00e3o de informa\u00e7\u00e3o em situa\u00e7\u00f5es de falha de comunica\u00e7\u00f5es.\" \/>\n<meta property=\"og:url\" content=\"https:\/\/portaltela.pt\/noticias\/2026\/02\/20\/junta-de-porto-de-mos-entrega-radios-a-populacao-apos-mau-tempo\/\" \/>\n<meta property=\"og:site_name\" content=\"Portal Tela Portugal\" \/>\n<meta property=\"article:published_time\" content=\"2026-02-20T12:18:24+00:00\" \/>\n<meta name=\"author\" content=\"Telinha\" \/>\n<meta name=\"twitter:card\" content=\"summary_large_image\" \/>\n<meta name=\"twitter:label1\" content=\"Escrito por\" \/>\n\t<meta name=\"twitter:data1\" content=\"Telinha\" \/>\n\t<meta name=\"twitter:label2\" content=\"Tempo estimado de leitura\" \/>\n\t<meta name=\"twitter:data2\" content=\"2 minutos\" \/>\n<script type=\"application\/ld+json\" class=\"yoast-schema-graph\">{\"@context\":\"https:\/\/schema.org\",\"@graph\":[{\"@type\":\"Article\",\"@id\":\"https:\/\/portaltela.pt\/noticias\/2026\/02\/20\/junta-de-porto-de-mos-entrega-radios-a-populacao-apos-mau-tempo\/#article\",\"isPartOf\":{\"@id\":\"https:\/\/portaltela.pt\/noticias\/2026\/02\/20\/junta-de-porto-de-mos-entrega-radios-a-populacao-apos-mau-tempo\/\"},\"author\":{\"name\":\"Telinha\",\"@id\":\"https:\/\/portaltela.pt\/#\/schema\/person\/c4278d4a6028830caff9ee44b42d32ed\"},\"headline\":\"Junta de Porto de M\u00f3s entrega r\u00e1dios \u00e0 popula\u00e7\u00e3o ap\u00f3s mau tempo\",\"datePublished\":\"2026-02-20T12:18:24+00:00\",\"mainEntityOfPage\":{\"@id\":\"https:\/\/portaltela.pt\/noticias\/2026\/02\/20\/junta-de-porto-de-mos-entrega-radios-a-populacao-apos-mau-tempo\/\"},\"wordCount\":316,\"image\":{\"@id\":\"https:\/\/portaltela.pt\/noticias\/2026\/02\/20\/junta-de-porto-de-mos-entrega-radios-a-populacao-apos-mau-tempo\/#primaryimage\"},\"thumbnailUrl\":\"https:\/\/portaltela.pt\/s.01k8rhncp4jt1\/2026\/02\/img_1500x1000uu2022-03-20-19-53-03-1132729.jpg\",\"keywords\":[\"abastecimento de energia\",\"Administra\u00e7\u00e3o Local\",\"apag\u00e3o\",\"isolamento\",\"Leiria\",\"r\u00e1dios\"],\"articleSection\":[\"Not\u00edcias\"],\"inLanguage\":\"pt-PT\"},{\"@type\":\"WebPage\",\"@id\":\"https:\/\/portaltela.pt\/noticias\/2026\/02\/20\/junta-de-porto-de-mos-entrega-radios-a-populacao-apos-mau-tempo\/\",\"url\":\"https:\/\/portaltela.pt\/noticias\/2026\/02\/20\/junta-de-porto-de-mos-entrega-radios-a-populacao-apos-mau-tempo\/\",\"name\":\"Junta de Porto de M\u00f3s entrega r\u00e1dios \u00e0 popula\u00e7\u00e3o ap\u00f3s mau tempo - Portal Tela Portugal\",\"isPartOf\":{\"@id\":\"https:\/\/portaltela.pt\/#website\"},\"primaryImageOfPage\":{\"@id\":\"https:\/\/portaltela.pt\/noticias\/2026\/02\/20\/junta-de-porto-de-mos-entrega-radios-a-populacao-apos-mau-tempo\/#primaryimage\"},\"image\":{\"@id\":\"https:\/\/portaltela.pt\/noticias\/2026\/02\/20\/junta-de-porto-de-mos-entrega-radios-a-populacao-apos-mau-tempo\/#primaryimage\"},\"thumbnailUrl\":\"https:\/\/portaltela.pt\/s.01k8rhncp4jt1\/2026\/02\/img_1500x1000uu2022-03-20-19-53-03-1132729.jpg\",\"datePublished\":\"2026-02-20T12:18:24+00:00\",\"author\":{\"@id\":\"https:\/\/portaltela.pt\/#\/schema\/person\/c4278d4a6028830caff9ee44b42d32ed\"},\"breadcrumb\":{\"@id\":\"https:\/\/portaltela.pt\/noticias\/2026\/02\/20\/junta-de-porto-de-mos-entrega-radios-a-populacao-apos-mau-tempo\/#breadcrumb\"},\"inLanguage\":\"pt-PT\",\"potentialAction\":[{\"@type\":\"ReadAction\",\"target\":[\"https:\/\/portaltela.pt\/noticias\/2026\/02\/20\/junta-de-porto-de-mos-entrega-radios-a-populacao-apos-mau-tempo\/\"]}]},{\"@type\":\"ImageObject\",\"inLanguage\":\"pt-PT\",\"@id\":\"https:\/\/portaltela.pt\/noticias\/2026\/02\/20\/junta-de-porto-de-mos-entrega-radios-a-populacao-apos-mau-tempo\/#primaryimage\",\"url\":\"https:\/\/portaltela.pt\/s.01k8rhncp4jt1\/2026\/02\/img_1500x1000uu2022-03-20-19-53-03-1132729.jpg\",\"contentUrl\":\"https:\/\/portaltela.pt\/s.01k8rhncp4jt1\/2026\/02\/img_1500x1000uu2022-03-20-19-53-03-1132729.jpg\",\"width\":1500,\"height\":1000,\"caption\":\"Junta de Porto de M\u00f3s entrega r\u00e1dios \u00e0 popula\u00e7\u00e3o ap\u00f3s passagem do mau tempo\"},{\"@type\":\"BreadcrumbList\",\"@id\":\"https:\/\/portaltela.pt\/noticias\/2026\/02\/20\/junta-de-porto-de-mos-entrega-radios-a-populacao-apos-mau-tempo\/#breadcrumb\",\"itemListElement\":[{\"@type\":\"ListItem\",\"position\":1,\"name\":\"In\u00edcio\",\"item\":\"https:\/\/portaltela.pt\/\"},{\"@type\":\"ListItem\",\"position\":2,\"name\":\"Junta de Porto de M\u00f3s entrega r\u00e1dios \u00e0 popula\u00e7\u00e3o ap\u00f3s mau tempo\"}]},{\"@type\":\"WebSite\",\"@id\":\"https:\/\/portaltela.pt\/#website\",\"url\":\"https:\/\/portaltela.pt\/\",\"name\":\"Portal Tela Portugal\",\"description\":\"\",\"potentialAction\":[{\"@type\":\"SearchAction\",\"target\":{\"@type\":\"EntryPoint\",\"urlTemplate\":\"https:\/\/portaltela.pt\/?s={search_term_string}\"},\"query-input\":{\"@type\":\"PropertyValueSpecification\",\"valueRequired\":true,\"valueName\":\"search_term_string\"}}],\"inLanguage\":\"pt-PT\"},{\"@type\":\"Person\",\"@id\":\"https:\/\/portaltela.pt\/#\/schema\/person\/c4278d4a6028830caff9ee44b42d32ed\",\"name\":\"Telinha\",\"image\":{\"@type\":\"ImageObject\",\"inLanguage\":\"pt-PT\",\"@id\":\"https:\/\/portaltela.pt\/s.01k8rhncp4jt1\/2025\/11\/talking-bot-125x125.png\",\"url\":\"https:\/\/portaltela.pt\/s.01k8rhncp4jt1\/2025\/11\/talking-bot-125x125.png\",\"contentUrl\":\"https:\/\/portaltela.pt\/s.01k8rhncp4jt1\/2025\/11\/talking-bot-125x125.png\",\"caption\":\"Telinha\"},\"sameAs\":[\"https:\/\/portaltela.pt\/\"],\"url\":\"https:\/\/portaltela.pt\/por\/367410592786\/\"}]}<\/script>\n<!-- \/ Yoast SEO plugin. -->","yoast_head_json":{"title":"Junta de Porto de M\u00f3s entrega r\u00e1dios \u00e0 popula\u00e7\u00e3o ap\u00f3s mau tempo - Portal Tela Portugal","robots":{"index":"index","follow":"follow","max-snippet":"max-snippet:-1","max-image-preview":"max-image-preview:large","max-video-preview":"max-video-preview:-1"},"og_locale":"pt_PT","og_type":"article","og_title":"Junta de Porto de M\u00f3s entrega r\u00e1dios \u00e0 popula\u00e7\u00e3o ap\u00f3s mau tempo - Portal Tela Portugal","og_description":"A Junta de Freguesia de Porto de M\u00f3s entregou r\u00e1dios \u00e0 popula\u00e7\u00e3o ap\u00f3s a depress\u00e3o Kristin que deixou cortes de energia e comunica\u00e7\u00f5es na regi\u00e3o. Foram comprados 1.500 r\u00e1dios e, at\u00e9 sexta-feira, j\u00e1 tinham sido distribu\u00eddos 550 aparelhos, segundo o presidente da Junta. Cada agregado familiar recenseado recebe um r\u00e1dio com quatro pilhas, havendo a op\u00e7\u00e3o de entrega ao domic\u00edlio para quem n\u00e3o puder deslocar-se. O investimento total rondou os 6 mil euros, com cada r\u00e1dio a custar cerca de 4,5 euros, devido a um pre\u00e7o promocional do fornecedor. A Junta pretende, se o or\u00e7amento permitir, estender a iniciativa a toda a popula\u00e7\u00e3o de Porto de M\u00f3s, mantendo o foco na disponibiliza\u00e7\u00e3o de informa\u00e7\u00e3o em situa\u00e7\u00f5es de falha de comunica\u00e7\u00f5es.","og_url":"https:\/\/portaltela.pt\/noticias\/2026\/02\/20\/junta-de-porto-de-mos-entrega-radios-a-populacao-apos-mau-tempo\/","og_site_name":"Portal Tela Portugal","article_published_time":"2026-02-20T12:18:24+00:00","author":"Telinha","twitter_card":"summary_large_image","twitter_misc":{"Escrito por":"Telinha","Tempo estimado de leitura":"2 minutos"},"schema":{"@context":"https:\/\/schema.org","@graph":[{"@type":"Article","@id":"https:\/\/portaltela.pt\/noticias\/2026\/02\/20\/junta-de-porto-de-mos-entrega-radios-a-populacao-apos-mau-tempo\/#article","isPartOf":{"@id":"https:\/\/portaltela.pt\/noticias\/2026\/02\/20\/junta-de-porto-de-mos-entrega-radios-a-populacao-apos-mau-tempo\/"},"author":{"name":"Telinha","@id":"https:\/\/portaltela.pt\/#\/schema\/person\/c4278d4a6028830caff9ee44b42d32ed"},"headline":"Junta de Porto de M\u00f3s entrega r\u00e1dios \u00e0 popula\u00e7\u00e3o ap\u00f3s mau tempo","datePublished":"2026-02-20T12:18:24+00:00","mainEntityOfPage":{"@id":"https:\/\/portaltela.pt\/noticias\/2026\/02\/20\/junta-de-porto-de-mos-entrega-radios-a-populacao-apos-mau-tempo\/"},"wordCount":316,"image":{"@id":"https:\/\/portaltela.pt\/noticias\/2026\/02\/20\/junta-de-porto-de-mos-entrega-radios-a-populacao-apos-mau-tempo\/#primaryimage"},"thumbnailUrl":"https:\/\/portaltela.pt\/s.01k8rhncp4jt1\/2026\/02\/img_1500x1000uu2022-03-20-19-53-03-1132729.jpg","keywords":["abastecimento de energia","Administra\u00e7\u00e3o Local","apag\u00e3o","isolamento","Leiria","r\u00e1dios"],"articleSection":["Not\u00edcias"],"inLanguage":"pt-PT"},{"@type":"WebPage","@id":"https:\/\/portaltela.pt\/noticias\/2026\/02\/20\/junta-de-porto-de-mos-entrega-radios-a-populacao-apos-mau-tempo\/","url":"https:\/\/portaltela.pt\/noticias\/2026\/02\/20\/junta-de-porto-de-mos-entrega-radios-a-populacao-apos-mau-tempo\/","name":"Junta de Porto de M\u00f3s entrega r\u00e1dios \u00e0 popula\u00e7\u00e3o ap\u00f3s mau tempo - Portal Tela Portugal","isPartOf":{"@id":"https:\/\/portaltela.pt\/#website"},"primaryImageOfPage":{"@id":"https:\/\/portaltela.pt\/noticias\/2026\/02\/20\/junta-de-porto-de-mos-entrega-radios-a-populacao-apos-mau-tempo\/#primaryimage"},"image":{"@id":"https:\/\/portaltela.pt\/noticias\/2026\/02\/20\/junta-de-porto-de-mos-entrega-radios-a-populacao-apos-mau-tempo\/#primaryimage"},"thumbnailUrl":"https:\/\/portaltela.pt\/s.01k8rhncp4jt1\/2026\/02\/img_1500x1000uu2022-03-20-19-53-03-1132729.jpg","datePublished":"2026-02-20T12:18:24+00:00","author":{"@id":"https:\/\/portaltela.pt\/#\/schema\/person\/c4278d4a6028830caff9ee44b42d32ed"},"breadcrumb":{"@id":"https:\/\/portaltela.pt\/noticias\/2026\/02\/20\/junta-de-porto-de-mos-entrega-radios-a-populacao-apos-mau-tempo\/#breadcrumb"},"inLanguage":"pt-PT","potentialAction":[{"@type":"ReadAction","target":["https:\/\/portaltela.pt\/noticias\/2026\/02\/20\/junta-de-porto-de-mos-entrega-radios-a-populacao-apos-mau-tempo\/"]}]},{"@type":"ImageObject","inLanguage":"pt-PT","@id":"https:\/\/portaltela.pt\/noticias\/2026\/02\/20\/junta-de-porto-de-mos-entrega-radios-a-populacao-apos-mau-tempo\/#primaryimage","url":"https:\/\/portaltela.pt\/s.01k8rhncp4jt1\/2026\/02\/img_1500x1000uu2022-03-20-19-53-03-1132729.jpg","contentUrl":"https:\/\/portaltela.pt\/s.01k8rhncp4jt1\/2026\/02\/img_1500x1000uu2022-03-20-19-53-03-1132729.jpg","width":1500,"height":1000,"caption":"Junta de Porto de M\u00f3s entrega r\u00e1dios \u00e0 popula\u00e7\u00e3o ap\u00f3s passagem do mau tempo"},{"@type":"BreadcrumbList","@id":"https:\/\/portaltela.pt\/noticias\/2026\/02\/20\/junta-de-porto-de-mos-entrega-radios-a-populacao-apos-mau-tempo\/#breadcrumb","itemListElement":[{"@type":"ListItem","position":1,"name":"In\u00edcio","item":"https:\/\/portaltela.pt\/"},{"@type":"ListItem","position":2,"name":"Junta de Porto de M\u00f3s entrega r\u00e1dios \u00e0 popula\u00e7\u00e3o ap\u00f3s mau tempo"}]},{"@type":"WebSite","@id":"https:\/\/portaltela.pt\/#website","url":"https:\/\/portaltela.pt\/","name":"Portal Tela Portugal","description":"","potentialAction":[{"@type":"SearchAction","target":{"@type":"EntryPoint","urlTemplate":"https:\/\/portaltela.pt\/?s={search_term_string}"},"query-input":{"@type":"PropertyValueSpecification","valueRequired":true,"valueName":"search_term_string"}}],"inLanguage":"pt-PT"},{"@type":"Person","@id":"https:\/\/portaltela.pt\/#\/schema\/person\/c4278d4a6028830caff9ee44b42d32ed","name":"Telinha","image":{"@type":"ImageObject","inLanguage":"pt-PT","@id":"https:\/\/portaltela.pt\/s.01k8rhncp4jt1\/2025\/11\/talking-bot-125x125.png","url":"https:\/\/portaltela.pt\/s.01k8rhncp4jt1\/2025\/11\/talking-bot-125x125.png","contentUrl":"https:\/\/portaltela.pt\/s.01k8rhncp4jt1\/2025\/11\/talking-bot-125x125.png","caption":"Telinha"},"sameAs":["https:\/\/portaltela.pt\/"],"url":"https:\/\/portaltela.pt\/por\/367410592786\/"}]}},"_links":{"self":[{"href":"https:\/\/portaltela.pt\/api\/wp\/v2\/posts\/219042","targetHints":{"allow":["GET"]}}],"collection":[{"href":"https:\/\/portaltela.pt\/api\/wp\/v2\/posts"}],"about":[{"href":"https:\/\/portaltela.pt\/api\/wp\/v2\/types\/post"}],"author":[{"embeddable":true,"href":"https:\/\/portaltela.pt\/api\/wp\/v2\/users\/2"}],"replies":[{"embeddable":true,"href":"https:\/\/portaltela.pt\/api\/wp\/v2\/comments?post=219042"}],"version-history":[{"count":0,"href":"https:\/\/portaltela.pt\/api\/wp\/v2\/posts\/219042\/revisions"}],"wp:featuredmedia":[{"embeddable":true,"href":"https:\/\/portaltela.pt\/api\/wp\/v2\/media\/219045"}],"wp:attachment":[{"href":"https:\/\/portaltela.pt\/api\/wp\/v2\/media?parent=219042"}],"wp:term":[{"taxonomy":"category","embeddable":true,"href":"https:\/\/portaltela.pt\/api\/wp\/v2\/categories?post=219042"},{"taxonomy":"post_tag","embeddable":true,"href":"https:\/\/portaltela.pt\/api\/wp\/v2\/tags?post=219042"}],"curies":[{"name":"wp","href":"https:\/\/api.w.org\/{rel}","templated":true}]}}