{"id":219000,"date":"2026-02-20T08:56:02","date_gmt":"2026-02-20T11:56:02","guid":{"rendered":"https:\/\/portaltela.pt\/noticias\/2026\/02\/20\/alisson-brilha-na-serie-a-e-supera-noa-lang-em-seis-meses-destaca-marca\/"},"modified":"2026-02-20T08:56:02","modified_gmt":"2026-02-20T11:56:02","slug":"alisson-brilha-na-serie-a-e-supera-noa-lang-em-seis-meses-destaca-marca","status":"publish","type":"post","link":"https:\/\/portaltela.pt\/desporto\/futebol\/2026\/02\/20\/alisson-brilha-na-serie-a-e-supera-noa-lang-em-seis-meses-destaca-marca\/","title":{"rendered":"Alisson brilha na S\u00e9rie A e supera Noa Lang em seis meses, destaca Marca"},"content":{"rendered":"<p>Alisson Santos estreou-se a marcar na Serie A pela Napoli, ap\u00f3s transfer\u00eancia a t\u00edtulo de empr\u00e9stimo do Sporting. O extremo brasileiro entrou aos 70 minutos no jogo contra a Roma e ajudou a equipa a evitar a derrota, aos 82 minutos.<\/p>\n<p>No jogo disputado em N\u00e1poles, a Roma adiantou-se na marca\u00e7\u00e3o logo ap\u00f3s a entrada do jogador. A resposta chegou pouco depois, com o brasileiro a aproveitar um passe de Gionave para rematar de esquerda, \u00e0 entrada da \u00e1rea, sem nenhuma hip\u00f3tese para o guarda-redes Mile Svilar.<\/p>\n<p>A partida deixou o valor de mercado de Alisson sob o foco: o jornal espanhol Marca destacou que, em apenas 12 minutos na segunda parte, o extremo superou a produ\u00e7\u00e3o de Noa Lang em seis meses, pelo mesmo Napoli, que j\u00e1 o teve emprestado ao Galatasaray no in\u00edcio do ano. Lang jogou parte da primeira metade da \u00e9poca em Napoli.<\/p>\n<p>O momento alto do festejo de Alisson ganhou coraz s\u00f3lido entre os adeptos no Est\u00e1dio Diego Maradona, com o jogador visivelmente emocionado ao apontar o golo pela primeira vez pela equipa italiana.<\/p>\n<p>Sobre o percurso do jogador, a Marca recorda a trajet\u00f3ria r\u00e1pida de Alisson, que no ano passado atuava no Figueirense, da S\u00e9rie C brasileira, cedido pelo Vit\u00f3ria, e que esteve na Uni\u00e3o de Leiria h\u00e1 cerca de um ano na 2.\u00aa Liga portuguesa.<\/p>\n<p>\u00c0 sa\u00edda do encontro, o treinador do Napoli, Antonio Conte, elogiou o car\u00e1ter do atleta: afirmou que Alisson chegou em janeiro com humildade, descrevendo-o como jovem com sonhos, capaz de driblar e com for\u00e7a f\u00edsica, destacando a atitude positiva.<\/p>\n<p>Alisson Santos est\u00e1 cedido pelo Sporting ao Napoli at\u00e9 ao final da \u00e9poca, num acordo de 3,5 milh\u00f5es de euros de taxa de empr\u00e9stimo, acrescida de 16,5 milh\u00f5es de euros de op\u00e7\u00e3o de compra.<\/p>\n","protected":false},"excerpt":{"rendered":"<ul>\n<li>Alisson Santos estreou na Serie A pelo Napoli frente \u00e0 Roma, entrou aos 70 minutos e empatou aos 82, com o golo a evitar a derrota.<\/li>\n<li>A imprensa espanhola, atrav\u00e9s da Marca, destacou o tento do jogador e o elogio: \u201cem doze minutos fez mais do que Noa Lang em seis meses\u201d.<\/li>\n<li>O festejo emocionou o extremo, que chorou ao marcar pela primeira vez no Est\u00e1dio Diego Armando Maradona.<\/li>\n<li>O brasileiro, de 23 anos, chegou por empr\u00e9stimo ao Napoli ao fim do mercado de inverno, vindo do Sporting, e tem passado por um percurso ascendente nos \u00faltimos dois anos.<\/li>\n<li>O neg\u00f3cio prev\u00ea empr\u00e9stimo at\u00e9 ao final da \u00e9poca, por 3,5 milh\u00f5es de euros, com uma op\u00e7\u00e3o de compra de 16,5 milh\u00f5es de euros.<\/li>\n<\/ul>\n","protected":false},"author":2,"featured_media":219005,"comment_status":"closed","ping_status":"closed","sticky":false,"template":"","format":"standard","meta":{"footnotes":""},"categories":[21,24],"tags":[5551,2457,32,1857,4815,1652],"class_list":["post-219000","post","type-post","status-publish","format-standard","has-post-thumbnail","hentry","category-desporto","category-futebol","tag-antonio-conte","tag-emprestimos","tag-futebol","tag-italia","tag-roma","tag-sporting"],"yoast_head":"<!-- This site is optimized with the Yoast SEO plugin v27.2 - https:\/\/yoast.com\/product\/yoast-seo-wordpress\/ -->\n<title>Alisson brilha na S\u00e9rie A e supera Noa Lang em seis meses, destaca Marca - Portal Tela Portugal<\/title>\n<meta name=\"robots\" content=\"index, follow, max-snippet:-1, max-image-preview:large, max-video-preview:-1\" \/>\n<meta property=\"og:locale\" content=\"pt_PT\" \/>\n<meta property=\"og:type\" content=\"article\" \/>\n<meta property=\"og:title\" content=\"Alisson brilha na S\u00e9rie A e supera Noa Lang em seis meses, destaca Marca - Portal Tela Portugal\" \/>\n<meta property=\"og:description\" content=\"Alisson Santos estreou na Serie A pelo Napoli frente \u00e0 Roma, entrou aos 70 minutos e empatou aos 82, com o golo a evitar a derrota. A imprensa espanhola, atrav\u00e9s da Marca, destacou o tento do jogador e o elogio: \u201cem doze minutos fez mais do que Noa Lang em seis meses\u201d. O festejo emocionou o extremo, que chorou ao marcar pela primeira vez no Est\u00e1dio Diego Armando Maradona. O brasileiro, de 23 anos, chegou por empr\u00e9stimo ao Napoli ao fim do mercado de inverno, vindo do Sporting, e tem passado por um percurso ascendente nos \u00faltimos dois anos. O neg\u00f3cio prev\u00ea empr\u00e9stimo at\u00e9 ao final da \u00e9poca, por 3,5 milh\u00f5es de euros, com uma op\u00e7\u00e3o de compra de 16,5 milh\u00f5es de euros.\" \/>\n<meta property=\"og:url\" content=\"https:\/\/portaltela.pt\/noticias\/2026\/02\/20\/alisson-brilha-na-serie-a-e-supera-noa-lang-em-seis-meses-destaca-marca\/\" \/>\n<meta property=\"og:site_name\" content=\"Portal Tela Portugal\" \/>\n<meta property=\"article:published_time\" content=\"2026-02-20T11:56:02+00:00\" \/>\n<meta name=\"author\" content=\"Telinha\" \/>\n<meta name=\"twitter:card\" content=\"summary_large_image\" \/>\n<meta name=\"twitter:label1\" content=\"Escrito por\" \/>\n\t<meta name=\"twitter:data1\" content=\"Telinha\" \/>\n\t<meta name=\"twitter:label2\" content=\"Tempo estimado de leitura\" \/>\n\t<meta name=\"twitter:data2\" content=\"2 minutos\" \/>\n<script type=\"application\/ld+json\" class=\"yoast-schema-graph\">{\"@context\":\"https:\/\/schema.org\",\"@graph\":[{\"@type\":\"Article\",\"@id\":\"https:\/\/portaltela.pt\/noticias\/2026\/02\/20\/alisson-brilha-na-serie-a-e-supera-noa-lang-em-seis-meses-destaca-marca\/#article\",\"isPartOf\":{\"@id\":\"https:\/\/portaltela.pt\/noticias\/2026\/02\/20\/alisson-brilha-na-serie-a-e-supera-noa-lang-em-seis-meses-destaca-marca\/\"},\"author\":{\"name\":\"Telinha\",\"@id\":\"https:\/\/portaltela.pt\/#\/schema\/person\/c4278d4a6028830caff9ee44b42d32ed\"},\"headline\":\"Alisson brilha na S\u00e9rie A e supera Noa Lang em seis meses, destaca Marca\",\"datePublished\":\"2026-02-20T11:56:02+00:00\",\"mainEntityOfPage\":{\"@id\":\"https:\/\/portaltela.pt\/noticias\/2026\/02\/20\/alisson-brilha-na-serie-a-e-supera-noa-lang-em-seis-meses-destaca-marca\/\"},\"wordCount\":327,\"image\":{\"@id\":\"https:\/\/portaltela.pt\/noticias\/2026\/02\/20\/alisson-brilha-na-serie-a-e-supera-noa-lang-em-seis-meses-destaca-marca\/#primaryimage\"},\"thumbnailUrl\":\"https:\/\/portaltela.pt\/s.01k8rhncp4jt1\/2026\/02\/img_1200x721uu2026-02-15-21-52-55-2421870-1.jpg\",\"keywords\":[\"Antonio Conte\",\"empr\u00e9stimos\",\"futebol\",\"It\u00e1lia\",\"Roma\",\"Sporting\"],\"articleSection\":[\"Desporto\",\"Futebol\"],\"inLanguage\":\"pt-PT\"},{\"@type\":\"WebPage\",\"@id\":\"https:\/\/portaltela.pt\/noticias\/2026\/02\/20\/alisson-brilha-na-serie-a-e-supera-noa-lang-em-seis-meses-destaca-marca\/\",\"url\":\"https:\/\/portaltela.pt\/noticias\/2026\/02\/20\/alisson-brilha-na-serie-a-e-supera-noa-lang-em-seis-meses-destaca-marca\/\",\"name\":\"Alisson brilha na S\u00e9rie A e supera Noa Lang em seis meses, destaca Marca - Portal Tela Portugal\",\"isPartOf\":{\"@id\":\"https:\/\/portaltela.pt\/#website\"},\"primaryImageOfPage\":{\"@id\":\"https:\/\/portaltela.pt\/noticias\/2026\/02\/20\/alisson-brilha-na-serie-a-e-supera-noa-lang-em-seis-meses-destaca-marca\/#primaryimage\"},\"image\":{\"@id\":\"https:\/\/portaltela.pt\/noticias\/2026\/02\/20\/alisson-brilha-na-serie-a-e-supera-noa-lang-em-seis-meses-destaca-marca\/#primaryimage\"},\"thumbnailUrl\":\"https:\/\/portaltela.pt\/s.01k8rhncp4jt1\/2026\/02\/img_1200x721uu2026-02-15-21-52-55-2421870-1.jpg\",\"datePublished\":\"2026-02-20T11:56:02+00:00\",\"author\":{\"@id\":\"https:\/\/portaltela.pt\/#\/schema\/person\/c4278d4a6028830caff9ee44b42d32ed\"},\"breadcrumb\":{\"@id\":\"https:\/\/portaltela.pt\/noticias\/2026\/02\/20\/alisson-brilha-na-serie-a-e-supera-noa-lang-em-seis-meses-destaca-marca\/#breadcrumb\"},\"inLanguage\":\"pt-PT\",\"potentialAction\":[{\"@type\":\"ReadAction\",\"target\":[\"https:\/\/portaltela.pt\/noticias\/2026\/02\/20\/alisson-brilha-na-serie-a-e-supera-noa-lang-em-seis-meses-destaca-marca\/\"]}]},{\"@type\":\"ImageObject\",\"inLanguage\":\"pt-PT\",\"@id\":\"https:\/\/portaltela.pt\/noticias\/2026\/02\/20\/alisson-brilha-na-serie-a-e-supera-noa-lang-em-seis-meses-destaca-marca\/#primaryimage\",\"url\":\"https:\/\/portaltela.pt\/s.01k8rhncp4jt1\/2026\/02\/img_1200x721uu2026-02-15-21-52-55-2421870-1.jpg\",\"contentUrl\":\"https:\/\/portaltela.pt\/s.01k8rhncp4jt1\/2026\/02\/img_1200x721uu2026-02-15-21-52-55-2421870-1.jpg\",\"width\":1200,\"height\":721,\"caption\":\"Estreia de sonho de Alisson na Serie A vale destaque na 'Marca': \u00abJ\u00e1 fez mais do que Noa Lang em 6 meses\u00bb\"},{\"@type\":\"BreadcrumbList\",\"@id\":\"https:\/\/portaltela.pt\/noticias\/2026\/02\/20\/alisson-brilha-na-serie-a-e-supera-noa-lang-em-seis-meses-destaca-marca\/#breadcrumb\",\"itemListElement\":[{\"@type\":\"ListItem\",\"position\":1,\"name\":\"In\u00edcio\",\"item\":\"https:\/\/portaltela.pt\/\"},{\"@type\":\"ListItem\",\"position\":2,\"name\":\"Alisson brilha na S\u00e9rie A e supera Noa Lang em seis meses, destaca Marca\"}]},{\"@type\":\"WebSite\",\"@id\":\"https:\/\/portaltela.pt\/#website\",\"url\":\"https:\/\/portaltela.pt\/\",\"name\":\"Portal Tela Portugal\",\"description\":\"\",\"potentialAction\":[{\"@type\":\"SearchAction\",\"target\":{\"@type\":\"EntryPoint\",\"urlTemplate\":\"https:\/\/portaltela.pt\/?s={search_term_string}\"},\"query-input\":{\"@type\":\"PropertyValueSpecification\",\"valueRequired\":true,\"valueName\":\"search_term_string\"}}],\"inLanguage\":\"pt-PT\"},{\"@type\":\"Person\",\"@id\":\"https:\/\/portaltela.pt\/#\/schema\/person\/c4278d4a6028830caff9ee44b42d32ed\",\"name\":\"Telinha\",\"image\":{\"@type\":\"ImageObject\",\"inLanguage\":\"pt-PT\",\"@id\":\"https:\/\/portaltela.pt\/s.01k8rhncp4jt1\/2025\/11\/talking-bot-125x125.png\",\"url\":\"https:\/\/portaltela.pt\/s.01k8rhncp4jt1\/2025\/11\/talking-bot-125x125.png\",\"contentUrl\":\"https:\/\/portaltela.pt\/s.01k8rhncp4jt1\/2025\/11\/talking-bot-125x125.png\",\"caption\":\"Telinha\"},\"sameAs\":[\"https:\/\/portaltela.pt\/\"],\"url\":\"https:\/\/portaltela.pt\/por\/367410592786\/\"}]}<\/script>\n<!-- \/ Yoast SEO plugin. -->","yoast_head_json":{"title":"Alisson brilha na S\u00e9rie A e supera Noa Lang em seis meses, destaca Marca - Portal Tela Portugal","robots":{"index":"index","follow":"follow","max-snippet":"max-snippet:-1","max-image-preview":"max-image-preview:large","max-video-preview":"max-video-preview:-1"},"og_locale":"pt_PT","og_type":"article","og_title":"Alisson brilha na S\u00e9rie A e supera Noa Lang em seis meses, destaca Marca - Portal Tela Portugal","og_description":"Alisson Santos estreou na Serie A pelo Napoli frente \u00e0 Roma, entrou aos 70 minutos e empatou aos 82, com o golo a evitar a derrota. A imprensa espanhola, atrav\u00e9s da Marca, destacou o tento do jogador e o elogio: \u201cem doze minutos fez mais do que Noa Lang em seis meses\u201d. O festejo emocionou o extremo, que chorou ao marcar pela primeira vez no Est\u00e1dio Diego Armando Maradona. O brasileiro, de 23 anos, chegou por empr\u00e9stimo ao Napoli ao fim do mercado de inverno, vindo do Sporting, e tem passado por um percurso ascendente nos \u00faltimos dois anos. O neg\u00f3cio prev\u00ea empr\u00e9stimo at\u00e9 ao final da \u00e9poca, por 3,5 milh\u00f5es de euros, com uma op\u00e7\u00e3o de compra de 16,5 milh\u00f5es de euros.","og_url":"https:\/\/portaltela.pt\/noticias\/2026\/02\/20\/alisson-brilha-na-serie-a-e-supera-noa-lang-em-seis-meses-destaca-marca\/","og_site_name":"Portal Tela Portugal","article_published_time":"2026-02-20T11:56:02+00:00","author":"Telinha","twitter_card":"summary_large_image","twitter_misc":{"Escrito por":"Telinha","Tempo estimado de leitura":"2 minutos"},"schema":{"@context":"https:\/\/schema.org","@graph":[{"@type":"Article","@id":"https:\/\/portaltela.pt\/noticias\/2026\/02\/20\/alisson-brilha-na-serie-a-e-supera-noa-lang-em-seis-meses-destaca-marca\/#article","isPartOf":{"@id":"https:\/\/portaltela.pt\/noticias\/2026\/02\/20\/alisson-brilha-na-serie-a-e-supera-noa-lang-em-seis-meses-destaca-marca\/"},"author":{"name":"Telinha","@id":"https:\/\/portaltela.pt\/#\/schema\/person\/c4278d4a6028830caff9ee44b42d32ed"},"headline":"Alisson brilha na S\u00e9rie A e supera Noa Lang em seis meses, destaca Marca","datePublished":"2026-02-20T11:56:02+00:00","mainEntityOfPage":{"@id":"https:\/\/portaltela.pt\/noticias\/2026\/02\/20\/alisson-brilha-na-serie-a-e-supera-noa-lang-em-seis-meses-destaca-marca\/"},"wordCount":327,"image":{"@id":"https:\/\/portaltela.pt\/noticias\/2026\/02\/20\/alisson-brilha-na-serie-a-e-supera-noa-lang-em-seis-meses-destaca-marca\/#primaryimage"},"thumbnailUrl":"https:\/\/portaltela.pt\/s.01k8rhncp4jt1\/2026\/02\/img_1200x721uu2026-02-15-21-52-55-2421870-1.jpg","keywords":["Antonio Conte","empr\u00e9stimos","futebol","It\u00e1lia","Roma","Sporting"],"articleSection":["Desporto","Futebol"],"inLanguage":"pt-PT"},{"@type":"WebPage","@id":"https:\/\/portaltela.pt\/noticias\/2026\/02\/20\/alisson-brilha-na-serie-a-e-supera-noa-lang-em-seis-meses-destaca-marca\/","url":"https:\/\/portaltela.pt\/noticias\/2026\/02\/20\/alisson-brilha-na-serie-a-e-supera-noa-lang-em-seis-meses-destaca-marca\/","name":"Alisson brilha na S\u00e9rie A e supera Noa Lang em seis meses, destaca Marca - Portal Tela Portugal","isPartOf":{"@id":"https:\/\/portaltela.pt\/#website"},"primaryImageOfPage":{"@id":"https:\/\/portaltela.pt\/noticias\/2026\/02\/20\/alisson-brilha-na-serie-a-e-supera-noa-lang-em-seis-meses-destaca-marca\/#primaryimage"},"image":{"@id":"https:\/\/portaltela.pt\/noticias\/2026\/02\/20\/alisson-brilha-na-serie-a-e-supera-noa-lang-em-seis-meses-destaca-marca\/#primaryimage"},"thumbnailUrl":"https:\/\/portaltela.pt\/s.01k8rhncp4jt1\/2026\/02\/img_1200x721uu2026-02-15-21-52-55-2421870-1.jpg","datePublished":"2026-02-20T11:56:02+00:00","author":{"@id":"https:\/\/portaltela.pt\/#\/schema\/person\/c4278d4a6028830caff9ee44b42d32ed"},"breadcrumb":{"@id":"https:\/\/portaltela.pt\/noticias\/2026\/02\/20\/alisson-brilha-na-serie-a-e-supera-noa-lang-em-seis-meses-destaca-marca\/#breadcrumb"},"inLanguage":"pt-PT","potentialAction":[{"@type":"ReadAction","target":["https:\/\/portaltela.pt\/noticias\/2026\/02\/20\/alisson-brilha-na-serie-a-e-supera-noa-lang-em-seis-meses-destaca-marca\/"]}]},{"@type":"ImageObject","inLanguage":"pt-PT","@id":"https:\/\/portaltela.pt\/noticias\/2026\/02\/20\/alisson-brilha-na-serie-a-e-supera-noa-lang-em-seis-meses-destaca-marca\/#primaryimage","url":"https:\/\/portaltela.pt\/s.01k8rhncp4jt1\/2026\/02\/img_1200x721uu2026-02-15-21-52-55-2421870-1.jpg","contentUrl":"https:\/\/portaltela.pt\/s.01k8rhncp4jt1\/2026\/02\/img_1200x721uu2026-02-15-21-52-55-2421870-1.jpg","width":1200,"height":721,"caption":"Estreia de sonho de Alisson na Serie A vale destaque na 'Marca': \u00abJ\u00e1 fez mais do que Noa Lang em 6 meses\u00bb"},{"@type":"BreadcrumbList","@id":"https:\/\/portaltela.pt\/noticias\/2026\/02\/20\/alisson-brilha-na-serie-a-e-supera-noa-lang-em-seis-meses-destaca-marca\/#breadcrumb","itemListElement":[{"@type":"ListItem","position":1,"name":"In\u00edcio","item":"https:\/\/portaltela.pt\/"},{"@type":"ListItem","position":2,"name":"Alisson brilha na S\u00e9rie A e supera Noa Lang em seis meses, destaca Marca"}]},{"@type":"WebSite","@id":"https:\/\/portaltela.pt\/#website","url":"https:\/\/portaltela.pt\/","name":"Portal Tela Portugal","description":"","potentialAction":[{"@type":"SearchAction","target":{"@type":"EntryPoint","urlTemplate":"https:\/\/portaltela.pt\/?s={search_term_string}"},"query-input":{"@type":"PropertyValueSpecification","valueRequired":true,"valueName":"search_term_string"}}],"inLanguage":"pt-PT"},{"@type":"Person","@id":"https:\/\/portaltela.pt\/#\/schema\/person\/c4278d4a6028830caff9ee44b42d32ed","name":"Telinha","image":{"@type":"ImageObject","inLanguage":"pt-PT","@id":"https:\/\/portaltela.pt\/s.01k8rhncp4jt1\/2025\/11\/talking-bot-125x125.png","url":"https:\/\/portaltela.pt\/s.01k8rhncp4jt1\/2025\/11\/talking-bot-125x125.png","contentUrl":"https:\/\/portaltela.pt\/s.01k8rhncp4jt1\/2025\/11\/talking-bot-125x125.png","caption":"Telinha"},"sameAs":["https:\/\/portaltela.pt\/"],"url":"https:\/\/portaltela.pt\/por\/367410592786\/"}]}},"_links":{"self":[{"href":"https:\/\/portaltela.pt\/api\/wp\/v2\/posts\/219000","targetHints":{"allow":["GET"]}}],"collection":[{"href":"https:\/\/portaltela.pt\/api\/wp\/v2\/posts"}],"about":[{"href":"https:\/\/portaltela.pt\/api\/wp\/v2\/types\/post"}],"author":[{"embeddable":true,"href":"https:\/\/portaltela.pt\/api\/wp\/v2\/users\/2"}],"replies":[{"embeddable":true,"href":"https:\/\/portaltela.pt\/api\/wp\/v2\/comments?post=219000"}],"version-history":[{"count":0,"href":"https:\/\/portaltela.pt\/api\/wp\/v2\/posts\/219000\/revisions"}],"wp:featuredmedia":[{"embeddable":true,"href":"https:\/\/portaltela.pt\/api\/wp\/v2\/media\/219005"}],"wp:attachment":[{"href":"https:\/\/portaltela.pt\/api\/wp\/v2\/media?parent=219000"}],"wp:term":[{"taxonomy":"category","embeddable":true,"href":"https:\/\/portaltela.pt\/api\/wp\/v2\/categories?post=219000"},{"taxonomy":"post_tag","embeddable":true,"href":"https:\/\/portaltela.pt\/api\/wp\/v2\/tags?post=219000"}],"curies":[{"name":"wp","href":"https:\/\/api.w.org\/{rel}","templated":true}]}}