{"id":218995,"date":"2026-02-20T08:52:00","date_gmt":"2026-02-20T11:52:00","guid":{"rendered":"https:\/\/portaltela.pt\/noticias\/2026\/02\/20\/pergunte-sobre-mais-uma-jornada-da-liga-record-participe-no-forum\/"},"modified":"2026-02-20T08:52:00","modified_gmt":"2026-02-20T11:52:00","slug":"pergunte-sobre-mais-uma-jornada-da-liga-record-participe-no-forum","status":"publish","type":"post","link":"https:\/\/portaltela.pt\/desporto\/futebol\/2026\/02\/20\/pergunte-sobre-mais-uma-jornada-da-liga-record-participe-no-forum\/","title":{"rendered":"Pergunte sobre mais uma jornada da Liga Record: participe no f\u00f3rum"},"content":{"rendered":"<p>Rui Malheiro vai responder a todas as perguntas dos f\u00e3s a prop\u00f3sito de mais uma jornada da Liga Record. O jornalista aparece como rosto principal de uma sess\u00e3o de perguntas e respostas no f\u00f3rum associado ao portal da Record.<\/p>\n<p>A iniciativa envolve a equipa de reda\u00e7\u00e3o da Liga Record e os leitores que querem esclarecer d\u00favidas sobre jogos, classifica\u00e7\u00e3o e desempenhos. A proposta \u00e9 facilitar o esclarecimento direto sobre os temas da competi\u00e7\u00e3o.<\/p>\n<p>Quando come\u00e7a? as respostas come\u00e7am a partir das 12 horas, segundo o an\u00fancio da organiza\u00e7\u00e3o. Onde? no f\u00f3rum dedicado \u00e0 Liga Record, acess\u00edvel aos membros da comunidade do portal.<\/p>\n<p>Por que foi criada? o objetivo \u00e9 promover a interatividade entre f\u00e3s e a equipa de reportagem, fornecendo informa\u00e7\u00f5es atuais e detalhadas sobre cada jornada.<\/p>\n","protected":false},"excerpt":{"rendered":"<ul>\n<li>Rui Malheiro responde a todas as quest\u00f5es sobre a pr\u00f3xima jornada da Liga Record a partir das 12 horas.<\/li>\n<li>Os leitores podem participar no f\u00f3rum para colocar as suas perguntas.<\/li>\n<li>O f\u00f3rum \u00e9 uma oportunidade de esclarecer d\u00favidas sobre o que est\u00e1 por vir na Liga Record.<\/li>\n<li>A iniciativa convida a acompanhar as respostas e interagir com o tema da jornada seguinte.<\/li>\n<\/ul>\n","protected":false},"author":2,"featured_media":218997,"comment_status":"closed","ping_status":"closed","sticky":false,"template":"","format":"standard","meta":{"footnotes":""},"categories":[21,24],"tags":[1788,3035,6101,32,1786,41],"class_list":["post-218995","post","type-post","status-publish","format-standard","has-post-thumbnail","hentry","category-desporto","category-futebol","tag-a-liga","tag-comunidade","tag-entrevistas","tag-futebol","tag-liga","tag-noticia"],"yoast_head":"<!-- This site is optimized with the Yoast SEO plugin v27.2 - https:\/\/yoast.com\/product\/yoast-seo-wordpress\/ -->\n<title>Pergunte sobre mais uma jornada da Liga Record: participe no f\u00f3rum - Portal Tela Portugal<\/title>\n<meta name=\"robots\" content=\"index, follow, max-snippet:-1, max-image-preview:large, max-video-preview:-1\" \/>\n<meta property=\"og:locale\" content=\"pt_PT\" \/>\n<meta property=\"og:type\" content=\"article\" \/>\n<meta property=\"og:title\" content=\"Pergunte sobre mais uma jornada da Liga Record: participe no f\u00f3rum - Portal Tela Portugal\" \/>\n<meta property=\"og:description\" content=\"Rui Malheiro responde a todas as quest\u00f5es sobre a pr\u00f3xima jornada da Liga Record a partir das 12 horas. Os leitores podem participar no f\u00f3rum para colocar as suas perguntas. O f\u00f3rum \u00e9 uma oportunidade de esclarecer d\u00favidas sobre o que est\u00e1 por vir na Liga Record. A iniciativa convida a acompanhar as respostas e interagir com o tema da jornada seguinte.\" \/>\n<meta property=\"og:url\" content=\"https:\/\/portaltela.pt\/noticias\/2026\/02\/20\/pergunte-sobre-mais-uma-jornada-da-liga-record-participe-no-forum\/\" \/>\n<meta property=\"og:site_name\" content=\"Portal Tela Portugal\" \/>\n<meta property=\"article:published_time\" content=\"2026-02-20T11:52:00+00:00\" \/>\n<meta name=\"author\" content=\"Telinha\" \/>\n<meta name=\"twitter:card\" content=\"summary_large_image\" \/>\n<meta name=\"twitter:label1\" content=\"Escrito por\" \/>\n\t<meta name=\"twitter:data1\" content=\"Telinha\" \/>\n\t<meta name=\"twitter:label2\" content=\"Tempo estimado de leitura\" \/>\n\t<meta name=\"twitter:data2\" content=\"1 minuto\" \/>\n<script type=\"application\/ld+json\" class=\"yoast-schema-graph\">{\"@context\":\"https:\/\/schema.org\",\"@graph\":[{\"@type\":\"Article\",\"@id\":\"https:\/\/portaltela.pt\/noticias\/2026\/02\/20\/pergunte-sobre-mais-uma-jornada-da-liga-record-participe-no-forum\/#article\",\"isPartOf\":{\"@id\":\"https:\/\/portaltela.pt\/noticias\/2026\/02\/20\/pergunte-sobre-mais-uma-jornada-da-liga-record-participe-no-forum\/\"},\"author\":{\"name\":\"Telinha\",\"@id\":\"https:\/\/portaltela.pt\/#\/schema\/person\/c4278d4a6028830caff9ee44b42d32ed\"},\"headline\":\"Pergunte sobre mais uma jornada da Liga Record: participe no f\u00f3rum\",\"datePublished\":\"2026-02-20T11:52:00+00:00\",\"mainEntityOfPage\":{\"@id\":\"https:\/\/portaltela.pt\/noticias\/2026\/02\/20\/pergunte-sobre-mais-uma-jornada-da-liga-record-participe-no-forum\/\"},\"wordCount\":151,\"image\":{\"@id\":\"https:\/\/portaltela.pt\/noticias\/2026\/02\/20\/pergunte-sobre-mais-uma-jornada-da-liga-record-participe-no-forum\/#primaryimage\"},\"thumbnailUrl\":\"https:\/\/portaltela.pt\/s.01k8rhncp4jt1\/2026\/02\/img_920x518uu2025-04-04-11-33-33-2353844.png\",\"keywords\":[\"A Liga\",\"comunidade\",\"entrevistas\",\"futebol\",\"Liga\",\"not\u00edcia\"],\"articleSection\":[\"Desporto\",\"Futebol\"],\"inLanguage\":\"pt-PT\"},{\"@type\":\"WebPage\",\"@id\":\"https:\/\/portaltela.pt\/noticias\/2026\/02\/20\/pergunte-sobre-mais-uma-jornada-da-liga-record-participe-no-forum\/\",\"url\":\"https:\/\/portaltela.pt\/noticias\/2026\/02\/20\/pergunte-sobre-mais-uma-jornada-da-liga-record-participe-no-forum\/\",\"name\":\"Pergunte sobre mais uma jornada da Liga Record: participe no f\u00f3rum - Portal Tela Portugal\",\"isPartOf\":{\"@id\":\"https:\/\/portaltela.pt\/#website\"},\"primaryImageOfPage\":{\"@id\":\"https:\/\/portaltela.pt\/noticias\/2026\/02\/20\/pergunte-sobre-mais-uma-jornada-da-liga-record-participe-no-forum\/#primaryimage\"},\"image\":{\"@id\":\"https:\/\/portaltela.pt\/noticias\/2026\/02\/20\/pergunte-sobre-mais-uma-jornada-da-liga-record-participe-no-forum\/#primaryimage\"},\"thumbnailUrl\":\"https:\/\/portaltela.pt\/s.01k8rhncp4jt1\/2026\/02\/img_920x518uu2025-04-04-11-33-33-2353844.png\",\"datePublished\":\"2026-02-20T11:52:00+00:00\",\"author\":{\"@id\":\"https:\/\/portaltela.pt\/#\/schema\/person\/c4278d4a6028830caff9ee44b42d32ed\"},\"breadcrumb\":{\"@id\":\"https:\/\/portaltela.pt\/noticias\/2026\/02\/20\/pergunte-sobre-mais-uma-jornada-da-liga-record-participe-no-forum\/#breadcrumb\"},\"inLanguage\":\"pt-PT\",\"potentialAction\":[{\"@type\":\"ReadAction\",\"target\":[\"https:\/\/portaltela.pt\/noticias\/2026\/02\/20\/pergunte-sobre-mais-uma-jornada-da-liga-record-participe-no-forum\/\"]}]},{\"@type\":\"ImageObject\",\"inLanguage\":\"pt-PT\",\"@id\":\"https:\/\/portaltela.pt\/noticias\/2026\/02\/20\/pergunte-sobre-mais-uma-jornada-da-liga-record-participe-no-forum\/#primaryimage\",\"url\":\"https:\/\/portaltela.pt\/s.01k8rhncp4jt1\/2026\/02\/img_920x518uu2025-04-04-11-33-33-2353844.png\",\"contentUrl\":\"https:\/\/portaltela.pt\/s.01k8rhncp4jt1\/2026\/02\/img_920x518uu2025-04-04-11-33-33-2353844.png\",\"width\":920,\"height\":518,\"caption\":\"Rui Malheiro\"},{\"@type\":\"BreadcrumbList\",\"@id\":\"https:\/\/portaltela.pt\/noticias\/2026\/02\/20\/pergunte-sobre-mais-uma-jornada-da-liga-record-participe-no-forum\/#breadcrumb\",\"itemListElement\":[{\"@type\":\"ListItem\",\"position\":1,\"name\":\"In\u00edcio\",\"item\":\"https:\/\/portaltela.pt\/\"},{\"@type\":\"ListItem\",\"position\":2,\"name\":\"Pergunte sobre mais uma jornada da Liga Record: participe no f\u00f3rum\"}]},{\"@type\":\"WebSite\",\"@id\":\"https:\/\/portaltela.pt\/#website\",\"url\":\"https:\/\/portaltela.pt\/\",\"name\":\"Portal Tela Portugal\",\"description\":\"\",\"potentialAction\":[{\"@type\":\"SearchAction\",\"target\":{\"@type\":\"EntryPoint\",\"urlTemplate\":\"https:\/\/portaltela.pt\/?s={search_term_string}\"},\"query-input\":{\"@type\":\"PropertyValueSpecification\",\"valueRequired\":true,\"valueName\":\"search_term_string\"}}],\"inLanguage\":\"pt-PT\"},{\"@type\":\"Person\",\"@id\":\"https:\/\/portaltela.pt\/#\/schema\/person\/c4278d4a6028830caff9ee44b42d32ed\",\"name\":\"Telinha\",\"image\":{\"@type\":\"ImageObject\",\"inLanguage\":\"pt-PT\",\"@id\":\"https:\/\/portaltela.pt\/s.01k8rhncp4jt1\/2025\/11\/talking-bot-125x125.png\",\"url\":\"https:\/\/portaltela.pt\/s.01k8rhncp4jt1\/2025\/11\/talking-bot-125x125.png\",\"contentUrl\":\"https:\/\/portaltela.pt\/s.01k8rhncp4jt1\/2025\/11\/talking-bot-125x125.png\",\"caption\":\"Telinha\"},\"sameAs\":[\"https:\/\/portaltela.pt\/\"],\"url\":\"https:\/\/portaltela.pt\/por\/367410592786\/\"}]}<\/script>\n<!-- \/ Yoast SEO plugin. -->","yoast_head_json":{"title":"Pergunte sobre mais uma jornada da Liga Record: participe no f\u00f3rum - Portal Tela Portugal","robots":{"index":"index","follow":"follow","max-snippet":"max-snippet:-1","max-image-preview":"max-image-preview:large","max-video-preview":"max-video-preview:-1"},"og_locale":"pt_PT","og_type":"article","og_title":"Pergunte sobre mais uma jornada da Liga Record: participe no f\u00f3rum - Portal Tela Portugal","og_description":"Rui Malheiro responde a todas as quest\u00f5es sobre a pr\u00f3xima jornada da Liga Record a partir das 12 horas. Os leitores podem participar no f\u00f3rum para colocar as suas perguntas. O f\u00f3rum \u00e9 uma oportunidade de esclarecer d\u00favidas sobre o que est\u00e1 por vir na Liga Record. A iniciativa convida a acompanhar as respostas e interagir com o tema da jornada seguinte.","og_url":"https:\/\/portaltela.pt\/noticias\/2026\/02\/20\/pergunte-sobre-mais-uma-jornada-da-liga-record-participe-no-forum\/","og_site_name":"Portal Tela Portugal","article_published_time":"2026-02-20T11:52:00+00:00","author":"Telinha","twitter_card":"summary_large_image","twitter_misc":{"Escrito por":"Telinha","Tempo estimado de leitura":"1 minuto"},"schema":{"@context":"https:\/\/schema.org","@graph":[{"@type":"Article","@id":"https:\/\/portaltela.pt\/noticias\/2026\/02\/20\/pergunte-sobre-mais-uma-jornada-da-liga-record-participe-no-forum\/#article","isPartOf":{"@id":"https:\/\/portaltela.pt\/noticias\/2026\/02\/20\/pergunte-sobre-mais-uma-jornada-da-liga-record-participe-no-forum\/"},"author":{"name":"Telinha","@id":"https:\/\/portaltela.pt\/#\/schema\/person\/c4278d4a6028830caff9ee44b42d32ed"},"headline":"Pergunte sobre mais uma jornada da Liga Record: participe no f\u00f3rum","datePublished":"2026-02-20T11:52:00+00:00","mainEntityOfPage":{"@id":"https:\/\/portaltela.pt\/noticias\/2026\/02\/20\/pergunte-sobre-mais-uma-jornada-da-liga-record-participe-no-forum\/"},"wordCount":151,"image":{"@id":"https:\/\/portaltela.pt\/noticias\/2026\/02\/20\/pergunte-sobre-mais-uma-jornada-da-liga-record-participe-no-forum\/#primaryimage"},"thumbnailUrl":"https:\/\/portaltela.pt\/s.01k8rhncp4jt1\/2026\/02\/img_920x518uu2025-04-04-11-33-33-2353844.png","keywords":["A Liga","comunidade","entrevistas","futebol","Liga","not\u00edcia"],"articleSection":["Desporto","Futebol"],"inLanguage":"pt-PT"},{"@type":"WebPage","@id":"https:\/\/portaltela.pt\/noticias\/2026\/02\/20\/pergunte-sobre-mais-uma-jornada-da-liga-record-participe-no-forum\/","url":"https:\/\/portaltela.pt\/noticias\/2026\/02\/20\/pergunte-sobre-mais-uma-jornada-da-liga-record-participe-no-forum\/","name":"Pergunte sobre mais uma jornada da Liga Record: participe no f\u00f3rum - Portal Tela Portugal","isPartOf":{"@id":"https:\/\/portaltela.pt\/#website"},"primaryImageOfPage":{"@id":"https:\/\/portaltela.pt\/noticias\/2026\/02\/20\/pergunte-sobre-mais-uma-jornada-da-liga-record-participe-no-forum\/#primaryimage"},"image":{"@id":"https:\/\/portaltela.pt\/noticias\/2026\/02\/20\/pergunte-sobre-mais-uma-jornada-da-liga-record-participe-no-forum\/#primaryimage"},"thumbnailUrl":"https:\/\/portaltela.pt\/s.01k8rhncp4jt1\/2026\/02\/img_920x518uu2025-04-04-11-33-33-2353844.png","datePublished":"2026-02-20T11:52:00+00:00","author":{"@id":"https:\/\/portaltela.pt\/#\/schema\/person\/c4278d4a6028830caff9ee44b42d32ed"},"breadcrumb":{"@id":"https:\/\/portaltela.pt\/noticias\/2026\/02\/20\/pergunte-sobre-mais-uma-jornada-da-liga-record-participe-no-forum\/#breadcrumb"},"inLanguage":"pt-PT","potentialAction":[{"@type":"ReadAction","target":["https:\/\/portaltela.pt\/noticias\/2026\/02\/20\/pergunte-sobre-mais-uma-jornada-da-liga-record-participe-no-forum\/"]}]},{"@type":"ImageObject","inLanguage":"pt-PT","@id":"https:\/\/portaltela.pt\/noticias\/2026\/02\/20\/pergunte-sobre-mais-uma-jornada-da-liga-record-participe-no-forum\/#primaryimage","url":"https:\/\/portaltela.pt\/s.01k8rhncp4jt1\/2026\/02\/img_920x518uu2025-04-04-11-33-33-2353844.png","contentUrl":"https:\/\/portaltela.pt\/s.01k8rhncp4jt1\/2026\/02\/img_920x518uu2025-04-04-11-33-33-2353844.png","width":920,"height":518,"caption":"Rui Malheiro"},{"@type":"BreadcrumbList","@id":"https:\/\/portaltela.pt\/noticias\/2026\/02\/20\/pergunte-sobre-mais-uma-jornada-da-liga-record-participe-no-forum\/#breadcrumb","itemListElement":[{"@type":"ListItem","position":1,"name":"In\u00edcio","item":"https:\/\/portaltela.pt\/"},{"@type":"ListItem","position":2,"name":"Pergunte sobre mais uma jornada da Liga Record: participe no f\u00f3rum"}]},{"@type":"WebSite","@id":"https:\/\/portaltela.pt\/#website","url":"https:\/\/portaltela.pt\/","name":"Portal Tela Portugal","description":"","potentialAction":[{"@type":"SearchAction","target":{"@type":"EntryPoint","urlTemplate":"https:\/\/portaltela.pt\/?s={search_term_string}"},"query-input":{"@type":"PropertyValueSpecification","valueRequired":true,"valueName":"search_term_string"}}],"inLanguage":"pt-PT"},{"@type":"Person","@id":"https:\/\/portaltela.pt\/#\/schema\/person\/c4278d4a6028830caff9ee44b42d32ed","name":"Telinha","image":{"@type":"ImageObject","inLanguage":"pt-PT","@id":"https:\/\/portaltela.pt\/s.01k8rhncp4jt1\/2025\/11\/talking-bot-125x125.png","url":"https:\/\/portaltela.pt\/s.01k8rhncp4jt1\/2025\/11\/talking-bot-125x125.png","contentUrl":"https:\/\/portaltela.pt\/s.01k8rhncp4jt1\/2025\/11\/talking-bot-125x125.png","caption":"Telinha"},"sameAs":["https:\/\/portaltela.pt\/"],"url":"https:\/\/portaltela.pt\/por\/367410592786\/"}]}},"_links":{"self":[{"href":"https:\/\/portaltela.pt\/api\/wp\/v2\/posts\/218995","targetHints":{"allow":["GET"]}}],"collection":[{"href":"https:\/\/portaltela.pt\/api\/wp\/v2\/posts"}],"about":[{"href":"https:\/\/portaltela.pt\/api\/wp\/v2\/types\/post"}],"author":[{"embeddable":true,"href":"https:\/\/portaltela.pt\/api\/wp\/v2\/users\/2"}],"replies":[{"embeddable":true,"href":"https:\/\/portaltela.pt\/api\/wp\/v2\/comments?post=218995"}],"version-history":[{"count":0,"href":"https:\/\/portaltela.pt\/api\/wp\/v2\/posts\/218995\/revisions"}],"wp:featuredmedia":[{"embeddable":true,"href":"https:\/\/portaltela.pt\/api\/wp\/v2\/media\/218997"}],"wp:attachment":[{"href":"https:\/\/portaltela.pt\/api\/wp\/v2\/media?parent=218995"}],"wp:term":[{"taxonomy":"category","embeddable":true,"href":"https:\/\/portaltela.pt\/api\/wp\/v2\/categories?post=218995"},{"taxonomy":"post_tag","embeddable":true,"href":"https:\/\/portaltela.pt\/api\/wp\/v2\/tags?post=218995"}],"curies":[{"name":"wp","href":"https:\/\/api.w.org\/{rel}","templated":true}]}}