{"id":218989,"date":"2026-02-20T08:43:23","date_gmt":"2026-02-20T11:43:23","guid":{"rendered":"https:\/\/portaltela.pt\/noticias\/2026\/02\/20\/jovem-acusado-de-instigar-massacres-inicia-julgamento-em-santa-maria-da-feira\/"},"modified":"2026-02-20T08:43:23","modified_gmt":"2026-02-20T11:43:23","slug":"jovem-acusado-de-instigar-massacres-inicia-julgamento-em-santa-maria-da-feira","status":"publish","type":"post","link":"https:\/\/portaltela.pt\/noticias\/2026\/02\/20\/jovem-acusado-de-instigar-massacres-inicia-julgamento-em-santa-maria-da-feira\/","title":{"rendered":"Jovem acusado de instigar massacres inicia julgamento em Santa Maria da Feira"},"content":{"rendered":"<p>O jovem, acusado de instigar massacres no Brasil, come\u00e7a a ser julgado em Santa Maria da Feira. O processo envolve acusa\u00e7\u00f5es de lideran\u00e7a de um grupo na Discord, que incitava adolescentes a praticar atos violentos.<\/p>\n<p>Segundo a acusa\u00e7\u00e3o, o grupo promovia livestreams de viol\u00eancia contra si pr\u00f3prios, outras pessoas e animais de estima\u00e7\u00e3o. As mensagens eram partilhadas de forma reiterada entre membros, com incentivos a a\u00e7\u00f5es extremas.<\/p>\n<p>O julgamento teve in\u00edcio hoje, em Santa Maria da Feira, Portugal. A defesa contesta a extens\u00e3o das faculdades do grupo e a aplica\u00e7\u00e3o da legisla\u00e7\u00e3o brasileira no \u00e2mbito de um caso suscet\u00edvel de extradi\u00e7\u00e3o ou coopera\u00e7\u00e3o internacional.<\/p>\n<h3>Detalhes do processo<\/h3>\n<ul>\n<li>A pol\u00edcia e o Minist\u00e9rio P\u00fablico est\u00e3o a analisar a origem das comunica\u00e7\u00f5es e a envolv\u00eancia de menores de idade.<\/li>\n<li>O caso envolve quest\u00f5es de incita\u00e7\u00e3o \u00e0 viol\u00eancia, explora\u00e7\u00e3o de menores e partilha de conte\u00fados gravados.<\/li>\n<li>O resultado do julgamento pode influenciar futuras coopera\u00e7\u00f5es entre autoridades portuguesas e brasileiras.<\/li>\n<\/ul>\n","protected":false},"excerpt":{"rendered":"<ul>\n<li>Um jovem \u00e9 acusado de liderar um grupo na Discord que incitava adolescentes a praticar atos violentos com transmiss\u00f5es em direto.<\/li>\n<li>Os supostos atos inclu\u00edam viol\u00eancia contra si pr\u00f3prio, contra outras pessoas e contra animais de estima\u00e7\u00e3o.<\/li>\n<li>O julgamento come\u00e7ou em Santa Maria da Feira.<\/li>\n<li>A investiga\u00e7\u00e3o envolve a monitoriza\u00e7\u00e3o de mensagens e a identifica\u00e7\u00e3o de potenciais participantes, segundo as autoridades.<\/li>\n<\/ul>\n","protected":false},"author":2,"featured_media":218993,"comment_status":"closed","ping_status":"closed","sticky":false,"template":"","format":"standard","meta":{"footnotes":""},"categories":[1],"tags":[256,6125,5833,3544,217,939],"class_list":["post-218989","post","type-post","status-publish","format-standard","has-post-thumbnail","hentry","category-noticias","tag-cooperacao-internacional","tag-exploracao-de-menores-dependentes","tag-extradicoes","tag-incitacao-ao-odio","tag-investigacao-criminal","tag-violencia"],"yoast_head":"<!-- This site is optimized with the Yoast SEO plugin v27.2 - https:\/\/yoast.com\/product\/yoast-seo-wordpress\/ -->\n<title>Jovem acusado de instigar massacres inicia julgamento em Santa Maria da Feira - Portal Tela Portugal<\/title>\n<meta name=\"robots\" content=\"index, follow, max-snippet:-1, max-image-preview:large, max-video-preview:-1\" \/>\n<meta property=\"og:locale\" content=\"pt_PT\" \/>\n<meta property=\"og:type\" content=\"article\" \/>\n<meta property=\"og:title\" content=\"Jovem acusado de instigar massacres inicia julgamento em Santa Maria da Feira - Portal Tela Portugal\" \/>\n<meta property=\"og:description\" content=\"Um jovem \u00e9 acusado de liderar um grupo na Discord que incitava adolescentes a praticar atos violentos com transmiss\u00f5es em direto. Os supostos atos inclu\u00edam viol\u00eancia contra si pr\u00f3prio, contra outras pessoas e contra animais de estima\u00e7\u00e3o. O julgamento come\u00e7ou em Santa Maria da Feira. A investiga\u00e7\u00e3o envolve a monitoriza\u00e7\u00e3o de mensagens e a identifica\u00e7\u00e3o de potenciais participantes, segundo as autoridades.\" \/>\n<meta property=\"og:url\" content=\"https:\/\/portaltela.pt\/noticias\/2026\/02\/20\/jovem-acusado-de-instigar-massacres-inicia-julgamento-em-santa-maria-da-feira\/\" \/>\n<meta property=\"og:site_name\" content=\"Portal Tela Portugal\" \/>\n<meta property=\"article:published_time\" content=\"2026-02-20T11:43:23+00:00\" \/>\n<meta name=\"author\" content=\"Telinha\" \/>\n<meta name=\"twitter:card\" content=\"summary_large_image\" \/>\n<meta name=\"twitter:label1\" content=\"Escrito por\" \/>\n\t<meta name=\"twitter:data1\" content=\"Telinha\" \/>\n\t<meta name=\"twitter:label2\" content=\"Tempo estimado de leitura\" \/>\n\t<meta name=\"twitter:data2\" content=\"1 minuto\" \/>\n<script type=\"application\/ld+json\" class=\"yoast-schema-graph\">{\"@context\":\"https:\/\/schema.org\",\"@graph\":[{\"@type\":\"Article\",\"@id\":\"https:\/\/portaltela.pt\/noticias\/2026\/02\/20\/jovem-acusado-de-instigar-massacres-inicia-julgamento-em-santa-maria-da-feira\/#article\",\"isPartOf\":{\"@id\":\"https:\/\/portaltela.pt\/noticias\/2026\/02\/20\/jovem-acusado-de-instigar-massacres-inicia-julgamento-em-santa-maria-da-feira\/\"},\"author\":{\"name\":\"Telinha\",\"@id\":\"https:\/\/portaltela.pt\/#\/schema\/person\/c4278d4a6028830caff9ee44b42d32ed\"},\"headline\":\"Jovem acusado de instigar massacres inicia julgamento em Santa Maria da Feira\",\"datePublished\":\"2026-02-20T11:43:23+00:00\",\"mainEntityOfPage\":{\"@id\":\"https:\/\/portaltela.pt\/noticias\/2026\/02\/20\/jovem-acusado-de-instigar-massacres-inicia-julgamento-em-santa-maria-da-feira\/\"},\"wordCount\":194,\"image\":{\"@id\":\"https:\/\/portaltela.pt\/noticias\/2026\/02\/20\/jovem-acusado-de-instigar-massacres-inicia-julgamento-em-santa-maria-da-feira\/#primaryimage\"},\"thumbnailUrl\":\"https:\/\/portaltela.pt\/s.01k8rhncp4jt1\/2026\/02\/img_1280x722uu2025-05-16-21-15-13-2209610.png\",\"keywords\":[\"coopera\u00e7\u00e3o internacional\",\"explora\u00e7\u00e3o de menores dependentes\",\"extradi\u00e7\u00f5es\",\"incita\u00e7\u00e3o ao \u00f3dio\",\"investiga\u00e7\u00e3o criminal\",\"viol\u00eancia\"],\"articleSection\":[\"Not\u00edcias\"],\"inLanguage\":\"pt-PT\"},{\"@type\":\"WebPage\",\"@id\":\"https:\/\/portaltela.pt\/noticias\/2026\/02\/20\/jovem-acusado-de-instigar-massacres-inicia-julgamento-em-santa-maria-da-feira\/\",\"url\":\"https:\/\/portaltela.pt\/noticias\/2026\/02\/20\/jovem-acusado-de-instigar-massacres-inicia-julgamento-em-santa-maria-da-feira\/\",\"name\":\"Jovem acusado de instigar massacres inicia julgamento em Santa Maria da Feira - Portal Tela Portugal\",\"isPartOf\":{\"@id\":\"https:\/\/portaltela.pt\/#website\"},\"primaryImageOfPage\":{\"@id\":\"https:\/\/portaltela.pt\/noticias\/2026\/02\/20\/jovem-acusado-de-instigar-massacres-inicia-julgamento-em-santa-maria-da-feira\/#primaryimage\"},\"image\":{\"@id\":\"https:\/\/portaltela.pt\/noticias\/2026\/02\/20\/jovem-acusado-de-instigar-massacres-inicia-julgamento-em-santa-maria-da-feira\/#primaryimage\"},\"thumbnailUrl\":\"https:\/\/portaltela.pt\/s.01k8rhncp4jt1\/2026\/02\/img_1280x722uu2025-05-16-21-15-13-2209610.png\",\"datePublished\":\"2026-02-20T11:43:23+00:00\",\"author\":{\"@id\":\"https:\/\/portaltela.pt\/#\/schema\/person\/c4278d4a6028830caff9ee44b42d32ed\"},\"breadcrumb\":{\"@id\":\"https:\/\/portaltela.pt\/noticias\/2026\/02\/20\/jovem-acusado-de-instigar-massacres-inicia-julgamento-em-santa-maria-da-feira\/#breadcrumb\"},\"inLanguage\":\"pt-PT\",\"potentialAction\":[{\"@type\":\"ReadAction\",\"target\":[\"https:\/\/portaltela.pt\/noticias\/2026\/02\/20\/jovem-acusado-de-instigar-massacres-inicia-julgamento-em-santa-maria-da-feira\/\"]}]},{\"@type\":\"ImageObject\",\"inLanguage\":\"pt-PT\",\"@id\":\"https:\/\/portaltela.pt\/noticias\/2026\/02\/20\/jovem-acusado-de-instigar-massacres-inicia-julgamento-em-santa-maria-da-feira\/#primaryimage\",\"url\":\"https:\/\/portaltela.pt\/s.01k8rhncp4jt1\/2026\/02\/img_1280x722uu2025-05-16-21-15-13-2209610.png\",\"contentUrl\":\"https:\/\/portaltela.pt\/s.01k8rhncp4jt1\/2026\/02\/img_1280x722uu2025-05-16-21-15-13-2209610.png\",\"width\":1280,\"height\":722,\"caption\":\"Photo\"},{\"@type\":\"BreadcrumbList\",\"@id\":\"https:\/\/portaltela.pt\/noticias\/2026\/02\/20\/jovem-acusado-de-instigar-massacres-inicia-julgamento-em-santa-maria-da-feira\/#breadcrumb\",\"itemListElement\":[{\"@type\":\"ListItem\",\"position\":1,\"name\":\"In\u00edcio\",\"item\":\"https:\/\/portaltela.pt\/\"},{\"@type\":\"ListItem\",\"position\":2,\"name\":\"Jovem acusado de instigar massacres inicia julgamento em Santa Maria da Feira\"}]},{\"@type\":\"WebSite\",\"@id\":\"https:\/\/portaltela.pt\/#website\",\"url\":\"https:\/\/portaltela.pt\/\",\"name\":\"Portal Tela Portugal\",\"description\":\"\",\"potentialAction\":[{\"@type\":\"SearchAction\",\"target\":{\"@type\":\"EntryPoint\",\"urlTemplate\":\"https:\/\/portaltela.pt\/?s={search_term_string}\"},\"query-input\":{\"@type\":\"PropertyValueSpecification\",\"valueRequired\":true,\"valueName\":\"search_term_string\"}}],\"inLanguage\":\"pt-PT\"},{\"@type\":\"Person\",\"@id\":\"https:\/\/portaltela.pt\/#\/schema\/person\/c4278d4a6028830caff9ee44b42d32ed\",\"name\":\"Telinha\",\"image\":{\"@type\":\"ImageObject\",\"inLanguage\":\"pt-PT\",\"@id\":\"https:\/\/portaltela.pt\/s.01k8rhncp4jt1\/2025\/11\/talking-bot-125x125.png\",\"url\":\"https:\/\/portaltela.pt\/s.01k8rhncp4jt1\/2025\/11\/talking-bot-125x125.png\",\"contentUrl\":\"https:\/\/portaltela.pt\/s.01k8rhncp4jt1\/2025\/11\/talking-bot-125x125.png\",\"caption\":\"Telinha\"},\"sameAs\":[\"https:\/\/portaltela.pt\/\"],\"url\":\"https:\/\/portaltela.pt\/por\/367410592786\/\"}]}<\/script>\n<!-- \/ Yoast SEO plugin. -->","yoast_head_json":{"title":"Jovem acusado de instigar massacres inicia julgamento em Santa Maria da Feira - Portal Tela Portugal","robots":{"index":"index","follow":"follow","max-snippet":"max-snippet:-1","max-image-preview":"max-image-preview:large","max-video-preview":"max-video-preview:-1"},"og_locale":"pt_PT","og_type":"article","og_title":"Jovem acusado de instigar massacres inicia julgamento em Santa Maria da Feira - Portal Tela Portugal","og_description":"Um jovem \u00e9 acusado de liderar um grupo na Discord que incitava adolescentes a praticar atos violentos com transmiss\u00f5es em direto. Os supostos atos inclu\u00edam viol\u00eancia contra si pr\u00f3prio, contra outras pessoas e contra animais de estima\u00e7\u00e3o. O julgamento come\u00e7ou em Santa Maria da Feira. A investiga\u00e7\u00e3o envolve a monitoriza\u00e7\u00e3o de mensagens e a identifica\u00e7\u00e3o de potenciais participantes, segundo as autoridades.","og_url":"https:\/\/portaltela.pt\/noticias\/2026\/02\/20\/jovem-acusado-de-instigar-massacres-inicia-julgamento-em-santa-maria-da-feira\/","og_site_name":"Portal Tela Portugal","article_published_time":"2026-02-20T11:43:23+00:00","author":"Telinha","twitter_card":"summary_large_image","twitter_misc":{"Escrito por":"Telinha","Tempo estimado de leitura":"1 minuto"},"schema":{"@context":"https:\/\/schema.org","@graph":[{"@type":"Article","@id":"https:\/\/portaltela.pt\/noticias\/2026\/02\/20\/jovem-acusado-de-instigar-massacres-inicia-julgamento-em-santa-maria-da-feira\/#article","isPartOf":{"@id":"https:\/\/portaltela.pt\/noticias\/2026\/02\/20\/jovem-acusado-de-instigar-massacres-inicia-julgamento-em-santa-maria-da-feira\/"},"author":{"name":"Telinha","@id":"https:\/\/portaltela.pt\/#\/schema\/person\/c4278d4a6028830caff9ee44b42d32ed"},"headline":"Jovem acusado de instigar massacres inicia julgamento em Santa Maria da Feira","datePublished":"2026-02-20T11:43:23+00:00","mainEntityOfPage":{"@id":"https:\/\/portaltela.pt\/noticias\/2026\/02\/20\/jovem-acusado-de-instigar-massacres-inicia-julgamento-em-santa-maria-da-feira\/"},"wordCount":194,"image":{"@id":"https:\/\/portaltela.pt\/noticias\/2026\/02\/20\/jovem-acusado-de-instigar-massacres-inicia-julgamento-em-santa-maria-da-feira\/#primaryimage"},"thumbnailUrl":"https:\/\/portaltela.pt\/s.01k8rhncp4jt1\/2026\/02\/img_1280x722uu2025-05-16-21-15-13-2209610.png","keywords":["coopera\u00e7\u00e3o internacional","explora\u00e7\u00e3o de menores dependentes","extradi\u00e7\u00f5es","incita\u00e7\u00e3o ao \u00f3dio","investiga\u00e7\u00e3o criminal","viol\u00eancia"],"articleSection":["Not\u00edcias"],"inLanguage":"pt-PT"},{"@type":"WebPage","@id":"https:\/\/portaltela.pt\/noticias\/2026\/02\/20\/jovem-acusado-de-instigar-massacres-inicia-julgamento-em-santa-maria-da-feira\/","url":"https:\/\/portaltela.pt\/noticias\/2026\/02\/20\/jovem-acusado-de-instigar-massacres-inicia-julgamento-em-santa-maria-da-feira\/","name":"Jovem acusado de instigar massacres inicia julgamento em Santa Maria da Feira - Portal Tela Portugal","isPartOf":{"@id":"https:\/\/portaltela.pt\/#website"},"primaryImageOfPage":{"@id":"https:\/\/portaltela.pt\/noticias\/2026\/02\/20\/jovem-acusado-de-instigar-massacres-inicia-julgamento-em-santa-maria-da-feira\/#primaryimage"},"image":{"@id":"https:\/\/portaltela.pt\/noticias\/2026\/02\/20\/jovem-acusado-de-instigar-massacres-inicia-julgamento-em-santa-maria-da-feira\/#primaryimage"},"thumbnailUrl":"https:\/\/portaltela.pt\/s.01k8rhncp4jt1\/2026\/02\/img_1280x722uu2025-05-16-21-15-13-2209610.png","datePublished":"2026-02-20T11:43:23+00:00","author":{"@id":"https:\/\/portaltela.pt\/#\/schema\/person\/c4278d4a6028830caff9ee44b42d32ed"},"breadcrumb":{"@id":"https:\/\/portaltela.pt\/noticias\/2026\/02\/20\/jovem-acusado-de-instigar-massacres-inicia-julgamento-em-santa-maria-da-feira\/#breadcrumb"},"inLanguage":"pt-PT","potentialAction":[{"@type":"ReadAction","target":["https:\/\/portaltela.pt\/noticias\/2026\/02\/20\/jovem-acusado-de-instigar-massacres-inicia-julgamento-em-santa-maria-da-feira\/"]}]},{"@type":"ImageObject","inLanguage":"pt-PT","@id":"https:\/\/portaltela.pt\/noticias\/2026\/02\/20\/jovem-acusado-de-instigar-massacres-inicia-julgamento-em-santa-maria-da-feira\/#primaryimage","url":"https:\/\/portaltela.pt\/s.01k8rhncp4jt1\/2026\/02\/img_1280x722uu2025-05-16-21-15-13-2209610.png","contentUrl":"https:\/\/portaltela.pt\/s.01k8rhncp4jt1\/2026\/02\/img_1280x722uu2025-05-16-21-15-13-2209610.png","width":1280,"height":722,"caption":"Photo"},{"@type":"BreadcrumbList","@id":"https:\/\/portaltela.pt\/noticias\/2026\/02\/20\/jovem-acusado-de-instigar-massacres-inicia-julgamento-em-santa-maria-da-feira\/#breadcrumb","itemListElement":[{"@type":"ListItem","position":1,"name":"In\u00edcio","item":"https:\/\/portaltela.pt\/"},{"@type":"ListItem","position":2,"name":"Jovem acusado de instigar massacres inicia julgamento em Santa Maria da Feira"}]},{"@type":"WebSite","@id":"https:\/\/portaltela.pt\/#website","url":"https:\/\/portaltela.pt\/","name":"Portal Tela Portugal","description":"","potentialAction":[{"@type":"SearchAction","target":{"@type":"EntryPoint","urlTemplate":"https:\/\/portaltela.pt\/?s={search_term_string}"},"query-input":{"@type":"PropertyValueSpecification","valueRequired":true,"valueName":"search_term_string"}}],"inLanguage":"pt-PT"},{"@type":"Person","@id":"https:\/\/portaltela.pt\/#\/schema\/person\/c4278d4a6028830caff9ee44b42d32ed","name":"Telinha","image":{"@type":"ImageObject","inLanguage":"pt-PT","@id":"https:\/\/portaltela.pt\/s.01k8rhncp4jt1\/2025\/11\/talking-bot-125x125.png","url":"https:\/\/portaltela.pt\/s.01k8rhncp4jt1\/2025\/11\/talking-bot-125x125.png","contentUrl":"https:\/\/portaltela.pt\/s.01k8rhncp4jt1\/2025\/11\/talking-bot-125x125.png","caption":"Telinha"},"sameAs":["https:\/\/portaltela.pt\/"],"url":"https:\/\/portaltela.pt\/por\/367410592786\/"}]}},"_links":{"self":[{"href":"https:\/\/portaltela.pt\/api\/wp\/v2\/posts\/218989","targetHints":{"allow":["GET"]}}],"collection":[{"href":"https:\/\/portaltela.pt\/api\/wp\/v2\/posts"}],"about":[{"href":"https:\/\/portaltela.pt\/api\/wp\/v2\/types\/post"}],"author":[{"embeddable":true,"href":"https:\/\/portaltela.pt\/api\/wp\/v2\/users\/2"}],"replies":[{"embeddable":true,"href":"https:\/\/portaltela.pt\/api\/wp\/v2\/comments?post=218989"}],"version-history":[{"count":0,"href":"https:\/\/portaltela.pt\/api\/wp\/v2\/posts\/218989\/revisions"}],"wp:featuredmedia":[{"embeddable":true,"href":"https:\/\/portaltela.pt\/api\/wp\/v2\/media\/218993"}],"wp:attachment":[{"href":"https:\/\/portaltela.pt\/api\/wp\/v2\/media?parent=218989"}],"wp:term":[{"taxonomy":"category","embeddable":true,"href":"https:\/\/portaltela.pt\/api\/wp\/v2\/categories?post=218989"},{"taxonomy":"post_tag","embeddable":true,"href":"https:\/\/portaltela.pt\/api\/wp\/v2\/tags?post=218989"}],"curies":[{"name":"wp","href":"https:\/\/api.w.org\/{rel}","templated":true}]}}