{"id":218953,"date":"2026-02-20T08:25:00","date_gmt":"2026-02-20T11:25:00","guid":{"rendered":"https:\/\/portaltela.pt\/noticias\/2026\/02\/20\/be-aponta-maioria-de-municipios-no-minho-com-planos-de-emergencia-desatualizados\/"},"modified":"2026-02-20T08:25:00","modified_gmt":"2026-02-20T11:25:00","slug":"be-aponta-maioria-de-municipios-no-minho-com-planos-de-emergencia-desatualizados","status":"publish","type":"post","link":"https:\/\/portaltela.pt\/noticias\/2026\/02\/20\/be-aponta-maioria-de-municipios-no-minho-com-planos-de-emergencia-desatualizados\/","title":{"rendered":"BE aponta maioria de munic\u00edpios no Minho com planos de emerg\u00eancia desatualizados"},"content":{"rendered":"<p>O Bloco de Esquerda (BE) de Viana do Castelo manifestou esta sexta-feira preocupa\u00e7\u00e3o com o facto de seis dos 10 concelhos do Alto Minho terem PMEPC desatualizados. O BE sustenta que n\u00e3o se trata de aus\u00eancia de planos, mas de planos fora de prazo.<\/p>\n<p>Segundo o site da ANEPC, Arcos de Valdevez, Paredes de Coura, Ponte de Lima, Valen\u00e7a, Viana do Castelo e Vila Nova de Cerveira excederam o prazo de revis\u00e3o. O BE detalha as datas entre 2015 e 2020 para cada munic\u00edpio.<\/p>\n<p>O BE afirma que os planos devem ser revistos no prazo m\u00e1ximo de cinco anos ap\u00f3s a entrada em vigor. O distrito tem vulnerabilidades costeiras, de rios e de densidade populacional que exigem planos atualizados.<\/p>\n<h3>Atualiza\u00e7\u00e3o em curso<\/h3>\n<p>O Comando da Sub-Regional do Alto Minho, liderado por Marco Domingues, explicou que os PMEC est\u00e3o em fase de conclus\u00e3o da revis\u00e3o e continuam a vigorar. Disseram ainda que n\u00e3o est\u00e3o desprovidos de resposta \u00e0s necessidades.<\/p>\n<p>Para Arcos de Valdevez, j\u00e1 h\u00e1 parecer da ANEPC, faltando apenas a aprecia\u00e7\u00e3o pela Assembleia Municipal. Paredes de Coura est\u00e1 a decorrer, com consulta p\u00fablica conclu\u00edda e relat\u00f3rio em prepara\u00e7\u00e3o. Ponte de Lima prev\u00ea concluir este ano.<\/p>\n<p>Valen\u00e7a est\u00e1 em revis\u00e3o, Viana do Castelo foi colocado em consulta p\u00fablica, e o BE frisa que o atraso pode comprometer a adequa\u00e7\u00e3o \u00e0s situa\u00e7\u00f5es reais de risco. O BE refor\u00e7a que o PMEC \u00e9 instrumento-chave para respostas a emerg\u00eancias.<\/p>\n<p>O partido ressalva que o distrito exige planeamento rigoroso face a cheias, inc\u00eandios, inunda\u00e7\u00f5es e outros fen\u00f3menos, para a prote\u00e7\u00e3o de pessoas e bens. A defesa da atualiza\u00e7\u00e3o surge como prioridade estrat\u00e9gica.<\/p>\n","protected":false},"excerpt":{"rendered":"<ul>\n<li>O BE de Viana do Castelo mostra preocupa\u00e7\u00e3o com seis dos dez concelhos do Alto Minho, cujos Planos Municipais de Emerg\u00eancia e Prote\u00e7\u00e3o Civil (PMEPC) est\u00e3o desatualizados.<\/li>\n<li>Segundo a ANEPC, os PMEC de Arcos de Valdevez, Paredes de Coura, Ponte de Lima, Valen\u00e7a, Viana do Castelo e Vila Nova de Cerveira j\u00e1 ultrapassaram o prazo de revis\u00e3o.<\/li>\n<li>Os planos de Arcos de Valdevez e Valen\u00e7a est\u00e3o desatualizados desde 2020; Paredes de Coura e Vila Nova de Cerveira desde 2019; Ponte de Lima desde 2018; Viana do Castelo desde 2015.<\/li>\n<li>O comandante Marco Domingues afirmou que os planos est\u00e3o em fase de conclus\u00e3o da revis\u00e3o, mantendo os atuais em vigor, e que alguns ainda precisam de parecer ou aprecia\u00e7\u00e3o municipal.<\/li>\n<li>O BE sustenta que a atualiza\u00e7\u00e3o \u00e9 urgente para enfrentar riscos como cheias, inc\u00eandios e fen\u00f3menos meteorol\u00f3gicos extremos, especialmente num distrito com risco costeiro e elevada densidade populacional.<\/li>\n<\/ul>\n","protected":false},"author":2,"featured_media":218963,"comment_status":"closed","ping_status":"closed","sticky":false,"template":"","format":"standard","meta":{"footnotes":""},"categories":[1],"tags":[1781,1780,4210,320,3222,1530],"class_list":["post-218953","post","type-post","status-publish","format-standard","has-post-thumbnail","hentry","category-noticias","tag-arcos-de-valdevez","tag-paredes-de-coura","tag-ponte-de-lima","tag-protecao-civil","tag-valenca","tag-viana-do-castelo"],"yoast_head":"<!-- This site is optimized with the Yoast SEO plugin v27.2 - https:\/\/yoast.com\/product\/yoast-seo-wordpress\/ -->\n<title>BE aponta maioria de munic\u00edpios no Minho com planos de emerg\u00eancia desatualizados - Portal Tela Portugal<\/title>\n<meta name=\"robots\" content=\"index, follow, max-snippet:-1, max-image-preview:large, max-video-preview:-1\" \/>\n<meta property=\"og:locale\" content=\"pt_PT\" \/>\n<meta property=\"og:type\" content=\"article\" \/>\n<meta property=\"og:title\" content=\"BE aponta maioria de munic\u00edpios no Minho com planos de emerg\u00eancia desatualizados - Portal Tela Portugal\" \/>\n<meta property=\"og:description\" content=\"O BE de Viana do Castelo mostra preocupa\u00e7\u00e3o com seis dos dez concelhos do Alto Minho, cujos Planos Municipais de Emerg\u00eancia e Prote\u00e7\u00e3o Civil (PMEPC) est\u00e3o desatualizados. Segundo a ANEPC, os PMEC de Arcos de Valdevez, Paredes de Coura, Ponte de Lima, Valen\u00e7a, Viana do Castelo e Vila Nova de Cerveira j\u00e1 ultrapassaram o prazo de revis\u00e3o. Os planos de Arcos de Valdevez e Valen\u00e7a est\u00e3o desatualizados desde 2020; Paredes de Coura e Vila Nova de Cerveira desde 2019; Ponte de Lima desde 2018; Viana do Castelo desde 2015. O comandante Marco Domingues afirmou que os planos est\u00e3o em fase de conclus\u00e3o da revis\u00e3o, mantendo os atuais em vigor, e que alguns ainda precisam de parecer ou aprecia\u00e7\u00e3o municipal. O BE sustenta que a atualiza\u00e7\u00e3o \u00e9 urgente para enfrentar riscos como cheias, inc\u00eandios e fen\u00f3menos meteorol\u00f3gicos extremos, especialmente num distrito com risco costeiro e elevada densidade populacional.\" \/>\n<meta property=\"og:url\" content=\"https:\/\/portaltela.pt\/noticias\/2026\/02\/20\/be-aponta-maioria-de-municipios-no-minho-com-planos-de-emergencia-desatualizados\/\" \/>\n<meta property=\"og:site_name\" content=\"Portal Tela Portugal\" \/>\n<meta property=\"article:published_time\" content=\"2026-02-20T11:25:00+00:00\" \/>\n<meta name=\"author\" content=\"Telinha\" \/>\n<meta name=\"twitter:card\" content=\"summary_large_image\" \/>\n<meta name=\"twitter:label1\" content=\"Escrito por\" \/>\n\t<meta name=\"twitter:data1\" content=\"Telinha\" \/>\n\t<meta name=\"twitter:label2\" content=\"Tempo estimado de leitura\" \/>\n\t<meta name=\"twitter:data2\" content=\"1 minuto\" \/>\n<script type=\"application\/ld+json\" class=\"yoast-schema-graph\">{\"@context\":\"https:\/\/schema.org\",\"@graph\":[{\"@type\":\"Article\",\"@id\":\"https:\/\/portaltela.pt\/noticias\/2026\/02\/20\/be-aponta-maioria-de-municipios-no-minho-com-planos-de-emergencia-desatualizados\/#article\",\"isPartOf\":{\"@id\":\"https:\/\/portaltela.pt\/noticias\/2026\/02\/20\/be-aponta-maioria-de-municipios-no-minho-com-planos-de-emergencia-desatualizados\/\"},\"author\":{\"name\":\"Telinha\",\"@id\":\"https:\/\/portaltela.pt\/#\/schema\/person\/c4278d4a6028830caff9ee44b42d32ed\"},\"headline\":\"BE aponta maioria de munic\u00edpios no Minho com planos de emerg\u00eancia desatualizados\",\"datePublished\":\"2026-02-20T11:25:00+00:00\",\"mainEntityOfPage\":{\"@id\":\"https:\/\/portaltela.pt\/noticias\/2026\/02\/20\/be-aponta-maioria-de-municipios-no-minho-com-planos-de-emergencia-desatualizados\/\"},\"wordCount\":309,\"image\":{\"@id\":\"https:\/\/portaltela.pt\/noticias\/2026\/02\/20\/be-aponta-maioria-de-municipios-no-minho-com-planos-de-emergencia-desatualizados\/#primaryimage\"},\"thumbnailUrl\":\"https:\/\/portaltela.pt\/s.01k8rhncp4jt1\/2026\/02\/img_1500x1000uu2018-04-26-11-45-00-732193.jpg\",\"keywords\":[\"Arcos de Valdevez\",\"Paredes de Coura\",\"Ponte de Lima\",\"prote\u00e7\u00e3o civil\",\"Valen\u00e7a\",\"Viana do Castelo\"],\"articleSection\":[\"Not\u00edcias\"],\"inLanguage\":\"pt-PT\"},{\"@type\":\"WebPage\",\"@id\":\"https:\/\/portaltela.pt\/noticias\/2026\/02\/20\/be-aponta-maioria-de-municipios-no-minho-com-planos-de-emergencia-desatualizados\/\",\"url\":\"https:\/\/portaltela.pt\/noticias\/2026\/02\/20\/be-aponta-maioria-de-municipios-no-minho-com-planos-de-emergencia-desatualizados\/\",\"name\":\"BE aponta maioria de munic\u00edpios no Minho com planos de emerg\u00eancia desatualizados - Portal Tela Portugal\",\"isPartOf\":{\"@id\":\"https:\/\/portaltela.pt\/#website\"},\"primaryImageOfPage\":{\"@id\":\"https:\/\/portaltela.pt\/noticias\/2026\/02\/20\/be-aponta-maioria-de-municipios-no-minho-com-planos-de-emergencia-desatualizados\/#primaryimage\"},\"image\":{\"@id\":\"https:\/\/portaltela.pt\/noticias\/2026\/02\/20\/be-aponta-maioria-de-municipios-no-minho-com-planos-de-emergencia-desatualizados\/#primaryimage\"},\"thumbnailUrl\":\"https:\/\/portaltela.pt\/s.01k8rhncp4jt1\/2026\/02\/img_1500x1000uu2018-04-26-11-45-00-732193.jpg\",\"datePublished\":\"2026-02-20T11:25:00+00:00\",\"author\":{\"@id\":\"https:\/\/portaltela.pt\/#\/schema\/person\/c4278d4a6028830caff9ee44b42d32ed\"},\"breadcrumb\":{\"@id\":\"https:\/\/portaltela.pt\/noticias\/2026\/02\/20\/be-aponta-maioria-de-municipios-no-minho-com-planos-de-emergencia-desatualizados\/#breadcrumb\"},\"inLanguage\":\"pt-PT\",\"potentialAction\":[{\"@type\":\"ReadAction\",\"target\":[\"https:\/\/portaltela.pt\/noticias\/2026\/02\/20\/be-aponta-maioria-de-municipios-no-minho-com-planos-de-emergencia-desatualizados\/\"]}]},{\"@type\":\"ImageObject\",\"inLanguage\":\"pt-PT\",\"@id\":\"https:\/\/portaltela.pt\/noticias\/2026\/02\/20\/be-aponta-maioria-de-municipios-no-minho-com-planos-de-emergencia-desatualizados\/#primaryimage\",\"url\":\"https:\/\/portaltela.pt\/s.01k8rhncp4jt1\/2026\/02\/img_1500x1000uu2018-04-26-11-45-00-732193.jpg\",\"contentUrl\":\"https:\/\/portaltela.pt\/s.01k8rhncp4jt1\/2026\/02\/img_1500x1000uu2018-04-26-11-45-00-732193.jpg\",\"width\":1500,\"height\":1000,\"caption\":\"Sistemas de abastecimento de \u00e1gua do Alto Minho\"},{\"@type\":\"BreadcrumbList\",\"@id\":\"https:\/\/portaltela.pt\/noticias\/2026\/02\/20\/be-aponta-maioria-de-municipios-no-minho-com-planos-de-emergencia-desatualizados\/#breadcrumb\",\"itemListElement\":[{\"@type\":\"ListItem\",\"position\":1,\"name\":\"In\u00edcio\",\"item\":\"https:\/\/portaltela.pt\/\"},{\"@type\":\"ListItem\",\"position\":2,\"name\":\"BE aponta maioria de munic\u00edpios no Minho com planos de emerg\u00eancia desatualizados\"}]},{\"@type\":\"WebSite\",\"@id\":\"https:\/\/portaltela.pt\/#website\",\"url\":\"https:\/\/portaltela.pt\/\",\"name\":\"Portal Tela Portugal\",\"description\":\"\",\"potentialAction\":[{\"@type\":\"SearchAction\",\"target\":{\"@type\":\"EntryPoint\",\"urlTemplate\":\"https:\/\/portaltela.pt\/?s={search_term_string}\"},\"query-input\":{\"@type\":\"PropertyValueSpecification\",\"valueRequired\":true,\"valueName\":\"search_term_string\"}}],\"inLanguage\":\"pt-PT\"},{\"@type\":\"Person\",\"@id\":\"https:\/\/portaltela.pt\/#\/schema\/person\/c4278d4a6028830caff9ee44b42d32ed\",\"name\":\"Telinha\",\"image\":{\"@type\":\"ImageObject\",\"inLanguage\":\"pt-PT\",\"@id\":\"https:\/\/portaltela.pt\/s.01k8rhncp4jt1\/2025\/11\/talking-bot-125x125.png\",\"url\":\"https:\/\/portaltela.pt\/s.01k8rhncp4jt1\/2025\/11\/talking-bot-125x125.png\",\"contentUrl\":\"https:\/\/portaltela.pt\/s.01k8rhncp4jt1\/2025\/11\/talking-bot-125x125.png\",\"caption\":\"Telinha\"},\"sameAs\":[\"https:\/\/portaltela.pt\/\"],\"url\":\"https:\/\/portaltela.pt\/por\/367410592786\/\"}]}<\/script>\n<!-- \/ Yoast SEO plugin. -->","yoast_head_json":{"title":"BE aponta maioria de munic\u00edpios no Minho com planos de emerg\u00eancia desatualizados - Portal Tela Portugal","robots":{"index":"index","follow":"follow","max-snippet":"max-snippet:-1","max-image-preview":"max-image-preview:large","max-video-preview":"max-video-preview:-1"},"og_locale":"pt_PT","og_type":"article","og_title":"BE aponta maioria de munic\u00edpios no Minho com planos de emerg\u00eancia desatualizados - Portal Tela Portugal","og_description":"O BE de Viana do Castelo mostra preocupa\u00e7\u00e3o com seis dos dez concelhos do Alto Minho, cujos Planos Municipais de Emerg\u00eancia e Prote\u00e7\u00e3o Civil (PMEPC) est\u00e3o desatualizados. Segundo a ANEPC, os PMEC de Arcos de Valdevez, Paredes de Coura, Ponte de Lima, Valen\u00e7a, Viana do Castelo e Vila Nova de Cerveira j\u00e1 ultrapassaram o prazo de revis\u00e3o. Os planos de Arcos de Valdevez e Valen\u00e7a est\u00e3o desatualizados desde 2020; Paredes de Coura e Vila Nova de Cerveira desde 2019; Ponte de Lima desde 2018; Viana do Castelo desde 2015. O comandante Marco Domingues afirmou que os planos est\u00e3o em fase de conclus\u00e3o da revis\u00e3o, mantendo os atuais em vigor, e que alguns ainda precisam de parecer ou aprecia\u00e7\u00e3o municipal. O BE sustenta que a atualiza\u00e7\u00e3o \u00e9 urgente para enfrentar riscos como cheias, inc\u00eandios e fen\u00f3menos meteorol\u00f3gicos extremos, especialmente num distrito com risco costeiro e elevada densidade populacional.","og_url":"https:\/\/portaltela.pt\/noticias\/2026\/02\/20\/be-aponta-maioria-de-municipios-no-minho-com-planos-de-emergencia-desatualizados\/","og_site_name":"Portal Tela Portugal","article_published_time":"2026-02-20T11:25:00+00:00","author":"Telinha","twitter_card":"summary_large_image","twitter_misc":{"Escrito por":"Telinha","Tempo estimado de leitura":"1 minuto"},"schema":{"@context":"https:\/\/schema.org","@graph":[{"@type":"Article","@id":"https:\/\/portaltela.pt\/noticias\/2026\/02\/20\/be-aponta-maioria-de-municipios-no-minho-com-planos-de-emergencia-desatualizados\/#article","isPartOf":{"@id":"https:\/\/portaltela.pt\/noticias\/2026\/02\/20\/be-aponta-maioria-de-municipios-no-minho-com-planos-de-emergencia-desatualizados\/"},"author":{"name":"Telinha","@id":"https:\/\/portaltela.pt\/#\/schema\/person\/c4278d4a6028830caff9ee44b42d32ed"},"headline":"BE aponta maioria de munic\u00edpios no Minho com planos de emerg\u00eancia desatualizados","datePublished":"2026-02-20T11:25:00+00:00","mainEntityOfPage":{"@id":"https:\/\/portaltela.pt\/noticias\/2026\/02\/20\/be-aponta-maioria-de-municipios-no-minho-com-planos-de-emergencia-desatualizados\/"},"wordCount":309,"image":{"@id":"https:\/\/portaltela.pt\/noticias\/2026\/02\/20\/be-aponta-maioria-de-municipios-no-minho-com-planos-de-emergencia-desatualizados\/#primaryimage"},"thumbnailUrl":"https:\/\/portaltela.pt\/s.01k8rhncp4jt1\/2026\/02\/img_1500x1000uu2018-04-26-11-45-00-732193.jpg","keywords":["Arcos de Valdevez","Paredes de Coura","Ponte de Lima","prote\u00e7\u00e3o civil","Valen\u00e7a","Viana do Castelo"],"articleSection":["Not\u00edcias"],"inLanguage":"pt-PT"},{"@type":"WebPage","@id":"https:\/\/portaltela.pt\/noticias\/2026\/02\/20\/be-aponta-maioria-de-municipios-no-minho-com-planos-de-emergencia-desatualizados\/","url":"https:\/\/portaltela.pt\/noticias\/2026\/02\/20\/be-aponta-maioria-de-municipios-no-minho-com-planos-de-emergencia-desatualizados\/","name":"BE aponta maioria de munic\u00edpios no Minho com planos de emerg\u00eancia desatualizados - Portal Tela Portugal","isPartOf":{"@id":"https:\/\/portaltela.pt\/#website"},"primaryImageOfPage":{"@id":"https:\/\/portaltela.pt\/noticias\/2026\/02\/20\/be-aponta-maioria-de-municipios-no-minho-com-planos-de-emergencia-desatualizados\/#primaryimage"},"image":{"@id":"https:\/\/portaltela.pt\/noticias\/2026\/02\/20\/be-aponta-maioria-de-municipios-no-minho-com-planos-de-emergencia-desatualizados\/#primaryimage"},"thumbnailUrl":"https:\/\/portaltela.pt\/s.01k8rhncp4jt1\/2026\/02\/img_1500x1000uu2018-04-26-11-45-00-732193.jpg","datePublished":"2026-02-20T11:25:00+00:00","author":{"@id":"https:\/\/portaltela.pt\/#\/schema\/person\/c4278d4a6028830caff9ee44b42d32ed"},"breadcrumb":{"@id":"https:\/\/portaltela.pt\/noticias\/2026\/02\/20\/be-aponta-maioria-de-municipios-no-minho-com-planos-de-emergencia-desatualizados\/#breadcrumb"},"inLanguage":"pt-PT","potentialAction":[{"@type":"ReadAction","target":["https:\/\/portaltela.pt\/noticias\/2026\/02\/20\/be-aponta-maioria-de-municipios-no-minho-com-planos-de-emergencia-desatualizados\/"]}]},{"@type":"ImageObject","inLanguage":"pt-PT","@id":"https:\/\/portaltela.pt\/noticias\/2026\/02\/20\/be-aponta-maioria-de-municipios-no-minho-com-planos-de-emergencia-desatualizados\/#primaryimage","url":"https:\/\/portaltela.pt\/s.01k8rhncp4jt1\/2026\/02\/img_1500x1000uu2018-04-26-11-45-00-732193.jpg","contentUrl":"https:\/\/portaltela.pt\/s.01k8rhncp4jt1\/2026\/02\/img_1500x1000uu2018-04-26-11-45-00-732193.jpg","width":1500,"height":1000,"caption":"Sistemas de abastecimento de \u00e1gua do Alto Minho"},{"@type":"BreadcrumbList","@id":"https:\/\/portaltela.pt\/noticias\/2026\/02\/20\/be-aponta-maioria-de-municipios-no-minho-com-planos-de-emergencia-desatualizados\/#breadcrumb","itemListElement":[{"@type":"ListItem","position":1,"name":"In\u00edcio","item":"https:\/\/portaltela.pt\/"},{"@type":"ListItem","position":2,"name":"BE aponta maioria de munic\u00edpios no Minho com planos de emerg\u00eancia desatualizados"}]},{"@type":"WebSite","@id":"https:\/\/portaltela.pt\/#website","url":"https:\/\/portaltela.pt\/","name":"Portal Tela Portugal","description":"","potentialAction":[{"@type":"SearchAction","target":{"@type":"EntryPoint","urlTemplate":"https:\/\/portaltela.pt\/?s={search_term_string}"},"query-input":{"@type":"PropertyValueSpecification","valueRequired":true,"valueName":"search_term_string"}}],"inLanguage":"pt-PT"},{"@type":"Person","@id":"https:\/\/portaltela.pt\/#\/schema\/person\/c4278d4a6028830caff9ee44b42d32ed","name":"Telinha","image":{"@type":"ImageObject","inLanguage":"pt-PT","@id":"https:\/\/portaltela.pt\/s.01k8rhncp4jt1\/2025\/11\/talking-bot-125x125.png","url":"https:\/\/portaltela.pt\/s.01k8rhncp4jt1\/2025\/11\/talking-bot-125x125.png","contentUrl":"https:\/\/portaltela.pt\/s.01k8rhncp4jt1\/2025\/11\/talking-bot-125x125.png","caption":"Telinha"},"sameAs":["https:\/\/portaltela.pt\/"],"url":"https:\/\/portaltela.pt\/por\/367410592786\/"}]}},"_links":{"self":[{"href":"https:\/\/portaltela.pt\/api\/wp\/v2\/posts\/218953","targetHints":{"allow":["GET"]}}],"collection":[{"href":"https:\/\/portaltela.pt\/api\/wp\/v2\/posts"}],"about":[{"href":"https:\/\/portaltela.pt\/api\/wp\/v2\/types\/post"}],"author":[{"embeddable":true,"href":"https:\/\/portaltela.pt\/api\/wp\/v2\/users\/2"}],"replies":[{"embeddable":true,"href":"https:\/\/portaltela.pt\/api\/wp\/v2\/comments?post=218953"}],"version-history":[{"count":0,"href":"https:\/\/portaltela.pt\/api\/wp\/v2\/posts\/218953\/revisions"}],"wp:featuredmedia":[{"embeddable":true,"href":"https:\/\/portaltela.pt\/api\/wp\/v2\/media\/218963"}],"wp:attachment":[{"href":"https:\/\/portaltela.pt\/api\/wp\/v2\/media?parent=218953"}],"wp:term":[{"taxonomy":"category","embeddable":true,"href":"https:\/\/portaltela.pt\/api\/wp\/v2\/categories?post=218953"},{"taxonomy":"post_tag","embeddable":true,"href":"https:\/\/portaltela.pt\/api\/wp\/v2\/tags?post=218953"}],"curies":[{"name":"wp","href":"https:\/\/api.w.org\/{rel}","templated":true}]}}