{"id":218946,"date":"2026-02-20T08:12:00","date_gmt":"2026-02-20T11:12:00","guid":{"rendered":"https:\/\/portaltela.pt\/noticias\/2026\/02\/20\/congresso-argentino-aprova-polemica-reforma-laboral-de-milei\/"},"modified":"2026-02-20T08:12:00","modified_gmt":"2026-02-20T11:12:00","slug":"congresso-argentino-aprova-polemica-reforma-laboral-de-milei","status":"publish","type":"post","link":"https:\/\/portaltela.pt\/noticias\/internacional\/2026\/02\/20\/congresso-argentino-aprova-polemica-reforma-laboral-de-milei\/","title":{"rendered":"Congresso argentino aprova pol\u00e9mica reforma laboral de Milei"},"content":{"rendered":"<p>A C\u00e2mara baixa do Congresso da Argentina aprovou, nesta sexta-feira, a reforma laboral promovida pelo Governo de Javier Milei, durante uma sess\u00e3o que se estendeu por mais de dez horas, entre protestos e uma greve geral. A lei autoriza jornadas de 12 horas, mantendo um per\u00edodo de descanso de 12 horas e altera o c\u00e1lculo de indemniza\u00e7\u00f5es por despedimento sem justa causa.<\/p>\n<p>A vota\u00e7\u00e3o, realizada ap\u00f3s meia-noite, ficou em 135 votos a favor, incluindo o partido no poder, La Libertad Avanza, e aliados, com 115 contra. Os apoiantes celebraram com uma ova\u00e7\u00e3o de p\u00e9. A proposta integra mais de 200 artigos e visa modernizar o regime laboral ao s\u00e9culo XXI.<\/p>\n<p>Entre as mudan\u00e7as previstas, destaca-se o alargamento da jornada para 12 horas, desde que haja o descanso correspondente. Tamb\u00e9m se prev\u00ea reduzir o peso financeiro das indemniza\u00e7\u00f5es por despedimento sem justa causa e terminar o pagamento obrigat\u00f3rio de horas extra. O artigo que previa baixar sal\u00e1rios durante baixas m\u00e9dicas foi eliminado, obrigando o diploma a regressar ao Senado para ratifica\u00e7\u00e3o.<\/p>\n<h3>Voto final e pr\u00f3ximos passos<\/h3>\n<p>O Senado j\u00e1 aprovou a vers\u00e3o anterior, mas ter\u00e1 de reavaliar a altera\u00e7\u00e3o eliminada. A presidente da C\u00e2mara alta, Patricia Bullrich, afirmou a inten\u00e7\u00e3o de concluir o processo at\u00e9 ao dia 27, para que Milei apresente o pacote laboral no in\u00edcio de mar\u00e7o, quando retomar as sess\u00f5es.<\/p>\n<p>A avalia\u00e7\u00e3o oficial da Casa Rosada real\u00e7ou que a reforma pode favorecer a cria\u00e7\u00e3o de trabalho registado, reduzir informalidade e din\u00e2mizar as rela\u00e7\u00f5es laborais, com menor burocracia. Milei encontrava-se nos Estados Unidos, na altura, para a inaugura\u00e7\u00e3o de uma cimeira associada a uma organiza\u00e7\u00e3o liderada por Donald Trump.<\/p>\n<h3>Rea\u00e7\u00f5es e contexto<\/h3>\n<p>A oposi\u00e7\u00e3o, liderada pelo bloco Uni\u00e3o pela P\u00e1tria, criticou a tramita\u00e7\u00e3o r\u00e1pida do projeto, chamando-o de reforma antilaboral e acusando o avan\u00e7o de retirar direitos em benef\u00edcio de empres\u00e1rios. Em frente ao Congresso, manifestantes participaram em protestos que resultaram em interven\u00e7\u00f5es policiais envolvendo \u00e1gua\/lista de g\u00e1s pimenta e 11 deten\u00e7\u00f5es por danos ou resist\u00eancia.<\/p>\n<p>A Confedera\u00e7\u00e3o Geral do Trabalho, maior central sindical, informou uma ades\u00e3o expressiva \u00e0 greve, com impactos em \u00e1reas da administra\u00e7\u00e3o p\u00fablica e dos transportes. O Governo destacou como objetivo leg\u00edtimo a moderniza\u00e7\u00e3o das regras laborais para enfrentar o contexto econ\u00f3mico.<\/p>\n","protected":false},"excerpt":{"rendered":"<ul>\n<li>A C\u00e2mara dos Deputados da Argentina aprovou a reforma laboral do governo de Javier Milei, ap\u00f3s mais de dez horas de sess\u00e3o marcada por protestos e greve geral.<\/li>\n<li>A lei permite jornadas de at\u00e9 doze horas, desde que haja um descanso m\u00ednimo de 12 horas entre dias de trabalho, e prev\u00ea o fim do pagamento obrigat\u00f3rio de horas extra.<\/li>\n<li>O diploma tamb\u00e9m altera o c\u00e1lculo das indemniza\u00e7\u00f5es por despedimento sem justa causa; um artigo que previa baixar sal\u00e1rios durante baixas m\u00e9dicas foi eliminado, cabendo ao Senado ratificar.<\/li>\n<li>A vota\u00e7\u00e3o terminou com 135 votos a favor e 115 contra; o Senado dever\u00e1 confirmar e espera concluir o processo at\u00e9 \u00e0 pr\u00f3xima sexta-feira, para Milei apresentar o pacote no dia 1 de mar\u00e7o.<\/li>\n<li>Houve fortes manifesta\u00e7\u00f5es em frente ao Congresso; a pol\u00edcia utilizou \u00e1gua e g\u00e1s pimenta e houve onze deten\u00e7\u00f5es, enquanto a greve teve ades\u00e3o alta, segundo a Confedera\u00e7\u00e3o Geral do Trabalho.<\/li>\n<\/ul>\n","protected":false},"author":2,"featured_media":218955,"comment_status":"closed","ping_status":"closed","sticky":false,"template":"","format":"standard","meta":{"footnotes":""},"categories":[4,1],"tags":[2732,28,1164,2857,98,2201],"class_list":["post-218946","post","type-post","status-publish","format-standard","has-post-thumbnail","hentry","category-internacional","category-noticias","tag-argentina","tag-economia","tag-greve","tag-protestos","tag-senado","tag-trabalho"],"yoast_head":"<!-- This site is optimized with the Yoast SEO plugin v27.2 - https:\/\/yoast.com\/product\/yoast-seo-wordpress\/ -->\n<title>Congresso argentino aprova pol\u00e9mica reforma laboral de Milei - Portal Tela Portugal<\/title>\n<meta name=\"robots\" content=\"index, follow, max-snippet:-1, max-image-preview:large, max-video-preview:-1\" \/>\n<meta property=\"og:locale\" content=\"pt_PT\" \/>\n<meta property=\"og:type\" content=\"article\" \/>\n<meta property=\"og:title\" content=\"Congresso argentino aprova pol\u00e9mica reforma laboral de Milei - Portal Tela Portugal\" \/>\n<meta property=\"og:description\" content=\"A C\u00e2mara dos Deputados da Argentina aprovou a reforma laboral do governo de Javier Milei, ap\u00f3s mais de dez horas de sess\u00e3o marcada por protestos e greve geral. A lei permite jornadas de at\u00e9 doze horas, desde que haja um descanso m\u00ednimo de 12 horas entre dias de trabalho, e prev\u00ea o fim do pagamento obrigat\u00f3rio de horas extra. O diploma tamb\u00e9m altera o c\u00e1lculo das indemniza\u00e7\u00f5es por despedimento sem justa causa; um artigo que previa baixar sal\u00e1rios durante baixas m\u00e9dicas foi eliminado, cabendo ao Senado ratificar. A vota\u00e7\u00e3o terminou com 135 votos a favor e 115 contra; o Senado dever\u00e1 confirmar e espera concluir o processo at\u00e9 \u00e0 pr\u00f3xima sexta-feira, para Milei apresentar o pacote no dia 1 de mar\u00e7o. Houve fortes manifesta\u00e7\u00f5es em frente ao Congresso; a pol\u00edcia utilizou \u00e1gua e g\u00e1s pimenta e houve onze deten\u00e7\u00f5es, enquanto a greve teve ades\u00e3o alta, segundo a Confedera\u00e7\u00e3o Geral do Trabalho.\" \/>\n<meta property=\"og:url\" content=\"https:\/\/portaltela.pt\/noticias\/2026\/02\/20\/congresso-argentino-aprova-polemica-reforma-laboral-de-milei\/\" \/>\n<meta property=\"og:site_name\" content=\"Portal Tela Portugal\" \/>\n<meta property=\"article:published_time\" content=\"2026-02-20T11:12:00+00:00\" \/>\n<meta name=\"author\" content=\"Telinha\" \/>\n<meta name=\"twitter:card\" content=\"summary_large_image\" \/>\n<meta name=\"twitter:label1\" content=\"Escrito por\" \/>\n\t<meta name=\"twitter:data1\" content=\"Telinha\" \/>\n\t<meta name=\"twitter:label2\" content=\"Tempo estimado de leitura\" \/>\n\t<meta name=\"twitter:data2\" content=\"2 minutos\" \/>\n<script type=\"application\/ld+json\" class=\"yoast-schema-graph\">{\"@context\":\"https:\/\/schema.org\",\"@graph\":[{\"@type\":\"Article\",\"@id\":\"https:\/\/portaltela.pt\/noticias\/2026\/02\/20\/congresso-argentino-aprova-polemica-reforma-laboral-de-milei\/#article\",\"isPartOf\":{\"@id\":\"https:\/\/portaltela.pt\/noticias\/2026\/02\/20\/congresso-argentino-aprova-polemica-reforma-laboral-de-milei\/\"},\"author\":{\"name\":\"Telinha\",\"@id\":\"https:\/\/portaltela.pt\/#\/schema\/person\/c4278d4a6028830caff9ee44b42d32ed\"},\"headline\":\"Congresso argentino aprova pol\u00e9mica reforma laboral de Milei\",\"datePublished\":\"2026-02-20T11:12:00+00:00\",\"mainEntityOfPage\":{\"@id\":\"https:\/\/portaltela.pt\/noticias\/2026\/02\/20\/congresso-argentino-aprova-polemica-reforma-laboral-de-milei\/\"},\"wordCount\":419,\"image\":{\"@id\":\"https:\/\/portaltela.pt\/noticias\/2026\/02\/20\/congresso-argentino-aprova-polemica-reforma-laboral-de-milei\/#primaryimage\"},\"thumbnailUrl\":\"https:\/\/portaltela.pt\/s.01k8rhncp4jt1\/2026\/02\/tpUHdbIMAGENStypeJPGshare1oBarraFacebook_Publico-16.jpg\",\"keywords\":[\"Argentina\",\"economia\",\"greve\",\"protestos\",\"senado\",\"trabalho\"],\"articleSection\":[\"Internacional\",\"Not\u00edcias\"],\"inLanguage\":\"pt-PT\"},{\"@type\":\"WebPage\",\"@id\":\"https:\/\/portaltela.pt\/noticias\/2026\/02\/20\/congresso-argentino-aprova-polemica-reforma-laboral-de-milei\/\",\"url\":\"https:\/\/portaltela.pt\/noticias\/2026\/02\/20\/congresso-argentino-aprova-polemica-reforma-laboral-de-milei\/\",\"name\":\"Congresso argentino aprova pol\u00e9mica reforma laboral de Milei - Portal Tela Portugal\",\"isPartOf\":{\"@id\":\"https:\/\/portaltela.pt\/#website\"},\"primaryImageOfPage\":{\"@id\":\"https:\/\/portaltela.pt\/noticias\/2026\/02\/20\/congresso-argentino-aprova-polemica-reforma-laboral-de-milei\/#primaryimage\"},\"image\":{\"@id\":\"https:\/\/portaltela.pt\/noticias\/2026\/02\/20\/congresso-argentino-aprova-polemica-reforma-laboral-de-milei\/#primaryimage\"},\"thumbnailUrl\":\"https:\/\/portaltela.pt\/s.01k8rhncp4jt1\/2026\/02\/tpUHdbIMAGENStypeJPGshare1oBarraFacebook_Publico-16.jpg\",\"datePublished\":\"2026-02-20T11:12:00+00:00\",\"author\":{\"@id\":\"https:\/\/portaltela.pt\/#\/schema\/person\/c4278d4a6028830caff9ee44b42d32ed\"},\"breadcrumb\":{\"@id\":\"https:\/\/portaltela.pt\/noticias\/2026\/02\/20\/congresso-argentino-aprova-polemica-reforma-laboral-de-milei\/#breadcrumb\"},\"inLanguage\":\"pt-PT\",\"potentialAction\":[{\"@type\":\"ReadAction\",\"target\":[\"https:\/\/portaltela.pt\/noticias\/2026\/02\/20\/congresso-argentino-aprova-polemica-reforma-laboral-de-milei\/\"]}]},{\"@type\":\"ImageObject\",\"inLanguage\":\"pt-PT\",\"@id\":\"https:\/\/portaltela.pt\/noticias\/2026\/02\/20\/congresso-argentino-aprova-polemica-reforma-laboral-de-milei\/#primaryimage\",\"url\":\"https:\/\/portaltela.pt\/s.01k8rhncp4jt1\/2026\/02\/tpUHdbIMAGENStypeJPGshare1oBarraFacebook_Publico-16.jpg\",\"contentUrl\":\"https:\/\/portaltela.pt\/s.01k8rhncp4jt1\/2026\/02\/tpUHdbIMAGENStypeJPGshare1oBarraFacebook_Publico-16.jpg\",\"width\":1200,\"height\":630,\"caption\":\"Houve manifesta\u00e7\u00f5es em frente ao Congresso durante a vota\u00e7\u00e3o da lei laboral\"},{\"@type\":\"BreadcrumbList\",\"@id\":\"https:\/\/portaltela.pt\/noticias\/2026\/02\/20\/congresso-argentino-aprova-polemica-reforma-laboral-de-milei\/#breadcrumb\",\"itemListElement\":[{\"@type\":\"ListItem\",\"position\":1,\"name\":\"In\u00edcio\",\"item\":\"https:\/\/portaltela.pt\/\"},{\"@type\":\"ListItem\",\"position\":2,\"name\":\"Congresso argentino aprova pol\u00e9mica reforma laboral de Milei\"}]},{\"@type\":\"WebSite\",\"@id\":\"https:\/\/portaltela.pt\/#website\",\"url\":\"https:\/\/portaltela.pt\/\",\"name\":\"Portal Tela Portugal\",\"description\":\"\",\"potentialAction\":[{\"@type\":\"SearchAction\",\"target\":{\"@type\":\"EntryPoint\",\"urlTemplate\":\"https:\/\/portaltela.pt\/?s={search_term_string}\"},\"query-input\":{\"@type\":\"PropertyValueSpecification\",\"valueRequired\":true,\"valueName\":\"search_term_string\"}}],\"inLanguage\":\"pt-PT\"},{\"@type\":\"Person\",\"@id\":\"https:\/\/portaltela.pt\/#\/schema\/person\/c4278d4a6028830caff9ee44b42d32ed\",\"name\":\"Telinha\",\"image\":{\"@type\":\"ImageObject\",\"inLanguage\":\"pt-PT\",\"@id\":\"https:\/\/portaltela.pt\/s.01k8rhncp4jt1\/2025\/11\/talking-bot-125x125.png\",\"url\":\"https:\/\/portaltela.pt\/s.01k8rhncp4jt1\/2025\/11\/talking-bot-125x125.png\",\"contentUrl\":\"https:\/\/portaltela.pt\/s.01k8rhncp4jt1\/2025\/11\/talking-bot-125x125.png\",\"caption\":\"Telinha\"},\"sameAs\":[\"https:\/\/portaltela.pt\/\"],\"url\":\"https:\/\/portaltela.pt\/por\/367410592786\/\"}]}<\/script>\n<!-- \/ Yoast SEO plugin. -->","yoast_head_json":{"title":"Congresso argentino aprova pol\u00e9mica reforma laboral de Milei - Portal Tela Portugal","robots":{"index":"index","follow":"follow","max-snippet":"max-snippet:-1","max-image-preview":"max-image-preview:large","max-video-preview":"max-video-preview:-1"},"og_locale":"pt_PT","og_type":"article","og_title":"Congresso argentino aprova pol\u00e9mica reforma laboral de Milei - Portal Tela Portugal","og_description":"A C\u00e2mara dos Deputados da Argentina aprovou a reforma laboral do governo de Javier Milei, ap\u00f3s mais de dez horas de sess\u00e3o marcada por protestos e greve geral. A lei permite jornadas de at\u00e9 doze horas, desde que haja um descanso m\u00ednimo de 12 horas entre dias de trabalho, e prev\u00ea o fim do pagamento obrigat\u00f3rio de horas extra. O diploma tamb\u00e9m altera o c\u00e1lculo das indemniza\u00e7\u00f5es por despedimento sem justa causa; um artigo que previa baixar sal\u00e1rios durante baixas m\u00e9dicas foi eliminado, cabendo ao Senado ratificar. A vota\u00e7\u00e3o terminou com 135 votos a favor e 115 contra; o Senado dever\u00e1 confirmar e espera concluir o processo at\u00e9 \u00e0 pr\u00f3xima sexta-feira, para Milei apresentar o pacote no dia 1 de mar\u00e7o. Houve fortes manifesta\u00e7\u00f5es em frente ao Congresso; a pol\u00edcia utilizou \u00e1gua e g\u00e1s pimenta e houve onze deten\u00e7\u00f5es, enquanto a greve teve ades\u00e3o alta, segundo a Confedera\u00e7\u00e3o Geral do Trabalho.","og_url":"https:\/\/portaltela.pt\/noticias\/2026\/02\/20\/congresso-argentino-aprova-polemica-reforma-laboral-de-milei\/","og_site_name":"Portal Tela Portugal","article_published_time":"2026-02-20T11:12:00+00:00","author":"Telinha","twitter_card":"summary_large_image","twitter_misc":{"Escrito por":"Telinha","Tempo estimado de leitura":"2 minutos"},"schema":{"@context":"https:\/\/schema.org","@graph":[{"@type":"Article","@id":"https:\/\/portaltela.pt\/noticias\/2026\/02\/20\/congresso-argentino-aprova-polemica-reforma-laboral-de-milei\/#article","isPartOf":{"@id":"https:\/\/portaltela.pt\/noticias\/2026\/02\/20\/congresso-argentino-aprova-polemica-reforma-laboral-de-milei\/"},"author":{"name":"Telinha","@id":"https:\/\/portaltela.pt\/#\/schema\/person\/c4278d4a6028830caff9ee44b42d32ed"},"headline":"Congresso argentino aprova pol\u00e9mica reforma laboral de Milei","datePublished":"2026-02-20T11:12:00+00:00","mainEntityOfPage":{"@id":"https:\/\/portaltela.pt\/noticias\/2026\/02\/20\/congresso-argentino-aprova-polemica-reforma-laboral-de-milei\/"},"wordCount":419,"image":{"@id":"https:\/\/portaltela.pt\/noticias\/2026\/02\/20\/congresso-argentino-aprova-polemica-reforma-laboral-de-milei\/#primaryimage"},"thumbnailUrl":"https:\/\/portaltela.pt\/s.01k8rhncp4jt1\/2026\/02\/tpUHdbIMAGENStypeJPGshare1oBarraFacebook_Publico-16.jpg","keywords":["Argentina","economia","greve","protestos","senado","trabalho"],"articleSection":["Internacional","Not\u00edcias"],"inLanguage":"pt-PT"},{"@type":"WebPage","@id":"https:\/\/portaltela.pt\/noticias\/2026\/02\/20\/congresso-argentino-aprova-polemica-reforma-laboral-de-milei\/","url":"https:\/\/portaltela.pt\/noticias\/2026\/02\/20\/congresso-argentino-aprova-polemica-reforma-laboral-de-milei\/","name":"Congresso argentino aprova pol\u00e9mica reforma laboral de Milei - Portal Tela Portugal","isPartOf":{"@id":"https:\/\/portaltela.pt\/#website"},"primaryImageOfPage":{"@id":"https:\/\/portaltela.pt\/noticias\/2026\/02\/20\/congresso-argentino-aprova-polemica-reforma-laboral-de-milei\/#primaryimage"},"image":{"@id":"https:\/\/portaltela.pt\/noticias\/2026\/02\/20\/congresso-argentino-aprova-polemica-reforma-laboral-de-milei\/#primaryimage"},"thumbnailUrl":"https:\/\/portaltela.pt\/s.01k8rhncp4jt1\/2026\/02\/tpUHdbIMAGENStypeJPGshare1oBarraFacebook_Publico-16.jpg","datePublished":"2026-02-20T11:12:00+00:00","author":{"@id":"https:\/\/portaltela.pt\/#\/schema\/person\/c4278d4a6028830caff9ee44b42d32ed"},"breadcrumb":{"@id":"https:\/\/portaltela.pt\/noticias\/2026\/02\/20\/congresso-argentino-aprova-polemica-reforma-laboral-de-milei\/#breadcrumb"},"inLanguage":"pt-PT","potentialAction":[{"@type":"ReadAction","target":["https:\/\/portaltela.pt\/noticias\/2026\/02\/20\/congresso-argentino-aprova-polemica-reforma-laboral-de-milei\/"]}]},{"@type":"ImageObject","inLanguage":"pt-PT","@id":"https:\/\/portaltela.pt\/noticias\/2026\/02\/20\/congresso-argentino-aprova-polemica-reforma-laboral-de-milei\/#primaryimage","url":"https:\/\/portaltela.pt\/s.01k8rhncp4jt1\/2026\/02\/tpUHdbIMAGENStypeJPGshare1oBarraFacebook_Publico-16.jpg","contentUrl":"https:\/\/portaltela.pt\/s.01k8rhncp4jt1\/2026\/02\/tpUHdbIMAGENStypeJPGshare1oBarraFacebook_Publico-16.jpg","width":1200,"height":630,"caption":"Houve manifesta\u00e7\u00f5es em frente ao Congresso durante a vota\u00e7\u00e3o da lei laboral"},{"@type":"BreadcrumbList","@id":"https:\/\/portaltela.pt\/noticias\/2026\/02\/20\/congresso-argentino-aprova-polemica-reforma-laboral-de-milei\/#breadcrumb","itemListElement":[{"@type":"ListItem","position":1,"name":"In\u00edcio","item":"https:\/\/portaltela.pt\/"},{"@type":"ListItem","position":2,"name":"Congresso argentino aprova pol\u00e9mica reforma laboral de Milei"}]},{"@type":"WebSite","@id":"https:\/\/portaltela.pt\/#website","url":"https:\/\/portaltela.pt\/","name":"Portal Tela Portugal","description":"","potentialAction":[{"@type":"SearchAction","target":{"@type":"EntryPoint","urlTemplate":"https:\/\/portaltela.pt\/?s={search_term_string}"},"query-input":{"@type":"PropertyValueSpecification","valueRequired":true,"valueName":"search_term_string"}}],"inLanguage":"pt-PT"},{"@type":"Person","@id":"https:\/\/portaltela.pt\/#\/schema\/person\/c4278d4a6028830caff9ee44b42d32ed","name":"Telinha","image":{"@type":"ImageObject","inLanguage":"pt-PT","@id":"https:\/\/portaltela.pt\/s.01k8rhncp4jt1\/2025\/11\/talking-bot-125x125.png","url":"https:\/\/portaltela.pt\/s.01k8rhncp4jt1\/2025\/11\/talking-bot-125x125.png","contentUrl":"https:\/\/portaltela.pt\/s.01k8rhncp4jt1\/2025\/11\/talking-bot-125x125.png","caption":"Telinha"},"sameAs":["https:\/\/portaltela.pt\/"],"url":"https:\/\/portaltela.pt\/por\/367410592786\/"}]}},"_links":{"self":[{"href":"https:\/\/portaltela.pt\/api\/wp\/v2\/posts\/218946","targetHints":{"allow":["GET"]}}],"collection":[{"href":"https:\/\/portaltela.pt\/api\/wp\/v2\/posts"}],"about":[{"href":"https:\/\/portaltela.pt\/api\/wp\/v2\/types\/post"}],"author":[{"embeddable":true,"href":"https:\/\/portaltela.pt\/api\/wp\/v2\/users\/2"}],"replies":[{"embeddable":true,"href":"https:\/\/portaltela.pt\/api\/wp\/v2\/comments?post=218946"}],"version-history":[{"count":0,"href":"https:\/\/portaltela.pt\/api\/wp\/v2\/posts\/218946\/revisions"}],"wp:featuredmedia":[{"embeddable":true,"href":"https:\/\/portaltela.pt\/api\/wp\/v2\/media\/218955"}],"wp:attachment":[{"href":"https:\/\/portaltela.pt\/api\/wp\/v2\/media?parent=218946"}],"wp:term":[{"taxonomy":"category","embeddable":true,"href":"https:\/\/portaltela.pt\/api\/wp\/v2\/categories?post=218946"},{"taxonomy":"post_tag","embeddable":true,"href":"https:\/\/portaltela.pt\/api\/wp\/v2\/tags?post=218946"}],"curies":[{"name":"wp","href":"https:\/\/api.w.org\/{rel}","templated":true}]}}