{"id":218927,"date":"2026-02-20T08:07:47","date_gmt":"2026-02-20T11:07:47","guid":{"rendered":"https:\/\/portaltela.pt\/noticias\/2026\/02\/20\/polonia-retoma-producao-de-minas-apos-abandonar-o-tratado-de-otava\/"},"modified":"2026-02-20T08:07:47","modified_gmt":"2026-02-20T11:07:47","slug":"polonia-retoma-producao-de-minas-apos-abandonar-o-tratado-de-otava","status":"publish","type":"post","link":"https:\/\/portaltela.pt\/noticias\/2026\/02\/20\/polonia-retoma-producao-de-minas-apos-abandonar-o-tratado-de-otava\/","title":{"rendered":"Pol\u00f3nia retoma produ\u00e7\u00e3o de minas ap\u00f3s abandonar o Tratado de Otava"},"content":{"rendered":"<p>A Pol\u00f3nia concluiu esta sexta-feira a sa\u00edda da Conven\u00e7\u00e3o de Otava, que pro\u00edbe minas antipersonal. A den\u00fancia formalizou-se seis meses depois da notifica\u00e7\u00e3o \u00e0s Na\u00e7\u00f5es Unidas, em agosto de 2025, apontando o \u201cEscudo do Leste\u201d como motiva\u00e7\u00e3o.<\/p>\n<p>A decis\u00e3o permite \u00e0 Pol\u00f3nia produzir, armazenar e utilizar minas antipessoal no seu territ\u00f3rio, com foco nas fronteiras com a Bielorr\u00fassia e o enclave russo de Kaliningrado, conforme a ag\u00eancia EFE.<\/p>\n<p>O primeiro-ministro Donald Tusk defendeu a medida durante uma visita a um campo de treino, dizendo que s\u00e3o necess\u00e1rias todas as ferramentas para a seguran\u00e7a nacional. O custo estimado do projeto \u00e9 de cerca de 2,3 mil milh\u00f5es de euros, com o sistema a estender-se por 700 quil\u00f3metros.<\/p>\n<p>O ministro da Defesa, Wladyslaw Kosiniak-Kamysz, enquadrou a sa\u00edda no equil\u00edbrio militar com Moscovo, afirmando que a Pol\u00f3nia n\u00e3o pode aceitar assimetrias enquanto a R\u00fassia utiliza minas na Ucr\u00e2nia. A decis\u00e3o confronta cr\u00edticas de organiza\u00e7\u00f5es humanit\u00e1rias e de setores da oposi\u00e7\u00e3o.<\/p>\n<p>Segundo Kiev, a Ucr\u00e2nia tornou-se um dos pa\u00edses mais minados do mundo devido \u00e0 invas\u00e3o russa, h\u00e1 quatro anos. A Pol\u00f3nia explica que as novas minas ser\u00e3o de uso estritamente militar, com mecanismos de autodestrui\u00e7\u00e3o e mapeamento dos campos.<\/p>\n<p>A fronteira polaca \u00e9 extensa, com mais de 3.500 quil\u00f3metros e limites com sete pa\u00edses, incluindo Bielorr\u00fassia, Ucr\u00e2nia e Kaliningrado. A Pol\u00f3nia tem sido ativa no apoio \u00e0 Ucr\u00e2nia, acolhendo refugiados e fornecendo aux\u00edlio militar desde 2022.<\/p>\n<p>A Conven\u00e7\u00e3o de Otava entrou em vigor em 1999 e j\u00e1 foi ratificada por mais de 160 pa\u00edses, embora n\u00e3o por pot\u00eancias como os EUA, a R\u00fassia e a China. O acordo pro\u00edbe minas antipessoal e prev\u00ea a destrui\u00e7\u00e3o e a assist\u00eancia \u00e0s v\u00edtimas.<\/p>\n<p>Alguns grupos humanit\u00e1rios alertam para o aumento do risco para civis e migrantes que atravessam a fronteira a p\u00e9. A Pol\u00f3nia est\u00e1 entre os pa\u00edses que endureceram a defesa ap\u00f3s as tens\u00f5es na regi\u00e3o.<\/p>\n","protected":false},"excerpt":{"rendered":"<ul>\n<li>A Pol\u00f3nia concluiu a sa\u00edda da Conven\u00e7\u00e3o de Otava sobre a proibi\u00e7\u00e3o de minas antipessoal, alegando degrada\u00e7\u00e3o da seguran\u00e7a no flanco leste da NATO.<\/li>\n<li>A den\u00fancia formal entrou em vigor seis meses ap\u00f3s a notifica\u00e7\u00e3o \u00e0s Na\u00e7\u00f5es Unidas, feita em agosto de 2025, com Vars\u00f3via a justificar o passo pelo desenvolvimento do projeto defensivo &#8220;Escudo do Leste&#8221;.<\/li>\n<li>A medida permite \u00e0 Pol\u00f3nia produzir, armazenar e utilizar minas antipessoal no seu territ\u00f3rio, nomeadamente nas fronteiras com a Bielorr\u00fassia e com o enclave russo de Kaliningrado.<\/li>\n<li>A Pol\u00f3nia junta-se a Finl\u00e2ndia e aos tr\u00eas pa\u00edses b\u00e1lticos na cria\u00e7\u00e3o de uma barreira desde o B\u00e1ltico at\u00e9 ao \u00c1rtico, com o &#8220;Escudo do Leste&#8221; a abranger mais de 700 quil\u00f3metros e a valer cerca de 2,3 mil milh\u00f5es de euros.<\/li>\n<li>O Governo polaco justifica a sa\u00edda pela necessidade de equil\u00edbrio militar com a R\u00fassia; t\u00eam surgido cr\u00edticas de organiza\u00e7\u00f5es humanit\u00e1rias e parte da oposi\u00e7\u00e3o.<\/li>\n<\/ul>\n","protected":false},"author":2,"featured_media":218931,"comment_status":"closed","ping_status":"closed","sticky":false,"template":"","format":"standard","meta":{"footnotes":""},"categories":[1],"tags":[3547,2198,2336,1488,3110,2134],"class_list":["post-218927","post","type-post","status-publish","format-standard","has-post-thumbnail","hentry","category-noticias","tag-armas-proibidas","tag-conflitos-internacionais","tag-defesa-nacional","tag-polonia","tag-russia","tag-ucrania"],"yoast_head":"<!-- This site is optimized with the Yoast SEO plugin v27.2 - https:\/\/yoast.com\/product\/yoast-seo-wordpress\/ -->\n<title>Pol\u00f3nia retoma produ\u00e7\u00e3o de minas ap\u00f3s abandonar o Tratado de Otava - Portal Tela Portugal<\/title>\n<meta name=\"robots\" content=\"index, follow, max-snippet:-1, max-image-preview:large, max-video-preview:-1\" \/>\n<meta property=\"og:locale\" content=\"pt_PT\" \/>\n<meta property=\"og:type\" content=\"article\" \/>\n<meta property=\"og:title\" content=\"Pol\u00f3nia retoma produ\u00e7\u00e3o de minas ap\u00f3s abandonar o Tratado de Otava - Portal Tela Portugal\" \/>\n<meta property=\"og:description\" content=\"A Pol\u00f3nia concluiu a sa\u00edda da Conven\u00e7\u00e3o de Otava sobre a proibi\u00e7\u00e3o de minas antipessoal, alegando degrada\u00e7\u00e3o da seguran\u00e7a no flanco leste da NATO. A den\u00fancia formal entrou em vigor seis meses ap\u00f3s a notifica\u00e7\u00e3o \u00e0s Na\u00e7\u00f5es Unidas, feita em agosto de 2025, com Vars\u00f3via a justificar o passo pelo desenvolvimento do projeto defensivo &quot;Escudo do Leste&quot;. A medida permite \u00e0 Pol\u00f3nia produzir, armazenar e utilizar minas antipessoal no seu territ\u00f3rio, nomeadamente nas fronteiras com a Bielorr\u00fassia e com o enclave russo de Kaliningrado. A Pol\u00f3nia junta-se a Finl\u00e2ndia e aos tr\u00eas pa\u00edses b\u00e1lticos na cria\u00e7\u00e3o de uma barreira desde o B\u00e1ltico at\u00e9 ao \u00c1rtico, com o &quot;Escudo do Leste&quot; a abranger mais de 700 quil\u00f3metros e a valer cerca de 2,3 mil milh\u00f5es de euros. O Governo polaco justifica a sa\u00edda pela necessidade de equil\u00edbrio militar com a R\u00fassia; t\u00eam surgido cr\u00edticas de organiza\u00e7\u00f5es humanit\u00e1rias e parte da oposi\u00e7\u00e3o.\" \/>\n<meta property=\"og:url\" content=\"https:\/\/portaltela.pt\/noticias\/2026\/02\/20\/polonia-retoma-producao-de-minas-apos-abandonar-o-tratado-de-otava\/\" \/>\n<meta property=\"og:site_name\" content=\"Portal Tela Portugal\" \/>\n<meta property=\"article:published_time\" content=\"2026-02-20T11:07:47+00:00\" \/>\n<meta name=\"author\" content=\"Telinha\" \/>\n<meta name=\"twitter:card\" content=\"summary_large_image\" \/>\n<meta name=\"twitter:label1\" content=\"Escrito por\" \/>\n\t<meta name=\"twitter:data1\" content=\"Telinha\" \/>\n\t<meta name=\"twitter:label2\" content=\"Tempo estimado de leitura\" \/>\n\t<meta name=\"twitter:data2\" content=\"2 minutos\" \/>\n<script type=\"application\/ld+json\" class=\"yoast-schema-graph\">{\"@context\":\"https:\/\/schema.org\",\"@graph\":[{\"@type\":\"Article\",\"@id\":\"https:\/\/portaltela.pt\/noticias\/2026\/02\/20\/polonia-retoma-producao-de-minas-apos-abandonar-o-tratado-de-otava\/#article\",\"isPartOf\":{\"@id\":\"https:\/\/portaltela.pt\/noticias\/2026\/02\/20\/polonia-retoma-producao-de-minas-apos-abandonar-o-tratado-de-otava\/\"},\"author\":{\"name\":\"Telinha\",\"@id\":\"https:\/\/portaltela.pt\/#\/schema\/person\/c4278d4a6028830caff9ee44b42d32ed\"},\"headline\":\"Pol\u00f3nia retoma produ\u00e7\u00e3o de minas ap\u00f3s abandonar o Tratado de Otava\",\"datePublished\":\"2026-02-20T11:07:47+00:00\",\"mainEntityOfPage\":{\"@id\":\"https:\/\/portaltela.pt\/noticias\/2026\/02\/20\/polonia-retoma-producao-de-minas-apos-abandonar-o-tratado-de-otava\/\"},\"wordCount\":370,\"image\":{\"@id\":\"https:\/\/portaltela.pt\/noticias\/2026\/02\/20\/polonia-retoma-producao-de-minas-apos-abandonar-o-tratado-de-otava\/#primaryimage\"},\"thumbnailUrl\":\"https:\/\/portaltela.pt\/s.01k8rhncp4jt1\/2026\/02\/img_1500x1000uu2017-06-28-20-03-00-642762-1.jpg\",\"keywords\":[\"armas proibidas\",\"conflitos internacionais\",\"Defesa Nacional\",\"Pol\u00f3nia\",\"R\u00fassia\",\"Ucr\u00e2nia\"],\"articleSection\":[\"Not\u00edcias\"],\"inLanguage\":\"pt-PT\"},{\"@type\":\"WebPage\",\"@id\":\"https:\/\/portaltela.pt\/noticias\/2026\/02\/20\/polonia-retoma-producao-de-minas-apos-abandonar-o-tratado-de-otava\/\",\"url\":\"https:\/\/portaltela.pt\/noticias\/2026\/02\/20\/polonia-retoma-producao-de-minas-apos-abandonar-o-tratado-de-otava\/\",\"name\":\"Pol\u00f3nia retoma produ\u00e7\u00e3o de minas ap\u00f3s abandonar o Tratado de Otava - Portal Tela Portugal\",\"isPartOf\":{\"@id\":\"https:\/\/portaltela.pt\/#website\"},\"primaryImageOfPage\":{\"@id\":\"https:\/\/portaltela.pt\/noticias\/2026\/02\/20\/polonia-retoma-producao-de-minas-apos-abandonar-o-tratado-de-otava\/#primaryimage\"},\"image\":{\"@id\":\"https:\/\/portaltela.pt\/noticias\/2026\/02\/20\/polonia-retoma-producao-de-minas-apos-abandonar-o-tratado-de-otava\/#primaryimage\"},\"thumbnailUrl\":\"https:\/\/portaltela.pt\/s.01k8rhncp4jt1\/2026\/02\/img_1500x1000uu2017-06-28-20-03-00-642762-1.jpg\",\"datePublished\":\"2026-02-20T11:07:47+00:00\",\"author\":{\"@id\":\"https:\/\/portaltela.pt\/#\/schema\/person\/c4278d4a6028830caff9ee44b42d32ed\"},\"breadcrumb\":{\"@id\":\"https:\/\/portaltela.pt\/noticias\/2026\/02\/20\/polonia-retoma-producao-de-minas-apos-abandonar-o-tratado-de-otava\/#breadcrumb\"},\"inLanguage\":\"pt-PT\",\"potentialAction\":[{\"@type\":\"ReadAction\",\"target\":[\"https:\/\/portaltela.pt\/noticias\/2026\/02\/20\/polonia-retoma-producao-de-minas-apos-abandonar-o-tratado-de-otava\/\"]}]},{\"@type\":\"ImageObject\",\"inLanguage\":\"pt-PT\",\"@id\":\"https:\/\/portaltela.pt\/noticias\/2026\/02\/20\/polonia-retoma-producao-de-minas-apos-abandonar-o-tratado-de-otava\/#primaryimage\",\"url\":\"https:\/\/portaltela.pt\/s.01k8rhncp4jt1\/2026\/02\/img_1500x1000uu2017-06-28-20-03-00-642762-1.jpg\",\"contentUrl\":\"https:\/\/portaltela.pt\/s.01k8rhncp4jt1\/2026\/02\/img_1500x1000uu2017-06-28-20-03-00-642762-1.jpg\",\"width\":1500,\"height\":1000,\"caption\":\"Bandeira da Pol\u00f3nia\"},{\"@type\":\"BreadcrumbList\",\"@id\":\"https:\/\/portaltela.pt\/noticias\/2026\/02\/20\/polonia-retoma-producao-de-minas-apos-abandonar-o-tratado-de-otava\/#breadcrumb\",\"itemListElement\":[{\"@type\":\"ListItem\",\"position\":1,\"name\":\"In\u00edcio\",\"item\":\"https:\/\/portaltela.pt\/\"},{\"@type\":\"ListItem\",\"position\":2,\"name\":\"Pol\u00f3nia retoma produ\u00e7\u00e3o de minas ap\u00f3s abandonar o Tratado de Otava\"}]},{\"@type\":\"WebSite\",\"@id\":\"https:\/\/portaltela.pt\/#website\",\"url\":\"https:\/\/portaltela.pt\/\",\"name\":\"Portal Tela Portugal\",\"description\":\"\",\"potentialAction\":[{\"@type\":\"SearchAction\",\"target\":{\"@type\":\"EntryPoint\",\"urlTemplate\":\"https:\/\/portaltela.pt\/?s={search_term_string}\"},\"query-input\":{\"@type\":\"PropertyValueSpecification\",\"valueRequired\":true,\"valueName\":\"search_term_string\"}}],\"inLanguage\":\"pt-PT\"},{\"@type\":\"Person\",\"@id\":\"https:\/\/portaltela.pt\/#\/schema\/person\/c4278d4a6028830caff9ee44b42d32ed\",\"name\":\"Telinha\",\"image\":{\"@type\":\"ImageObject\",\"inLanguage\":\"pt-PT\",\"@id\":\"https:\/\/portaltela.pt\/s.01k8rhncp4jt1\/2025\/11\/talking-bot-125x125.png\",\"url\":\"https:\/\/portaltela.pt\/s.01k8rhncp4jt1\/2025\/11\/talking-bot-125x125.png\",\"contentUrl\":\"https:\/\/portaltela.pt\/s.01k8rhncp4jt1\/2025\/11\/talking-bot-125x125.png\",\"caption\":\"Telinha\"},\"sameAs\":[\"https:\/\/portaltela.pt\/\"],\"url\":\"https:\/\/portaltela.pt\/por\/367410592786\/\"}]}<\/script>\n<!-- \/ Yoast SEO plugin. -->","yoast_head_json":{"title":"Pol\u00f3nia retoma produ\u00e7\u00e3o de minas ap\u00f3s abandonar o Tratado de Otava - Portal Tela Portugal","robots":{"index":"index","follow":"follow","max-snippet":"max-snippet:-1","max-image-preview":"max-image-preview:large","max-video-preview":"max-video-preview:-1"},"og_locale":"pt_PT","og_type":"article","og_title":"Pol\u00f3nia retoma produ\u00e7\u00e3o de minas ap\u00f3s abandonar o Tratado de Otava - Portal Tela Portugal","og_description":"A Pol\u00f3nia concluiu a sa\u00edda da Conven\u00e7\u00e3o de Otava sobre a proibi\u00e7\u00e3o de minas antipessoal, alegando degrada\u00e7\u00e3o da seguran\u00e7a no flanco leste da NATO. A den\u00fancia formal entrou em vigor seis meses ap\u00f3s a notifica\u00e7\u00e3o \u00e0s Na\u00e7\u00f5es Unidas, feita em agosto de 2025, com Vars\u00f3via a justificar o passo pelo desenvolvimento do projeto defensivo \"Escudo do Leste\". A medida permite \u00e0 Pol\u00f3nia produzir, armazenar e utilizar minas antipessoal no seu territ\u00f3rio, nomeadamente nas fronteiras com a Bielorr\u00fassia e com o enclave russo de Kaliningrado. A Pol\u00f3nia junta-se a Finl\u00e2ndia e aos tr\u00eas pa\u00edses b\u00e1lticos na cria\u00e7\u00e3o de uma barreira desde o B\u00e1ltico at\u00e9 ao \u00c1rtico, com o \"Escudo do Leste\" a abranger mais de 700 quil\u00f3metros e a valer cerca de 2,3 mil milh\u00f5es de euros. O Governo polaco justifica a sa\u00edda pela necessidade de equil\u00edbrio militar com a R\u00fassia; t\u00eam surgido cr\u00edticas de organiza\u00e7\u00f5es humanit\u00e1rias e parte da oposi\u00e7\u00e3o.","og_url":"https:\/\/portaltela.pt\/noticias\/2026\/02\/20\/polonia-retoma-producao-de-minas-apos-abandonar-o-tratado-de-otava\/","og_site_name":"Portal Tela Portugal","article_published_time":"2026-02-20T11:07:47+00:00","author":"Telinha","twitter_card":"summary_large_image","twitter_misc":{"Escrito por":"Telinha","Tempo estimado de leitura":"2 minutos"},"schema":{"@context":"https:\/\/schema.org","@graph":[{"@type":"Article","@id":"https:\/\/portaltela.pt\/noticias\/2026\/02\/20\/polonia-retoma-producao-de-minas-apos-abandonar-o-tratado-de-otava\/#article","isPartOf":{"@id":"https:\/\/portaltela.pt\/noticias\/2026\/02\/20\/polonia-retoma-producao-de-minas-apos-abandonar-o-tratado-de-otava\/"},"author":{"name":"Telinha","@id":"https:\/\/portaltela.pt\/#\/schema\/person\/c4278d4a6028830caff9ee44b42d32ed"},"headline":"Pol\u00f3nia retoma produ\u00e7\u00e3o de minas ap\u00f3s abandonar o Tratado de Otava","datePublished":"2026-02-20T11:07:47+00:00","mainEntityOfPage":{"@id":"https:\/\/portaltela.pt\/noticias\/2026\/02\/20\/polonia-retoma-producao-de-minas-apos-abandonar-o-tratado-de-otava\/"},"wordCount":370,"image":{"@id":"https:\/\/portaltela.pt\/noticias\/2026\/02\/20\/polonia-retoma-producao-de-minas-apos-abandonar-o-tratado-de-otava\/#primaryimage"},"thumbnailUrl":"https:\/\/portaltela.pt\/s.01k8rhncp4jt1\/2026\/02\/img_1500x1000uu2017-06-28-20-03-00-642762-1.jpg","keywords":["armas proibidas","conflitos internacionais","Defesa Nacional","Pol\u00f3nia","R\u00fassia","Ucr\u00e2nia"],"articleSection":["Not\u00edcias"],"inLanguage":"pt-PT"},{"@type":"WebPage","@id":"https:\/\/portaltela.pt\/noticias\/2026\/02\/20\/polonia-retoma-producao-de-minas-apos-abandonar-o-tratado-de-otava\/","url":"https:\/\/portaltela.pt\/noticias\/2026\/02\/20\/polonia-retoma-producao-de-minas-apos-abandonar-o-tratado-de-otava\/","name":"Pol\u00f3nia retoma produ\u00e7\u00e3o de minas ap\u00f3s abandonar o Tratado de Otava - Portal Tela Portugal","isPartOf":{"@id":"https:\/\/portaltela.pt\/#website"},"primaryImageOfPage":{"@id":"https:\/\/portaltela.pt\/noticias\/2026\/02\/20\/polonia-retoma-producao-de-minas-apos-abandonar-o-tratado-de-otava\/#primaryimage"},"image":{"@id":"https:\/\/portaltela.pt\/noticias\/2026\/02\/20\/polonia-retoma-producao-de-minas-apos-abandonar-o-tratado-de-otava\/#primaryimage"},"thumbnailUrl":"https:\/\/portaltela.pt\/s.01k8rhncp4jt1\/2026\/02\/img_1500x1000uu2017-06-28-20-03-00-642762-1.jpg","datePublished":"2026-02-20T11:07:47+00:00","author":{"@id":"https:\/\/portaltela.pt\/#\/schema\/person\/c4278d4a6028830caff9ee44b42d32ed"},"breadcrumb":{"@id":"https:\/\/portaltela.pt\/noticias\/2026\/02\/20\/polonia-retoma-producao-de-minas-apos-abandonar-o-tratado-de-otava\/#breadcrumb"},"inLanguage":"pt-PT","potentialAction":[{"@type":"ReadAction","target":["https:\/\/portaltela.pt\/noticias\/2026\/02\/20\/polonia-retoma-producao-de-minas-apos-abandonar-o-tratado-de-otava\/"]}]},{"@type":"ImageObject","inLanguage":"pt-PT","@id":"https:\/\/portaltela.pt\/noticias\/2026\/02\/20\/polonia-retoma-producao-de-minas-apos-abandonar-o-tratado-de-otava\/#primaryimage","url":"https:\/\/portaltela.pt\/s.01k8rhncp4jt1\/2026\/02\/img_1500x1000uu2017-06-28-20-03-00-642762-1.jpg","contentUrl":"https:\/\/portaltela.pt\/s.01k8rhncp4jt1\/2026\/02\/img_1500x1000uu2017-06-28-20-03-00-642762-1.jpg","width":1500,"height":1000,"caption":"Bandeira da Pol\u00f3nia"},{"@type":"BreadcrumbList","@id":"https:\/\/portaltela.pt\/noticias\/2026\/02\/20\/polonia-retoma-producao-de-minas-apos-abandonar-o-tratado-de-otava\/#breadcrumb","itemListElement":[{"@type":"ListItem","position":1,"name":"In\u00edcio","item":"https:\/\/portaltela.pt\/"},{"@type":"ListItem","position":2,"name":"Pol\u00f3nia retoma produ\u00e7\u00e3o de minas ap\u00f3s abandonar o Tratado de Otava"}]},{"@type":"WebSite","@id":"https:\/\/portaltela.pt\/#website","url":"https:\/\/portaltela.pt\/","name":"Portal Tela Portugal","description":"","potentialAction":[{"@type":"SearchAction","target":{"@type":"EntryPoint","urlTemplate":"https:\/\/portaltela.pt\/?s={search_term_string}"},"query-input":{"@type":"PropertyValueSpecification","valueRequired":true,"valueName":"search_term_string"}}],"inLanguage":"pt-PT"},{"@type":"Person","@id":"https:\/\/portaltela.pt\/#\/schema\/person\/c4278d4a6028830caff9ee44b42d32ed","name":"Telinha","image":{"@type":"ImageObject","inLanguage":"pt-PT","@id":"https:\/\/portaltela.pt\/s.01k8rhncp4jt1\/2025\/11\/talking-bot-125x125.png","url":"https:\/\/portaltela.pt\/s.01k8rhncp4jt1\/2025\/11\/talking-bot-125x125.png","contentUrl":"https:\/\/portaltela.pt\/s.01k8rhncp4jt1\/2025\/11\/talking-bot-125x125.png","caption":"Telinha"},"sameAs":["https:\/\/portaltela.pt\/"],"url":"https:\/\/portaltela.pt\/por\/367410592786\/"}]}},"_links":{"self":[{"href":"https:\/\/portaltela.pt\/api\/wp\/v2\/posts\/218927","targetHints":{"allow":["GET"]}}],"collection":[{"href":"https:\/\/portaltela.pt\/api\/wp\/v2\/posts"}],"about":[{"href":"https:\/\/portaltela.pt\/api\/wp\/v2\/types\/post"}],"author":[{"embeddable":true,"href":"https:\/\/portaltela.pt\/api\/wp\/v2\/users\/2"}],"replies":[{"embeddable":true,"href":"https:\/\/portaltela.pt\/api\/wp\/v2\/comments?post=218927"}],"version-history":[{"count":0,"href":"https:\/\/portaltela.pt\/api\/wp\/v2\/posts\/218927\/revisions"}],"wp:featuredmedia":[{"embeddable":true,"href":"https:\/\/portaltela.pt\/api\/wp\/v2\/media\/218931"}],"wp:attachment":[{"href":"https:\/\/portaltela.pt\/api\/wp\/v2\/media?parent=218927"}],"wp:term":[{"taxonomy":"category","embeddable":true,"href":"https:\/\/portaltela.pt\/api\/wp\/v2\/categories?post=218927"},{"taxonomy":"post_tag","embeddable":true,"href":"https:\/\/portaltela.pt\/api\/wp\/v2\/tags?post=218927"}],"curies":[{"name":"wp","href":"https:\/\/api.w.org\/{rel}","templated":true}]}}