{"id":218924,"date":"2026-02-20T08:16:57","date_gmt":"2026-02-20T11:16:57","guid":{"rendered":"https:\/\/portaltela.pt\/noticias\/2026\/02\/20\/ela-definicao-sinais-causas-e-tratamentos\/"},"modified":"2026-02-20T08:16:57","modified_gmt":"2026-02-20T11:16:57","slug":"ela-definicao-sinais-causas-e-tratamentos","status":"publish","type":"post","link":"https:\/\/portaltela.pt\/noticias\/2026\/02\/20\/ela-definicao-sinais-causas-e-tratamentos\/","title":{"rendered":"ELA: defini\u00e7\u00e3o, sinais, causas e tratamentos"},"content":{"rendered":"<p>A Esclerose Lateral Amiotr\u00f3fica (ELA) \u00e9 uma doen\u00e7a neurodegenerativa que afeta o sistema nervoso, incluindo as c\u00e9lulas nervosas do c\u00e9rebro e da medula espinal. Estima-se que cerca de 400 mil pessoas vivam com a condi\u00e7\u00e3o a n\u00edvel global.<\/p>\n<p>A ELA pode manifestar-se entre os 55 e os 75 anos, com uma esperan\u00e7a de vida entre dois e cinco anos ap\u00f3s o aparecimento dos sintomas. A preval\u00eancia varia entre duas e seis pessoas por 100 mil, sendo ligeiramente mais comum em homens.<\/p>\n<p>Na quinta-feira, o ator Eric Dane, conhecido pela s\u00e9rie Anatomia de Grey, faleceu aos 53 anos, menos de um ano depois da divulga\u00e7\u00e3o p\u00fablica do diagn\u00f3stico de ELA. A doen\u00e7a ataca neur\u00f3nios motores, interrompendo a comunica\u00e7\u00e3o entre o c\u00e9rebro e os m\u00fasculos.<\/p>\n<h3>Sintomas<\/h3>\n<p>Os sinais variam conforme as \u00e1reas afetadas. Com frequ\u00eancia inicia-se com fraqueza muscular que se espalha ao longo do tempo. Dificuldades em andar, em realizar tarefas di\u00e1rias ou em falar surgem cedo na progress\u00e3o.<\/p>\n<p>A doen\u00e7a pode afetar m\u00e3os, p\u00e9s, pernas ou membros superiores, evoluindo para dificuldades na degluti\u00e7\u00e3o e na fala. Em muitos casos, observa-se o aparecimento inicial nas extremidades.<\/p>\n<p>Distingue-se ainda entre formas com base na \u00e1rea inicial de manifesta\u00e7\u00e3o: perna, bra\u00e7o ou boca e garganta. Esta classifica\u00e7\u00e3o ajuda a enquadrar o quadro cl\u00ednico e a planejar o tratamento.<\/p>\n<h3>Tipos<\/h3>\n<p>A ELA espor\u00e1dica representa cerca de 90% dos casos, surgindo sem causa conhecida, segundo especialistas. A forma familiar representa cerca de 10%, associada a altera\u00e7\u00f5es gen\u00e9ticas herdadas.<\/p>\n<p>Pode ainda diferenciar-se pela etiologia entre tipos de apresenta\u00e7\u00e3o. A compreens\u00e3o dessas diferen\u00e7as orienta o acompanhamento m\u00e9dico e a pesquisa de terapias.<\/p>\n<h3>Tratamentos<\/h3>\n<p>N\u00e3o h\u00e1 cura, mas existem medidas que podem abrandar a progress\u00e3o e melhorar a qualidade de vida. Incluem f\u00e1rmacos, terapia e reabilita\u00e7\u00e3o, al\u00e9m de apoio nutricional e respirat\u00f3rio. Os regimes variam conforme o caso e a evolu\u00e7\u00e3o da doen\u00e7a.<\/p>\n","protected":false},"excerpt":{"rendered":"<ul>\n<li>A esclerose lateral amiotr\u00f3fica (ELA) \u00e9 uma doen\u00e7a neurodegenerativa que afeta os neur\u00f3nios motores; cerca de 400 mil pessoas vivem com ela no mundo, na Europa s\u00e3o cerca de 50 mil e cerca de 100 mil morrem por ano; o actor Eric Dane faleceu aos 53 anos ap\u00f3s ter sido diagnosticado.<\/li>\n<li>O diagn\u00f3stico costuma ocorrer entre os 55 e os 75 anos, e a esperan\u00e7a de vida varia entre dois e cinco anos ap\u00f3s o aparecimento dos sintomas.<\/li>\n<li>Os primeiros sinais costumam ser uma fraqueza muscular que se vai espalhando, com dificuldades para andar, engolir ou falar; a doen\u00e7a come\u00e7a frequentemente nas extremidades.<\/li>\n<li>A ELA pode manifestar-se de tr\u00eas formas, consoante a zona inicial: perna, bra\u00e7o ou boca e garganta; cerca de 90% dos casos s\u00e3o espora\u0301dicos e 10% s\u00e3o familiares.<\/li>\n<li>N\u00e3o h\u00e1 cura, mas existem op\u00e7\u00f5es para retardar a progress\u00e3o e melhorar a qualidade de vida: f\u00e1rmacos, terapia, reabilita\u00e7\u00e3o e apoio nutricional e respirat\u00f3rio.<\/li>\n<\/ul>\n","protected":false},"author":2,"featured_media":218926,"comment_status":"closed","ping_status":"closed","sticky":false,"template":"","format":"standard","meta":{"footnotes":""},"categories":[1],"tags":[5723,61,78,5234,4800,172],"class_list":["post-218924","post","type-post","status-publish","format-standard","has-post-thumbnail","hentry","category-noticias","tag-doenca","tag-doencas","tag-famosos","tag-neurociencia","tag-neurologia","tag-saude"],"yoast_head":"<!-- This site is optimized with the Yoast SEO plugin v27.2 - https:\/\/yoast.com\/product\/yoast-seo-wordpress\/ -->\n<title>ELA: defini\u00e7\u00e3o, sinais, causas e tratamentos - Portal Tela Portugal<\/title>\n<meta name=\"robots\" content=\"index, follow, max-snippet:-1, max-image-preview:large, max-video-preview:-1\" \/>\n<meta property=\"og:locale\" content=\"pt_PT\" \/>\n<meta property=\"og:type\" content=\"article\" \/>\n<meta property=\"og:title\" content=\"ELA: defini\u00e7\u00e3o, sinais, causas e tratamentos - Portal Tela Portugal\" \/>\n<meta property=\"og:description\" content=\"A esclerose lateral amiotr\u00f3fica (ELA) \u00e9 uma doen\u00e7a neurodegenerativa que afeta os neur\u00f3nios motores; cerca de 400 mil pessoas vivem com ela no mundo, na Europa s\u00e3o cerca de 50 mil e cerca de 100 mil morrem por ano; o actor Eric Dane faleceu aos 53 anos ap\u00f3s ter sido diagnosticado. O diagn\u00f3stico costuma ocorrer entre os 55 e os 75 anos, e a esperan\u00e7a de vida varia entre dois e cinco anos ap\u00f3s o aparecimento dos sintomas. Os primeiros sinais costumam ser uma fraqueza muscular que se vai espalhando, com dificuldades para andar, engolir ou falar; a doen\u00e7a come\u00e7a frequentemente nas extremidades. A ELA pode manifestar-se de tr\u00eas formas, consoante a zona inicial: perna, bra\u00e7o ou boca e garganta; cerca de 90% dos casos s\u00e3o espora\u0301dicos e 10% s\u00e3o familiares. N\u00e3o h\u00e1 cura, mas existem op\u00e7\u00f5es para retardar a progress\u00e3o e melhorar a qualidade de vida: f\u00e1rmacos, terapia, reabilita\u00e7\u00e3o e apoio nutricional e respirat\u00f3rio.\" \/>\n<meta property=\"og:url\" content=\"https:\/\/portaltela.pt\/noticias\/2026\/02\/20\/ela-definicao-sinais-causas-e-tratamentos\/\" \/>\n<meta property=\"og:site_name\" content=\"Portal Tela Portugal\" \/>\n<meta property=\"article:published_time\" content=\"2026-02-20T11:16:57+00:00\" \/>\n<meta name=\"author\" content=\"Telinha\" \/>\n<meta name=\"twitter:card\" content=\"summary_large_image\" \/>\n<meta name=\"twitter:label1\" content=\"Escrito por\" \/>\n\t<meta name=\"twitter:data1\" content=\"Telinha\" \/>\n\t<meta name=\"twitter:label2\" content=\"Tempo estimado de leitura\" \/>\n\t<meta name=\"twitter:data2\" content=\"2 minutos\" \/>\n<script type=\"application\/ld+json\" class=\"yoast-schema-graph\">{\"@context\":\"https:\/\/schema.org\",\"@graph\":[{\"@type\":\"Article\",\"@id\":\"https:\/\/portaltela.pt\/noticias\/2026\/02\/20\/ela-definicao-sinais-causas-e-tratamentos\/#article\",\"isPartOf\":{\"@id\":\"https:\/\/portaltela.pt\/noticias\/2026\/02\/20\/ela-definicao-sinais-causas-e-tratamentos\/\"},\"author\":{\"name\":\"Telinha\",\"@id\":\"https:\/\/portaltela.pt\/#\/schema\/person\/c4278d4a6028830caff9ee44b42d32ed\"},\"headline\":\"ELA: defini\u00e7\u00e3o, sinais, causas e tratamentos\",\"datePublished\":\"2026-02-20T11:16:57+00:00\",\"mainEntityOfPage\":{\"@id\":\"https:\/\/portaltela.pt\/noticias\/2026\/02\/20\/ela-definicao-sinais-causas-e-tratamentos\/\"},\"wordCount\":348,\"image\":{\"@id\":\"https:\/\/portaltela.pt\/noticias\/2026\/02\/20\/ela-definicao-sinais-causas-e-tratamentos\/#primaryimage\"},\"thumbnailUrl\":\"https:\/\/portaltela.pt\/s.01k8rhncp4jt1\/2026\/02\/1536x864_cmsv2_d05c6ad8-7d47-5a06-8b48-f1cfc0309e50-9658920.jpg\",\"keywords\":[\"doen\u00e7a\",\"doen\u00e7as\",\"famosos\",\"neuroci\u00eancia\",\"neurologia\",\"sa\u00fade\"],\"articleSection\":[\"Not\u00edcias\"],\"inLanguage\":\"pt-PT\"},{\"@type\":\"WebPage\",\"@id\":\"https:\/\/portaltela.pt\/noticias\/2026\/02\/20\/ela-definicao-sinais-causas-e-tratamentos\/\",\"url\":\"https:\/\/portaltela.pt\/noticias\/2026\/02\/20\/ela-definicao-sinais-causas-e-tratamentos\/\",\"name\":\"ELA: defini\u00e7\u00e3o, sinais, causas e tratamentos - Portal Tela Portugal\",\"isPartOf\":{\"@id\":\"https:\/\/portaltela.pt\/#website\"},\"primaryImageOfPage\":{\"@id\":\"https:\/\/portaltela.pt\/noticias\/2026\/02\/20\/ela-definicao-sinais-causas-e-tratamentos\/#primaryimage\"},\"image\":{\"@id\":\"https:\/\/portaltela.pt\/noticias\/2026\/02\/20\/ela-definicao-sinais-causas-e-tratamentos\/#primaryimage\"},\"thumbnailUrl\":\"https:\/\/portaltela.pt\/s.01k8rhncp4jt1\/2026\/02\/1536x864_cmsv2_d05c6ad8-7d47-5a06-8b48-f1cfc0309e50-9658920.jpg\",\"datePublished\":\"2026-02-20T11:16:57+00:00\",\"author\":{\"@id\":\"https:\/\/portaltela.pt\/#\/schema\/person\/c4278d4a6028830caff9ee44b42d32ed\"},\"breadcrumb\":{\"@id\":\"https:\/\/portaltela.pt\/noticias\/2026\/02\/20\/ela-definicao-sinais-causas-e-tratamentos\/#breadcrumb\"},\"inLanguage\":\"pt-PT\",\"potentialAction\":[{\"@type\":\"ReadAction\",\"target\":[\"https:\/\/portaltela.pt\/noticias\/2026\/02\/20\/ela-definicao-sinais-causas-e-tratamentos\/\"]}]},{\"@type\":\"ImageObject\",\"inLanguage\":\"pt-PT\",\"@id\":\"https:\/\/portaltela.pt\/noticias\/2026\/02\/20\/ela-definicao-sinais-causas-e-tratamentos\/#primaryimage\",\"url\":\"https:\/\/portaltela.pt\/s.01k8rhncp4jt1\/2026\/02\/1536x864_cmsv2_d05c6ad8-7d47-5a06-8b48-f1cfc0309e50-9658920.jpg\",\"contentUrl\":\"https:\/\/portaltela.pt\/s.01k8rhncp4jt1\/2026\/02\/1536x864_cmsv2_d05c6ad8-7d47-5a06-8b48-f1cfc0309e50-9658920.jpg\",\"width\":1536,\"height\":864,\"caption\":\"ARQUIVO: David Allgood e Tom Stokes utilizam um percurso adaptado a pessoas com defici\u00eancia no Parque Nacional da Gruta Mammoth, em Cave City\"},{\"@type\":\"BreadcrumbList\",\"@id\":\"https:\/\/portaltela.pt\/noticias\/2026\/02\/20\/ela-definicao-sinais-causas-e-tratamentos\/#breadcrumb\",\"itemListElement\":[{\"@type\":\"ListItem\",\"position\":1,\"name\":\"In\u00edcio\",\"item\":\"https:\/\/portaltela.pt\/\"},{\"@type\":\"ListItem\",\"position\":2,\"name\":\"ELA: defini\u00e7\u00e3o, sinais, causas e tratamentos\"}]},{\"@type\":\"WebSite\",\"@id\":\"https:\/\/portaltela.pt\/#website\",\"url\":\"https:\/\/portaltela.pt\/\",\"name\":\"Portal Tela Portugal\",\"description\":\"\",\"potentialAction\":[{\"@type\":\"SearchAction\",\"target\":{\"@type\":\"EntryPoint\",\"urlTemplate\":\"https:\/\/portaltela.pt\/?s={search_term_string}\"},\"query-input\":{\"@type\":\"PropertyValueSpecification\",\"valueRequired\":true,\"valueName\":\"search_term_string\"}}],\"inLanguage\":\"pt-PT\"},{\"@type\":\"Person\",\"@id\":\"https:\/\/portaltela.pt\/#\/schema\/person\/c4278d4a6028830caff9ee44b42d32ed\",\"name\":\"Telinha\",\"image\":{\"@type\":\"ImageObject\",\"inLanguage\":\"pt-PT\",\"@id\":\"https:\/\/portaltela.pt\/s.01k8rhncp4jt1\/2025\/11\/talking-bot-125x125.png\",\"url\":\"https:\/\/portaltela.pt\/s.01k8rhncp4jt1\/2025\/11\/talking-bot-125x125.png\",\"contentUrl\":\"https:\/\/portaltela.pt\/s.01k8rhncp4jt1\/2025\/11\/talking-bot-125x125.png\",\"caption\":\"Telinha\"},\"sameAs\":[\"https:\/\/portaltela.pt\/\"],\"url\":\"https:\/\/portaltela.pt\/por\/367410592786\/\"}]}<\/script>\n<!-- \/ Yoast SEO plugin. -->","yoast_head_json":{"title":"ELA: defini\u00e7\u00e3o, sinais, causas e tratamentos - Portal Tela Portugal","robots":{"index":"index","follow":"follow","max-snippet":"max-snippet:-1","max-image-preview":"max-image-preview:large","max-video-preview":"max-video-preview:-1"},"og_locale":"pt_PT","og_type":"article","og_title":"ELA: defini\u00e7\u00e3o, sinais, causas e tratamentos - Portal Tela Portugal","og_description":"A esclerose lateral amiotr\u00f3fica (ELA) \u00e9 uma doen\u00e7a neurodegenerativa que afeta os neur\u00f3nios motores; cerca de 400 mil pessoas vivem com ela no mundo, na Europa s\u00e3o cerca de 50 mil e cerca de 100 mil morrem por ano; o actor Eric Dane faleceu aos 53 anos ap\u00f3s ter sido diagnosticado. O diagn\u00f3stico costuma ocorrer entre os 55 e os 75 anos, e a esperan\u00e7a de vida varia entre dois e cinco anos ap\u00f3s o aparecimento dos sintomas. Os primeiros sinais costumam ser uma fraqueza muscular que se vai espalhando, com dificuldades para andar, engolir ou falar; a doen\u00e7a come\u00e7a frequentemente nas extremidades. A ELA pode manifestar-se de tr\u00eas formas, consoante a zona inicial: perna, bra\u00e7o ou boca e garganta; cerca de 90% dos casos s\u00e3o espora\u0301dicos e 10% s\u00e3o familiares. N\u00e3o h\u00e1 cura, mas existem op\u00e7\u00f5es para retardar a progress\u00e3o e melhorar a qualidade de vida: f\u00e1rmacos, terapia, reabilita\u00e7\u00e3o e apoio nutricional e respirat\u00f3rio.","og_url":"https:\/\/portaltela.pt\/noticias\/2026\/02\/20\/ela-definicao-sinais-causas-e-tratamentos\/","og_site_name":"Portal Tela Portugal","article_published_time":"2026-02-20T11:16:57+00:00","author":"Telinha","twitter_card":"summary_large_image","twitter_misc":{"Escrito por":"Telinha","Tempo estimado de leitura":"2 minutos"},"schema":{"@context":"https:\/\/schema.org","@graph":[{"@type":"Article","@id":"https:\/\/portaltela.pt\/noticias\/2026\/02\/20\/ela-definicao-sinais-causas-e-tratamentos\/#article","isPartOf":{"@id":"https:\/\/portaltela.pt\/noticias\/2026\/02\/20\/ela-definicao-sinais-causas-e-tratamentos\/"},"author":{"name":"Telinha","@id":"https:\/\/portaltela.pt\/#\/schema\/person\/c4278d4a6028830caff9ee44b42d32ed"},"headline":"ELA: defini\u00e7\u00e3o, sinais, causas e tratamentos","datePublished":"2026-02-20T11:16:57+00:00","mainEntityOfPage":{"@id":"https:\/\/portaltela.pt\/noticias\/2026\/02\/20\/ela-definicao-sinais-causas-e-tratamentos\/"},"wordCount":348,"image":{"@id":"https:\/\/portaltela.pt\/noticias\/2026\/02\/20\/ela-definicao-sinais-causas-e-tratamentos\/#primaryimage"},"thumbnailUrl":"https:\/\/portaltela.pt\/s.01k8rhncp4jt1\/2026\/02\/1536x864_cmsv2_d05c6ad8-7d47-5a06-8b48-f1cfc0309e50-9658920.jpg","keywords":["doen\u00e7a","doen\u00e7as","famosos","neuroci\u00eancia","neurologia","sa\u00fade"],"articleSection":["Not\u00edcias"],"inLanguage":"pt-PT"},{"@type":"WebPage","@id":"https:\/\/portaltela.pt\/noticias\/2026\/02\/20\/ela-definicao-sinais-causas-e-tratamentos\/","url":"https:\/\/portaltela.pt\/noticias\/2026\/02\/20\/ela-definicao-sinais-causas-e-tratamentos\/","name":"ELA: defini\u00e7\u00e3o, sinais, causas e tratamentos - Portal Tela Portugal","isPartOf":{"@id":"https:\/\/portaltela.pt\/#website"},"primaryImageOfPage":{"@id":"https:\/\/portaltela.pt\/noticias\/2026\/02\/20\/ela-definicao-sinais-causas-e-tratamentos\/#primaryimage"},"image":{"@id":"https:\/\/portaltela.pt\/noticias\/2026\/02\/20\/ela-definicao-sinais-causas-e-tratamentos\/#primaryimage"},"thumbnailUrl":"https:\/\/portaltela.pt\/s.01k8rhncp4jt1\/2026\/02\/1536x864_cmsv2_d05c6ad8-7d47-5a06-8b48-f1cfc0309e50-9658920.jpg","datePublished":"2026-02-20T11:16:57+00:00","author":{"@id":"https:\/\/portaltela.pt\/#\/schema\/person\/c4278d4a6028830caff9ee44b42d32ed"},"breadcrumb":{"@id":"https:\/\/portaltela.pt\/noticias\/2026\/02\/20\/ela-definicao-sinais-causas-e-tratamentos\/#breadcrumb"},"inLanguage":"pt-PT","potentialAction":[{"@type":"ReadAction","target":["https:\/\/portaltela.pt\/noticias\/2026\/02\/20\/ela-definicao-sinais-causas-e-tratamentos\/"]}]},{"@type":"ImageObject","inLanguage":"pt-PT","@id":"https:\/\/portaltela.pt\/noticias\/2026\/02\/20\/ela-definicao-sinais-causas-e-tratamentos\/#primaryimage","url":"https:\/\/portaltela.pt\/s.01k8rhncp4jt1\/2026\/02\/1536x864_cmsv2_d05c6ad8-7d47-5a06-8b48-f1cfc0309e50-9658920.jpg","contentUrl":"https:\/\/portaltela.pt\/s.01k8rhncp4jt1\/2026\/02\/1536x864_cmsv2_d05c6ad8-7d47-5a06-8b48-f1cfc0309e50-9658920.jpg","width":1536,"height":864,"caption":"ARQUIVO: David Allgood e Tom Stokes utilizam um percurso adaptado a pessoas com defici\u00eancia no Parque Nacional da Gruta Mammoth, em Cave City"},{"@type":"BreadcrumbList","@id":"https:\/\/portaltela.pt\/noticias\/2026\/02\/20\/ela-definicao-sinais-causas-e-tratamentos\/#breadcrumb","itemListElement":[{"@type":"ListItem","position":1,"name":"In\u00edcio","item":"https:\/\/portaltela.pt\/"},{"@type":"ListItem","position":2,"name":"ELA: defini\u00e7\u00e3o, sinais, causas e tratamentos"}]},{"@type":"WebSite","@id":"https:\/\/portaltela.pt\/#website","url":"https:\/\/portaltela.pt\/","name":"Portal Tela Portugal","description":"","potentialAction":[{"@type":"SearchAction","target":{"@type":"EntryPoint","urlTemplate":"https:\/\/portaltela.pt\/?s={search_term_string}"},"query-input":{"@type":"PropertyValueSpecification","valueRequired":true,"valueName":"search_term_string"}}],"inLanguage":"pt-PT"},{"@type":"Person","@id":"https:\/\/portaltela.pt\/#\/schema\/person\/c4278d4a6028830caff9ee44b42d32ed","name":"Telinha","image":{"@type":"ImageObject","inLanguage":"pt-PT","@id":"https:\/\/portaltela.pt\/s.01k8rhncp4jt1\/2025\/11\/talking-bot-125x125.png","url":"https:\/\/portaltela.pt\/s.01k8rhncp4jt1\/2025\/11\/talking-bot-125x125.png","contentUrl":"https:\/\/portaltela.pt\/s.01k8rhncp4jt1\/2025\/11\/talking-bot-125x125.png","caption":"Telinha"},"sameAs":["https:\/\/portaltela.pt\/"],"url":"https:\/\/portaltela.pt\/por\/367410592786\/"}]}},"_links":{"self":[{"href":"https:\/\/portaltela.pt\/api\/wp\/v2\/posts\/218924","targetHints":{"allow":["GET"]}}],"collection":[{"href":"https:\/\/portaltela.pt\/api\/wp\/v2\/posts"}],"about":[{"href":"https:\/\/portaltela.pt\/api\/wp\/v2\/types\/post"}],"author":[{"embeddable":true,"href":"https:\/\/portaltela.pt\/api\/wp\/v2\/users\/2"}],"replies":[{"embeddable":true,"href":"https:\/\/portaltela.pt\/api\/wp\/v2\/comments?post=218924"}],"version-history":[{"count":0,"href":"https:\/\/portaltela.pt\/api\/wp\/v2\/posts\/218924\/revisions"}],"wp:featuredmedia":[{"embeddable":true,"href":"https:\/\/portaltela.pt\/api\/wp\/v2\/media\/218926"}],"wp:attachment":[{"href":"https:\/\/portaltela.pt\/api\/wp\/v2\/media?parent=218924"}],"wp:term":[{"taxonomy":"category","embeddable":true,"href":"https:\/\/portaltela.pt\/api\/wp\/v2\/categories?post=218924"},{"taxonomy":"post_tag","embeddable":true,"href":"https:\/\/portaltela.pt\/api\/wp\/v2\/tags?post=218924"}],"curies":[{"name":"wp","href":"https:\/\/api.w.org\/{rel}","templated":true}]}}