{"id":218923,"date":"2026-02-20T08:05:24","date_gmt":"2026-02-20T11:05:24","guid":{"rendered":"https:\/\/portaltela.pt\/noticias\/2026\/02\/20\/neymar-admite-possivel-reforma-no-futebol-em-dezembro\/"},"modified":"2026-02-20T08:05:24","modified_gmt":"2026-02-20T11:05:24","slug":"neymar-admite-possivel-reforma-no-futebol-em-dezembro","status":"publish","type":"post","link":"https:\/\/portaltela.pt\/desporto\/futebol\/2026\/02\/20\/neymar-admite-possivel-reforma-no-futebol-em-dezembro\/","title":{"rendered":"Neymar admite poss\u00edvel reforma no futebol em dezembro"},"content":{"rendered":"<p>Neymar admite que o seu futuro no futebol est\u00e1 em aberto, com possibilidade de encerrar a carreira ainda este ano. A entrevista foi dada \u00e0 Caz\u00e9 TV enquanto o jogador se prepara para o pr\u00f3ximo Campeonato do Mundo com o Brasil. O foco \u00e9 manter-se ativo at\u00e9 aos compromissos da sele\u00e7\u00e3o.<\/p>\n<p>O avan\u00e7ado do Santos, 34 anos, revelou que chegou a pensar em descansar o suficiente para regressar sem dores. Reconhece que sofreu les\u00f5es desde o regresso ao clube e que o planeamento da equipa t\u00e9cnica teve papel decisivo na recupera\u00e7\u00e3o.<\/p>\n<p>O brasileiro explicou que tem atuado ano a ano, mantendo o objetivo de chegar a 100% no momento certo. A ideia \u00e9 conservar forma sem press\u00f5es, ajustando-se aos desafios da equipa e do calend\u00e1rio competitivo.<\/p>\n<p>Sobre o que o futuro reserva, Neymar afirmou que a decis\u00e3o cabe ao cora\u00e7\u00e3o e ao estado f\u00edsico. Apesar da incerteza, garante que o seu objetivo \u00e9 manter-se em competi\u00e7\u00e3o at\u00e9 o momento adequado, sem previs\u00f5es para o pr\u00f3ximo ano.<\/p>\n<h3>Futuro em aberto<\/h3>\n<p>Aos 34 anos, o jogador reconhece que pode encerrar a carreira no final do ano, caso sinta que chegou o momento. A declara\u00e7\u00e3o reflete a press\u00e3o de manter o desempenho pela sele\u00e7\u00e3o brasileira e pelo Santos, num contexto de recupera\u00e7\u00e3o de les\u00f5es.<\/p>\n","protected":false},"excerpt":{"rendered":"<ul>\n<li>O jogador brasileiro Neymar, de 34 anos, concedeu entrevista \u00e0 Caz\u00e9 TV para falar sobre o futuro no Santos.<\/li>\n<li>Neymar admite a possibilidade de se aposentar no final do ano, dizendo que pode chegar dezembro e querer retirar-se.<\/li>\n<li>O foco est\u00e1 no pr\u00f3ximo Campeonato do Mundo pelo Brasil; o atleta poupou-se em alguns jogos para regressar em boa forma.<\/li>\n<li>O Santos foi crucial no planeamento da recupera\u00e7\u00e3o, ajudando Neymar a voltar a jogar sem dores nem receios, segundo o pr\u00f3prio jogador.<\/li>\n<li>A decis\u00e3o depender\u00e1 do que o cora\u00e7\u00e3o disser; Neymar afirma que seguir\u00e1 ano a ano e n\u00e3o descarta a retirada no futuro pr\u00f3ximo.<\/li>\n<\/ul>\n","protected":false},"author":2,"featured_media":218928,"comment_status":"closed","ping_status":"closed","sticky":false,"template":"","format":"standard","meta":{"footnotes":""},"categories":[21,24],"tags":[2547,32,2538,3552,2556,2057],"class_list":["post-218923","post","type-post","status-publish","format-standard","has-post-thumbnail","hentry","category-desporto","category-futebol","tag-brasil","tag-futebol","tag-lesoes","tag-neymar","tag-santos","tag-selecao-nacional"],"yoast_head":"<!-- This site is optimized with the Yoast SEO plugin v27.2 - https:\/\/yoast.com\/product\/yoast-seo-wordpress\/ -->\n<title>Neymar admite poss\u00edvel reforma no futebol em dezembro - Portal Tela Portugal<\/title>\n<meta name=\"robots\" content=\"index, follow, max-snippet:-1, max-image-preview:large, max-video-preview:-1\" \/>\n<meta property=\"og:locale\" content=\"pt_PT\" \/>\n<meta property=\"og:type\" content=\"article\" \/>\n<meta property=\"og:title\" content=\"Neymar admite poss\u00edvel reforma no futebol em dezembro - Portal Tela Portugal\" \/>\n<meta property=\"og:description\" content=\"O jogador brasileiro Neymar, de 34 anos, concedeu entrevista \u00e0 Caz\u00e9 TV para falar sobre o futuro no Santos. Neymar admite a possibilidade de se aposentar no final do ano, dizendo que pode chegar dezembro e querer retirar-se. O foco est\u00e1 no pr\u00f3ximo Campeonato do Mundo pelo Brasil; o atleta poupou-se em alguns jogos para regressar em boa forma. O Santos foi crucial no planeamento da recupera\u00e7\u00e3o, ajudando Neymar a voltar a jogar sem dores nem receios, segundo o pr\u00f3prio jogador. A decis\u00e3o depender\u00e1 do que o cora\u00e7\u00e3o disser; Neymar afirma que seguir\u00e1 ano a ano e n\u00e3o descarta a retirada no futuro pr\u00f3ximo.\" \/>\n<meta property=\"og:url\" content=\"https:\/\/portaltela.pt\/noticias\/2026\/02\/20\/neymar-admite-possivel-reforma-no-futebol-em-dezembro\/\" \/>\n<meta property=\"og:site_name\" content=\"Portal Tela Portugal\" \/>\n<meta property=\"article:published_time\" content=\"2026-02-20T11:05:24+00:00\" \/>\n<meta name=\"author\" content=\"Telinha\" \/>\n<meta name=\"twitter:card\" content=\"summary_large_image\" \/>\n<meta name=\"twitter:label1\" content=\"Escrito por\" \/>\n\t<meta name=\"twitter:data1\" content=\"Telinha\" \/>\n\t<meta name=\"twitter:label2\" content=\"Tempo estimado de leitura\" \/>\n\t<meta name=\"twitter:data2\" content=\"1 minuto\" \/>\n<script type=\"application\/ld+json\" class=\"yoast-schema-graph\">{\"@context\":\"https:\/\/schema.org\",\"@graph\":[{\"@type\":\"Article\",\"@id\":\"https:\/\/portaltela.pt\/noticias\/2026\/02\/20\/neymar-admite-possivel-reforma-no-futebol-em-dezembro\/#article\",\"isPartOf\":{\"@id\":\"https:\/\/portaltela.pt\/noticias\/2026\/02\/20\/neymar-admite-possivel-reforma-no-futebol-em-dezembro\/\"},\"author\":{\"name\":\"Telinha\",\"@id\":\"https:\/\/portaltela.pt\/#\/schema\/person\/c4278d4a6028830caff9ee44b42d32ed\"},\"headline\":\"Neymar admite poss\u00edvel reforma no futebol em dezembro\",\"datePublished\":\"2026-02-20T11:05:24+00:00\",\"mainEntityOfPage\":{\"@id\":\"https:\/\/portaltela.pt\/noticias\/2026\/02\/20\/neymar-admite-possivel-reforma-no-futebol-em-dezembro\/\"},\"wordCount\":232,\"image\":{\"@id\":\"https:\/\/portaltela.pt\/noticias\/2026\/02\/20\/neymar-admite-possivel-reforma-no-futebol-em-dezembro\/#primaryimage\"},\"thumbnailUrl\":\"https:\/\/portaltela.pt\/s.01k8rhncp4jt1\/2026\/02\/img_920x518uu2026-02-20-11-04-49-2422683.png\",\"keywords\":[\"Brasil\",\"futebol\",\"les\u00f5es\",\"Neymar\",\"Santos\",\"Sele\u00e7\u00e3o Nacional\"],\"articleSection\":[\"Desporto\",\"Futebol\"],\"inLanguage\":\"pt-PT\"},{\"@type\":\"WebPage\",\"@id\":\"https:\/\/portaltela.pt\/noticias\/2026\/02\/20\/neymar-admite-possivel-reforma-no-futebol-em-dezembro\/\",\"url\":\"https:\/\/portaltela.pt\/noticias\/2026\/02\/20\/neymar-admite-possivel-reforma-no-futebol-em-dezembro\/\",\"name\":\"Neymar admite poss\u00edvel reforma no futebol em dezembro - Portal Tela Portugal\",\"isPartOf\":{\"@id\":\"https:\/\/portaltela.pt\/#website\"},\"primaryImageOfPage\":{\"@id\":\"https:\/\/portaltela.pt\/noticias\/2026\/02\/20\/neymar-admite-possivel-reforma-no-futebol-em-dezembro\/#primaryimage\"},\"image\":{\"@id\":\"https:\/\/portaltela.pt\/noticias\/2026\/02\/20\/neymar-admite-possivel-reforma-no-futebol-em-dezembro\/#primaryimage\"},\"thumbnailUrl\":\"https:\/\/portaltela.pt\/s.01k8rhncp4jt1\/2026\/02\/img_920x518uu2026-02-20-11-04-49-2422683.png\",\"datePublished\":\"2026-02-20T11:05:24+00:00\",\"author\":{\"@id\":\"https:\/\/portaltela.pt\/#\/schema\/person\/c4278d4a6028830caff9ee44b42d32ed\"},\"breadcrumb\":{\"@id\":\"https:\/\/portaltela.pt\/noticias\/2026\/02\/20\/neymar-admite-possivel-reforma-no-futebol-em-dezembro\/#breadcrumb\"},\"inLanguage\":\"pt-PT\",\"potentialAction\":[{\"@type\":\"ReadAction\",\"target\":[\"https:\/\/portaltela.pt\/noticias\/2026\/02\/20\/neymar-admite-possivel-reforma-no-futebol-em-dezembro\/\"]}]},{\"@type\":\"ImageObject\",\"inLanguage\":\"pt-PT\",\"@id\":\"https:\/\/portaltela.pt\/noticias\/2026\/02\/20\/neymar-admite-possivel-reforma-no-futebol-em-dezembro\/#primaryimage\",\"url\":\"https:\/\/portaltela.pt\/s.01k8rhncp4jt1\/2026\/02\/img_920x518uu2026-02-20-11-04-49-2422683.png\",\"contentUrl\":\"https:\/\/portaltela.pt\/s.01k8rhncp4jt1\/2026\/02\/img_920x518uu2026-02-20-11-04-49-2422683.png\",\"width\":920,\"height\":518,\"caption\":\"Neymar com a camisola do Santos\"},{\"@type\":\"BreadcrumbList\",\"@id\":\"https:\/\/portaltela.pt\/noticias\/2026\/02\/20\/neymar-admite-possivel-reforma-no-futebol-em-dezembro\/#breadcrumb\",\"itemListElement\":[{\"@type\":\"ListItem\",\"position\":1,\"name\":\"In\u00edcio\",\"item\":\"https:\/\/portaltela.pt\/\"},{\"@type\":\"ListItem\",\"position\":2,\"name\":\"Neymar admite poss\u00edvel reforma no futebol em dezembro\"}]},{\"@type\":\"WebSite\",\"@id\":\"https:\/\/portaltela.pt\/#website\",\"url\":\"https:\/\/portaltela.pt\/\",\"name\":\"Portal Tela Portugal\",\"description\":\"\",\"potentialAction\":[{\"@type\":\"SearchAction\",\"target\":{\"@type\":\"EntryPoint\",\"urlTemplate\":\"https:\/\/portaltela.pt\/?s={search_term_string}\"},\"query-input\":{\"@type\":\"PropertyValueSpecification\",\"valueRequired\":true,\"valueName\":\"search_term_string\"}}],\"inLanguage\":\"pt-PT\"},{\"@type\":\"Person\",\"@id\":\"https:\/\/portaltela.pt\/#\/schema\/person\/c4278d4a6028830caff9ee44b42d32ed\",\"name\":\"Telinha\",\"image\":{\"@type\":\"ImageObject\",\"inLanguage\":\"pt-PT\",\"@id\":\"https:\/\/portaltela.pt\/s.01k8rhncp4jt1\/2025\/11\/talking-bot-125x125.png\",\"url\":\"https:\/\/portaltela.pt\/s.01k8rhncp4jt1\/2025\/11\/talking-bot-125x125.png\",\"contentUrl\":\"https:\/\/portaltela.pt\/s.01k8rhncp4jt1\/2025\/11\/talking-bot-125x125.png\",\"caption\":\"Telinha\"},\"sameAs\":[\"https:\/\/portaltela.pt\/\"],\"url\":\"https:\/\/portaltela.pt\/por\/367410592786\/\"}]}<\/script>\n<!-- \/ Yoast SEO plugin. -->","yoast_head_json":{"title":"Neymar admite poss\u00edvel reforma no futebol em dezembro - Portal Tela Portugal","robots":{"index":"index","follow":"follow","max-snippet":"max-snippet:-1","max-image-preview":"max-image-preview:large","max-video-preview":"max-video-preview:-1"},"og_locale":"pt_PT","og_type":"article","og_title":"Neymar admite poss\u00edvel reforma no futebol em dezembro - Portal Tela Portugal","og_description":"O jogador brasileiro Neymar, de 34 anos, concedeu entrevista \u00e0 Caz\u00e9 TV para falar sobre o futuro no Santos. Neymar admite a possibilidade de se aposentar no final do ano, dizendo que pode chegar dezembro e querer retirar-se. O foco est\u00e1 no pr\u00f3ximo Campeonato do Mundo pelo Brasil; o atleta poupou-se em alguns jogos para regressar em boa forma. O Santos foi crucial no planeamento da recupera\u00e7\u00e3o, ajudando Neymar a voltar a jogar sem dores nem receios, segundo o pr\u00f3prio jogador. A decis\u00e3o depender\u00e1 do que o cora\u00e7\u00e3o disser; Neymar afirma que seguir\u00e1 ano a ano e n\u00e3o descarta a retirada no futuro pr\u00f3ximo.","og_url":"https:\/\/portaltela.pt\/noticias\/2026\/02\/20\/neymar-admite-possivel-reforma-no-futebol-em-dezembro\/","og_site_name":"Portal Tela Portugal","article_published_time":"2026-02-20T11:05:24+00:00","author":"Telinha","twitter_card":"summary_large_image","twitter_misc":{"Escrito por":"Telinha","Tempo estimado de leitura":"1 minuto"},"schema":{"@context":"https:\/\/schema.org","@graph":[{"@type":"Article","@id":"https:\/\/portaltela.pt\/noticias\/2026\/02\/20\/neymar-admite-possivel-reforma-no-futebol-em-dezembro\/#article","isPartOf":{"@id":"https:\/\/portaltela.pt\/noticias\/2026\/02\/20\/neymar-admite-possivel-reforma-no-futebol-em-dezembro\/"},"author":{"name":"Telinha","@id":"https:\/\/portaltela.pt\/#\/schema\/person\/c4278d4a6028830caff9ee44b42d32ed"},"headline":"Neymar admite poss\u00edvel reforma no futebol em dezembro","datePublished":"2026-02-20T11:05:24+00:00","mainEntityOfPage":{"@id":"https:\/\/portaltela.pt\/noticias\/2026\/02\/20\/neymar-admite-possivel-reforma-no-futebol-em-dezembro\/"},"wordCount":232,"image":{"@id":"https:\/\/portaltela.pt\/noticias\/2026\/02\/20\/neymar-admite-possivel-reforma-no-futebol-em-dezembro\/#primaryimage"},"thumbnailUrl":"https:\/\/portaltela.pt\/s.01k8rhncp4jt1\/2026\/02\/img_920x518uu2026-02-20-11-04-49-2422683.png","keywords":["Brasil","futebol","les\u00f5es","Neymar","Santos","Sele\u00e7\u00e3o Nacional"],"articleSection":["Desporto","Futebol"],"inLanguage":"pt-PT"},{"@type":"WebPage","@id":"https:\/\/portaltela.pt\/noticias\/2026\/02\/20\/neymar-admite-possivel-reforma-no-futebol-em-dezembro\/","url":"https:\/\/portaltela.pt\/noticias\/2026\/02\/20\/neymar-admite-possivel-reforma-no-futebol-em-dezembro\/","name":"Neymar admite poss\u00edvel reforma no futebol em dezembro - Portal Tela Portugal","isPartOf":{"@id":"https:\/\/portaltela.pt\/#website"},"primaryImageOfPage":{"@id":"https:\/\/portaltela.pt\/noticias\/2026\/02\/20\/neymar-admite-possivel-reforma-no-futebol-em-dezembro\/#primaryimage"},"image":{"@id":"https:\/\/portaltela.pt\/noticias\/2026\/02\/20\/neymar-admite-possivel-reforma-no-futebol-em-dezembro\/#primaryimage"},"thumbnailUrl":"https:\/\/portaltela.pt\/s.01k8rhncp4jt1\/2026\/02\/img_920x518uu2026-02-20-11-04-49-2422683.png","datePublished":"2026-02-20T11:05:24+00:00","author":{"@id":"https:\/\/portaltela.pt\/#\/schema\/person\/c4278d4a6028830caff9ee44b42d32ed"},"breadcrumb":{"@id":"https:\/\/portaltela.pt\/noticias\/2026\/02\/20\/neymar-admite-possivel-reforma-no-futebol-em-dezembro\/#breadcrumb"},"inLanguage":"pt-PT","potentialAction":[{"@type":"ReadAction","target":["https:\/\/portaltela.pt\/noticias\/2026\/02\/20\/neymar-admite-possivel-reforma-no-futebol-em-dezembro\/"]}]},{"@type":"ImageObject","inLanguage":"pt-PT","@id":"https:\/\/portaltela.pt\/noticias\/2026\/02\/20\/neymar-admite-possivel-reforma-no-futebol-em-dezembro\/#primaryimage","url":"https:\/\/portaltela.pt\/s.01k8rhncp4jt1\/2026\/02\/img_920x518uu2026-02-20-11-04-49-2422683.png","contentUrl":"https:\/\/portaltela.pt\/s.01k8rhncp4jt1\/2026\/02\/img_920x518uu2026-02-20-11-04-49-2422683.png","width":920,"height":518,"caption":"Neymar com a camisola do Santos"},{"@type":"BreadcrumbList","@id":"https:\/\/portaltela.pt\/noticias\/2026\/02\/20\/neymar-admite-possivel-reforma-no-futebol-em-dezembro\/#breadcrumb","itemListElement":[{"@type":"ListItem","position":1,"name":"In\u00edcio","item":"https:\/\/portaltela.pt\/"},{"@type":"ListItem","position":2,"name":"Neymar admite poss\u00edvel reforma no futebol em dezembro"}]},{"@type":"WebSite","@id":"https:\/\/portaltela.pt\/#website","url":"https:\/\/portaltela.pt\/","name":"Portal Tela Portugal","description":"","potentialAction":[{"@type":"SearchAction","target":{"@type":"EntryPoint","urlTemplate":"https:\/\/portaltela.pt\/?s={search_term_string}"},"query-input":{"@type":"PropertyValueSpecification","valueRequired":true,"valueName":"search_term_string"}}],"inLanguage":"pt-PT"},{"@type":"Person","@id":"https:\/\/portaltela.pt\/#\/schema\/person\/c4278d4a6028830caff9ee44b42d32ed","name":"Telinha","image":{"@type":"ImageObject","inLanguage":"pt-PT","@id":"https:\/\/portaltela.pt\/s.01k8rhncp4jt1\/2025\/11\/talking-bot-125x125.png","url":"https:\/\/portaltela.pt\/s.01k8rhncp4jt1\/2025\/11\/talking-bot-125x125.png","contentUrl":"https:\/\/portaltela.pt\/s.01k8rhncp4jt1\/2025\/11\/talking-bot-125x125.png","caption":"Telinha"},"sameAs":["https:\/\/portaltela.pt\/"],"url":"https:\/\/portaltela.pt\/por\/367410592786\/"}]}},"_links":{"self":[{"href":"https:\/\/portaltela.pt\/api\/wp\/v2\/posts\/218923","targetHints":{"allow":["GET"]}}],"collection":[{"href":"https:\/\/portaltela.pt\/api\/wp\/v2\/posts"}],"about":[{"href":"https:\/\/portaltela.pt\/api\/wp\/v2\/types\/post"}],"author":[{"embeddable":true,"href":"https:\/\/portaltela.pt\/api\/wp\/v2\/users\/2"}],"replies":[{"embeddable":true,"href":"https:\/\/portaltela.pt\/api\/wp\/v2\/comments?post=218923"}],"version-history":[{"count":0,"href":"https:\/\/portaltela.pt\/api\/wp\/v2\/posts\/218923\/revisions"}],"wp:featuredmedia":[{"embeddable":true,"href":"https:\/\/portaltela.pt\/api\/wp\/v2\/media\/218928"}],"wp:attachment":[{"href":"https:\/\/portaltela.pt\/api\/wp\/v2\/media?parent=218923"}],"wp:term":[{"taxonomy":"category","embeddable":true,"href":"https:\/\/portaltela.pt\/api\/wp\/v2\/categories?post=218923"},{"taxonomy":"post_tag","embeddable":true,"href":"https:\/\/portaltela.pt\/api\/wp\/v2\/tags?post=218923"}],"curies":[{"name":"wp","href":"https:\/\/api.w.org\/{rel}","templated":true}]}}