{"id":218921,"date":"2026-02-20T08:03:00","date_gmt":"2026-02-20T11:03:00","guid":{"rendered":"https:\/\/portaltela.pt\/noticias\/2026\/02\/20\/executores-do-testamento-de-epstein-propoem-pagar-21-a-30-milhoes-as-vitimas-2\/"},"modified":"2026-02-20T08:03:00","modified_gmt":"2026-02-20T11:03:00","slug":"executores-do-testamento-de-epstein-propoem-pagar-21-a-30-milhoes-as-vitimas-2","status":"publish","type":"post","link":"https:\/\/portaltela.pt\/noticias\/2026\/02\/20\/executores-do-testamento-de-epstein-propoem-pagar-21-a-30-milhoes-as-vitimas-2\/","title":{"rendered":"Executores do testamento de Epstein prop\u00f5em pagar 21 a 30 milh\u00f5es \u00e0s v\u00edtimas"},"content":{"rendered":"<p>Os executores do testamento de Jeffrey Epstein apresentaram uma proposta de acordo de 25 milh\u00f5es de d\u00f3lares (21,2 milh\u00f5es de euros) \u00e0s v\u00edtimas que acionaram judicialmente o esp\u00f3lio. A minuta foi divulgada na sexta-feira e n\u00e3o antecipa qualquer reconhecimento de culpa por parte de Darren Indyke e Richard Kahn.<\/p>\n<p>O acordo depende da aprova\u00e7\u00e3o de um juiz federal em Nova Iorque. Indyke \u00e9 o administrador conjunto do esp\u00f3lio, enquanto Kahn atuava como contabilista de Epstein. O patrim\u00f3nio foi atualizado poucos dias antes da morte do empres\u00e1rio, a 10 de agosto de 2019, em pris\u00e3o, numa mat\u00e9ria j\u00e1 classificada como suic\u00eddio.<\/p>\n<p>Segundo o documento analisado pela AFP, o montante de 25 milh\u00f5es de d\u00f3lares aplica-se se menos de 40 v\u00edtimas forem eleg\u00edveis. Caso mais de 40 pessoas cumpram os crit\u00e9rios, o valor sobe para 35 milh\u00f5es. Os benefici\u00e1rios teriam ainda de renunciar a outros processos e n\u00e3o aceitar acordos pr\u00e9vios com o esp\u00f3lio ou com o Fundo de Compensa\u00e7\u00e3o.<\/p>\n<p>Numa a\u00e7\u00e3o coletiva movida em 2024, Indyke e Kahn foram acusados de facilitar, participar e ocultar conduta ilegal de Epstein para ganhos pessoais. Os advogados de ambos asseguram que nenhum deles reconheceu irregularidade e destacam que nenhuma pessoa acusou ou relatou abuso por parte de Epstein contra elas.<\/p>\n<h3>Situa\u00e7\u00e3o do esp\u00f3lio e contexto<\/h3>\n<p>O patrim\u00f3nio de Epstein foi avaliado em cerca de 600 milh\u00f5es de d\u00f3lares ap\u00f3s a morte, valor que sofreu redu\u00e7\u00f5es com a resolu\u00e7\u00e3o de outros processos. O caso ganhou notoriedade devido \u00e0 rede de tr\u00e1fico sexual ligada a Epstein, envolvendo menores de idade em v\u00e1rias propriedades e ilhas do magnata.<\/p>\n<p>A natureza do acordo proposto foca-se na repara\u00e7\u00e3o \u00e0s v\u00edtimas, sem admitir responsabilidade legal por parte dos executores. O desfecho depende da avalia\u00e7\u00e3o judicial e da viabilidade de um acordo global entre as partes envolvidas.<\/p>\n","protected":false},"excerpt":{"rendered":"<ul>\n<li>Os dois executores do testamento de Jeffrey Epstein prop\u00f5em um acordo de 25 milh\u00f5es de d\u00f3lares (21,2 milh\u00f5es de euros) \u00e0s v\u00edtimas que apresentaram a\u00e7\u00e3o coletiva contra eles.<\/li>\n<li>O montante pode subir para 35 milh\u00f5es de d\u00f3lares (29,7 milh\u00f5es de euros) se mais de 40 pessoas forem consideradas eleg\u00edveis para o acordo, conforme a minuta.<\/li>\n<li>O acordo n\u00e3o implica qualquer admiss\u00e3o de culpa por parte de Darren Indyke e Richard Kahn e ainda precisa de aprova\u00e7\u00e3o de um juiz federal em Nova Iorque.<\/li>\n<li>Os benefici\u00e1rios devem renunciar a outros processos e n\u00e3o ter acordos pr\u00e9vios para receber valores do esp\u00f3lio ou do Fundo de Compensa\u00e7\u00e3o \u00e0s V\u00edtimas de Epstein.<\/li>\n<li>O patrim\u00f3nio de Epstein foi avaliado em cerca de 600 milh\u00f5es de d\u00f3lares, valor que diminuiu ap\u00f3s a resolu\u00e7\u00e3o de outros processos.<\/li>\n<\/ul>\n","protected":false},"author":2,"featured_media":218922,"comment_status":"closed","ping_status":"closed","sticky":false,"template":"","format":"standard","meta":{"footnotes":""},"categories":[1],"tags":[147,3990,2633,6125,5716,1705],"class_list":["post-218921","post","type-post","status-publish","format-standard","has-post-thumbnail","hentry","category-noticias","tag-crime","tag-crimes-sexuais","tag-direitos-humanos","tag-exploracao-de-menores-dependentes","tag-exploracao-de-menores-dependentes-ou-em-situacao-vulneravel","tag-trafico-de-menores"],"yoast_head":"<!-- This site is optimized with the Yoast SEO plugin v27.2 - https:\/\/yoast.com\/product\/yoast-seo-wordpress\/ -->\n<title>Executores do testamento de Epstein prop\u00f5em pagar 21 a 30 milh\u00f5es \u00e0s v\u00edtimas - Portal Tela Portugal<\/title>\n<meta name=\"robots\" content=\"index, follow, max-snippet:-1, max-image-preview:large, max-video-preview:-1\" \/>\n<meta property=\"og:locale\" content=\"pt_PT\" \/>\n<meta property=\"og:type\" content=\"article\" \/>\n<meta property=\"og:title\" content=\"Executores do testamento de Epstein prop\u00f5em pagar 21 a 30 milh\u00f5es \u00e0s v\u00edtimas - Portal Tela Portugal\" \/>\n<meta property=\"og:description\" content=\"Os dois executores do testamento de Jeffrey Epstein prop\u00f5em um acordo de 25 milh\u00f5es de d\u00f3lares (21,2 milh\u00f5es de euros) \u00e0s v\u00edtimas que apresentaram a\u00e7\u00e3o coletiva contra eles. O montante pode subir para 35 milh\u00f5es de d\u00f3lares (29,7 milh\u00f5es de euros) se mais de 40 pessoas forem consideradas eleg\u00edveis para o acordo, conforme a minuta. O acordo n\u00e3o implica qualquer admiss\u00e3o de culpa por parte de Darren Indyke e Richard Kahn e ainda precisa de aprova\u00e7\u00e3o de um juiz federal em Nova Iorque. Os benefici\u00e1rios devem renunciar a outros processos e n\u00e3o ter acordos pr\u00e9vios para receber valores do esp\u00f3lio ou do Fundo de Compensa\u00e7\u00e3o \u00e0s V\u00edtimas de Epstein. O patrim\u00f3nio de Epstein foi avaliado em cerca de 600 milh\u00f5es de d\u00f3lares, valor que diminuiu ap\u00f3s a resolu\u00e7\u00e3o de outros processos.\" \/>\n<meta property=\"og:url\" content=\"https:\/\/portaltela.pt\/noticias\/2026\/02\/20\/executores-do-testamento-de-epstein-propoem-pagar-21-a-30-milhoes-as-vitimas-2\/\" \/>\n<meta property=\"og:site_name\" content=\"Portal Tela Portugal\" \/>\n<meta property=\"article:published_time\" content=\"2026-02-20T11:03:00+00:00\" \/>\n<meta name=\"author\" content=\"Telinha\" \/>\n<meta name=\"twitter:card\" content=\"summary_large_image\" \/>\n<meta name=\"twitter:label1\" content=\"Escrito por\" \/>\n\t<meta name=\"twitter:data1\" content=\"Telinha\" \/>\n\t<meta name=\"twitter:label2\" content=\"Tempo estimado de leitura\" \/>\n\t<meta name=\"twitter:data2\" content=\"2 minutos\" \/>\n<script type=\"application\/ld+json\" class=\"yoast-schema-graph\">{\"@context\":\"https:\/\/schema.org\",\"@graph\":[{\"@type\":\"Article\",\"@id\":\"https:\/\/portaltela.pt\/noticias\/2026\/02\/20\/executores-do-testamento-de-epstein-propoem-pagar-21-a-30-milhoes-as-vitimas-2\/#article\",\"isPartOf\":{\"@id\":\"https:\/\/portaltela.pt\/noticias\/2026\/02\/20\/executores-do-testamento-de-epstein-propoem-pagar-21-a-30-milhoes-as-vitimas-2\/\"},\"author\":{\"name\":\"Telinha\",\"@id\":\"https:\/\/portaltela.pt\/#\/schema\/person\/c4278d4a6028830caff9ee44b42d32ed\"},\"headline\":\"Executores do testamento de Epstein prop\u00f5em pagar 21 a 30 milh\u00f5es \u00e0s v\u00edtimas\",\"datePublished\":\"2026-02-20T11:03:00+00:00\",\"mainEntityOfPage\":{\"@id\":\"https:\/\/portaltela.pt\/noticias\/2026\/02\/20\/executores-do-testamento-de-epstein-propoem-pagar-21-a-30-milhoes-as-vitimas-2\/\"},\"wordCount\":336,\"image\":{\"@id\":\"https:\/\/portaltela.pt\/noticias\/2026\/02\/20\/executores-do-testamento-de-epstein-propoem-pagar-21-a-30-milhoes-as-vitimas-2\/#primaryimage\"},\"thumbnailUrl\":\"https:\/\/portaltela.pt\/s.01k8rhncp4jt1\/2026\/02\/image-71.webp\",\"keywords\":[\"crime\",\"crimes sexuais\",\"direitos humanos\",\"explora\u00e7\u00e3o de menores dependentes\",\"explora\u00e7\u00e3o de menores dependentes ou em situa\u00e7\u00e3o vulner\u00e1vel\",\"tr\u00e1fico de menores\"],\"articleSection\":[\"Not\u00edcias\"],\"inLanguage\":\"pt-PT\"},{\"@type\":\"WebPage\",\"@id\":\"https:\/\/portaltela.pt\/noticias\/2026\/02\/20\/executores-do-testamento-de-epstein-propoem-pagar-21-a-30-milhoes-as-vitimas-2\/\",\"url\":\"https:\/\/portaltela.pt\/noticias\/2026\/02\/20\/executores-do-testamento-de-epstein-propoem-pagar-21-a-30-milhoes-as-vitimas-2\/\",\"name\":\"Executores do testamento de Epstein prop\u00f5em pagar 21 a 30 milh\u00f5es \u00e0s v\u00edtimas - Portal Tela Portugal\",\"isPartOf\":{\"@id\":\"https:\/\/portaltela.pt\/#website\"},\"primaryImageOfPage\":{\"@id\":\"https:\/\/portaltela.pt\/noticias\/2026\/02\/20\/executores-do-testamento-de-epstein-propoem-pagar-21-a-30-milhoes-as-vitimas-2\/#primaryimage\"},\"image\":{\"@id\":\"https:\/\/portaltela.pt\/noticias\/2026\/02\/20\/executores-do-testamento-de-epstein-propoem-pagar-21-a-30-milhoes-as-vitimas-2\/#primaryimage\"},\"thumbnailUrl\":\"https:\/\/portaltela.pt\/s.01k8rhncp4jt1\/2026\/02\/image-71.webp\",\"datePublished\":\"2026-02-20T11:03:00+00:00\",\"author\":{\"@id\":\"https:\/\/portaltela.pt\/#\/schema\/person\/c4278d4a6028830caff9ee44b42d32ed\"},\"breadcrumb\":{\"@id\":\"https:\/\/portaltela.pt\/noticias\/2026\/02\/20\/executores-do-testamento-de-epstein-propoem-pagar-21-a-30-milhoes-as-vitimas-2\/#breadcrumb\"},\"inLanguage\":\"pt-PT\",\"potentialAction\":[{\"@type\":\"ReadAction\",\"target\":[\"https:\/\/portaltela.pt\/noticias\/2026\/02\/20\/executores-do-testamento-de-epstein-propoem-pagar-21-a-30-milhoes-as-vitimas-2\/\"]}]},{\"@type\":\"ImageObject\",\"inLanguage\":\"pt-PT\",\"@id\":\"https:\/\/portaltela.pt\/noticias\/2026\/02\/20\/executores-do-testamento-de-epstein-propoem-pagar-21-a-30-milhoes-as-vitimas-2\/#primaryimage\",\"url\":\"https:\/\/portaltela.pt\/s.01k8rhncp4jt1\/2026\/02\/image-71.webp\",\"contentUrl\":\"https:\/\/portaltela.pt\/s.01k8rhncp4jt1\/2026\/02\/image-71.webp\",\"width\":1200,\"height\":901,\"caption\":\"Jeffrey Epstein morreu na pris\u00e3o em 2019\"},{\"@type\":\"BreadcrumbList\",\"@id\":\"https:\/\/portaltela.pt\/noticias\/2026\/02\/20\/executores-do-testamento-de-epstein-propoem-pagar-21-a-30-milhoes-as-vitimas-2\/#breadcrumb\",\"itemListElement\":[{\"@type\":\"ListItem\",\"position\":1,\"name\":\"In\u00edcio\",\"item\":\"https:\/\/portaltela.pt\/\"},{\"@type\":\"ListItem\",\"position\":2,\"name\":\"Executores do testamento de Epstein prop\u00f5em pagar 21 a 30 milh\u00f5es \u00e0s v\u00edtimas\"}]},{\"@type\":\"WebSite\",\"@id\":\"https:\/\/portaltela.pt\/#website\",\"url\":\"https:\/\/portaltela.pt\/\",\"name\":\"Portal Tela Portugal\",\"description\":\"\",\"potentialAction\":[{\"@type\":\"SearchAction\",\"target\":{\"@type\":\"EntryPoint\",\"urlTemplate\":\"https:\/\/portaltela.pt\/?s={search_term_string}\"},\"query-input\":{\"@type\":\"PropertyValueSpecification\",\"valueRequired\":true,\"valueName\":\"search_term_string\"}}],\"inLanguage\":\"pt-PT\"},{\"@type\":\"Person\",\"@id\":\"https:\/\/portaltela.pt\/#\/schema\/person\/c4278d4a6028830caff9ee44b42d32ed\",\"name\":\"Telinha\",\"image\":{\"@type\":\"ImageObject\",\"inLanguage\":\"pt-PT\",\"@id\":\"https:\/\/portaltela.pt\/s.01k8rhncp4jt1\/2025\/11\/talking-bot-125x125.png\",\"url\":\"https:\/\/portaltela.pt\/s.01k8rhncp4jt1\/2025\/11\/talking-bot-125x125.png\",\"contentUrl\":\"https:\/\/portaltela.pt\/s.01k8rhncp4jt1\/2025\/11\/talking-bot-125x125.png\",\"caption\":\"Telinha\"},\"sameAs\":[\"https:\/\/portaltela.pt\/\"],\"url\":\"https:\/\/portaltela.pt\/por\/367410592786\/\"}]}<\/script>\n<!-- \/ Yoast SEO plugin. -->","yoast_head_json":{"title":"Executores do testamento de Epstein prop\u00f5em pagar 21 a 30 milh\u00f5es \u00e0s v\u00edtimas - Portal Tela Portugal","robots":{"index":"index","follow":"follow","max-snippet":"max-snippet:-1","max-image-preview":"max-image-preview:large","max-video-preview":"max-video-preview:-1"},"og_locale":"pt_PT","og_type":"article","og_title":"Executores do testamento de Epstein prop\u00f5em pagar 21 a 30 milh\u00f5es \u00e0s v\u00edtimas - Portal Tela Portugal","og_description":"Os dois executores do testamento de Jeffrey Epstein prop\u00f5em um acordo de 25 milh\u00f5es de d\u00f3lares (21,2 milh\u00f5es de euros) \u00e0s v\u00edtimas que apresentaram a\u00e7\u00e3o coletiva contra eles. O montante pode subir para 35 milh\u00f5es de d\u00f3lares (29,7 milh\u00f5es de euros) se mais de 40 pessoas forem consideradas eleg\u00edveis para o acordo, conforme a minuta. O acordo n\u00e3o implica qualquer admiss\u00e3o de culpa por parte de Darren Indyke e Richard Kahn e ainda precisa de aprova\u00e7\u00e3o de um juiz federal em Nova Iorque. Os benefici\u00e1rios devem renunciar a outros processos e n\u00e3o ter acordos pr\u00e9vios para receber valores do esp\u00f3lio ou do Fundo de Compensa\u00e7\u00e3o \u00e0s V\u00edtimas de Epstein. O patrim\u00f3nio de Epstein foi avaliado em cerca de 600 milh\u00f5es de d\u00f3lares, valor que diminuiu ap\u00f3s a resolu\u00e7\u00e3o de outros processos.","og_url":"https:\/\/portaltela.pt\/noticias\/2026\/02\/20\/executores-do-testamento-de-epstein-propoem-pagar-21-a-30-milhoes-as-vitimas-2\/","og_site_name":"Portal Tela Portugal","article_published_time":"2026-02-20T11:03:00+00:00","author":"Telinha","twitter_card":"summary_large_image","twitter_misc":{"Escrito por":"Telinha","Tempo estimado de leitura":"2 minutos"},"schema":{"@context":"https:\/\/schema.org","@graph":[{"@type":"Article","@id":"https:\/\/portaltela.pt\/noticias\/2026\/02\/20\/executores-do-testamento-de-epstein-propoem-pagar-21-a-30-milhoes-as-vitimas-2\/#article","isPartOf":{"@id":"https:\/\/portaltela.pt\/noticias\/2026\/02\/20\/executores-do-testamento-de-epstein-propoem-pagar-21-a-30-milhoes-as-vitimas-2\/"},"author":{"name":"Telinha","@id":"https:\/\/portaltela.pt\/#\/schema\/person\/c4278d4a6028830caff9ee44b42d32ed"},"headline":"Executores do testamento de Epstein prop\u00f5em pagar 21 a 30 milh\u00f5es \u00e0s v\u00edtimas","datePublished":"2026-02-20T11:03:00+00:00","mainEntityOfPage":{"@id":"https:\/\/portaltela.pt\/noticias\/2026\/02\/20\/executores-do-testamento-de-epstein-propoem-pagar-21-a-30-milhoes-as-vitimas-2\/"},"wordCount":336,"image":{"@id":"https:\/\/portaltela.pt\/noticias\/2026\/02\/20\/executores-do-testamento-de-epstein-propoem-pagar-21-a-30-milhoes-as-vitimas-2\/#primaryimage"},"thumbnailUrl":"https:\/\/portaltela.pt\/s.01k8rhncp4jt1\/2026\/02\/image-71.webp","keywords":["crime","crimes sexuais","direitos humanos","explora\u00e7\u00e3o de menores dependentes","explora\u00e7\u00e3o de menores dependentes ou em situa\u00e7\u00e3o vulner\u00e1vel","tr\u00e1fico de menores"],"articleSection":["Not\u00edcias"],"inLanguage":"pt-PT"},{"@type":"WebPage","@id":"https:\/\/portaltela.pt\/noticias\/2026\/02\/20\/executores-do-testamento-de-epstein-propoem-pagar-21-a-30-milhoes-as-vitimas-2\/","url":"https:\/\/portaltela.pt\/noticias\/2026\/02\/20\/executores-do-testamento-de-epstein-propoem-pagar-21-a-30-milhoes-as-vitimas-2\/","name":"Executores do testamento de Epstein prop\u00f5em pagar 21 a 30 milh\u00f5es \u00e0s v\u00edtimas - Portal Tela Portugal","isPartOf":{"@id":"https:\/\/portaltela.pt\/#website"},"primaryImageOfPage":{"@id":"https:\/\/portaltela.pt\/noticias\/2026\/02\/20\/executores-do-testamento-de-epstein-propoem-pagar-21-a-30-milhoes-as-vitimas-2\/#primaryimage"},"image":{"@id":"https:\/\/portaltela.pt\/noticias\/2026\/02\/20\/executores-do-testamento-de-epstein-propoem-pagar-21-a-30-milhoes-as-vitimas-2\/#primaryimage"},"thumbnailUrl":"https:\/\/portaltela.pt\/s.01k8rhncp4jt1\/2026\/02\/image-71.webp","datePublished":"2026-02-20T11:03:00+00:00","author":{"@id":"https:\/\/portaltela.pt\/#\/schema\/person\/c4278d4a6028830caff9ee44b42d32ed"},"breadcrumb":{"@id":"https:\/\/portaltela.pt\/noticias\/2026\/02\/20\/executores-do-testamento-de-epstein-propoem-pagar-21-a-30-milhoes-as-vitimas-2\/#breadcrumb"},"inLanguage":"pt-PT","potentialAction":[{"@type":"ReadAction","target":["https:\/\/portaltela.pt\/noticias\/2026\/02\/20\/executores-do-testamento-de-epstein-propoem-pagar-21-a-30-milhoes-as-vitimas-2\/"]}]},{"@type":"ImageObject","inLanguage":"pt-PT","@id":"https:\/\/portaltela.pt\/noticias\/2026\/02\/20\/executores-do-testamento-de-epstein-propoem-pagar-21-a-30-milhoes-as-vitimas-2\/#primaryimage","url":"https:\/\/portaltela.pt\/s.01k8rhncp4jt1\/2026\/02\/image-71.webp","contentUrl":"https:\/\/portaltela.pt\/s.01k8rhncp4jt1\/2026\/02\/image-71.webp","width":1200,"height":901,"caption":"Jeffrey Epstein morreu na pris\u00e3o em 2019"},{"@type":"BreadcrumbList","@id":"https:\/\/portaltela.pt\/noticias\/2026\/02\/20\/executores-do-testamento-de-epstein-propoem-pagar-21-a-30-milhoes-as-vitimas-2\/#breadcrumb","itemListElement":[{"@type":"ListItem","position":1,"name":"In\u00edcio","item":"https:\/\/portaltela.pt\/"},{"@type":"ListItem","position":2,"name":"Executores do testamento de Epstein prop\u00f5em pagar 21 a 30 milh\u00f5es \u00e0s v\u00edtimas"}]},{"@type":"WebSite","@id":"https:\/\/portaltela.pt\/#website","url":"https:\/\/portaltela.pt\/","name":"Portal Tela Portugal","description":"","potentialAction":[{"@type":"SearchAction","target":{"@type":"EntryPoint","urlTemplate":"https:\/\/portaltela.pt\/?s={search_term_string}"},"query-input":{"@type":"PropertyValueSpecification","valueRequired":true,"valueName":"search_term_string"}}],"inLanguage":"pt-PT"},{"@type":"Person","@id":"https:\/\/portaltela.pt\/#\/schema\/person\/c4278d4a6028830caff9ee44b42d32ed","name":"Telinha","image":{"@type":"ImageObject","inLanguage":"pt-PT","@id":"https:\/\/portaltela.pt\/s.01k8rhncp4jt1\/2025\/11\/talking-bot-125x125.png","url":"https:\/\/portaltela.pt\/s.01k8rhncp4jt1\/2025\/11\/talking-bot-125x125.png","contentUrl":"https:\/\/portaltela.pt\/s.01k8rhncp4jt1\/2025\/11\/talking-bot-125x125.png","caption":"Telinha"},"sameAs":["https:\/\/portaltela.pt\/"],"url":"https:\/\/portaltela.pt\/por\/367410592786\/"}]}},"_links":{"self":[{"href":"https:\/\/portaltela.pt\/api\/wp\/v2\/posts\/218921","targetHints":{"allow":["GET"]}}],"collection":[{"href":"https:\/\/portaltela.pt\/api\/wp\/v2\/posts"}],"about":[{"href":"https:\/\/portaltela.pt\/api\/wp\/v2\/types\/post"}],"author":[{"embeddable":true,"href":"https:\/\/portaltela.pt\/api\/wp\/v2\/users\/2"}],"replies":[{"embeddable":true,"href":"https:\/\/portaltela.pt\/api\/wp\/v2\/comments?post=218921"}],"version-history":[{"count":0,"href":"https:\/\/portaltela.pt\/api\/wp\/v2\/posts\/218921\/revisions"}],"wp:featuredmedia":[{"embeddable":true,"href":"https:\/\/portaltela.pt\/api\/wp\/v2\/media\/218922"}],"wp:attachment":[{"href":"https:\/\/portaltela.pt\/api\/wp\/v2\/media?parent=218921"}],"wp:term":[{"taxonomy":"category","embeddable":true,"href":"https:\/\/portaltela.pt\/api\/wp\/v2\/categories?post=218921"},{"taxonomy":"post_tag","embeddable":true,"href":"https:\/\/portaltela.pt\/api\/wp\/v2\/tags?post=218921"}],"curies":[{"name":"wp","href":"https:\/\/api.w.org\/{rel}","templated":true}]}}