{"id":218911,"date":"2026-02-20T07:55:00","date_gmt":"2026-02-20T10:55:00","guid":{"rendered":"https:\/\/portaltela.pt\/noticias\/2026\/02\/20\/hollywood-homenageia-o-eterno-mcsteamy-apos-falecimento-aos-53-anos\/"},"modified":"2026-02-20T07:55:00","modified_gmt":"2026-02-20T10:55:00","slug":"hollywood-homenageia-o-eterno-mcsteamy-apos-falecimento-aos-53-anos","status":"publish","type":"post","link":"https:\/\/portaltela.pt\/noticias\/2026\/02\/20\/hollywood-homenageia-o-eterno-mcsteamy-apos-falecimento-aos-53-anos\/","title":{"rendered":"Hollywood homenageia o eterno McSteamy ap\u00f3s falecimento aos 53 anos"},"content":{"rendered":"<p>Eric Dane, conhecido pelo papel de McSteamy em Anatomia de Grey, faleceu aos 53 anos. A morte ocorreu na quinta-feira, 19 de fevereiro, em Hollywood, EUA. O ator lutava contra a esclerose lateral amiotr\u00f3fica (ELA), doen\u00e7a que tornou p\u00fablica h\u00e1 cerca de dez meses. A not\u00edcia \u00e9 confirmada pela ag\u00eancia de imprensa e pela fam\u00edlia.<\/p>\n<p>Dane ficou marcado pela combina\u00e7\u00e3o de humor, generosidade e dedica\u00e7\u00e3o \u00e0 fam\u00edlia. Al\u00e9m de McSteamy, atuou em As Feiticeiras e Euphoria, e participou em Marley &amp; Me e Bad Boys: Tudo ou Nada. O p\u00fablico acompanhou o seu percurso desde o diagn\u00f3stico, descrito pelo pr\u00f3prio como devastador, mas com vontade de partilhar a experi\u00eancia.<\/p>\n<p>A revela\u00e7\u00e3o p\u00fablica da doen\u00e7a, em abril de 2025, veio com a cren\u00e7a de que partilhar a jornada ajudaria a aumentar a consciencializa\u00e7\u00e3o e impulsionar a investiga\u00e7\u00e3o. Em dezembro, Dane participou num painel virtual promovido por I AM ALS e Synapticure, destacando a import\u00e2ncia de enfrentar obst\u00e1culos burocr\u00e1ticos na luta contra a ELA.<\/p>\n<h3>Rea\u00e7\u00f5es e legado<\/h3>\n<p>V\u00e1rios amigos e colegas reagiram \u00e0 not\u00edcia nas redes sociais. Ashton Kutcher lembrou a liga\u00e7\u00e3o de equipa em uma liga de fantasia, elogiando a mem\u00f3ria de Dane e pedindo continuidade na luta contra a ELA. Alyssa Milano elogiou o humor afiado do ator e a forma como ele falava das filhas e da esposa, Rebecca.<\/p>\n<p>Sam Levinson, criador de Euphoria, descreveu a amizade com Dane como um presente e disse que trabalhar com ele foi uma honra. O elenco de Anatomia de Grey e de outros projetos tamb\u00e9m homenageou a generosidade e a coragem demonstradas pelo ator no \u00faltimos meses.<\/p>\n<p>A HBO Max prestou tributo nas redes sociais, destacando o talento de Dane e a sua participa\u00e7\u00e3o em tr\u00eas temporadas de Euphoria. Os f\u00e3s e a comunidade de entretenimento continuam a prestar homenagem ao contribuinte para a televis\u00e3o e cinema contempor\u00e2neos.<\/p>\n","protected":false},"excerpt":{"rendered":"<ul>\n<li>O ator Eric Dane, conhecido como McSteamy de Anatomia de Grey, morreu aos 53 anos numa quinta-feira, 19 de fevereiro.<\/li>\n<li>Tinha tornado p\u00fablico o diagn\u00f3stico de esclerose lateral amiotr\u00f3fica (ELA) em abril de 2025, descrevendo a doen\u00e7a como \u201chorr\u00edvel\u201d e dizendo ser imperativo partilhar a sua jornada; era pai de duas filhas e marido de Rebecca.<\/li>\n<li>Rea\u00e7\u00f5es de amigos e colegas inclu\u00edram Ashton Kutcher, Alyssa Milano e Sam Levinson, que real\u00e7aram a amizade, o humor e o talento de Dane.<\/li>\n<li>A HBO Max atribuiu uma homenagem ao ator nas redes sociais, destacando que trabalhou em tr\u00eas temporadas de Euphoria.<\/li>\n<li>A not\u00edcia surge cerca de dez meses ap\u00f3s o an\u00fancio da ELA; na \u00faltima apari\u00e7\u00e3o p\u00fablica, em dezembro, ele falou da import\u00e2ncia de partilhar a realidade da doen\u00e7a e de apoiar a investiga\u00e7\u00e3o.<\/li>\n<\/ul>\n","protected":false},"author":2,"featured_media":218916,"comment_status":"closed","ping_status":"closed","sticky":false,"template":"","format":"standard","meta":{"footnotes":""},"categories":[1],"tags":[3259,112,2879,78,2913,41],"class_list":["post-218911","post","type-post","status-publish","format-standard","has-post-thumbnail","hentry","category-noticias","tag-celebidades","tag-cinema","tag-euphoria","tag-famosos","tag-hbo-max","tag-noticia"],"yoast_head":"<!-- This site is optimized with the Yoast SEO plugin v27.2 - https:\/\/yoast.com\/product\/yoast-seo-wordpress\/ -->\n<title>Hollywood homenageia o eterno McSteamy ap\u00f3s falecimento aos 53 anos - Portal Tela Portugal<\/title>\n<meta name=\"robots\" content=\"index, follow, max-snippet:-1, max-image-preview:large, max-video-preview:-1\" \/>\n<meta property=\"og:locale\" content=\"pt_PT\" \/>\n<meta property=\"og:type\" content=\"article\" \/>\n<meta property=\"og:title\" content=\"Hollywood homenageia o eterno McSteamy ap\u00f3s falecimento aos 53 anos - Portal Tela Portugal\" \/>\n<meta property=\"og:description\" content=\"O ator Eric Dane, conhecido como McSteamy de Anatomia de Grey, morreu aos 53 anos numa quinta-feira, 19 de fevereiro. Tinha tornado p\u00fablico o diagn\u00f3stico de esclerose lateral amiotr\u00f3fica (ELA) em abril de 2025, descrevendo a doen\u00e7a como \u201chorr\u00edvel\u201d e dizendo ser imperativo partilhar a sua jornada; era pai de duas filhas e marido de Rebecca. Rea\u00e7\u00f5es de amigos e colegas inclu\u00edram Ashton Kutcher, Alyssa Milano e Sam Levinson, que real\u00e7aram a amizade, o humor e o talento de Dane. A HBO Max atribuiu uma homenagem ao ator nas redes sociais, destacando que trabalhou em tr\u00eas temporadas de Euphoria. A not\u00edcia surge cerca de dez meses ap\u00f3s o an\u00fancio da ELA; na \u00faltima apari\u00e7\u00e3o p\u00fablica, em dezembro, ele falou da import\u00e2ncia de partilhar a realidade da doen\u00e7a e de apoiar a investiga\u00e7\u00e3o.\" \/>\n<meta property=\"og:url\" content=\"https:\/\/portaltela.pt\/noticias\/2026\/02\/20\/hollywood-homenageia-o-eterno-mcsteamy-apos-falecimento-aos-53-anos\/\" \/>\n<meta property=\"og:site_name\" content=\"Portal Tela Portugal\" \/>\n<meta property=\"article:published_time\" content=\"2026-02-20T10:55:00+00:00\" \/>\n<meta name=\"author\" content=\"Telinha\" \/>\n<meta name=\"twitter:card\" content=\"summary_large_image\" \/>\n<meta name=\"twitter:label1\" content=\"Escrito por\" \/>\n\t<meta name=\"twitter:data1\" content=\"Telinha\" \/>\n\t<meta name=\"twitter:label2\" content=\"Tempo estimado de leitura\" \/>\n\t<meta name=\"twitter:data2\" content=\"2 minutos\" \/>\n<script type=\"application\/ld+json\" class=\"yoast-schema-graph\">{\"@context\":\"https:\/\/schema.org\",\"@graph\":[{\"@type\":\"Article\",\"@id\":\"https:\/\/portaltela.pt\/noticias\/2026\/02\/20\/hollywood-homenageia-o-eterno-mcsteamy-apos-falecimento-aos-53-anos\/#article\",\"isPartOf\":{\"@id\":\"https:\/\/portaltela.pt\/noticias\/2026\/02\/20\/hollywood-homenageia-o-eterno-mcsteamy-apos-falecimento-aos-53-anos\/\"},\"author\":{\"name\":\"Telinha\",\"@id\":\"https:\/\/portaltela.pt\/#\/schema\/person\/c4278d4a6028830caff9ee44b42d32ed\"},\"headline\":\"Hollywood homenageia o eterno McSteamy ap\u00f3s falecimento aos 53 anos\",\"datePublished\":\"2026-02-20T10:55:00+00:00\",\"mainEntityOfPage\":{\"@id\":\"https:\/\/portaltela.pt\/noticias\/2026\/02\/20\/hollywood-homenageia-o-eterno-mcsteamy-apos-falecimento-aos-53-anos\/\"},\"wordCount\":344,\"image\":{\"@id\":\"https:\/\/portaltela.pt\/noticias\/2026\/02\/20\/hollywood-homenageia-o-eterno-mcsteamy-apos-falecimento-aos-53-anos\/#primaryimage\"},\"thumbnailUrl\":\"https:\/\/portaltela.pt\/s.01k8rhncp4jt1\/2026\/02\/image-70.webp\",\"keywords\":[\"celebidades\",\"cinema\",\"Euphoria\",\"famosos\",\"HBO Max\",\"not\u00edcia\"],\"articleSection\":[\"Not\u00edcias\"],\"inLanguage\":\"pt-PT\"},{\"@type\":\"WebPage\",\"@id\":\"https:\/\/portaltela.pt\/noticias\/2026\/02\/20\/hollywood-homenageia-o-eterno-mcsteamy-apos-falecimento-aos-53-anos\/\",\"url\":\"https:\/\/portaltela.pt\/noticias\/2026\/02\/20\/hollywood-homenageia-o-eterno-mcsteamy-apos-falecimento-aos-53-anos\/\",\"name\":\"Hollywood homenageia o eterno McSteamy ap\u00f3s falecimento aos 53 anos - Portal Tela Portugal\",\"isPartOf\":{\"@id\":\"https:\/\/portaltela.pt\/#website\"},\"primaryImageOfPage\":{\"@id\":\"https:\/\/portaltela.pt\/noticias\/2026\/02\/20\/hollywood-homenageia-o-eterno-mcsteamy-apos-falecimento-aos-53-anos\/#primaryimage\"},\"image\":{\"@id\":\"https:\/\/portaltela.pt\/noticias\/2026\/02\/20\/hollywood-homenageia-o-eterno-mcsteamy-apos-falecimento-aos-53-anos\/#primaryimage\"},\"thumbnailUrl\":\"https:\/\/portaltela.pt\/s.01k8rhncp4jt1\/2026\/02\/image-70.webp\",\"datePublished\":\"2026-02-20T10:55:00+00:00\",\"author\":{\"@id\":\"https:\/\/portaltela.pt\/#\/schema\/person\/c4278d4a6028830caff9ee44b42d32ed\"},\"breadcrumb\":{\"@id\":\"https:\/\/portaltela.pt\/noticias\/2026\/02\/20\/hollywood-homenageia-o-eterno-mcsteamy-apos-falecimento-aos-53-anos\/#breadcrumb\"},\"inLanguage\":\"pt-PT\",\"potentialAction\":[{\"@type\":\"ReadAction\",\"target\":[\"https:\/\/portaltela.pt\/noticias\/2026\/02\/20\/hollywood-homenageia-o-eterno-mcsteamy-apos-falecimento-aos-53-anos\/\"]}]},{\"@type\":\"ImageObject\",\"inLanguage\":\"pt-PT\",\"@id\":\"https:\/\/portaltela.pt\/noticias\/2026\/02\/20\/hollywood-homenageia-o-eterno-mcsteamy-apos-falecimento-aos-53-anos\/#primaryimage\",\"url\":\"https:\/\/portaltela.pt\/s.01k8rhncp4jt1\/2026\/02\/image-70.webp\",\"contentUrl\":\"https:\/\/portaltela.pt\/s.01k8rhncp4jt1\/2026\/02\/image-70.webp\",\"width\":1200,\"height\":745,\"caption\":\"Eric Dane morreu esta quinta-feira, aos 53 anos\"},{\"@type\":\"BreadcrumbList\",\"@id\":\"https:\/\/portaltela.pt\/noticias\/2026\/02\/20\/hollywood-homenageia-o-eterno-mcsteamy-apos-falecimento-aos-53-anos\/#breadcrumb\",\"itemListElement\":[{\"@type\":\"ListItem\",\"position\":1,\"name\":\"In\u00edcio\",\"item\":\"https:\/\/portaltela.pt\/\"},{\"@type\":\"ListItem\",\"position\":2,\"name\":\"Hollywood homenageia o eterno McSteamy ap\u00f3s falecimento aos 53 anos\"}]},{\"@type\":\"WebSite\",\"@id\":\"https:\/\/portaltela.pt\/#website\",\"url\":\"https:\/\/portaltela.pt\/\",\"name\":\"Portal Tela Portugal\",\"description\":\"\",\"potentialAction\":[{\"@type\":\"SearchAction\",\"target\":{\"@type\":\"EntryPoint\",\"urlTemplate\":\"https:\/\/portaltela.pt\/?s={search_term_string}\"},\"query-input\":{\"@type\":\"PropertyValueSpecification\",\"valueRequired\":true,\"valueName\":\"search_term_string\"}}],\"inLanguage\":\"pt-PT\"},{\"@type\":\"Person\",\"@id\":\"https:\/\/portaltela.pt\/#\/schema\/person\/c4278d4a6028830caff9ee44b42d32ed\",\"name\":\"Telinha\",\"image\":{\"@type\":\"ImageObject\",\"inLanguage\":\"pt-PT\",\"@id\":\"https:\/\/portaltela.pt\/s.01k8rhncp4jt1\/2025\/11\/talking-bot-125x125.png\",\"url\":\"https:\/\/portaltela.pt\/s.01k8rhncp4jt1\/2025\/11\/talking-bot-125x125.png\",\"contentUrl\":\"https:\/\/portaltela.pt\/s.01k8rhncp4jt1\/2025\/11\/talking-bot-125x125.png\",\"caption\":\"Telinha\"},\"sameAs\":[\"https:\/\/portaltela.pt\/\"],\"url\":\"https:\/\/portaltela.pt\/por\/367410592786\/\"}]}<\/script>\n<!-- \/ Yoast SEO plugin. -->","yoast_head_json":{"title":"Hollywood homenageia o eterno McSteamy ap\u00f3s falecimento aos 53 anos - Portal Tela Portugal","robots":{"index":"index","follow":"follow","max-snippet":"max-snippet:-1","max-image-preview":"max-image-preview:large","max-video-preview":"max-video-preview:-1"},"og_locale":"pt_PT","og_type":"article","og_title":"Hollywood homenageia o eterno McSteamy ap\u00f3s falecimento aos 53 anos - Portal Tela Portugal","og_description":"O ator Eric Dane, conhecido como McSteamy de Anatomia de Grey, morreu aos 53 anos numa quinta-feira, 19 de fevereiro. Tinha tornado p\u00fablico o diagn\u00f3stico de esclerose lateral amiotr\u00f3fica (ELA) em abril de 2025, descrevendo a doen\u00e7a como \u201chorr\u00edvel\u201d e dizendo ser imperativo partilhar a sua jornada; era pai de duas filhas e marido de Rebecca. Rea\u00e7\u00f5es de amigos e colegas inclu\u00edram Ashton Kutcher, Alyssa Milano e Sam Levinson, que real\u00e7aram a amizade, o humor e o talento de Dane. A HBO Max atribuiu uma homenagem ao ator nas redes sociais, destacando que trabalhou em tr\u00eas temporadas de Euphoria. A not\u00edcia surge cerca de dez meses ap\u00f3s o an\u00fancio da ELA; na \u00faltima apari\u00e7\u00e3o p\u00fablica, em dezembro, ele falou da import\u00e2ncia de partilhar a realidade da doen\u00e7a e de apoiar a investiga\u00e7\u00e3o.","og_url":"https:\/\/portaltela.pt\/noticias\/2026\/02\/20\/hollywood-homenageia-o-eterno-mcsteamy-apos-falecimento-aos-53-anos\/","og_site_name":"Portal Tela Portugal","article_published_time":"2026-02-20T10:55:00+00:00","author":"Telinha","twitter_card":"summary_large_image","twitter_misc":{"Escrito por":"Telinha","Tempo estimado de leitura":"2 minutos"},"schema":{"@context":"https:\/\/schema.org","@graph":[{"@type":"Article","@id":"https:\/\/portaltela.pt\/noticias\/2026\/02\/20\/hollywood-homenageia-o-eterno-mcsteamy-apos-falecimento-aos-53-anos\/#article","isPartOf":{"@id":"https:\/\/portaltela.pt\/noticias\/2026\/02\/20\/hollywood-homenageia-o-eterno-mcsteamy-apos-falecimento-aos-53-anos\/"},"author":{"name":"Telinha","@id":"https:\/\/portaltela.pt\/#\/schema\/person\/c4278d4a6028830caff9ee44b42d32ed"},"headline":"Hollywood homenageia o eterno McSteamy ap\u00f3s falecimento aos 53 anos","datePublished":"2026-02-20T10:55:00+00:00","mainEntityOfPage":{"@id":"https:\/\/portaltela.pt\/noticias\/2026\/02\/20\/hollywood-homenageia-o-eterno-mcsteamy-apos-falecimento-aos-53-anos\/"},"wordCount":344,"image":{"@id":"https:\/\/portaltela.pt\/noticias\/2026\/02\/20\/hollywood-homenageia-o-eterno-mcsteamy-apos-falecimento-aos-53-anos\/#primaryimage"},"thumbnailUrl":"https:\/\/portaltela.pt\/s.01k8rhncp4jt1\/2026\/02\/image-70.webp","keywords":["celebidades","cinema","Euphoria","famosos","HBO Max","not\u00edcia"],"articleSection":["Not\u00edcias"],"inLanguage":"pt-PT"},{"@type":"WebPage","@id":"https:\/\/portaltela.pt\/noticias\/2026\/02\/20\/hollywood-homenageia-o-eterno-mcsteamy-apos-falecimento-aos-53-anos\/","url":"https:\/\/portaltela.pt\/noticias\/2026\/02\/20\/hollywood-homenageia-o-eterno-mcsteamy-apos-falecimento-aos-53-anos\/","name":"Hollywood homenageia o eterno McSteamy ap\u00f3s falecimento aos 53 anos - Portal Tela Portugal","isPartOf":{"@id":"https:\/\/portaltela.pt\/#website"},"primaryImageOfPage":{"@id":"https:\/\/portaltela.pt\/noticias\/2026\/02\/20\/hollywood-homenageia-o-eterno-mcsteamy-apos-falecimento-aos-53-anos\/#primaryimage"},"image":{"@id":"https:\/\/portaltela.pt\/noticias\/2026\/02\/20\/hollywood-homenageia-o-eterno-mcsteamy-apos-falecimento-aos-53-anos\/#primaryimage"},"thumbnailUrl":"https:\/\/portaltela.pt\/s.01k8rhncp4jt1\/2026\/02\/image-70.webp","datePublished":"2026-02-20T10:55:00+00:00","author":{"@id":"https:\/\/portaltela.pt\/#\/schema\/person\/c4278d4a6028830caff9ee44b42d32ed"},"breadcrumb":{"@id":"https:\/\/portaltela.pt\/noticias\/2026\/02\/20\/hollywood-homenageia-o-eterno-mcsteamy-apos-falecimento-aos-53-anos\/#breadcrumb"},"inLanguage":"pt-PT","potentialAction":[{"@type":"ReadAction","target":["https:\/\/portaltela.pt\/noticias\/2026\/02\/20\/hollywood-homenageia-o-eterno-mcsteamy-apos-falecimento-aos-53-anos\/"]}]},{"@type":"ImageObject","inLanguage":"pt-PT","@id":"https:\/\/portaltela.pt\/noticias\/2026\/02\/20\/hollywood-homenageia-o-eterno-mcsteamy-apos-falecimento-aos-53-anos\/#primaryimage","url":"https:\/\/portaltela.pt\/s.01k8rhncp4jt1\/2026\/02\/image-70.webp","contentUrl":"https:\/\/portaltela.pt\/s.01k8rhncp4jt1\/2026\/02\/image-70.webp","width":1200,"height":745,"caption":"Eric Dane morreu esta quinta-feira, aos 53 anos"},{"@type":"BreadcrumbList","@id":"https:\/\/portaltela.pt\/noticias\/2026\/02\/20\/hollywood-homenageia-o-eterno-mcsteamy-apos-falecimento-aos-53-anos\/#breadcrumb","itemListElement":[{"@type":"ListItem","position":1,"name":"In\u00edcio","item":"https:\/\/portaltela.pt\/"},{"@type":"ListItem","position":2,"name":"Hollywood homenageia o eterno McSteamy ap\u00f3s falecimento aos 53 anos"}]},{"@type":"WebSite","@id":"https:\/\/portaltela.pt\/#website","url":"https:\/\/portaltela.pt\/","name":"Portal Tela Portugal","description":"","potentialAction":[{"@type":"SearchAction","target":{"@type":"EntryPoint","urlTemplate":"https:\/\/portaltela.pt\/?s={search_term_string}"},"query-input":{"@type":"PropertyValueSpecification","valueRequired":true,"valueName":"search_term_string"}}],"inLanguage":"pt-PT"},{"@type":"Person","@id":"https:\/\/portaltela.pt\/#\/schema\/person\/c4278d4a6028830caff9ee44b42d32ed","name":"Telinha","image":{"@type":"ImageObject","inLanguage":"pt-PT","@id":"https:\/\/portaltela.pt\/s.01k8rhncp4jt1\/2025\/11\/talking-bot-125x125.png","url":"https:\/\/portaltela.pt\/s.01k8rhncp4jt1\/2025\/11\/talking-bot-125x125.png","contentUrl":"https:\/\/portaltela.pt\/s.01k8rhncp4jt1\/2025\/11\/talking-bot-125x125.png","caption":"Telinha"},"sameAs":["https:\/\/portaltela.pt\/"],"url":"https:\/\/portaltela.pt\/por\/367410592786\/"}]}},"_links":{"self":[{"href":"https:\/\/portaltela.pt\/api\/wp\/v2\/posts\/218911","targetHints":{"allow":["GET"]}}],"collection":[{"href":"https:\/\/portaltela.pt\/api\/wp\/v2\/posts"}],"about":[{"href":"https:\/\/portaltela.pt\/api\/wp\/v2\/types\/post"}],"author":[{"embeddable":true,"href":"https:\/\/portaltela.pt\/api\/wp\/v2\/users\/2"}],"replies":[{"embeddable":true,"href":"https:\/\/portaltela.pt\/api\/wp\/v2\/comments?post=218911"}],"version-history":[{"count":0,"href":"https:\/\/portaltela.pt\/api\/wp\/v2\/posts\/218911\/revisions"}],"wp:featuredmedia":[{"embeddable":true,"href":"https:\/\/portaltela.pt\/api\/wp\/v2\/media\/218916"}],"wp:attachment":[{"href":"https:\/\/portaltela.pt\/api\/wp\/v2\/media?parent=218911"}],"wp:term":[{"taxonomy":"category","embeddable":true,"href":"https:\/\/portaltela.pt\/api\/wp\/v2\/categories?post=218911"},{"taxonomy":"post_tag","embeddable":true,"href":"https:\/\/portaltela.pt\/api\/wp\/v2\/tags?post=218911"}],"curies":[{"name":"wp","href":"https:\/\/api.w.org\/{rel}","templated":true}]}}