{"id":218903,"date":"2026-02-20T07:51:10","date_gmt":"2026-02-20T10:51:10","guid":{"rendered":"https:\/\/portaltela.pt\/noticias\/2026\/02\/20\/ana-galvao-revela-reacao-do-filho-ao-internamento-de-nuno-markl\/"},"modified":"2026-02-20T07:51:10","modified_gmt":"2026-02-20T10:51:10","slug":"ana-galvao-revela-reacao-do-filho-ao-internamento-de-nuno-markl","status":"publish","type":"post","link":"https:\/\/portaltela.pt\/noticias\/2026\/02\/20\/ana-galvao-revela-reacao-do-filho-ao-internamento-de-nuno-markl\/","title":{"rendered":"Ana Galv\u00e3o revela rea\u00e7\u00e3o do filho ao internamento de Nuno Markl"},"content":{"rendered":"<p>O humorista Nuno Markl continua a recuperar-se ap\u00f3s dois AVC ocorridos no final de 2025. O epis\u00f3dio teve uma rea\u00e7\u00e3o imediata do filho Pedro, ent\u00e3o com 16 anos, que atrav\u00e9s de uma chamada para o 112 contribuiu para ativar o socorro na primeira crise.<\/p>\n<p>Ana Galv\u00e3o, ent\u00e3o em direto no programa da R\u00e1dio Renascen\u00e7a, revelou que o jovem percebeu cedo que algo n\u00e3o estava bem com o pai e agiu de imediato, uma interven\u00e7\u00e3o que foi crucial na altura. A pr\u00f3pria apresentadora relatou que, ao telefonar, Pedro explicou a situa\u00e7\u00e3o com tranquilidade, sem alarmar excessivamente.<\/p>\n<p>Tr\u00eas meses depois, Ana Galv\u00e3o voltou a abordar o tema em declara\u00e7\u00f5es \u00e0 TV 7 Dias, destacando a maturidade do filho diante de uma situa\u00e7\u00e3o t\u00e3o delicada. A radialista elogiou Pedro, descrevendo-o como incr\u00edvel, sens\u00edvel e com um comportamento adulto e tranquilo durante o epis\u00f3dio.<\/p>\n<h3>Rea\u00e7\u00e3o de Ana Galv\u00e3o<\/h3>\n<p>A apresentadora de Chica Esperta, da SIC Mulher, reiterou o orgulho no filho e explicou que Pedro se manteve sereno, ajudando a gerir o que se passava sem descurar a responsabilidade parental. O epis\u00f3dio deixou o jovem mais atento e citou-se que Pedro j\u00e1 procurou conselhos com a m\u00e3e para v\u00e1rias quest\u00f5es.<\/p>\n","protected":false},"excerpt":{"rendered":"<ul>\n<li>O humorista Nuno Markl sofreu dois AVC no final de 2025 e permanece internado, com o filho Pedro a ter um papel decisivo no primeiro epis\u00f3dio ao ligar para o 112.<\/li>\n<li>Ana Galv\u00e3o contou que o filho, com 16 anos, percebeu que algo n\u00e3o estava bem e agiu de imediato, revelando-se fundamental.<\/li>\n<li>Tr\u00eas meses volvidos, a apresentadora elogiou a maturidade de Pedro, descrevendo-o como tranquilo e sensato perante a situa\u00e7\u00e3o.<\/li>\n<li>A radialista explicou que estava em direto quando o filho tentou contact\u00e1-la para informar do que se passava; ao atender, ficou impressionada pela forma como contou a not\u00edcia sem alarmar demais.<\/li>\n<li>Ana Galv\u00e3o descreveu o filho como incr\u00edvel, sens\u00edvel e divertido, destacando que o epis\u00f3dio o deixou mais maduro.<\/li>\n<\/ul>\n","protected":false},"author":2,"featured_media":218914,"comment_status":"closed","ping_status":"closed","sticky":false,"template":"","format":"standard","meta":{"footnotes":""},"categories":[1],"tags":[64,2844,40,3809,172,1899],"class_list":["post-218903","post","type-post","status-publish","format-standard","has-post-thumbnail","hentry","category-noticias","tag-familia","tag-jovens","tag-pessoas","tag-primeiros-socorros","tag-saude","tag-urgencias"],"yoast_head":"<!-- This site is optimized with the Yoast SEO plugin v27.2 - https:\/\/yoast.com\/product\/yoast-seo-wordpress\/ -->\n<title>Ana Galv\u00e3o revela rea\u00e7\u00e3o do filho ao internamento de Nuno Markl - Portal Tela Portugal<\/title>\n<meta name=\"robots\" content=\"index, follow, max-snippet:-1, max-image-preview:large, max-video-preview:-1\" \/>\n<meta property=\"og:locale\" content=\"pt_PT\" \/>\n<meta property=\"og:type\" content=\"article\" \/>\n<meta property=\"og:title\" content=\"Ana Galv\u00e3o revela rea\u00e7\u00e3o do filho ao internamento de Nuno Markl - Portal Tela Portugal\" \/>\n<meta property=\"og:description\" content=\"O humorista Nuno Markl sofreu dois AVC no final de 2025 e permanece internado, com o filho Pedro a ter um papel decisivo no primeiro epis\u00f3dio ao ligar para o 112. Ana Galv\u00e3o contou que o filho, com 16 anos, percebeu que algo n\u00e3o estava bem e agiu de imediato, revelando-se fundamental. Tr\u00eas meses volvidos, a apresentadora elogiou a maturidade de Pedro, descrevendo-o como tranquilo e sensato perante a situa\u00e7\u00e3o. A radialista explicou que estava em direto quando o filho tentou contact\u00e1-la para informar do que se passava; ao atender, ficou impressionada pela forma como contou a not\u00edcia sem alarmar demais. Ana Galv\u00e3o descreveu o filho como incr\u00edvel, sens\u00edvel e divertido, destacando que o epis\u00f3dio o deixou mais maduro.\" \/>\n<meta property=\"og:url\" content=\"https:\/\/portaltela.pt\/noticias\/2026\/02\/20\/ana-galvao-revela-reacao-do-filho-ao-internamento-de-nuno-markl\/\" \/>\n<meta property=\"og:site_name\" content=\"Portal Tela Portugal\" \/>\n<meta property=\"article:published_time\" content=\"2026-02-20T10:51:10+00:00\" \/>\n<meta name=\"author\" content=\"Telinha\" \/>\n<meta name=\"twitter:card\" content=\"summary_large_image\" \/>\n<meta name=\"twitter:label1\" content=\"Escrito por\" \/>\n\t<meta name=\"twitter:data1\" content=\"Telinha\" \/>\n\t<meta name=\"twitter:label2\" content=\"Tempo estimado de leitura\" \/>\n\t<meta name=\"twitter:data2\" content=\"1 minuto\" \/>\n<script type=\"application\/ld+json\" class=\"yoast-schema-graph\">{\"@context\":\"https:\/\/schema.org\",\"@graph\":[{\"@type\":\"Article\",\"@id\":\"https:\/\/portaltela.pt\/noticias\/2026\/02\/20\/ana-galvao-revela-reacao-do-filho-ao-internamento-de-nuno-markl\/#article\",\"isPartOf\":{\"@id\":\"https:\/\/portaltela.pt\/noticias\/2026\/02\/20\/ana-galvao-revela-reacao-do-filho-ao-internamento-de-nuno-markl\/\"},\"author\":{\"name\":\"Telinha\",\"@id\":\"https:\/\/portaltela.pt\/#\/schema\/person\/c4278d4a6028830caff9ee44b42d32ed\"},\"headline\":\"Ana Galv\u00e3o revela rea\u00e7\u00e3o do filho ao internamento de Nuno Markl\",\"datePublished\":\"2026-02-20T10:51:10+00:00\",\"mainEntityOfPage\":{\"@id\":\"https:\/\/portaltela.pt\/noticias\/2026\/02\/20\/ana-galvao-revela-reacao-do-filho-ao-internamento-de-nuno-markl\/\"},\"wordCount\":231,\"image\":{\"@id\":\"https:\/\/portaltela.pt\/noticias\/2026\/02\/20\/ana-galvao-revela-reacao-do-filho-ao-internamento-de-nuno-markl\/#primaryimage\"},\"thumbnailUrl\":\"https:\/\/portaltela.pt\/s.01k8rhncp4jt1\/2026\/02\/img_1280x718uu2025-11-03-14-42-16-2245102-im-638977777602834722.jpg\",\"keywords\":[\"fam\u00edlia\",\"jovens\",\"pessoas\",\"primeiros socorros\",\"sa\u00fade\",\"urg\u00eancias\"],\"articleSection\":[\"Not\u00edcias\"],\"inLanguage\":\"pt-PT\"},{\"@type\":\"WebPage\",\"@id\":\"https:\/\/portaltela.pt\/noticias\/2026\/02\/20\/ana-galvao-revela-reacao-do-filho-ao-internamento-de-nuno-markl\/\",\"url\":\"https:\/\/portaltela.pt\/noticias\/2026\/02\/20\/ana-galvao-revela-reacao-do-filho-ao-internamento-de-nuno-markl\/\",\"name\":\"Ana Galv\u00e3o revela rea\u00e7\u00e3o do filho ao internamento de Nuno Markl - Portal Tela Portugal\",\"isPartOf\":{\"@id\":\"https:\/\/portaltela.pt\/#website\"},\"primaryImageOfPage\":{\"@id\":\"https:\/\/portaltela.pt\/noticias\/2026\/02\/20\/ana-galvao-revela-reacao-do-filho-ao-internamento-de-nuno-markl\/#primaryimage\"},\"image\":{\"@id\":\"https:\/\/portaltela.pt\/noticias\/2026\/02\/20\/ana-galvao-revela-reacao-do-filho-ao-internamento-de-nuno-markl\/#primaryimage\"},\"thumbnailUrl\":\"https:\/\/portaltela.pt\/s.01k8rhncp4jt1\/2026\/02\/img_1280x718uu2025-11-03-14-42-16-2245102-im-638977777602834722.jpg\",\"datePublished\":\"2026-02-20T10:51:10+00:00\",\"author\":{\"@id\":\"https:\/\/portaltela.pt\/#\/schema\/person\/c4278d4a6028830caff9ee44b42d32ed\"},\"breadcrumb\":{\"@id\":\"https:\/\/portaltela.pt\/noticias\/2026\/02\/20\/ana-galvao-revela-reacao-do-filho-ao-internamento-de-nuno-markl\/#breadcrumb\"},\"inLanguage\":\"pt-PT\",\"potentialAction\":[{\"@type\":\"ReadAction\",\"target\":[\"https:\/\/portaltela.pt\/noticias\/2026\/02\/20\/ana-galvao-revela-reacao-do-filho-ao-internamento-de-nuno-markl\/\"]}]},{\"@type\":\"ImageObject\",\"inLanguage\":\"pt-PT\",\"@id\":\"https:\/\/portaltela.pt\/noticias\/2026\/02\/20\/ana-galvao-revela-reacao-do-filho-ao-internamento-de-nuno-markl\/#primaryimage\",\"url\":\"https:\/\/portaltela.pt\/s.01k8rhncp4jt1\/2026\/02\/img_1280x718uu2025-11-03-14-42-16-2245102-im-638977777602834722.jpg\",\"contentUrl\":\"https:\/\/portaltela.pt\/s.01k8rhncp4jt1\/2026\/02\/img_1280x718uu2025-11-03-14-42-16-2245102-im-638977777602834722.jpg\",\"width\":1280,\"height\":718,\"caption\":\"Ana Galv\u00e3o e Nuno Markl\"},{\"@type\":\"BreadcrumbList\",\"@id\":\"https:\/\/portaltela.pt\/noticias\/2026\/02\/20\/ana-galvao-revela-reacao-do-filho-ao-internamento-de-nuno-markl\/#breadcrumb\",\"itemListElement\":[{\"@type\":\"ListItem\",\"position\":1,\"name\":\"In\u00edcio\",\"item\":\"https:\/\/portaltela.pt\/\"},{\"@type\":\"ListItem\",\"position\":2,\"name\":\"Ana Galv\u00e3o revela rea\u00e7\u00e3o do filho ao internamento de Nuno Markl\"}]},{\"@type\":\"WebSite\",\"@id\":\"https:\/\/portaltela.pt\/#website\",\"url\":\"https:\/\/portaltela.pt\/\",\"name\":\"Portal Tela Portugal\",\"description\":\"\",\"potentialAction\":[{\"@type\":\"SearchAction\",\"target\":{\"@type\":\"EntryPoint\",\"urlTemplate\":\"https:\/\/portaltela.pt\/?s={search_term_string}\"},\"query-input\":{\"@type\":\"PropertyValueSpecification\",\"valueRequired\":true,\"valueName\":\"search_term_string\"}}],\"inLanguage\":\"pt-PT\"},{\"@type\":\"Person\",\"@id\":\"https:\/\/portaltela.pt\/#\/schema\/person\/c4278d4a6028830caff9ee44b42d32ed\",\"name\":\"Telinha\",\"image\":{\"@type\":\"ImageObject\",\"inLanguage\":\"pt-PT\",\"@id\":\"https:\/\/portaltela.pt\/s.01k8rhncp4jt1\/2025\/11\/talking-bot-125x125.png\",\"url\":\"https:\/\/portaltela.pt\/s.01k8rhncp4jt1\/2025\/11\/talking-bot-125x125.png\",\"contentUrl\":\"https:\/\/portaltela.pt\/s.01k8rhncp4jt1\/2025\/11\/talking-bot-125x125.png\",\"caption\":\"Telinha\"},\"sameAs\":[\"https:\/\/portaltela.pt\/\"],\"url\":\"https:\/\/portaltela.pt\/por\/367410592786\/\"}]}<\/script>\n<!-- \/ Yoast SEO plugin. -->","yoast_head_json":{"title":"Ana Galv\u00e3o revela rea\u00e7\u00e3o do filho ao internamento de Nuno Markl - Portal Tela Portugal","robots":{"index":"index","follow":"follow","max-snippet":"max-snippet:-1","max-image-preview":"max-image-preview:large","max-video-preview":"max-video-preview:-1"},"og_locale":"pt_PT","og_type":"article","og_title":"Ana Galv\u00e3o revela rea\u00e7\u00e3o do filho ao internamento de Nuno Markl - Portal Tela Portugal","og_description":"O humorista Nuno Markl sofreu dois AVC no final de 2025 e permanece internado, com o filho Pedro a ter um papel decisivo no primeiro epis\u00f3dio ao ligar para o 112. Ana Galv\u00e3o contou que o filho, com 16 anos, percebeu que algo n\u00e3o estava bem e agiu de imediato, revelando-se fundamental. Tr\u00eas meses volvidos, a apresentadora elogiou a maturidade de Pedro, descrevendo-o como tranquilo e sensato perante a situa\u00e7\u00e3o. A radialista explicou que estava em direto quando o filho tentou contact\u00e1-la para informar do que se passava; ao atender, ficou impressionada pela forma como contou a not\u00edcia sem alarmar demais. Ana Galv\u00e3o descreveu o filho como incr\u00edvel, sens\u00edvel e divertido, destacando que o epis\u00f3dio o deixou mais maduro.","og_url":"https:\/\/portaltela.pt\/noticias\/2026\/02\/20\/ana-galvao-revela-reacao-do-filho-ao-internamento-de-nuno-markl\/","og_site_name":"Portal Tela Portugal","article_published_time":"2026-02-20T10:51:10+00:00","author":"Telinha","twitter_card":"summary_large_image","twitter_misc":{"Escrito por":"Telinha","Tempo estimado de leitura":"1 minuto"},"schema":{"@context":"https:\/\/schema.org","@graph":[{"@type":"Article","@id":"https:\/\/portaltela.pt\/noticias\/2026\/02\/20\/ana-galvao-revela-reacao-do-filho-ao-internamento-de-nuno-markl\/#article","isPartOf":{"@id":"https:\/\/portaltela.pt\/noticias\/2026\/02\/20\/ana-galvao-revela-reacao-do-filho-ao-internamento-de-nuno-markl\/"},"author":{"name":"Telinha","@id":"https:\/\/portaltela.pt\/#\/schema\/person\/c4278d4a6028830caff9ee44b42d32ed"},"headline":"Ana Galv\u00e3o revela rea\u00e7\u00e3o do filho ao internamento de Nuno Markl","datePublished":"2026-02-20T10:51:10+00:00","mainEntityOfPage":{"@id":"https:\/\/portaltela.pt\/noticias\/2026\/02\/20\/ana-galvao-revela-reacao-do-filho-ao-internamento-de-nuno-markl\/"},"wordCount":231,"image":{"@id":"https:\/\/portaltela.pt\/noticias\/2026\/02\/20\/ana-galvao-revela-reacao-do-filho-ao-internamento-de-nuno-markl\/#primaryimage"},"thumbnailUrl":"https:\/\/portaltela.pt\/s.01k8rhncp4jt1\/2026\/02\/img_1280x718uu2025-11-03-14-42-16-2245102-im-638977777602834722.jpg","keywords":["fam\u00edlia","jovens","pessoas","primeiros socorros","sa\u00fade","urg\u00eancias"],"articleSection":["Not\u00edcias"],"inLanguage":"pt-PT"},{"@type":"WebPage","@id":"https:\/\/portaltela.pt\/noticias\/2026\/02\/20\/ana-galvao-revela-reacao-do-filho-ao-internamento-de-nuno-markl\/","url":"https:\/\/portaltela.pt\/noticias\/2026\/02\/20\/ana-galvao-revela-reacao-do-filho-ao-internamento-de-nuno-markl\/","name":"Ana Galv\u00e3o revela rea\u00e7\u00e3o do filho ao internamento de Nuno Markl - Portal Tela Portugal","isPartOf":{"@id":"https:\/\/portaltela.pt\/#website"},"primaryImageOfPage":{"@id":"https:\/\/portaltela.pt\/noticias\/2026\/02\/20\/ana-galvao-revela-reacao-do-filho-ao-internamento-de-nuno-markl\/#primaryimage"},"image":{"@id":"https:\/\/portaltela.pt\/noticias\/2026\/02\/20\/ana-galvao-revela-reacao-do-filho-ao-internamento-de-nuno-markl\/#primaryimage"},"thumbnailUrl":"https:\/\/portaltela.pt\/s.01k8rhncp4jt1\/2026\/02\/img_1280x718uu2025-11-03-14-42-16-2245102-im-638977777602834722.jpg","datePublished":"2026-02-20T10:51:10+00:00","author":{"@id":"https:\/\/portaltela.pt\/#\/schema\/person\/c4278d4a6028830caff9ee44b42d32ed"},"breadcrumb":{"@id":"https:\/\/portaltela.pt\/noticias\/2026\/02\/20\/ana-galvao-revela-reacao-do-filho-ao-internamento-de-nuno-markl\/#breadcrumb"},"inLanguage":"pt-PT","potentialAction":[{"@type":"ReadAction","target":["https:\/\/portaltela.pt\/noticias\/2026\/02\/20\/ana-galvao-revela-reacao-do-filho-ao-internamento-de-nuno-markl\/"]}]},{"@type":"ImageObject","inLanguage":"pt-PT","@id":"https:\/\/portaltela.pt\/noticias\/2026\/02\/20\/ana-galvao-revela-reacao-do-filho-ao-internamento-de-nuno-markl\/#primaryimage","url":"https:\/\/portaltela.pt\/s.01k8rhncp4jt1\/2026\/02\/img_1280x718uu2025-11-03-14-42-16-2245102-im-638977777602834722.jpg","contentUrl":"https:\/\/portaltela.pt\/s.01k8rhncp4jt1\/2026\/02\/img_1280x718uu2025-11-03-14-42-16-2245102-im-638977777602834722.jpg","width":1280,"height":718,"caption":"Ana Galv\u00e3o e Nuno Markl"},{"@type":"BreadcrumbList","@id":"https:\/\/portaltela.pt\/noticias\/2026\/02\/20\/ana-galvao-revela-reacao-do-filho-ao-internamento-de-nuno-markl\/#breadcrumb","itemListElement":[{"@type":"ListItem","position":1,"name":"In\u00edcio","item":"https:\/\/portaltela.pt\/"},{"@type":"ListItem","position":2,"name":"Ana Galv\u00e3o revela rea\u00e7\u00e3o do filho ao internamento de Nuno Markl"}]},{"@type":"WebSite","@id":"https:\/\/portaltela.pt\/#website","url":"https:\/\/portaltela.pt\/","name":"Portal Tela Portugal","description":"","potentialAction":[{"@type":"SearchAction","target":{"@type":"EntryPoint","urlTemplate":"https:\/\/portaltela.pt\/?s={search_term_string}"},"query-input":{"@type":"PropertyValueSpecification","valueRequired":true,"valueName":"search_term_string"}}],"inLanguage":"pt-PT"},{"@type":"Person","@id":"https:\/\/portaltela.pt\/#\/schema\/person\/c4278d4a6028830caff9ee44b42d32ed","name":"Telinha","image":{"@type":"ImageObject","inLanguage":"pt-PT","@id":"https:\/\/portaltela.pt\/s.01k8rhncp4jt1\/2025\/11\/talking-bot-125x125.png","url":"https:\/\/portaltela.pt\/s.01k8rhncp4jt1\/2025\/11\/talking-bot-125x125.png","contentUrl":"https:\/\/portaltela.pt\/s.01k8rhncp4jt1\/2025\/11\/talking-bot-125x125.png","caption":"Telinha"},"sameAs":["https:\/\/portaltela.pt\/"],"url":"https:\/\/portaltela.pt\/por\/367410592786\/"}]}},"_links":{"self":[{"href":"https:\/\/portaltela.pt\/api\/wp\/v2\/posts\/218903","targetHints":{"allow":["GET"]}}],"collection":[{"href":"https:\/\/portaltela.pt\/api\/wp\/v2\/posts"}],"about":[{"href":"https:\/\/portaltela.pt\/api\/wp\/v2\/types\/post"}],"author":[{"embeddable":true,"href":"https:\/\/portaltela.pt\/api\/wp\/v2\/users\/2"}],"replies":[{"embeddable":true,"href":"https:\/\/portaltela.pt\/api\/wp\/v2\/comments?post=218903"}],"version-history":[{"count":0,"href":"https:\/\/portaltela.pt\/api\/wp\/v2\/posts\/218903\/revisions"}],"wp:featuredmedia":[{"embeddable":true,"href":"https:\/\/portaltela.pt\/api\/wp\/v2\/media\/218914"}],"wp:attachment":[{"href":"https:\/\/portaltela.pt\/api\/wp\/v2\/media?parent=218903"}],"wp:term":[{"taxonomy":"category","embeddable":true,"href":"https:\/\/portaltela.pt\/api\/wp\/v2\/categories?post=218903"},{"taxonomy":"post_tag","embeddable":true,"href":"https:\/\/portaltela.pt\/api\/wp\/v2\/tags?post=218903"}],"curies":[{"name":"wp","href":"https:\/\/api.w.org\/{rel}","templated":true}]}}