{"id":218888,"date":"2026-02-20T07:44:04","date_gmt":"2026-02-20T10:44:04","guid":{"rendered":"https:\/\/portaltela.pt\/noticias\/2026\/02\/20\/ex-padre-de-murca-sera-julgado-por-burla-e-violacao-a-12-de-maio\/"},"modified":"2026-02-20T07:44:04","modified_gmt":"2026-02-20T10:44:04","slug":"ex-padre-de-murca-sera-julgado-por-burla-e-violacao-a-12-de-maio","status":"publish","type":"post","link":"https:\/\/portaltela.pt\/noticias\/2026\/02\/20\/ex-padre-de-murca-sera-julgado-por-burla-e-violacao-a-12-de-maio\/","title":{"rendered":"Ex-padre de Mur\u00e7a ser\u00e1 julgado por burla e viola\u00e7\u00e3o a 12 de maio"},"content":{"rendered":"<p>Um ex-padre de Mur\u00e7a vai a julgamento a 12 de maio, acusado de burla qualificada, usurpa\u00e7\u00e3o de fun\u00e7\u00f5es na forma continuada, viola\u00e7\u00e3o e coa\u00e7\u00e3o sexual. O caso ficar\u00e1 a cargo de um tribunal coletivo, no \u00e2mbito de concurso real.<\/p>\n<p>O arguido, octogen\u00e1rio, foi detido a 24 de dezembro de 2021 pela Pol\u00edcia Judici\u00e1ria pela alegada viola\u00e7\u00e3o de uma mulher de 47 anos. Ficou em pris\u00e3o preventiva e foi libertado em abril de 2022. A acusa\u00e7\u00e3o remonta a setembro de 2023, com instru\u00e7\u00e3o requerida pelo arguido, cuja decis\u00e3o instrut\u00f3ria ficou para 31 de outubro de 2025.<\/p>\n<p>Segundo o Tribunal de Vila Real, o arguido, expulsado como sacerdote em meados de 1979, continuou a apresentar-se e a vestir-se como padre, inclusive em programas televisivos de alcance nacional, entre 1979 e 2021. A acusa\u00e7\u00e3o aponta que, na atividade de exorcista, recebia clientes que acreditavam na sua condi\u00e7\u00e3o clerical e lhe pagavam.<\/p>\n<p>No \u00e2mbito da mesma atividade, o ex-padre ter\u00e1 recebido em Mur\u00e7a, no consult\u00f3rio da sua habita\u00e7\u00e3o, duas mulheres que acreditavam nele como sacerdote da Igreja Cat\u00f3lica, em dezembro de 2021. Em uma dessas consultas, ter\u00e1 aproveitado o estado de vulnerabilidade de uma v\u00edtima para consumar atos sexuais, retirando-lhe a capacidade de rea\u00e7\u00e3o.<\/p>\n<p>A acusa\u00e7\u00e3o descreve ainda que, nesse m\u00eas, o antigo sacerdote constrangeu outra v\u00edtima a suportar contactos for\u00e7ados no corpo. O julgamento est\u00e1 marcado para come\u00e7ar a 12 de maio, com a segunda sess\u00e3o agendada para 19 de maio, no Tribunal de Vila Real.<\/p>\n","protected":false},"excerpt":{"rendered":"<ul>\n<li>Um ex-padre de Mur\u00e7a, octogen\u00e1rio, come\u00e7a a ser julgado a 12 de maio por burla qualificada, usurpa\u00e7\u00e3o de fun\u00e7\u00f5es na forma continuada, viola\u00e7\u00e3o e coa\u00e7\u00e3o sexual.<\/li>\n<li>O arguido foi detido a 24 de dezembro de 2021 pela Pol\u00edcia Judici\u00e1ria, por viola\u00e7\u00e3o de uma mulher de 47 anos, e ficou em pris\u00e3o preventiva at\u00e9 abril de 2022.<\/li>\n<li>A acusa\u00e7\u00e3o do Minist\u00e9rio P\u00fablico foi apresentada em setembro de 2023; a instru\u00e7\u00e3o est\u00e1 a aguardar decis\u00e3o, com a fase marcada para terminar a 31 de outubro de 2025.<\/li>\n<li>O tribunal entende que o arguido, expulso da Igreja Cat\u00f3lica em meados de 1979, continuou a apresentar-se como padre e exorcista, chegando a participar em programas televisivos a n\u00edvel nacional.<\/li>\n<li>Em dezembro de 2021, no consult\u00f3rio na habita\u00e7\u00e3o em Mur\u00e7a, ter\u00e1 recebido duas mulheres que acreditavam nele como padre; uma delas ter\u00e1 sido vulner\u00e1vel psicologicamente e houve atos sexuais, al\u00e9m de coa\u00e7\u00e3o e contactos for\u00e7ados noutra v\u00edtima.<\/li>\n<\/ul>\n","protected":false},"author":2,"featured_media":218891,"comment_status":"closed","ping_status":"closed","sticky":false,"template":"","format":"standard","meta":{"footnotes":""},"categories":[1],"tags":[689,1542,102,5781,1665,1825],"class_list":["post-218888","post","type-post","status-publish","format-standard","has-post-thumbnail","hentry","category-noticias","tag-burla-qualificada","tag-coacao","tag-igreja","tag-usurpacao-de-funcoes","tag-vila-real","tag-violacao"],"yoast_head":"<!-- This site is optimized with the Yoast SEO plugin v27.2 - https:\/\/yoast.com\/product\/yoast-seo-wordpress\/ -->\n<title>Ex-padre de Mur\u00e7a ser\u00e1 julgado por burla e viola\u00e7\u00e3o a 12 de maio - Portal Tela Portugal<\/title>\n<meta name=\"robots\" content=\"index, follow, max-snippet:-1, max-image-preview:large, max-video-preview:-1\" \/>\n<meta property=\"og:locale\" content=\"pt_PT\" \/>\n<meta property=\"og:type\" content=\"article\" \/>\n<meta property=\"og:title\" content=\"Ex-padre de Mur\u00e7a ser\u00e1 julgado por burla e viola\u00e7\u00e3o a 12 de maio - Portal Tela Portugal\" \/>\n<meta property=\"og:description\" content=\"Um ex-padre de Mur\u00e7a, octogen\u00e1rio, come\u00e7a a ser julgado a 12 de maio por burla qualificada, usurpa\u00e7\u00e3o de fun\u00e7\u00f5es na forma continuada, viola\u00e7\u00e3o e coa\u00e7\u00e3o sexual. O arguido foi detido a 24 de dezembro de 2021 pela Pol\u00edcia Judici\u00e1ria, por viola\u00e7\u00e3o de uma mulher de 47 anos, e ficou em pris\u00e3o preventiva at\u00e9 abril de 2022. A acusa\u00e7\u00e3o do Minist\u00e9rio P\u00fablico foi apresentada em setembro de 2023; a instru\u00e7\u00e3o est\u00e1 a aguardar decis\u00e3o, com a fase marcada para terminar a 31 de outubro de 2025. O tribunal entende que o arguido, expulso da Igreja Cat\u00f3lica em meados de 1979, continuou a apresentar-se como padre e exorcista, chegando a participar em programas televisivos a n\u00edvel nacional. Em dezembro de 2021, no consult\u00f3rio na habita\u00e7\u00e3o em Mur\u00e7a, ter\u00e1 recebido duas mulheres que acreditavam nele como padre; uma delas ter\u00e1 sido vulner\u00e1vel psicologicamente e houve atos sexuais, al\u00e9m de coa\u00e7\u00e3o e contactos for\u00e7ados noutra v\u00edtima.\" \/>\n<meta property=\"og:url\" content=\"https:\/\/portaltela.pt\/noticias\/2026\/02\/20\/ex-padre-de-murca-sera-julgado-por-burla-e-violacao-a-12-de-maio\/\" \/>\n<meta property=\"og:site_name\" content=\"Portal Tela Portugal\" \/>\n<meta property=\"article:published_time\" content=\"2026-02-20T10:44:04+00:00\" \/>\n<meta name=\"author\" content=\"Telinha\" \/>\n<meta name=\"twitter:card\" content=\"summary_large_image\" \/>\n<meta name=\"twitter:label1\" content=\"Escrito por\" \/>\n\t<meta name=\"twitter:data1\" content=\"Telinha\" \/>\n\t<meta name=\"twitter:label2\" content=\"Tempo estimado de leitura\" \/>\n\t<meta name=\"twitter:data2\" content=\"1 minuto\" \/>\n<script type=\"application\/ld+json\" class=\"yoast-schema-graph\">{\"@context\":\"https:\/\/schema.org\",\"@graph\":[{\"@type\":\"Article\",\"@id\":\"https:\/\/portaltela.pt\/noticias\/2026\/02\/20\/ex-padre-de-murca-sera-julgado-por-burla-e-violacao-a-12-de-maio\/#article\",\"isPartOf\":{\"@id\":\"https:\/\/portaltela.pt\/noticias\/2026\/02\/20\/ex-padre-de-murca-sera-julgado-por-burla-e-violacao-a-12-de-maio\/\"},\"author\":{\"name\":\"Telinha\",\"@id\":\"https:\/\/portaltela.pt\/#\/schema\/person\/c4278d4a6028830caff9ee44b42d32ed\"},\"headline\":\"Ex-padre de Mur\u00e7a ser\u00e1 julgado por burla e viola\u00e7\u00e3o a 12 de maio\",\"datePublished\":\"2026-02-20T10:44:04+00:00\",\"mainEntityOfPage\":{\"@id\":\"https:\/\/portaltela.pt\/noticias\/2026\/02\/20\/ex-padre-de-murca-sera-julgado-por-burla-e-violacao-a-12-de-maio\/\"},\"wordCount\":271,\"image\":{\"@id\":\"https:\/\/portaltela.pt\/noticias\/2026\/02\/20\/ex-padre-de-murca-sera-julgado-por-burla-e-violacao-a-12-de-maio\/#primaryimage\"},\"thumbnailUrl\":\"https:\/\/portaltela.pt\/s.01k8rhncp4jt1\/2026\/02\/img_1500x1000uu2022-01-14-21-19-03-1116124.jpg\",\"keywords\":[\"burla qualificada\",\"coa\u00e7\u00e3o\",\"igreja\",\"usurpa\u00e7\u00e3o de fun\u00e7\u00f5es\",\"Vila Real\",\"viola\u00e7\u00e3o\"],\"articleSection\":[\"Not\u00edcias\"],\"inLanguage\":\"pt-PT\"},{\"@type\":\"WebPage\",\"@id\":\"https:\/\/portaltela.pt\/noticias\/2026\/02\/20\/ex-padre-de-murca-sera-julgado-por-burla-e-violacao-a-12-de-maio\/\",\"url\":\"https:\/\/portaltela.pt\/noticias\/2026\/02\/20\/ex-padre-de-murca-sera-julgado-por-burla-e-violacao-a-12-de-maio\/\",\"name\":\"Ex-padre de Mur\u00e7a ser\u00e1 julgado por burla e viola\u00e7\u00e3o a 12 de maio - Portal Tela Portugal\",\"isPartOf\":{\"@id\":\"https:\/\/portaltela.pt\/#website\"},\"primaryImageOfPage\":{\"@id\":\"https:\/\/portaltela.pt\/noticias\/2026\/02\/20\/ex-padre-de-murca-sera-julgado-por-burla-e-violacao-a-12-de-maio\/#primaryimage\"},\"image\":{\"@id\":\"https:\/\/portaltela.pt\/noticias\/2026\/02\/20\/ex-padre-de-murca-sera-julgado-por-burla-e-violacao-a-12-de-maio\/#primaryimage\"},\"thumbnailUrl\":\"https:\/\/portaltela.pt\/s.01k8rhncp4jt1\/2026\/02\/img_1500x1000uu2022-01-14-21-19-03-1116124.jpg\",\"datePublished\":\"2026-02-20T10:44:04+00:00\",\"author\":{\"@id\":\"https:\/\/portaltela.pt\/#\/schema\/person\/c4278d4a6028830caff9ee44b42d32ed\"},\"breadcrumb\":{\"@id\":\"https:\/\/portaltela.pt\/noticias\/2026\/02\/20\/ex-padre-de-murca-sera-julgado-por-burla-e-violacao-a-12-de-maio\/#breadcrumb\"},\"inLanguage\":\"pt-PT\",\"potentialAction\":[{\"@type\":\"ReadAction\",\"target\":[\"https:\/\/portaltela.pt\/noticias\/2026\/02\/20\/ex-padre-de-murca-sera-julgado-por-burla-e-violacao-a-12-de-maio\/\"]}]},{\"@type\":\"ImageObject\",\"inLanguage\":\"pt-PT\",\"@id\":\"https:\/\/portaltela.pt\/noticias\/2026\/02\/20\/ex-padre-de-murca-sera-julgado-por-burla-e-violacao-a-12-de-maio\/#primaryimage\",\"url\":\"https:\/\/portaltela.pt\/s.01k8rhncp4jt1\/2026\/02\/img_1500x1000uu2022-01-14-21-19-03-1116124.jpg\",\"contentUrl\":\"https:\/\/portaltela.pt\/s.01k8rhncp4jt1\/2026\/02\/img_1500x1000uu2022-01-14-21-19-03-1116124.jpg\",\"width\":796,\"height\":448,\"caption\":\"Padre Humberto Gama\"},{\"@type\":\"BreadcrumbList\",\"@id\":\"https:\/\/portaltela.pt\/noticias\/2026\/02\/20\/ex-padre-de-murca-sera-julgado-por-burla-e-violacao-a-12-de-maio\/#breadcrumb\",\"itemListElement\":[{\"@type\":\"ListItem\",\"position\":1,\"name\":\"In\u00edcio\",\"item\":\"https:\/\/portaltela.pt\/\"},{\"@type\":\"ListItem\",\"position\":2,\"name\":\"Ex-padre de Mur\u00e7a ser\u00e1 julgado por burla e viola\u00e7\u00e3o a 12 de maio\"}]},{\"@type\":\"WebSite\",\"@id\":\"https:\/\/portaltela.pt\/#website\",\"url\":\"https:\/\/portaltela.pt\/\",\"name\":\"Portal Tela Portugal\",\"description\":\"\",\"potentialAction\":[{\"@type\":\"SearchAction\",\"target\":{\"@type\":\"EntryPoint\",\"urlTemplate\":\"https:\/\/portaltela.pt\/?s={search_term_string}\"},\"query-input\":{\"@type\":\"PropertyValueSpecification\",\"valueRequired\":true,\"valueName\":\"search_term_string\"}}],\"inLanguage\":\"pt-PT\"},{\"@type\":\"Person\",\"@id\":\"https:\/\/portaltela.pt\/#\/schema\/person\/c4278d4a6028830caff9ee44b42d32ed\",\"name\":\"Telinha\",\"image\":{\"@type\":\"ImageObject\",\"inLanguage\":\"pt-PT\",\"@id\":\"https:\/\/portaltela.pt\/s.01k8rhncp4jt1\/2025\/11\/talking-bot-125x125.png\",\"url\":\"https:\/\/portaltela.pt\/s.01k8rhncp4jt1\/2025\/11\/talking-bot-125x125.png\",\"contentUrl\":\"https:\/\/portaltela.pt\/s.01k8rhncp4jt1\/2025\/11\/talking-bot-125x125.png\",\"caption\":\"Telinha\"},\"sameAs\":[\"https:\/\/portaltela.pt\/\"],\"url\":\"https:\/\/portaltela.pt\/por\/367410592786\/\"}]}<\/script>\n<!-- \/ Yoast SEO plugin. -->","yoast_head_json":{"title":"Ex-padre de Mur\u00e7a ser\u00e1 julgado por burla e viola\u00e7\u00e3o a 12 de maio - Portal Tela Portugal","robots":{"index":"index","follow":"follow","max-snippet":"max-snippet:-1","max-image-preview":"max-image-preview:large","max-video-preview":"max-video-preview:-1"},"og_locale":"pt_PT","og_type":"article","og_title":"Ex-padre de Mur\u00e7a ser\u00e1 julgado por burla e viola\u00e7\u00e3o a 12 de maio - Portal Tela Portugal","og_description":"Um ex-padre de Mur\u00e7a, octogen\u00e1rio, come\u00e7a a ser julgado a 12 de maio por burla qualificada, usurpa\u00e7\u00e3o de fun\u00e7\u00f5es na forma continuada, viola\u00e7\u00e3o e coa\u00e7\u00e3o sexual. O arguido foi detido a 24 de dezembro de 2021 pela Pol\u00edcia Judici\u00e1ria, por viola\u00e7\u00e3o de uma mulher de 47 anos, e ficou em pris\u00e3o preventiva at\u00e9 abril de 2022. A acusa\u00e7\u00e3o do Minist\u00e9rio P\u00fablico foi apresentada em setembro de 2023; a instru\u00e7\u00e3o est\u00e1 a aguardar decis\u00e3o, com a fase marcada para terminar a 31 de outubro de 2025. O tribunal entende que o arguido, expulso da Igreja Cat\u00f3lica em meados de 1979, continuou a apresentar-se como padre e exorcista, chegando a participar em programas televisivos a n\u00edvel nacional. Em dezembro de 2021, no consult\u00f3rio na habita\u00e7\u00e3o em Mur\u00e7a, ter\u00e1 recebido duas mulheres que acreditavam nele como padre; uma delas ter\u00e1 sido vulner\u00e1vel psicologicamente e houve atos sexuais, al\u00e9m de coa\u00e7\u00e3o e contactos for\u00e7ados noutra v\u00edtima.","og_url":"https:\/\/portaltela.pt\/noticias\/2026\/02\/20\/ex-padre-de-murca-sera-julgado-por-burla-e-violacao-a-12-de-maio\/","og_site_name":"Portal Tela Portugal","article_published_time":"2026-02-20T10:44:04+00:00","author":"Telinha","twitter_card":"summary_large_image","twitter_misc":{"Escrito por":"Telinha","Tempo estimado de leitura":"1 minuto"},"schema":{"@context":"https:\/\/schema.org","@graph":[{"@type":"Article","@id":"https:\/\/portaltela.pt\/noticias\/2026\/02\/20\/ex-padre-de-murca-sera-julgado-por-burla-e-violacao-a-12-de-maio\/#article","isPartOf":{"@id":"https:\/\/portaltela.pt\/noticias\/2026\/02\/20\/ex-padre-de-murca-sera-julgado-por-burla-e-violacao-a-12-de-maio\/"},"author":{"name":"Telinha","@id":"https:\/\/portaltela.pt\/#\/schema\/person\/c4278d4a6028830caff9ee44b42d32ed"},"headline":"Ex-padre de Mur\u00e7a ser\u00e1 julgado por burla e viola\u00e7\u00e3o a 12 de maio","datePublished":"2026-02-20T10:44:04+00:00","mainEntityOfPage":{"@id":"https:\/\/portaltela.pt\/noticias\/2026\/02\/20\/ex-padre-de-murca-sera-julgado-por-burla-e-violacao-a-12-de-maio\/"},"wordCount":271,"image":{"@id":"https:\/\/portaltela.pt\/noticias\/2026\/02\/20\/ex-padre-de-murca-sera-julgado-por-burla-e-violacao-a-12-de-maio\/#primaryimage"},"thumbnailUrl":"https:\/\/portaltela.pt\/s.01k8rhncp4jt1\/2026\/02\/img_1500x1000uu2022-01-14-21-19-03-1116124.jpg","keywords":["burla qualificada","coa\u00e7\u00e3o","igreja","usurpa\u00e7\u00e3o de fun\u00e7\u00f5es","Vila Real","viola\u00e7\u00e3o"],"articleSection":["Not\u00edcias"],"inLanguage":"pt-PT"},{"@type":"WebPage","@id":"https:\/\/portaltela.pt\/noticias\/2026\/02\/20\/ex-padre-de-murca-sera-julgado-por-burla-e-violacao-a-12-de-maio\/","url":"https:\/\/portaltela.pt\/noticias\/2026\/02\/20\/ex-padre-de-murca-sera-julgado-por-burla-e-violacao-a-12-de-maio\/","name":"Ex-padre de Mur\u00e7a ser\u00e1 julgado por burla e viola\u00e7\u00e3o a 12 de maio - Portal Tela Portugal","isPartOf":{"@id":"https:\/\/portaltela.pt\/#website"},"primaryImageOfPage":{"@id":"https:\/\/portaltela.pt\/noticias\/2026\/02\/20\/ex-padre-de-murca-sera-julgado-por-burla-e-violacao-a-12-de-maio\/#primaryimage"},"image":{"@id":"https:\/\/portaltela.pt\/noticias\/2026\/02\/20\/ex-padre-de-murca-sera-julgado-por-burla-e-violacao-a-12-de-maio\/#primaryimage"},"thumbnailUrl":"https:\/\/portaltela.pt\/s.01k8rhncp4jt1\/2026\/02\/img_1500x1000uu2022-01-14-21-19-03-1116124.jpg","datePublished":"2026-02-20T10:44:04+00:00","author":{"@id":"https:\/\/portaltela.pt\/#\/schema\/person\/c4278d4a6028830caff9ee44b42d32ed"},"breadcrumb":{"@id":"https:\/\/portaltela.pt\/noticias\/2026\/02\/20\/ex-padre-de-murca-sera-julgado-por-burla-e-violacao-a-12-de-maio\/#breadcrumb"},"inLanguage":"pt-PT","potentialAction":[{"@type":"ReadAction","target":["https:\/\/portaltela.pt\/noticias\/2026\/02\/20\/ex-padre-de-murca-sera-julgado-por-burla-e-violacao-a-12-de-maio\/"]}]},{"@type":"ImageObject","inLanguage":"pt-PT","@id":"https:\/\/portaltela.pt\/noticias\/2026\/02\/20\/ex-padre-de-murca-sera-julgado-por-burla-e-violacao-a-12-de-maio\/#primaryimage","url":"https:\/\/portaltela.pt\/s.01k8rhncp4jt1\/2026\/02\/img_1500x1000uu2022-01-14-21-19-03-1116124.jpg","contentUrl":"https:\/\/portaltela.pt\/s.01k8rhncp4jt1\/2026\/02\/img_1500x1000uu2022-01-14-21-19-03-1116124.jpg","width":796,"height":448,"caption":"Padre Humberto Gama"},{"@type":"BreadcrumbList","@id":"https:\/\/portaltela.pt\/noticias\/2026\/02\/20\/ex-padre-de-murca-sera-julgado-por-burla-e-violacao-a-12-de-maio\/#breadcrumb","itemListElement":[{"@type":"ListItem","position":1,"name":"In\u00edcio","item":"https:\/\/portaltela.pt\/"},{"@type":"ListItem","position":2,"name":"Ex-padre de Mur\u00e7a ser\u00e1 julgado por burla e viola\u00e7\u00e3o a 12 de maio"}]},{"@type":"WebSite","@id":"https:\/\/portaltela.pt\/#website","url":"https:\/\/portaltela.pt\/","name":"Portal Tela Portugal","description":"","potentialAction":[{"@type":"SearchAction","target":{"@type":"EntryPoint","urlTemplate":"https:\/\/portaltela.pt\/?s={search_term_string}"},"query-input":{"@type":"PropertyValueSpecification","valueRequired":true,"valueName":"search_term_string"}}],"inLanguage":"pt-PT"},{"@type":"Person","@id":"https:\/\/portaltela.pt\/#\/schema\/person\/c4278d4a6028830caff9ee44b42d32ed","name":"Telinha","image":{"@type":"ImageObject","inLanguage":"pt-PT","@id":"https:\/\/portaltela.pt\/s.01k8rhncp4jt1\/2025\/11\/talking-bot-125x125.png","url":"https:\/\/portaltela.pt\/s.01k8rhncp4jt1\/2025\/11\/talking-bot-125x125.png","contentUrl":"https:\/\/portaltela.pt\/s.01k8rhncp4jt1\/2025\/11\/talking-bot-125x125.png","caption":"Telinha"},"sameAs":["https:\/\/portaltela.pt\/"],"url":"https:\/\/portaltela.pt\/por\/367410592786\/"}]}},"_links":{"self":[{"href":"https:\/\/portaltela.pt\/api\/wp\/v2\/posts\/218888","targetHints":{"allow":["GET"]}}],"collection":[{"href":"https:\/\/portaltela.pt\/api\/wp\/v2\/posts"}],"about":[{"href":"https:\/\/portaltela.pt\/api\/wp\/v2\/types\/post"}],"author":[{"embeddable":true,"href":"https:\/\/portaltela.pt\/api\/wp\/v2\/users\/2"}],"replies":[{"embeddable":true,"href":"https:\/\/portaltela.pt\/api\/wp\/v2\/comments?post=218888"}],"version-history":[{"count":0,"href":"https:\/\/portaltela.pt\/api\/wp\/v2\/posts\/218888\/revisions"}],"wp:featuredmedia":[{"embeddable":true,"href":"https:\/\/portaltela.pt\/api\/wp\/v2\/media\/218891"}],"wp:attachment":[{"href":"https:\/\/portaltela.pt\/api\/wp\/v2\/media?parent=218888"}],"wp:term":[{"taxonomy":"category","embeddable":true,"href":"https:\/\/portaltela.pt\/api\/wp\/v2\/categories?post=218888"},{"taxonomy":"post_tag","embeddable":true,"href":"https:\/\/portaltela.pt\/api\/wp\/v2\/tags?post=218888"}],"curies":[{"name":"wp","href":"https:\/\/api.w.org\/{rel}","templated":true}]}}