{"id":218883,"date":"2026-02-20T07:32:00","date_gmt":"2026-02-20T10:32:00","guid":{"rendered":"https:\/\/portaltela.pt\/noticias\/2026\/02\/20\/executores-do-testamento-de-epstein-propoem-pagar-21-a-30-milhoes-as-vitimas\/"},"modified":"2026-02-20T07:32:00","modified_gmt":"2026-02-20T10:32:00","slug":"executores-do-testamento-de-epstein-propoem-pagar-21-a-30-milhoes-as-vitimas","status":"publish","type":"post","link":"https:\/\/portaltela.pt\/noticias\/2026\/02\/20\/executores-do-testamento-de-epstein-propoem-pagar-21-a-30-milhoes-as-vitimas\/","title":{"rendered":"Executores do testamento de Epstein prop\u00f5em pagar 21 a 30 milh\u00f5es \u00e0s v\u00edtimas"},"content":{"rendered":"<p>Os executores do testamento de Jeffrey Epstein propuseram um acordo de 25 milh\u00f5es de d\u00f3lares \u00e0s v\u00edtimas que moveu uma a\u00e7\u00e3o coletiva contra eles. O montante foi divulgado numa minuta, ainda sujeita a aprova\u00e7\u00e3o de um juiz federal de Nova Iorque. A proposta n\u00e3o envolve admiss\u00e3o de culpa por parte de Darren Indyke e Richard Kahn, respetivamente antigo contabilista e antigo advogado de Epstein.<\/p>\n<p>A minuta define que o pagamento de 25 milh\u00f5es depende do n\u00famero de v\u00edtimas consideradas eleg\u00edveis para o acordo. Se menos de 40 v\u00edtimas cumprirem os crit\u00e9rios, o valor ser\u00e1 de 25 milh\u00f5es; se mais de 40, sobe para 35 milh\u00f5es. Os benefici\u00e1rios devem renunciar a outros processos e n\u00e3o ter acordos pr\u00e9vios com o esp\u00f3lio ou com o Fundo de Compensa\u00e7\u00e3o.<\/p>\n<h3>Detalhes e contexto<\/h3>\n<p>Darren Indyke e Richard Kahn foram acusados em 2024 de facilitar e ocultar conduta ilegal de Epstein para ganhos pr\u00f3prios, segundo a a\u00e7\u00e3o coletiva. Um porta-voz de um dos executores afirmou que nenhum deles reconheceu irregularidades, e que n\u00e3o houve den\u00fancias de agress\u00e3o sexual associadas a eles. O esp\u00f3lio de Epstein estava avaliado em cerca de 600 milh\u00f5es de d\u00f3lares antes de reduzir-se com a resolu\u00e7\u00e3o de outros processos.<\/p>\n<p>Epstein, falecido em agosto de 2019 na pris\u00e3o, foi associado a uma vasta rede de tr\u00e1fico sexual e explora\u00e7\u00e3o de menores. As den\u00fancias envolviam recrutamento e abuso de dezenas de raparigas, algumas com 14 anos, em propriedades como Manhattan, Palm Beach, Novo M\u00e9xico e na ilha privada nas Ilhas Virgens.<\/p>\n","protected":false},"excerpt":{"rendered":"<ul>\n<li>Os executores do testamento de Jeffrey Epstein prop\u00f5em um acordo de 25 milh\u00f5es de d\u00f3lares \u00e0s v\u00edtimas que moveram uma a\u00e7\u00e3o coletiva (aprox. 21,2 milh\u00f5es de euros), segundo uma minuta publicada.<\/li>\n<li>O acordo ainda precisa da aprova\u00e7\u00e3o de um juiz federal em Nova Iorque.<\/li>\n<li>O valor pode subir para 35 milh\u00f5es de d\u00f3lares (29,7 milh\u00f5es de euros) se mais de quarenta pessoas forem consideradas eleg\u00edveis.<\/li>\n<li>Os benefici\u00e1rios devem renunciar a outros processos e n\u00e3o ter acordos pr\u00e9vios para receber qualquer valor do esp\u00f3lio ou do Fundo de Compensa\u00e7\u00e3o \u00e0s V\u00edtimas de Epstein.<\/li>\n<li>Os executores Darren Indyke e Richard Kahn n\u00e3o admitiram irregularidades; a a\u00e7\u00e3o de 2024 acusa-os de facilitar e ocultar conduta ilegal para ganhos pr\u00f3prios.<\/li>\n<\/ul>\n","protected":false},"author":2,"featured_media":218887,"comment_status":"closed","ping_status":"closed","sticky":false,"template":"","format":"standard","meta":{"footnotes":""},"categories":[1],"tags":[147,3990,5716,217,803,1705],"class_list":["post-218883","post","type-post","status-publish","format-standard","has-post-thumbnail","hentry","category-noticias","tag-crime","tag-crimes-sexuais","tag-exploracao-de-menores-dependentes-ou-em-situacao-vulneravel","tag-investigacao-criminal","tag-justica","tag-trafico-de-menores"],"yoast_head":"<!-- This site is optimized with the Yoast SEO plugin v27.2 - https:\/\/yoast.com\/product\/yoast-seo-wordpress\/ -->\n<title>Executores do testamento de Epstein prop\u00f5em pagar 21 a 30 milh\u00f5es \u00e0s v\u00edtimas - Portal Tela Portugal<\/title>\n<meta name=\"robots\" content=\"index, follow, max-snippet:-1, max-image-preview:large, max-video-preview:-1\" \/>\n<meta property=\"og:locale\" content=\"pt_PT\" \/>\n<meta property=\"og:type\" content=\"article\" \/>\n<meta property=\"og:title\" content=\"Executores do testamento de Epstein prop\u00f5em pagar 21 a 30 milh\u00f5es \u00e0s v\u00edtimas - Portal Tela Portugal\" \/>\n<meta property=\"og:description\" content=\"Os executores do testamento de Jeffrey Epstein prop\u00f5em um acordo de 25 milh\u00f5es de d\u00f3lares \u00e0s v\u00edtimas que moveram uma a\u00e7\u00e3o coletiva (aprox. 21,2 milh\u00f5es de euros), segundo uma minuta publicada. O acordo ainda precisa da aprova\u00e7\u00e3o de um juiz federal em Nova Iorque. O valor pode subir para 35 milh\u00f5es de d\u00f3lares (29,7 milh\u00f5es de euros) se mais de quarenta pessoas forem consideradas eleg\u00edveis. Os benefici\u00e1rios devem renunciar a outros processos e n\u00e3o ter acordos pr\u00e9vios para receber qualquer valor do esp\u00f3lio ou do Fundo de Compensa\u00e7\u00e3o \u00e0s V\u00edtimas de Epstein. Os executores Darren Indyke e Richard Kahn n\u00e3o admitiram irregularidades; a a\u00e7\u00e3o de 2024 acusa-os de facilitar e ocultar conduta ilegal para ganhos pr\u00f3prios.\" \/>\n<meta property=\"og:url\" content=\"https:\/\/portaltela.pt\/noticias\/2026\/02\/20\/executores-do-testamento-de-epstein-propoem-pagar-21-a-30-milhoes-as-vitimas\/\" \/>\n<meta property=\"og:site_name\" content=\"Portal Tela Portugal\" \/>\n<meta property=\"article:published_time\" content=\"2026-02-20T10:32:00+00:00\" \/>\n<meta name=\"author\" content=\"Telinha\" \/>\n<meta name=\"twitter:card\" content=\"summary_large_image\" \/>\n<meta name=\"twitter:label1\" content=\"Escrito por\" \/>\n\t<meta name=\"twitter:data1\" content=\"Telinha\" \/>\n\t<meta name=\"twitter:label2\" content=\"Tempo estimado de leitura\" \/>\n\t<meta name=\"twitter:data2\" content=\"1 minuto\" \/>\n<script type=\"application\/ld+json\" class=\"yoast-schema-graph\">{\"@context\":\"https:\/\/schema.org\",\"@graph\":[{\"@type\":\"Article\",\"@id\":\"https:\/\/portaltela.pt\/noticias\/2026\/02\/20\/executores-do-testamento-de-epstein-propoem-pagar-21-a-30-milhoes-as-vitimas\/#article\",\"isPartOf\":{\"@id\":\"https:\/\/portaltela.pt\/noticias\/2026\/02\/20\/executores-do-testamento-de-epstein-propoem-pagar-21-a-30-milhoes-as-vitimas\/\"},\"author\":{\"name\":\"Telinha\",\"@id\":\"https:\/\/portaltela.pt\/#\/schema\/person\/c4278d4a6028830caff9ee44b42d32ed\"},\"headline\":\"Executores do testamento de Epstein prop\u00f5em pagar 21 a 30 milh\u00f5es \u00e0s v\u00edtimas\",\"datePublished\":\"2026-02-20T10:32:00+00:00\",\"mainEntityOfPage\":{\"@id\":\"https:\/\/portaltela.pt\/noticias\/2026\/02\/20\/executores-do-testamento-de-epstein-propoem-pagar-21-a-30-milhoes-as-vitimas\/\"},\"wordCount\":286,\"image\":{\"@id\":\"https:\/\/portaltela.pt\/noticias\/2026\/02\/20\/executores-do-testamento-de-epstein-propoem-pagar-21-a-30-milhoes-as-vitimas\/#primaryimage\"},\"thumbnailUrl\":\"https:\/\/portaltela.pt\/s.01k8rhncp4jt1\/2026\/02\/img_1500x1000uu2026-02-12-23-58-24-2266608-im-639065694191966996.jpg\",\"keywords\":[\"crime\",\"crimes sexuais\",\"explora\u00e7\u00e3o de menores dependentes ou em situa\u00e7\u00e3o vulner\u00e1vel\",\"investiga\u00e7\u00e3o criminal\",\"justi\u00e7a\",\"tr\u00e1fico de menores\"],\"articleSection\":[\"Not\u00edcias\"],\"inLanguage\":\"pt-PT\"},{\"@type\":\"WebPage\",\"@id\":\"https:\/\/portaltela.pt\/noticias\/2026\/02\/20\/executores-do-testamento-de-epstein-propoem-pagar-21-a-30-milhoes-as-vitimas\/\",\"url\":\"https:\/\/portaltela.pt\/noticias\/2026\/02\/20\/executores-do-testamento-de-epstein-propoem-pagar-21-a-30-milhoes-as-vitimas\/\",\"name\":\"Executores do testamento de Epstein prop\u00f5em pagar 21 a 30 milh\u00f5es \u00e0s v\u00edtimas - Portal Tela Portugal\",\"isPartOf\":{\"@id\":\"https:\/\/portaltela.pt\/#website\"},\"primaryImageOfPage\":{\"@id\":\"https:\/\/portaltela.pt\/noticias\/2026\/02\/20\/executores-do-testamento-de-epstein-propoem-pagar-21-a-30-milhoes-as-vitimas\/#primaryimage\"},\"image\":{\"@id\":\"https:\/\/portaltela.pt\/noticias\/2026\/02\/20\/executores-do-testamento-de-epstein-propoem-pagar-21-a-30-milhoes-as-vitimas\/#primaryimage\"},\"thumbnailUrl\":\"https:\/\/portaltela.pt\/s.01k8rhncp4jt1\/2026\/02\/img_1500x1000uu2026-02-12-23-58-24-2266608-im-639065694191966996.jpg\",\"datePublished\":\"2026-02-20T10:32:00+00:00\",\"author\":{\"@id\":\"https:\/\/portaltela.pt\/#\/schema\/person\/c4278d4a6028830caff9ee44b42d32ed\"},\"breadcrumb\":{\"@id\":\"https:\/\/portaltela.pt\/noticias\/2026\/02\/20\/executores-do-testamento-de-epstein-propoem-pagar-21-a-30-milhoes-as-vitimas\/#breadcrumb\"},\"inLanguage\":\"pt-PT\",\"potentialAction\":[{\"@type\":\"ReadAction\",\"target\":[\"https:\/\/portaltela.pt\/noticias\/2026\/02\/20\/executores-do-testamento-de-epstein-propoem-pagar-21-a-30-milhoes-as-vitimas\/\"]}]},{\"@type\":\"ImageObject\",\"inLanguage\":\"pt-PT\",\"@id\":\"https:\/\/portaltela.pt\/noticias\/2026\/02\/20\/executores-do-testamento-de-epstein-propoem-pagar-21-a-30-milhoes-as-vitimas\/#primaryimage\",\"url\":\"https:\/\/portaltela.pt\/s.01k8rhncp4jt1\/2026\/02\/img_1500x1000uu2026-02-12-23-58-24-2266608-im-639065694191966996.jpg\",\"contentUrl\":\"https:\/\/portaltela.pt\/s.01k8rhncp4jt1\/2026\/02\/img_1500x1000uu2026-02-12-23-58-24-2266608-im-639065694191966996.jpg\",\"width\":796,\"height\":448,\"caption\":\"Ghislaine Maxwell e Jeffrey Epstein com mulheres sorriem para a c\u00e2mara\"},{\"@type\":\"BreadcrumbList\",\"@id\":\"https:\/\/portaltela.pt\/noticias\/2026\/02\/20\/executores-do-testamento-de-epstein-propoem-pagar-21-a-30-milhoes-as-vitimas\/#breadcrumb\",\"itemListElement\":[{\"@type\":\"ListItem\",\"position\":1,\"name\":\"In\u00edcio\",\"item\":\"https:\/\/portaltela.pt\/\"},{\"@type\":\"ListItem\",\"position\":2,\"name\":\"Executores do testamento de Epstein prop\u00f5em pagar 21 a 30 milh\u00f5es \u00e0s v\u00edtimas\"}]},{\"@type\":\"WebSite\",\"@id\":\"https:\/\/portaltela.pt\/#website\",\"url\":\"https:\/\/portaltela.pt\/\",\"name\":\"Portal Tela Portugal\",\"description\":\"\",\"potentialAction\":[{\"@type\":\"SearchAction\",\"target\":{\"@type\":\"EntryPoint\",\"urlTemplate\":\"https:\/\/portaltela.pt\/?s={search_term_string}\"},\"query-input\":{\"@type\":\"PropertyValueSpecification\",\"valueRequired\":true,\"valueName\":\"search_term_string\"}}],\"inLanguage\":\"pt-PT\"},{\"@type\":\"Person\",\"@id\":\"https:\/\/portaltela.pt\/#\/schema\/person\/c4278d4a6028830caff9ee44b42d32ed\",\"name\":\"Telinha\",\"image\":{\"@type\":\"ImageObject\",\"inLanguage\":\"pt-PT\",\"@id\":\"https:\/\/portaltela.pt\/s.01k8rhncp4jt1\/2025\/11\/talking-bot-125x125.png\",\"url\":\"https:\/\/portaltela.pt\/s.01k8rhncp4jt1\/2025\/11\/talking-bot-125x125.png\",\"contentUrl\":\"https:\/\/portaltela.pt\/s.01k8rhncp4jt1\/2025\/11\/talking-bot-125x125.png\",\"caption\":\"Telinha\"},\"sameAs\":[\"https:\/\/portaltela.pt\/\"],\"url\":\"https:\/\/portaltela.pt\/por\/367410592786\/\"}]}<\/script>\n<!-- \/ Yoast SEO plugin. -->","yoast_head_json":{"title":"Executores do testamento de Epstein prop\u00f5em pagar 21 a 30 milh\u00f5es \u00e0s v\u00edtimas - Portal Tela Portugal","robots":{"index":"index","follow":"follow","max-snippet":"max-snippet:-1","max-image-preview":"max-image-preview:large","max-video-preview":"max-video-preview:-1"},"og_locale":"pt_PT","og_type":"article","og_title":"Executores do testamento de Epstein prop\u00f5em pagar 21 a 30 milh\u00f5es \u00e0s v\u00edtimas - Portal Tela Portugal","og_description":"Os executores do testamento de Jeffrey Epstein prop\u00f5em um acordo de 25 milh\u00f5es de d\u00f3lares \u00e0s v\u00edtimas que moveram uma a\u00e7\u00e3o coletiva (aprox. 21,2 milh\u00f5es de euros), segundo uma minuta publicada. O acordo ainda precisa da aprova\u00e7\u00e3o de um juiz federal em Nova Iorque. O valor pode subir para 35 milh\u00f5es de d\u00f3lares (29,7 milh\u00f5es de euros) se mais de quarenta pessoas forem consideradas eleg\u00edveis. Os benefici\u00e1rios devem renunciar a outros processos e n\u00e3o ter acordos pr\u00e9vios para receber qualquer valor do esp\u00f3lio ou do Fundo de Compensa\u00e7\u00e3o \u00e0s V\u00edtimas de Epstein. Os executores Darren Indyke e Richard Kahn n\u00e3o admitiram irregularidades; a a\u00e7\u00e3o de 2024 acusa-os de facilitar e ocultar conduta ilegal para ganhos pr\u00f3prios.","og_url":"https:\/\/portaltela.pt\/noticias\/2026\/02\/20\/executores-do-testamento-de-epstein-propoem-pagar-21-a-30-milhoes-as-vitimas\/","og_site_name":"Portal Tela Portugal","article_published_time":"2026-02-20T10:32:00+00:00","author":"Telinha","twitter_card":"summary_large_image","twitter_misc":{"Escrito por":"Telinha","Tempo estimado de leitura":"1 minuto"},"schema":{"@context":"https:\/\/schema.org","@graph":[{"@type":"Article","@id":"https:\/\/portaltela.pt\/noticias\/2026\/02\/20\/executores-do-testamento-de-epstein-propoem-pagar-21-a-30-milhoes-as-vitimas\/#article","isPartOf":{"@id":"https:\/\/portaltela.pt\/noticias\/2026\/02\/20\/executores-do-testamento-de-epstein-propoem-pagar-21-a-30-milhoes-as-vitimas\/"},"author":{"name":"Telinha","@id":"https:\/\/portaltela.pt\/#\/schema\/person\/c4278d4a6028830caff9ee44b42d32ed"},"headline":"Executores do testamento de Epstein prop\u00f5em pagar 21 a 30 milh\u00f5es \u00e0s v\u00edtimas","datePublished":"2026-02-20T10:32:00+00:00","mainEntityOfPage":{"@id":"https:\/\/portaltela.pt\/noticias\/2026\/02\/20\/executores-do-testamento-de-epstein-propoem-pagar-21-a-30-milhoes-as-vitimas\/"},"wordCount":286,"image":{"@id":"https:\/\/portaltela.pt\/noticias\/2026\/02\/20\/executores-do-testamento-de-epstein-propoem-pagar-21-a-30-milhoes-as-vitimas\/#primaryimage"},"thumbnailUrl":"https:\/\/portaltela.pt\/s.01k8rhncp4jt1\/2026\/02\/img_1500x1000uu2026-02-12-23-58-24-2266608-im-639065694191966996.jpg","keywords":["crime","crimes sexuais","explora\u00e7\u00e3o de menores dependentes ou em situa\u00e7\u00e3o vulner\u00e1vel","investiga\u00e7\u00e3o criminal","justi\u00e7a","tr\u00e1fico de menores"],"articleSection":["Not\u00edcias"],"inLanguage":"pt-PT"},{"@type":"WebPage","@id":"https:\/\/portaltela.pt\/noticias\/2026\/02\/20\/executores-do-testamento-de-epstein-propoem-pagar-21-a-30-milhoes-as-vitimas\/","url":"https:\/\/portaltela.pt\/noticias\/2026\/02\/20\/executores-do-testamento-de-epstein-propoem-pagar-21-a-30-milhoes-as-vitimas\/","name":"Executores do testamento de Epstein prop\u00f5em pagar 21 a 30 milh\u00f5es \u00e0s v\u00edtimas - Portal Tela Portugal","isPartOf":{"@id":"https:\/\/portaltela.pt\/#website"},"primaryImageOfPage":{"@id":"https:\/\/portaltela.pt\/noticias\/2026\/02\/20\/executores-do-testamento-de-epstein-propoem-pagar-21-a-30-milhoes-as-vitimas\/#primaryimage"},"image":{"@id":"https:\/\/portaltela.pt\/noticias\/2026\/02\/20\/executores-do-testamento-de-epstein-propoem-pagar-21-a-30-milhoes-as-vitimas\/#primaryimage"},"thumbnailUrl":"https:\/\/portaltela.pt\/s.01k8rhncp4jt1\/2026\/02\/img_1500x1000uu2026-02-12-23-58-24-2266608-im-639065694191966996.jpg","datePublished":"2026-02-20T10:32:00+00:00","author":{"@id":"https:\/\/portaltela.pt\/#\/schema\/person\/c4278d4a6028830caff9ee44b42d32ed"},"breadcrumb":{"@id":"https:\/\/portaltela.pt\/noticias\/2026\/02\/20\/executores-do-testamento-de-epstein-propoem-pagar-21-a-30-milhoes-as-vitimas\/#breadcrumb"},"inLanguage":"pt-PT","potentialAction":[{"@type":"ReadAction","target":["https:\/\/portaltela.pt\/noticias\/2026\/02\/20\/executores-do-testamento-de-epstein-propoem-pagar-21-a-30-milhoes-as-vitimas\/"]}]},{"@type":"ImageObject","inLanguage":"pt-PT","@id":"https:\/\/portaltela.pt\/noticias\/2026\/02\/20\/executores-do-testamento-de-epstein-propoem-pagar-21-a-30-milhoes-as-vitimas\/#primaryimage","url":"https:\/\/portaltela.pt\/s.01k8rhncp4jt1\/2026\/02\/img_1500x1000uu2026-02-12-23-58-24-2266608-im-639065694191966996.jpg","contentUrl":"https:\/\/portaltela.pt\/s.01k8rhncp4jt1\/2026\/02\/img_1500x1000uu2026-02-12-23-58-24-2266608-im-639065694191966996.jpg","width":796,"height":448,"caption":"Ghislaine Maxwell e Jeffrey Epstein com mulheres sorriem para a c\u00e2mara"},{"@type":"BreadcrumbList","@id":"https:\/\/portaltela.pt\/noticias\/2026\/02\/20\/executores-do-testamento-de-epstein-propoem-pagar-21-a-30-milhoes-as-vitimas\/#breadcrumb","itemListElement":[{"@type":"ListItem","position":1,"name":"In\u00edcio","item":"https:\/\/portaltela.pt\/"},{"@type":"ListItem","position":2,"name":"Executores do testamento de Epstein prop\u00f5em pagar 21 a 30 milh\u00f5es \u00e0s v\u00edtimas"}]},{"@type":"WebSite","@id":"https:\/\/portaltela.pt\/#website","url":"https:\/\/portaltela.pt\/","name":"Portal Tela Portugal","description":"","potentialAction":[{"@type":"SearchAction","target":{"@type":"EntryPoint","urlTemplate":"https:\/\/portaltela.pt\/?s={search_term_string}"},"query-input":{"@type":"PropertyValueSpecification","valueRequired":true,"valueName":"search_term_string"}}],"inLanguage":"pt-PT"},{"@type":"Person","@id":"https:\/\/portaltela.pt\/#\/schema\/person\/c4278d4a6028830caff9ee44b42d32ed","name":"Telinha","image":{"@type":"ImageObject","inLanguage":"pt-PT","@id":"https:\/\/portaltela.pt\/s.01k8rhncp4jt1\/2025\/11\/talking-bot-125x125.png","url":"https:\/\/portaltela.pt\/s.01k8rhncp4jt1\/2025\/11\/talking-bot-125x125.png","contentUrl":"https:\/\/portaltela.pt\/s.01k8rhncp4jt1\/2025\/11\/talking-bot-125x125.png","caption":"Telinha"},"sameAs":["https:\/\/portaltela.pt\/"],"url":"https:\/\/portaltela.pt\/por\/367410592786\/"}]}},"_links":{"self":[{"href":"https:\/\/portaltela.pt\/api\/wp\/v2\/posts\/218883","targetHints":{"allow":["GET"]}}],"collection":[{"href":"https:\/\/portaltela.pt\/api\/wp\/v2\/posts"}],"about":[{"href":"https:\/\/portaltela.pt\/api\/wp\/v2\/types\/post"}],"author":[{"embeddable":true,"href":"https:\/\/portaltela.pt\/api\/wp\/v2\/users\/2"}],"replies":[{"embeddable":true,"href":"https:\/\/portaltela.pt\/api\/wp\/v2\/comments?post=218883"}],"version-history":[{"count":0,"href":"https:\/\/portaltela.pt\/api\/wp\/v2\/posts\/218883\/revisions"}],"wp:featuredmedia":[{"embeddable":true,"href":"https:\/\/portaltela.pt\/api\/wp\/v2\/media\/218887"}],"wp:attachment":[{"href":"https:\/\/portaltela.pt\/api\/wp\/v2\/media?parent=218883"}],"wp:term":[{"taxonomy":"category","embeddable":true,"href":"https:\/\/portaltela.pt\/api\/wp\/v2\/categories?post=218883"},{"taxonomy":"post_tag","embeddable":true,"href":"https:\/\/portaltela.pt\/api\/wp\/v2\/tags?post=218883"}],"curies":[{"name":"wp","href":"https:\/\/api.w.org\/{rel}","templated":true}]}}