{"id":218881,"date":"2026-02-20T07:30:00","date_gmt":"2026-02-20T10:30:00","guid":{"rendered":"https:\/\/portaltela.pt\/noticias\/2026\/02\/20\/frase-sobre-ter-um-amigo-negro-de-lineker-e-mourinho-gera-reacao\/"},"modified":"2026-02-20T07:30:00","modified_gmt":"2026-02-20T10:30:00","slug":"frase-sobre-ter-um-amigo-negro-de-lineker-e-mourinho-gera-reacao","status":"publish","type":"post","link":"https:\/\/portaltela.pt\/desporto\/futebol\/2026\/02\/20\/frase-sobre-ter-um-amigo-negro-de-lineker-e-mourinho-gera-reacao\/","title":{"rendered":"Frase sobre ter um amigo negro de Lineker e Mourinho gera rea\u00e7\u00e3o"},"content":{"rendered":"<p>O epis\u00f3dio envolvendo Gianluca Prestianni e Vin\u00edcius J\u00fanior durante o jogo Benfica-Real Madrid, disputado no Est\u00e1dio da Luz, ganhou f\u00f3rum internacional. O alegado caso de racismo foi tema de discuss\u00e3o no podcast The Rest is Football.<\/p>\n<p>No programa, participaram Gary Lineker, Micah Richards e Alan Shearer. Lineker criticou publicamente declara\u00e7\u00f5es associadas \u00e0 mesma partida, ao comentar a imprensa e as rea\u00e7\u00f5es ao incidente que ocorreu na capital portuguesa.<\/p>\n<p>As falas que geraram pol\u00e9mica estiveram relacionadas com coment\u00e1rios feitos no final do encontro envolvendo Eus\u00e9bio da Silva Ferreira e o recinto onde a partida se realizou, segundo a an\u00e1lise apresentada no podcast. A discuss\u00e3o manteve-se centrada na linguagem utilizada e no ambiente do est\u00e1dio.<\/p>\n","protected":false},"excerpt":{"rendered":"<ul>\n<li>O epis\u00f3dio de racismo no Est\u00e1dio da Luz, entre Gianluca Prestianni e Vin\u00edcius J\u00fanior, continua a gerar discuss\u00e3o internacional.<\/li>\n<li>O tema foi debatido no podcast The Rest is Football, com a participa\u00e7\u00e3o de Gary Lineker, Micah Richards e Alan Shearer.<\/li>\n<li>Gary Lineker criticou as declara\u00e7\u00f5es associadas a Eus\u00e9bio, usando a express\u00e3o \u201cEst\u00e1dio das Trevas\u201d para o est\u00e1dio da Luz e dizendo que parecia \u201cum daqueles momentos &#8216;eu tenho um amigo negro&#8217;\u201d.<\/li>\n<li>O jogo Benfica versus Real Madrid, que terminou 0-1, foi o foco do debate sobre o incidente.<\/li>\n<li>A discuss\u00e3o envolve tamb\u00e9m a refer\u00eancia de Mourinho a Eus\u00e9bio e as rea\u00e7\u00f5es geradas nas redes e na imprensa.<\/li>\n<\/ul>\n","protected":false},"author":2,"featured_media":218882,"comment_status":"closed","ping_status":"closed","sticky":false,"template":"","format":"standard","meta":{"footnotes":""},"categories":[21,24],"tags":[1946,152,3933,32,6032,2714],"class_list":["post-218881","post","type-post","status-publish","format-standard","has-post-thumbnail","hentry","category-desporto","category-futebol","tag-benfica","tag-desporto","tag-eusebio","tag-futebol","tag-racismo","tag-real-madrid"],"yoast_head":"<!-- This site is optimized with the Yoast SEO plugin v27.2 - https:\/\/yoast.com\/product\/yoast-seo-wordpress\/ -->\n<title>Frase sobre ter um amigo negro de Lineker e Mourinho gera rea\u00e7\u00e3o - Portal Tela Portugal<\/title>\n<meta name=\"robots\" content=\"index, follow, max-snippet:-1, max-image-preview:large, max-video-preview:-1\" \/>\n<meta property=\"og:locale\" content=\"pt_PT\" \/>\n<meta property=\"og:type\" content=\"article\" \/>\n<meta property=\"og:title\" content=\"Frase sobre ter um amigo negro de Lineker e Mourinho gera rea\u00e7\u00e3o - Portal Tela Portugal\" \/>\n<meta property=\"og:description\" content=\"O epis\u00f3dio de racismo no Est\u00e1dio da Luz, entre Gianluca Prestianni e Vin\u00edcius J\u00fanior, continua a gerar discuss\u00e3o internacional. O tema foi debatido no podcast The Rest is Football, com a participa\u00e7\u00e3o de Gary Lineker, Micah Richards e Alan Shearer. Gary Lineker criticou as declara\u00e7\u00f5es associadas a Eus\u00e9bio, usando a express\u00e3o \u201cEst\u00e1dio das Trevas\u201d para o est\u00e1dio da Luz e dizendo que parecia \u201cum daqueles momentos &#039;eu tenho um amigo negro&#039;\u201d. O jogo Benfica versus Real Madrid, que terminou 0-1, foi o foco do debate sobre o incidente. A discuss\u00e3o envolve tamb\u00e9m a refer\u00eancia de Mourinho a Eus\u00e9bio e as rea\u00e7\u00f5es geradas nas redes e na imprensa.\" \/>\n<meta property=\"og:url\" content=\"https:\/\/portaltela.pt\/noticias\/2026\/02\/20\/frase-sobre-ter-um-amigo-negro-de-lineker-e-mourinho-gera-reacao\/\" \/>\n<meta property=\"og:site_name\" content=\"Portal Tela Portugal\" \/>\n<meta property=\"article:published_time\" content=\"2026-02-20T10:30:00+00:00\" \/>\n<meta name=\"author\" content=\"Telinha\" \/>\n<meta name=\"twitter:card\" content=\"summary_large_image\" \/>\n<meta name=\"twitter:label1\" content=\"Escrito por\" \/>\n\t<meta name=\"twitter:data1\" content=\"Telinha\" \/>\n\t<meta name=\"twitter:label2\" content=\"Tempo estimado de leitura\" \/>\n\t<meta name=\"twitter:data2\" content=\"1 minuto\" \/>\n<script type=\"application\/ld+json\" class=\"yoast-schema-graph\">{\"@context\":\"https:\/\/schema.org\",\"@graph\":[{\"@type\":\"Article\",\"@id\":\"https:\/\/portaltela.pt\/noticias\/2026\/02\/20\/frase-sobre-ter-um-amigo-negro-de-lineker-e-mourinho-gera-reacao\/#article\",\"isPartOf\":{\"@id\":\"https:\/\/portaltela.pt\/noticias\/2026\/02\/20\/frase-sobre-ter-um-amigo-negro-de-lineker-e-mourinho-gera-reacao\/\"},\"author\":{\"name\":\"Telinha\",\"@id\":\"https:\/\/portaltela.pt\/#\/schema\/person\/c4278d4a6028830caff9ee44b42d32ed\"},\"headline\":\"Frase sobre ter um amigo negro de Lineker e Mourinho gera rea\u00e7\u00e3o\",\"datePublished\":\"2026-02-20T10:30:00+00:00\",\"mainEntityOfPage\":{\"@id\":\"https:\/\/portaltela.pt\/noticias\/2026\/02\/20\/frase-sobre-ter-um-amigo-negro-de-lineker-e-mourinho-gera-reacao\/\"},\"wordCount\":139,\"image\":{\"@id\":\"https:\/\/portaltela.pt\/noticias\/2026\/02\/20\/frase-sobre-ter-um-amigo-negro-de-lineker-e-mourinho-gera-reacao\/#primaryimage\"},\"thumbnailUrl\":\"https:\/\/portaltela.pt\/s.01k8rhncp4jt1\/2026\/02\/img_1200x721uu2026-02-20-10-11-29-2422673.jpg\",\"keywords\":[\"Benfica\",\"desporto\",\"Eus\u00e9bio\",\"futebol\",\"racismo\",\"Real Madrid\"],\"articleSection\":[\"Desporto\",\"Futebol\"],\"inLanguage\":\"pt-PT\"},{\"@type\":\"WebPage\",\"@id\":\"https:\/\/portaltela.pt\/noticias\/2026\/02\/20\/frase-sobre-ter-um-amigo-negro-de-lineker-e-mourinho-gera-reacao\/\",\"url\":\"https:\/\/portaltela.pt\/noticias\/2026\/02\/20\/frase-sobre-ter-um-amigo-negro-de-lineker-e-mourinho-gera-reacao\/\",\"name\":\"Frase sobre ter um amigo negro de Lineker e Mourinho gera rea\u00e7\u00e3o - Portal Tela Portugal\",\"isPartOf\":{\"@id\":\"https:\/\/portaltela.pt\/#website\"},\"primaryImageOfPage\":{\"@id\":\"https:\/\/portaltela.pt\/noticias\/2026\/02\/20\/frase-sobre-ter-um-amigo-negro-de-lineker-e-mourinho-gera-reacao\/#primaryimage\"},\"image\":{\"@id\":\"https:\/\/portaltela.pt\/noticias\/2026\/02\/20\/frase-sobre-ter-um-amigo-negro-de-lineker-e-mourinho-gera-reacao\/#primaryimage\"},\"thumbnailUrl\":\"https:\/\/portaltela.pt\/s.01k8rhncp4jt1\/2026\/02\/img_1200x721uu2026-02-20-10-11-29-2422673.jpg\",\"datePublished\":\"2026-02-20T10:30:00+00:00\",\"author\":{\"@id\":\"https:\/\/portaltela.pt\/#\/schema\/person\/c4278d4a6028830caff9ee44b42d32ed\"},\"breadcrumb\":{\"@id\":\"https:\/\/portaltela.pt\/noticias\/2026\/02\/20\/frase-sobre-ter-um-amigo-negro-de-lineker-e-mourinho-gera-reacao\/#breadcrumb\"},\"inLanguage\":\"pt-PT\",\"potentialAction\":[{\"@type\":\"ReadAction\",\"target\":[\"https:\/\/portaltela.pt\/noticias\/2026\/02\/20\/frase-sobre-ter-um-amigo-negro-de-lineker-e-mourinho-gera-reacao\/\"]}]},{\"@type\":\"ImageObject\",\"inLanguage\":\"pt-PT\",\"@id\":\"https:\/\/portaltela.pt\/noticias\/2026\/02\/20\/frase-sobre-ter-um-amigo-negro-de-lineker-e-mourinho-gera-reacao\/#primaryimage\",\"url\":\"https:\/\/portaltela.pt\/s.01k8rhncp4jt1\/2026\/02\/img_1200x721uu2026-02-20-10-11-29-2422673.jpg\",\"contentUrl\":\"https:\/\/portaltela.pt\/s.01k8rhncp4jt1\/2026\/02\/img_1200x721uu2026-02-20-10-11-29-2422673.jpg\",\"width\":796,\"height\":448,\"caption\":\"Photo\"},{\"@type\":\"BreadcrumbList\",\"@id\":\"https:\/\/portaltela.pt\/noticias\/2026\/02\/20\/frase-sobre-ter-um-amigo-negro-de-lineker-e-mourinho-gera-reacao\/#breadcrumb\",\"itemListElement\":[{\"@type\":\"ListItem\",\"position\":1,\"name\":\"In\u00edcio\",\"item\":\"https:\/\/portaltela.pt\/\"},{\"@type\":\"ListItem\",\"position\":2,\"name\":\"Frase sobre ter um amigo negro de Lineker e Mourinho gera rea\u00e7\u00e3o\"}]},{\"@type\":\"WebSite\",\"@id\":\"https:\/\/portaltela.pt\/#website\",\"url\":\"https:\/\/portaltela.pt\/\",\"name\":\"Portal Tela Portugal\",\"description\":\"\",\"potentialAction\":[{\"@type\":\"SearchAction\",\"target\":{\"@type\":\"EntryPoint\",\"urlTemplate\":\"https:\/\/portaltela.pt\/?s={search_term_string}\"},\"query-input\":{\"@type\":\"PropertyValueSpecification\",\"valueRequired\":true,\"valueName\":\"search_term_string\"}}],\"inLanguage\":\"pt-PT\"},{\"@type\":\"Person\",\"@id\":\"https:\/\/portaltela.pt\/#\/schema\/person\/c4278d4a6028830caff9ee44b42d32ed\",\"name\":\"Telinha\",\"image\":{\"@type\":\"ImageObject\",\"inLanguage\":\"pt-PT\",\"@id\":\"https:\/\/portaltela.pt\/s.01k8rhncp4jt1\/2025\/11\/talking-bot-125x125.png\",\"url\":\"https:\/\/portaltela.pt\/s.01k8rhncp4jt1\/2025\/11\/talking-bot-125x125.png\",\"contentUrl\":\"https:\/\/portaltela.pt\/s.01k8rhncp4jt1\/2025\/11\/talking-bot-125x125.png\",\"caption\":\"Telinha\"},\"sameAs\":[\"https:\/\/portaltela.pt\/\"],\"url\":\"https:\/\/portaltela.pt\/por\/367410592786\/\"}]}<\/script>\n<!-- \/ Yoast SEO plugin. -->","yoast_head_json":{"title":"Frase sobre ter um amigo negro de Lineker e Mourinho gera rea\u00e7\u00e3o - Portal Tela Portugal","robots":{"index":"index","follow":"follow","max-snippet":"max-snippet:-1","max-image-preview":"max-image-preview:large","max-video-preview":"max-video-preview:-1"},"og_locale":"pt_PT","og_type":"article","og_title":"Frase sobre ter um amigo negro de Lineker e Mourinho gera rea\u00e7\u00e3o - Portal Tela Portugal","og_description":"O epis\u00f3dio de racismo no Est\u00e1dio da Luz, entre Gianluca Prestianni e Vin\u00edcius J\u00fanior, continua a gerar discuss\u00e3o internacional. O tema foi debatido no podcast The Rest is Football, com a participa\u00e7\u00e3o de Gary Lineker, Micah Richards e Alan Shearer. Gary Lineker criticou as declara\u00e7\u00f5es associadas a Eus\u00e9bio, usando a express\u00e3o \u201cEst\u00e1dio das Trevas\u201d para o est\u00e1dio da Luz e dizendo que parecia \u201cum daqueles momentos 'eu tenho um amigo negro'\u201d. O jogo Benfica versus Real Madrid, que terminou 0-1, foi o foco do debate sobre o incidente. A discuss\u00e3o envolve tamb\u00e9m a refer\u00eancia de Mourinho a Eus\u00e9bio e as rea\u00e7\u00f5es geradas nas redes e na imprensa.","og_url":"https:\/\/portaltela.pt\/noticias\/2026\/02\/20\/frase-sobre-ter-um-amigo-negro-de-lineker-e-mourinho-gera-reacao\/","og_site_name":"Portal Tela Portugal","article_published_time":"2026-02-20T10:30:00+00:00","author":"Telinha","twitter_card":"summary_large_image","twitter_misc":{"Escrito por":"Telinha","Tempo estimado de leitura":"1 minuto"},"schema":{"@context":"https:\/\/schema.org","@graph":[{"@type":"Article","@id":"https:\/\/portaltela.pt\/noticias\/2026\/02\/20\/frase-sobre-ter-um-amigo-negro-de-lineker-e-mourinho-gera-reacao\/#article","isPartOf":{"@id":"https:\/\/portaltela.pt\/noticias\/2026\/02\/20\/frase-sobre-ter-um-amigo-negro-de-lineker-e-mourinho-gera-reacao\/"},"author":{"name":"Telinha","@id":"https:\/\/portaltela.pt\/#\/schema\/person\/c4278d4a6028830caff9ee44b42d32ed"},"headline":"Frase sobre ter um amigo negro de Lineker e Mourinho gera rea\u00e7\u00e3o","datePublished":"2026-02-20T10:30:00+00:00","mainEntityOfPage":{"@id":"https:\/\/portaltela.pt\/noticias\/2026\/02\/20\/frase-sobre-ter-um-amigo-negro-de-lineker-e-mourinho-gera-reacao\/"},"wordCount":139,"image":{"@id":"https:\/\/portaltela.pt\/noticias\/2026\/02\/20\/frase-sobre-ter-um-amigo-negro-de-lineker-e-mourinho-gera-reacao\/#primaryimage"},"thumbnailUrl":"https:\/\/portaltela.pt\/s.01k8rhncp4jt1\/2026\/02\/img_1200x721uu2026-02-20-10-11-29-2422673.jpg","keywords":["Benfica","desporto","Eus\u00e9bio","futebol","racismo","Real Madrid"],"articleSection":["Desporto","Futebol"],"inLanguage":"pt-PT"},{"@type":"WebPage","@id":"https:\/\/portaltela.pt\/noticias\/2026\/02\/20\/frase-sobre-ter-um-amigo-negro-de-lineker-e-mourinho-gera-reacao\/","url":"https:\/\/portaltela.pt\/noticias\/2026\/02\/20\/frase-sobre-ter-um-amigo-negro-de-lineker-e-mourinho-gera-reacao\/","name":"Frase sobre ter um amigo negro de Lineker e Mourinho gera rea\u00e7\u00e3o - Portal Tela Portugal","isPartOf":{"@id":"https:\/\/portaltela.pt\/#website"},"primaryImageOfPage":{"@id":"https:\/\/portaltela.pt\/noticias\/2026\/02\/20\/frase-sobre-ter-um-amigo-negro-de-lineker-e-mourinho-gera-reacao\/#primaryimage"},"image":{"@id":"https:\/\/portaltela.pt\/noticias\/2026\/02\/20\/frase-sobre-ter-um-amigo-negro-de-lineker-e-mourinho-gera-reacao\/#primaryimage"},"thumbnailUrl":"https:\/\/portaltela.pt\/s.01k8rhncp4jt1\/2026\/02\/img_1200x721uu2026-02-20-10-11-29-2422673.jpg","datePublished":"2026-02-20T10:30:00+00:00","author":{"@id":"https:\/\/portaltela.pt\/#\/schema\/person\/c4278d4a6028830caff9ee44b42d32ed"},"breadcrumb":{"@id":"https:\/\/portaltela.pt\/noticias\/2026\/02\/20\/frase-sobre-ter-um-amigo-negro-de-lineker-e-mourinho-gera-reacao\/#breadcrumb"},"inLanguage":"pt-PT","potentialAction":[{"@type":"ReadAction","target":["https:\/\/portaltela.pt\/noticias\/2026\/02\/20\/frase-sobre-ter-um-amigo-negro-de-lineker-e-mourinho-gera-reacao\/"]}]},{"@type":"ImageObject","inLanguage":"pt-PT","@id":"https:\/\/portaltela.pt\/noticias\/2026\/02\/20\/frase-sobre-ter-um-amigo-negro-de-lineker-e-mourinho-gera-reacao\/#primaryimage","url":"https:\/\/portaltela.pt\/s.01k8rhncp4jt1\/2026\/02\/img_1200x721uu2026-02-20-10-11-29-2422673.jpg","contentUrl":"https:\/\/portaltela.pt\/s.01k8rhncp4jt1\/2026\/02\/img_1200x721uu2026-02-20-10-11-29-2422673.jpg","width":796,"height":448,"caption":"Photo"},{"@type":"BreadcrumbList","@id":"https:\/\/portaltela.pt\/noticias\/2026\/02\/20\/frase-sobre-ter-um-amigo-negro-de-lineker-e-mourinho-gera-reacao\/#breadcrumb","itemListElement":[{"@type":"ListItem","position":1,"name":"In\u00edcio","item":"https:\/\/portaltela.pt\/"},{"@type":"ListItem","position":2,"name":"Frase sobre ter um amigo negro de Lineker e Mourinho gera rea\u00e7\u00e3o"}]},{"@type":"WebSite","@id":"https:\/\/portaltela.pt\/#website","url":"https:\/\/portaltela.pt\/","name":"Portal Tela Portugal","description":"","potentialAction":[{"@type":"SearchAction","target":{"@type":"EntryPoint","urlTemplate":"https:\/\/portaltela.pt\/?s={search_term_string}"},"query-input":{"@type":"PropertyValueSpecification","valueRequired":true,"valueName":"search_term_string"}}],"inLanguage":"pt-PT"},{"@type":"Person","@id":"https:\/\/portaltela.pt\/#\/schema\/person\/c4278d4a6028830caff9ee44b42d32ed","name":"Telinha","image":{"@type":"ImageObject","inLanguage":"pt-PT","@id":"https:\/\/portaltela.pt\/s.01k8rhncp4jt1\/2025\/11\/talking-bot-125x125.png","url":"https:\/\/portaltela.pt\/s.01k8rhncp4jt1\/2025\/11\/talking-bot-125x125.png","contentUrl":"https:\/\/portaltela.pt\/s.01k8rhncp4jt1\/2025\/11\/talking-bot-125x125.png","caption":"Telinha"},"sameAs":["https:\/\/portaltela.pt\/"],"url":"https:\/\/portaltela.pt\/por\/367410592786\/"}]}},"_links":{"self":[{"href":"https:\/\/portaltela.pt\/api\/wp\/v2\/posts\/218881","targetHints":{"allow":["GET"]}}],"collection":[{"href":"https:\/\/portaltela.pt\/api\/wp\/v2\/posts"}],"about":[{"href":"https:\/\/portaltela.pt\/api\/wp\/v2\/types\/post"}],"author":[{"embeddable":true,"href":"https:\/\/portaltela.pt\/api\/wp\/v2\/users\/2"}],"replies":[{"embeddable":true,"href":"https:\/\/portaltela.pt\/api\/wp\/v2\/comments?post=218881"}],"version-history":[{"count":0,"href":"https:\/\/portaltela.pt\/api\/wp\/v2\/posts\/218881\/revisions"}],"wp:featuredmedia":[{"embeddable":true,"href":"https:\/\/portaltela.pt\/api\/wp\/v2\/media\/218882"}],"wp:attachment":[{"href":"https:\/\/portaltela.pt\/api\/wp\/v2\/media?parent=218881"}],"wp:term":[{"taxonomy":"category","embeddable":true,"href":"https:\/\/portaltela.pt\/api\/wp\/v2\/categories?post=218881"},{"taxonomy":"post_tag","embeddable":true,"href":"https:\/\/portaltela.pt\/api\/wp\/v2\/tags?post=218881"}],"curies":[{"name":"wp","href":"https:\/\/api.w.org\/{rel}","templated":true}]}}