{"id":218877,"date":"2026-02-20T07:37:17","date_gmt":"2026-02-20T10:37:17","guid":{"rendered":"https:\/\/portaltela.pt\/noticias\/2026\/02\/20\/milhares-continuam-sem-eletricidade-devido-ao-mau-tempo\/"},"modified":"2026-02-20T07:37:17","modified_gmt":"2026-02-20T10:37:17","slug":"milhares-continuam-sem-eletricidade-devido-ao-mau-tempo","status":"publish","type":"post","link":"https:\/\/portaltela.pt\/noticias\/2026\/02\/20\/milhares-continuam-sem-eletricidade-devido-ao-mau-tempo\/","title":{"rendered":"Milhares continuam sem eletricidade devido ao mau tempo"},"content":{"rendered":"<p>Milhares de pessoas continuam sem eletricidade devido ao mau tempo, em v\u00e1rias regi\u00f5es do pa\u00eds. A confirma\u00e7\u00e3o indica falhas na rede el\u00e9trica, sem indica\u00e7\u00e3o de prazos para restaura\u00e7\u00e3o.<\/p>\n<p>Moradores chegaram a pedir explica\u00e7\u00f5es \u00e0 E-Redes, mas at\u00e9 ao momento n\u00e3o houve resposta p\u00fablica por parte da empresa. A aus\u00eancia de informa\u00e7\u00f5es complica a gest\u00e3o de emerg\u00eancias locais.<\/p>\n<p>Relatos locais apontam que algumas \u00e1reas registam interrup\u00e7\u00f5es prolongadas, com impactos em servi\u00e7os b\u00e1sicos e atividades comerciais. O fen\u00f3meno est\u00e1 a ser monitorizado pelas autoridades competentes.<\/p>\n<h3>Protestos e pedidos de esclarecimento<\/h3>\n<p>Relatos de protestos em Marinha Grande surgem na cobertura regional, com moradores a exigir respostas r\u00e1pidas e transpar\u00eancia na gest\u00e3o da rede el\u00e9ctrica. Ainda n\u00e3o h\u00e1 confirma\u00e7\u00e3o de n\u00fameros oficiais.<\/p>\n<p>O Governo tem sido informado de forma continuada sobre a situa\u00e7\u00e3o, que exige avalia\u00e7\u00e3o de medidas emergenciais e poss\u00edveis apoios a quem ficou sem fornecimento. As autoridades n\u00e3o avan\u00e7am com prazos.<\/p>\n","protected":false},"excerpt":{"rendered":"<ul>\n<li>Milhares de pessoas permanecem sem eletricidade devido ao mau tempo.<\/li>\n<li>Os moradores pediram explica\u00e7\u00f5es \u00e0 E-Redes, mas n\u00e3o houve resposta.<\/li>\n<li>A not\u00edcia n\u00e3o informa quando o fornecimento ser\u00e1 restabelecido nem detalhes adicionais.<\/li>\n<\/ul>\n","protected":false},"author":2,"featured_media":218880,"comment_status":"closed","ping_status":"closed","sticky":false,"template":"","format":"standard","meta":{"footnotes":""},"categories":[1],"tags":[4729,5037,5928,174,4661,4643],"class_list":["post-218877","post","type-post","status-publish","format-standard","has-post-thumbnail","hentry","category-noticias","tag-abastecimento-de-energia","tag-e-redes","tag-emergencia","tag-energia","tag-interrupcoes","tag-marinha-grande"],"yoast_head":"<!-- This site is optimized with the Yoast SEO plugin v27.2 - https:\/\/yoast.com\/product\/yoast-seo-wordpress\/ -->\n<title>Milhares continuam sem eletricidade devido ao mau tempo - Portal Tela Portugal<\/title>\n<meta name=\"robots\" content=\"index, follow, max-snippet:-1, max-image-preview:large, max-video-preview:-1\" \/>\n<meta property=\"og:locale\" content=\"pt_PT\" \/>\n<meta property=\"og:type\" content=\"article\" \/>\n<meta property=\"og:title\" content=\"Milhares continuam sem eletricidade devido ao mau tempo - Portal Tela Portugal\" \/>\n<meta property=\"og:description\" content=\"Milhares de pessoas permanecem sem eletricidade devido ao mau tempo. Os moradores pediram explica\u00e7\u00f5es \u00e0 E-Redes, mas n\u00e3o houve resposta. A not\u00edcia n\u00e3o informa quando o fornecimento ser\u00e1 restabelecido nem detalhes adicionais.\" \/>\n<meta property=\"og:url\" content=\"https:\/\/portaltela.pt\/noticias\/2026\/02\/20\/milhares-continuam-sem-eletricidade-devido-ao-mau-tempo\/\" \/>\n<meta property=\"og:site_name\" content=\"Portal Tela Portugal\" \/>\n<meta property=\"article:published_time\" content=\"2026-02-20T10:37:17+00:00\" \/>\n<meta name=\"author\" content=\"Telinha\" \/>\n<meta name=\"twitter:card\" content=\"summary_large_image\" \/>\n<meta name=\"twitter:label1\" content=\"Escrito por\" \/>\n\t<meta name=\"twitter:data1\" content=\"Telinha\" \/>\n\t<meta name=\"twitter:label2\" content=\"Tempo estimado de leitura\" \/>\n\t<meta name=\"twitter:data2\" content=\"1 minuto\" \/>\n<script type=\"application\/ld+json\" class=\"yoast-schema-graph\">{\"@context\":\"https:\/\/schema.org\",\"@graph\":[{\"@type\":\"Article\",\"@id\":\"https:\/\/portaltela.pt\/noticias\/2026\/02\/20\/milhares-continuam-sem-eletricidade-devido-ao-mau-tempo\/#article\",\"isPartOf\":{\"@id\":\"https:\/\/portaltela.pt\/noticias\/2026\/02\/20\/milhares-continuam-sem-eletricidade-devido-ao-mau-tempo\/\"},\"author\":{\"name\":\"Telinha\",\"@id\":\"https:\/\/portaltela.pt\/#\/schema\/person\/c4278d4a6028830caff9ee44b42d32ed\"},\"headline\":\"Milhares continuam sem eletricidade devido ao mau tempo\",\"datePublished\":\"2026-02-20T10:37:17+00:00\",\"mainEntityOfPage\":{\"@id\":\"https:\/\/portaltela.pt\/noticias\/2026\/02\/20\/milhares-continuam-sem-eletricidade-devido-ao-mau-tempo\/\"},\"wordCount\":186,\"image\":{\"@id\":\"https:\/\/portaltela.pt\/noticias\/2026\/02\/20\/milhares-continuam-sem-eletricidade-devido-ao-mau-tempo\/#primaryimage\"},\"thumbnailUrl\":\"https:\/\/portaltela.pt\/s.01k8rhncp4jt1\/2026\/02\/img_1280x722uu2026-02-20-10-37-03-2267872.jpg\",\"keywords\":[\"abastecimento de energia\",\"E-Redes\",\"emerg\u00eancia\",\"energia\",\"interrup\u00e7\u00f5es\",\"Marinha Grande\"],\"articleSection\":[\"Not\u00edcias\"],\"inLanguage\":\"pt-PT\"},{\"@type\":\"WebPage\",\"@id\":\"https:\/\/portaltela.pt\/noticias\/2026\/02\/20\/milhares-continuam-sem-eletricidade-devido-ao-mau-tempo\/\",\"url\":\"https:\/\/portaltela.pt\/noticias\/2026\/02\/20\/milhares-continuam-sem-eletricidade-devido-ao-mau-tempo\/\",\"name\":\"Milhares continuam sem eletricidade devido ao mau tempo - Portal Tela Portugal\",\"isPartOf\":{\"@id\":\"https:\/\/portaltela.pt\/#website\"},\"primaryImageOfPage\":{\"@id\":\"https:\/\/portaltela.pt\/noticias\/2026\/02\/20\/milhares-continuam-sem-eletricidade-devido-ao-mau-tempo\/#primaryimage\"},\"image\":{\"@id\":\"https:\/\/portaltela.pt\/noticias\/2026\/02\/20\/milhares-continuam-sem-eletricidade-devido-ao-mau-tempo\/#primaryimage\"},\"thumbnailUrl\":\"https:\/\/portaltela.pt\/s.01k8rhncp4jt1\/2026\/02\/img_1280x722uu2026-02-20-10-37-03-2267872.jpg\",\"datePublished\":\"2026-02-20T10:37:17+00:00\",\"author\":{\"@id\":\"https:\/\/portaltela.pt\/#\/schema\/person\/c4278d4a6028830caff9ee44b42d32ed\"},\"breadcrumb\":{\"@id\":\"https:\/\/portaltela.pt\/noticias\/2026\/02\/20\/milhares-continuam-sem-eletricidade-devido-ao-mau-tempo\/#breadcrumb\"},\"inLanguage\":\"pt-PT\",\"potentialAction\":[{\"@type\":\"ReadAction\",\"target\":[\"https:\/\/portaltela.pt\/noticias\/2026\/02\/20\/milhares-continuam-sem-eletricidade-devido-ao-mau-tempo\/\"]}]},{\"@type\":\"ImageObject\",\"inLanguage\":\"pt-PT\",\"@id\":\"https:\/\/portaltela.pt\/noticias\/2026\/02\/20\/milhares-continuam-sem-eletricidade-devido-ao-mau-tempo\/#primaryimage\",\"url\":\"https:\/\/portaltela.pt\/s.01k8rhncp4jt1\/2026\/02\/img_1280x722uu2026-02-20-10-37-03-2267872.jpg\",\"contentUrl\":\"https:\/\/portaltela.pt\/s.01k8rhncp4jt1\/2026\/02\/img_1280x722uu2026-02-20-10-37-03-2267872.jpg\",\"width\":796,\"height\":448,\"caption\":\"\u201cEle deu informa\u00e7\u00f5es confidenciais\u201d: Trump reage a declara\u00e7\u00f5es de Obama sobre a exist\u00eancia de extraterrestres\"},{\"@type\":\"BreadcrumbList\",\"@id\":\"https:\/\/portaltela.pt\/noticias\/2026\/02\/20\/milhares-continuam-sem-eletricidade-devido-ao-mau-tempo\/#breadcrumb\",\"itemListElement\":[{\"@type\":\"ListItem\",\"position\":1,\"name\":\"In\u00edcio\",\"item\":\"https:\/\/portaltela.pt\/\"},{\"@type\":\"ListItem\",\"position\":2,\"name\":\"Milhares continuam sem eletricidade devido ao mau tempo\"}]},{\"@type\":\"WebSite\",\"@id\":\"https:\/\/portaltela.pt\/#website\",\"url\":\"https:\/\/portaltela.pt\/\",\"name\":\"Portal Tela Portugal\",\"description\":\"\",\"potentialAction\":[{\"@type\":\"SearchAction\",\"target\":{\"@type\":\"EntryPoint\",\"urlTemplate\":\"https:\/\/portaltela.pt\/?s={search_term_string}\"},\"query-input\":{\"@type\":\"PropertyValueSpecification\",\"valueRequired\":true,\"valueName\":\"search_term_string\"}}],\"inLanguage\":\"pt-PT\"},{\"@type\":\"Person\",\"@id\":\"https:\/\/portaltela.pt\/#\/schema\/person\/c4278d4a6028830caff9ee44b42d32ed\",\"name\":\"Telinha\",\"image\":{\"@type\":\"ImageObject\",\"inLanguage\":\"pt-PT\",\"@id\":\"https:\/\/portaltela.pt\/s.01k8rhncp4jt1\/2025\/11\/talking-bot-125x125.png\",\"url\":\"https:\/\/portaltela.pt\/s.01k8rhncp4jt1\/2025\/11\/talking-bot-125x125.png\",\"contentUrl\":\"https:\/\/portaltela.pt\/s.01k8rhncp4jt1\/2025\/11\/talking-bot-125x125.png\",\"caption\":\"Telinha\"},\"sameAs\":[\"https:\/\/portaltela.pt\/\"],\"url\":\"https:\/\/portaltela.pt\/por\/367410592786\/\"}]}<\/script>\n<!-- \/ Yoast SEO plugin. -->","yoast_head_json":{"title":"Milhares continuam sem eletricidade devido ao mau tempo - Portal Tela Portugal","robots":{"index":"index","follow":"follow","max-snippet":"max-snippet:-1","max-image-preview":"max-image-preview:large","max-video-preview":"max-video-preview:-1"},"og_locale":"pt_PT","og_type":"article","og_title":"Milhares continuam sem eletricidade devido ao mau tempo - Portal Tela Portugal","og_description":"Milhares de pessoas permanecem sem eletricidade devido ao mau tempo. Os moradores pediram explica\u00e7\u00f5es \u00e0 E-Redes, mas n\u00e3o houve resposta. A not\u00edcia n\u00e3o informa quando o fornecimento ser\u00e1 restabelecido nem detalhes adicionais.","og_url":"https:\/\/portaltela.pt\/noticias\/2026\/02\/20\/milhares-continuam-sem-eletricidade-devido-ao-mau-tempo\/","og_site_name":"Portal Tela Portugal","article_published_time":"2026-02-20T10:37:17+00:00","author":"Telinha","twitter_card":"summary_large_image","twitter_misc":{"Escrito por":"Telinha","Tempo estimado de leitura":"1 minuto"},"schema":{"@context":"https:\/\/schema.org","@graph":[{"@type":"Article","@id":"https:\/\/portaltela.pt\/noticias\/2026\/02\/20\/milhares-continuam-sem-eletricidade-devido-ao-mau-tempo\/#article","isPartOf":{"@id":"https:\/\/portaltela.pt\/noticias\/2026\/02\/20\/milhares-continuam-sem-eletricidade-devido-ao-mau-tempo\/"},"author":{"name":"Telinha","@id":"https:\/\/portaltela.pt\/#\/schema\/person\/c4278d4a6028830caff9ee44b42d32ed"},"headline":"Milhares continuam sem eletricidade devido ao mau tempo","datePublished":"2026-02-20T10:37:17+00:00","mainEntityOfPage":{"@id":"https:\/\/portaltela.pt\/noticias\/2026\/02\/20\/milhares-continuam-sem-eletricidade-devido-ao-mau-tempo\/"},"wordCount":186,"image":{"@id":"https:\/\/portaltela.pt\/noticias\/2026\/02\/20\/milhares-continuam-sem-eletricidade-devido-ao-mau-tempo\/#primaryimage"},"thumbnailUrl":"https:\/\/portaltela.pt\/s.01k8rhncp4jt1\/2026\/02\/img_1280x722uu2026-02-20-10-37-03-2267872.jpg","keywords":["abastecimento de energia","E-Redes","emerg\u00eancia","energia","interrup\u00e7\u00f5es","Marinha Grande"],"articleSection":["Not\u00edcias"],"inLanguage":"pt-PT"},{"@type":"WebPage","@id":"https:\/\/portaltela.pt\/noticias\/2026\/02\/20\/milhares-continuam-sem-eletricidade-devido-ao-mau-tempo\/","url":"https:\/\/portaltela.pt\/noticias\/2026\/02\/20\/milhares-continuam-sem-eletricidade-devido-ao-mau-tempo\/","name":"Milhares continuam sem eletricidade devido ao mau tempo - Portal Tela Portugal","isPartOf":{"@id":"https:\/\/portaltela.pt\/#website"},"primaryImageOfPage":{"@id":"https:\/\/portaltela.pt\/noticias\/2026\/02\/20\/milhares-continuam-sem-eletricidade-devido-ao-mau-tempo\/#primaryimage"},"image":{"@id":"https:\/\/portaltela.pt\/noticias\/2026\/02\/20\/milhares-continuam-sem-eletricidade-devido-ao-mau-tempo\/#primaryimage"},"thumbnailUrl":"https:\/\/portaltela.pt\/s.01k8rhncp4jt1\/2026\/02\/img_1280x722uu2026-02-20-10-37-03-2267872.jpg","datePublished":"2026-02-20T10:37:17+00:00","author":{"@id":"https:\/\/portaltela.pt\/#\/schema\/person\/c4278d4a6028830caff9ee44b42d32ed"},"breadcrumb":{"@id":"https:\/\/portaltela.pt\/noticias\/2026\/02\/20\/milhares-continuam-sem-eletricidade-devido-ao-mau-tempo\/#breadcrumb"},"inLanguage":"pt-PT","potentialAction":[{"@type":"ReadAction","target":["https:\/\/portaltela.pt\/noticias\/2026\/02\/20\/milhares-continuam-sem-eletricidade-devido-ao-mau-tempo\/"]}]},{"@type":"ImageObject","inLanguage":"pt-PT","@id":"https:\/\/portaltela.pt\/noticias\/2026\/02\/20\/milhares-continuam-sem-eletricidade-devido-ao-mau-tempo\/#primaryimage","url":"https:\/\/portaltela.pt\/s.01k8rhncp4jt1\/2026\/02\/img_1280x722uu2026-02-20-10-37-03-2267872.jpg","contentUrl":"https:\/\/portaltela.pt\/s.01k8rhncp4jt1\/2026\/02\/img_1280x722uu2026-02-20-10-37-03-2267872.jpg","width":796,"height":448,"caption":"\u201cEle deu informa\u00e7\u00f5es confidenciais\u201d: Trump reage a declara\u00e7\u00f5es de Obama sobre a exist\u00eancia de extraterrestres"},{"@type":"BreadcrumbList","@id":"https:\/\/portaltela.pt\/noticias\/2026\/02\/20\/milhares-continuam-sem-eletricidade-devido-ao-mau-tempo\/#breadcrumb","itemListElement":[{"@type":"ListItem","position":1,"name":"In\u00edcio","item":"https:\/\/portaltela.pt\/"},{"@type":"ListItem","position":2,"name":"Milhares continuam sem eletricidade devido ao mau tempo"}]},{"@type":"WebSite","@id":"https:\/\/portaltela.pt\/#website","url":"https:\/\/portaltela.pt\/","name":"Portal Tela Portugal","description":"","potentialAction":[{"@type":"SearchAction","target":{"@type":"EntryPoint","urlTemplate":"https:\/\/portaltela.pt\/?s={search_term_string}"},"query-input":{"@type":"PropertyValueSpecification","valueRequired":true,"valueName":"search_term_string"}}],"inLanguage":"pt-PT"},{"@type":"Person","@id":"https:\/\/portaltela.pt\/#\/schema\/person\/c4278d4a6028830caff9ee44b42d32ed","name":"Telinha","image":{"@type":"ImageObject","inLanguage":"pt-PT","@id":"https:\/\/portaltela.pt\/s.01k8rhncp4jt1\/2025\/11\/talking-bot-125x125.png","url":"https:\/\/portaltela.pt\/s.01k8rhncp4jt1\/2025\/11\/talking-bot-125x125.png","contentUrl":"https:\/\/portaltela.pt\/s.01k8rhncp4jt1\/2025\/11\/talking-bot-125x125.png","caption":"Telinha"},"sameAs":["https:\/\/portaltela.pt\/"],"url":"https:\/\/portaltela.pt\/por\/367410592786\/"}]}},"_links":{"self":[{"href":"https:\/\/portaltela.pt\/api\/wp\/v2\/posts\/218877","targetHints":{"allow":["GET"]}}],"collection":[{"href":"https:\/\/portaltela.pt\/api\/wp\/v2\/posts"}],"about":[{"href":"https:\/\/portaltela.pt\/api\/wp\/v2\/types\/post"}],"author":[{"embeddable":true,"href":"https:\/\/portaltela.pt\/api\/wp\/v2\/users\/2"}],"replies":[{"embeddable":true,"href":"https:\/\/portaltela.pt\/api\/wp\/v2\/comments?post=218877"}],"version-history":[{"count":0,"href":"https:\/\/portaltela.pt\/api\/wp\/v2\/posts\/218877\/revisions"}],"wp:featuredmedia":[{"embeddable":true,"href":"https:\/\/portaltela.pt\/api\/wp\/v2\/media\/218880"}],"wp:attachment":[{"href":"https:\/\/portaltela.pt\/api\/wp\/v2\/media?parent=218877"}],"wp:term":[{"taxonomy":"category","embeddable":true,"href":"https:\/\/portaltela.pt\/api\/wp\/v2\/categories?post=218877"},{"taxonomy":"post_tag","embeddable":true,"href":"https:\/\/portaltela.pt\/api\/wp\/v2\/tags?post=218877"}],"curies":[{"name":"wp","href":"https:\/\/api.w.org\/{rel}","templated":true}]}}