{"id":218828,"date":"2026-02-20T07:02:12","date_gmt":"2026-02-20T10:02:12","guid":{"rendered":"https:\/\/portaltela.pt\/noticias\/2026\/02\/20\/relatora-da-onu-para-os-territorios-palestinianos-mantem-cargo-apos-reacao-da-franca\/"},"modified":"2026-02-20T07:02:12","modified_gmt":"2026-02-20T10:02:12","slug":"relatora-da-onu-para-os-territorios-palestinianos-mantem-cargo-apos-reacao-da-franca","status":"publish","type":"post","link":"https:\/\/portaltela.pt\/noticias\/2026\/02\/20\/relatora-da-onu-para-os-territorios-palestinianos-mantem-cargo-apos-reacao-da-franca\/","title":{"rendered":"Relatora da ONU para os Territ\u00f3rios Palestinianos mant\u00e9m cargo ap\u00f3s rea\u00e7\u00e3o da Fran\u00e7a"},"content":{"rendered":"<p>Francesca Albanese, relatora especial da ONU para os Territ\u00f3rios Palestinianos, afirmou, numa entrevista ao Europe Today da Euronews, na sexta-feira, que n\u00e3o se demite. A posi\u00e7\u00e3o ocorre pese a rea\u00e7\u00e3o de Fran\u00e7a e a press\u00e3o de demiss\u00e3o difundida pela Europa.<\/p>\n<p>A autora do relat\u00f3rio destaca ter a confian\u00e7a do Conselho dos Direitos Humanos da ONU. Alemanha, Fran\u00e7a e Ch\u00e9quia lideram o recado para que abandone o cargo, alegando um alegado coment\u00e1rio antissemita sobre Israel, ao qual ela nega ter contribu\u00eddo, atribuindo a difus\u00e3o de desinforma\u00e7\u00e3o.<\/p>\n<p>O trabalho da relatora condena dezenas de pa\u00edses, incluindo a Fran\u00e7a, pelo apoio pol\u00edtico, estrat\u00e9gico e militar a Israel, como previsto nos seus relat\u00f3rios. Albanese diz que o foco deve recair sobre esses resultados, n\u00e3o sobre sua pessoa.<\/p>\n<h3>Controv\u00e9rsia e verifica\u00e7\u00e3o<\/h3>\n<p>Um grupo de deputados franceses enviou uma carta ao ministro dos Neg\u00f3cios Estrangeiros para destacar o alegado coment\u00e1rio. A den\u00fancia baseia-se em v\u00eddeos apresentados na Al Jazeera, que se revelou uma montagem em parte.<\/p>\n<p>Foi verificado que um dos v\u00eddeos foi editado com recurso a intelig\u00eancia artificial, levantando d\u00favidas sobre a veracidade das acusa\u00e7\u00f5es apresentadas contra Albanese. A situa\u00e7\u00e3o gerou desinforma\u00e7\u00e3o dirigida a alega.<\/p>\n<p>Outro v\u00eddeo circulou com alega\u00e7\u00f5es de que o apoio a Israel, os algoritmos de difus\u00e3o e as armas constituem o inimigo comum da humanidade, o que os apoiantes da relatora classificam como difama\u00e7\u00e3o pol\u00edtica.<\/p>\n","protected":false},"excerpt":{"rendered":"<ul>\n<li>A relatora especial da ONU para os Territ\u00f3rios Palestinianos, Francesca Albanese, afirma que n\u00e3o se demite, mantendo a confian\u00e7a do Conselho dos Direitos Humanos.<\/li>\n<li>Em entrevista \u00e0 Euronews, Albanese rejeita acusa\u00e7\u00f5es de antisemitismo, dizendo que s\u00e3o rid\u00edculas e visam distrair dos sete relat\u00f3rios que condenaram 62 Estados, incluindo Fran\u00e7a, pelo apoio a Israel.<\/li>\n<li>Alemanha, Fran\u00e7a e Ch\u00e9quia t\u00eam pedido a demiss\u00e3o de Albanese desde a semana passada.<\/li>\n<li>A pol\u00e9mica come\u00e7ou ap\u00f3s uma carta de deputadas francesas ao ministro dos Neg\u00f3cios Estrangeiros, Barrot, alegando que Albanese descreveu Israel como inimigo da humanidade, numa sess\u00e3o da Al Jazeera; dois v\u00eddeos foram citados, e um deles revelou-se falso.<\/li>\n<li>Os apoiantes de Albanese dizem que est\u00e1 a ser alvo de difama\u00e7\u00e3o e descrevem-na como a \u00faltima barreira \u00e0 impunidade de Israel.<\/li>\n<\/ul>\n","protected":false},"author":2,"featured_media":218830,"comment_status":"closed","ping_status":"closed","sticky":false,"template":"","format":"standard","meta":{"footnotes":""},"categories":[1],"tags":[1383,1469,2633,1856,5123,5542],"class_list":["post-218828","post","type-post","status-publish","format-standard","has-post-thumbnail","hentry","category-noticias","tag-antissemitismo","tag-desinformacao","tag-direitos-humanos","tag-franca","tag-onu","tag-territorios"],"yoast_head":"<!-- This site is optimized with the Yoast SEO plugin v27.2 - https:\/\/yoast.com\/product\/yoast-seo-wordpress\/ -->\n<title>Relatora da ONU para os Territ\u00f3rios Palestinianos mant\u00e9m cargo ap\u00f3s rea\u00e7\u00e3o da Fran\u00e7a - Portal Tela Portugal<\/title>\n<meta name=\"robots\" content=\"index, follow, max-snippet:-1, max-image-preview:large, max-video-preview:-1\" \/>\n<meta property=\"og:locale\" content=\"pt_PT\" \/>\n<meta property=\"og:type\" content=\"article\" \/>\n<meta property=\"og:title\" content=\"Relatora da ONU para os Territ\u00f3rios Palestinianos mant\u00e9m cargo ap\u00f3s rea\u00e7\u00e3o da Fran\u00e7a - Portal Tela Portugal\" \/>\n<meta property=\"og:description\" content=\"A relatora especial da ONU para os Territ\u00f3rios Palestinianos, Francesca Albanese, afirma que n\u00e3o se demite, mantendo a confian\u00e7a do Conselho dos Direitos Humanos. Em entrevista \u00e0 Euronews, Albanese rejeita acusa\u00e7\u00f5es de antisemitismo, dizendo que s\u00e3o rid\u00edculas e visam distrair dos sete relat\u00f3rios que condenaram 62 Estados, incluindo Fran\u00e7a, pelo apoio a Israel. Alemanha, Fran\u00e7a e Ch\u00e9quia t\u00eam pedido a demiss\u00e3o de Albanese desde a semana passada. A pol\u00e9mica come\u00e7ou ap\u00f3s uma carta de deputadas francesas ao ministro dos Neg\u00f3cios Estrangeiros, Barrot, alegando que Albanese descreveu Israel como inimigo da humanidade, numa sess\u00e3o da Al Jazeera; dois v\u00eddeos foram citados, e um deles revelou-se falso. Os apoiantes de Albanese dizem que est\u00e1 a ser alvo de difama\u00e7\u00e3o e descrevem-na como a \u00faltima barreira \u00e0 impunidade de Israel.\" \/>\n<meta property=\"og:url\" content=\"https:\/\/portaltela.pt\/noticias\/2026\/02\/20\/relatora-da-onu-para-os-territorios-palestinianos-mantem-cargo-apos-reacao-da-franca\/\" \/>\n<meta property=\"og:site_name\" content=\"Portal Tela Portugal\" \/>\n<meta property=\"article:published_time\" content=\"2026-02-20T10:02:12+00:00\" \/>\n<meta name=\"author\" content=\"Telinha\" \/>\n<meta name=\"twitter:card\" content=\"summary_large_image\" \/>\n<meta name=\"twitter:label1\" content=\"Escrito por\" \/>\n\t<meta name=\"twitter:data1\" content=\"Telinha\" \/>\n\t<meta name=\"twitter:label2\" content=\"Tempo estimado de leitura\" \/>\n\t<meta name=\"twitter:data2\" content=\"1 minuto\" \/>\n<script type=\"application\/ld+json\" class=\"yoast-schema-graph\">{\"@context\":\"https:\/\/schema.org\",\"@graph\":[{\"@type\":\"Article\",\"@id\":\"https:\/\/portaltela.pt\/noticias\/2026\/02\/20\/relatora-da-onu-para-os-territorios-palestinianos-mantem-cargo-apos-reacao-da-franca\/#article\",\"isPartOf\":{\"@id\":\"https:\/\/portaltela.pt\/noticias\/2026\/02\/20\/relatora-da-onu-para-os-territorios-palestinianos-mantem-cargo-apos-reacao-da-franca\/\"},\"author\":{\"name\":\"Telinha\",\"@id\":\"https:\/\/portaltela.pt\/#\/schema\/person\/c4278d4a6028830caff9ee44b42d32ed\"},\"headline\":\"Relatora da ONU para os Territ\u00f3rios Palestinianos mant\u00e9m cargo ap\u00f3s rea\u00e7\u00e3o da Fran\u00e7a\",\"datePublished\":\"2026-02-20T10:02:12+00:00\",\"mainEntityOfPage\":{\"@id\":\"https:\/\/portaltela.pt\/noticias\/2026\/02\/20\/relatora-da-onu-para-os-territorios-palestinianos-mantem-cargo-apos-reacao-da-franca\/\"},\"wordCount\":280,\"image\":{\"@id\":\"https:\/\/portaltela.pt\/noticias\/2026\/02\/20\/relatora-da-onu-para-os-territorios-palestinianos-mantem-cargo-apos-reacao-da-franca\/#primaryimage\"},\"thumbnailUrl\":\"https:\/\/portaltela.pt\/s.01k8rhncp4jt1\/2026\/02\/1536x864_cmsv2_fa538e8b-7584-58a3-8cf8-4b27b0b75817-9648505.jpg\",\"keywords\":[\"antissemitismo\",\"desinforma\u00e7\u00e3o\",\"direitos humanos\",\"Fran\u00e7a\",\"ONU\",\"Territ\u00f3rios\"],\"articleSection\":[\"Not\u00edcias\"],\"inLanguage\":\"pt-PT\"},{\"@type\":\"WebPage\",\"@id\":\"https:\/\/portaltela.pt\/noticias\/2026\/02\/20\/relatora-da-onu-para-os-territorios-palestinianos-mantem-cargo-apos-reacao-da-franca\/\",\"url\":\"https:\/\/portaltela.pt\/noticias\/2026\/02\/20\/relatora-da-onu-para-os-territorios-palestinianos-mantem-cargo-apos-reacao-da-franca\/\",\"name\":\"Relatora da ONU para os Territ\u00f3rios Palestinianos mant\u00e9m cargo ap\u00f3s rea\u00e7\u00e3o da Fran\u00e7a - Portal Tela Portugal\",\"isPartOf\":{\"@id\":\"https:\/\/portaltela.pt\/#website\"},\"primaryImageOfPage\":{\"@id\":\"https:\/\/portaltela.pt\/noticias\/2026\/02\/20\/relatora-da-onu-para-os-territorios-palestinianos-mantem-cargo-apos-reacao-da-franca\/#primaryimage\"},\"image\":{\"@id\":\"https:\/\/portaltela.pt\/noticias\/2026\/02\/20\/relatora-da-onu-para-os-territorios-palestinianos-mantem-cargo-apos-reacao-da-franca\/#primaryimage\"},\"thumbnailUrl\":\"https:\/\/portaltela.pt\/s.01k8rhncp4jt1\/2026\/02\/1536x864_cmsv2_fa538e8b-7584-58a3-8cf8-4b27b0b75817-9648505.jpg\",\"datePublished\":\"2026-02-20T10:02:12+00:00\",\"author\":{\"@id\":\"https:\/\/portaltela.pt\/#\/schema\/person\/c4278d4a6028830caff9ee44b42d32ed\"},\"breadcrumb\":{\"@id\":\"https:\/\/portaltela.pt\/noticias\/2026\/02\/20\/relatora-da-onu-para-os-territorios-palestinianos-mantem-cargo-apos-reacao-da-franca\/#breadcrumb\"},\"inLanguage\":\"pt-PT\",\"potentialAction\":[{\"@type\":\"ReadAction\",\"target\":[\"https:\/\/portaltela.pt\/noticias\/2026\/02\/20\/relatora-da-onu-para-os-territorios-palestinianos-mantem-cargo-apos-reacao-da-franca\/\"]}]},{\"@type\":\"ImageObject\",\"inLanguage\":\"pt-PT\",\"@id\":\"https:\/\/portaltela.pt\/noticias\/2026\/02\/20\/relatora-da-onu-para-os-territorios-palestinianos-mantem-cargo-apos-reacao-da-franca\/#primaryimage\",\"url\":\"https:\/\/portaltela.pt\/s.01k8rhncp4jt1\/2026\/02\/1536x864_cmsv2_fa538e8b-7584-58a3-8cf8-4b27b0b75817-9648505.jpg\",\"contentUrl\":\"https:\/\/portaltela.pt\/s.01k8rhncp4jt1\/2026\/02\/1536x864_cmsv2_fa538e8b-7584-58a3-8cf8-4b27b0b75817-9648505.jpg\",\"width\":796,\"height\":448,\"caption\":\"Francesca Albanese em 2025\"},{\"@type\":\"BreadcrumbList\",\"@id\":\"https:\/\/portaltela.pt\/noticias\/2026\/02\/20\/relatora-da-onu-para-os-territorios-palestinianos-mantem-cargo-apos-reacao-da-franca\/#breadcrumb\",\"itemListElement\":[{\"@type\":\"ListItem\",\"position\":1,\"name\":\"In\u00edcio\",\"item\":\"https:\/\/portaltela.pt\/\"},{\"@type\":\"ListItem\",\"position\":2,\"name\":\"Relatora da ONU para os Territ\u00f3rios Palestinianos mant\u00e9m cargo ap\u00f3s rea\u00e7\u00e3o da Fran\u00e7a\"}]},{\"@type\":\"WebSite\",\"@id\":\"https:\/\/portaltela.pt\/#website\",\"url\":\"https:\/\/portaltela.pt\/\",\"name\":\"Portal Tela Portugal\",\"description\":\"\",\"potentialAction\":[{\"@type\":\"SearchAction\",\"target\":{\"@type\":\"EntryPoint\",\"urlTemplate\":\"https:\/\/portaltela.pt\/?s={search_term_string}\"},\"query-input\":{\"@type\":\"PropertyValueSpecification\",\"valueRequired\":true,\"valueName\":\"search_term_string\"}}],\"inLanguage\":\"pt-PT\"},{\"@type\":\"Person\",\"@id\":\"https:\/\/portaltela.pt\/#\/schema\/person\/c4278d4a6028830caff9ee44b42d32ed\",\"name\":\"Telinha\",\"image\":{\"@type\":\"ImageObject\",\"inLanguage\":\"pt-PT\",\"@id\":\"https:\/\/portaltela.pt\/s.01k8rhncp4jt1\/2025\/11\/talking-bot-125x125.png\",\"url\":\"https:\/\/portaltela.pt\/s.01k8rhncp4jt1\/2025\/11\/talking-bot-125x125.png\",\"contentUrl\":\"https:\/\/portaltela.pt\/s.01k8rhncp4jt1\/2025\/11\/talking-bot-125x125.png\",\"caption\":\"Telinha\"},\"sameAs\":[\"https:\/\/portaltela.pt\/\"],\"url\":\"https:\/\/portaltela.pt\/por\/367410592786\/\"}]}<\/script>\n<!-- \/ Yoast SEO plugin. -->","yoast_head_json":{"title":"Relatora da ONU para os Territ\u00f3rios Palestinianos mant\u00e9m cargo ap\u00f3s rea\u00e7\u00e3o da Fran\u00e7a - Portal Tela Portugal","robots":{"index":"index","follow":"follow","max-snippet":"max-snippet:-1","max-image-preview":"max-image-preview:large","max-video-preview":"max-video-preview:-1"},"og_locale":"pt_PT","og_type":"article","og_title":"Relatora da ONU para os Territ\u00f3rios Palestinianos mant\u00e9m cargo ap\u00f3s rea\u00e7\u00e3o da Fran\u00e7a - Portal Tela Portugal","og_description":"A relatora especial da ONU para os Territ\u00f3rios Palestinianos, Francesca Albanese, afirma que n\u00e3o se demite, mantendo a confian\u00e7a do Conselho dos Direitos Humanos. Em entrevista \u00e0 Euronews, Albanese rejeita acusa\u00e7\u00f5es de antisemitismo, dizendo que s\u00e3o rid\u00edculas e visam distrair dos sete relat\u00f3rios que condenaram 62 Estados, incluindo Fran\u00e7a, pelo apoio a Israel. Alemanha, Fran\u00e7a e Ch\u00e9quia t\u00eam pedido a demiss\u00e3o de Albanese desde a semana passada. A pol\u00e9mica come\u00e7ou ap\u00f3s uma carta de deputadas francesas ao ministro dos Neg\u00f3cios Estrangeiros, Barrot, alegando que Albanese descreveu Israel como inimigo da humanidade, numa sess\u00e3o da Al Jazeera; dois v\u00eddeos foram citados, e um deles revelou-se falso. Os apoiantes de Albanese dizem que est\u00e1 a ser alvo de difama\u00e7\u00e3o e descrevem-na como a \u00faltima barreira \u00e0 impunidade de Israel.","og_url":"https:\/\/portaltela.pt\/noticias\/2026\/02\/20\/relatora-da-onu-para-os-territorios-palestinianos-mantem-cargo-apos-reacao-da-franca\/","og_site_name":"Portal Tela Portugal","article_published_time":"2026-02-20T10:02:12+00:00","author":"Telinha","twitter_card":"summary_large_image","twitter_misc":{"Escrito por":"Telinha","Tempo estimado de leitura":"1 minuto"},"schema":{"@context":"https:\/\/schema.org","@graph":[{"@type":"Article","@id":"https:\/\/portaltela.pt\/noticias\/2026\/02\/20\/relatora-da-onu-para-os-territorios-palestinianos-mantem-cargo-apos-reacao-da-franca\/#article","isPartOf":{"@id":"https:\/\/portaltela.pt\/noticias\/2026\/02\/20\/relatora-da-onu-para-os-territorios-palestinianos-mantem-cargo-apos-reacao-da-franca\/"},"author":{"name":"Telinha","@id":"https:\/\/portaltela.pt\/#\/schema\/person\/c4278d4a6028830caff9ee44b42d32ed"},"headline":"Relatora da ONU para os Territ\u00f3rios Palestinianos mant\u00e9m cargo ap\u00f3s rea\u00e7\u00e3o da Fran\u00e7a","datePublished":"2026-02-20T10:02:12+00:00","mainEntityOfPage":{"@id":"https:\/\/portaltela.pt\/noticias\/2026\/02\/20\/relatora-da-onu-para-os-territorios-palestinianos-mantem-cargo-apos-reacao-da-franca\/"},"wordCount":280,"image":{"@id":"https:\/\/portaltela.pt\/noticias\/2026\/02\/20\/relatora-da-onu-para-os-territorios-palestinianos-mantem-cargo-apos-reacao-da-franca\/#primaryimage"},"thumbnailUrl":"https:\/\/portaltela.pt\/s.01k8rhncp4jt1\/2026\/02\/1536x864_cmsv2_fa538e8b-7584-58a3-8cf8-4b27b0b75817-9648505.jpg","keywords":["antissemitismo","desinforma\u00e7\u00e3o","direitos humanos","Fran\u00e7a","ONU","Territ\u00f3rios"],"articleSection":["Not\u00edcias"],"inLanguage":"pt-PT"},{"@type":"WebPage","@id":"https:\/\/portaltela.pt\/noticias\/2026\/02\/20\/relatora-da-onu-para-os-territorios-palestinianos-mantem-cargo-apos-reacao-da-franca\/","url":"https:\/\/portaltela.pt\/noticias\/2026\/02\/20\/relatora-da-onu-para-os-territorios-palestinianos-mantem-cargo-apos-reacao-da-franca\/","name":"Relatora da ONU para os Territ\u00f3rios Palestinianos mant\u00e9m cargo ap\u00f3s rea\u00e7\u00e3o da Fran\u00e7a - Portal Tela Portugal","isPartOf":{"@id":"https:\/\/portaltela.pt\/#website"},"primaryImageOfPage":{"@id":"https:\/\/portaltela.pt\/noticias\/2026\/02\/20\/relatora-da-onu-para-os-territorios-palestinianos-mantem-cargo-apos-reacao-da-franca\/#primaryimage"},"image":{"@id":"https:\/\/portaltela.pt\/noticias\/2026\/02\/20\/relatora-da-onu-para-os-territorios-palestinianos-mantem-cargo-apos-reacao-da-franca\/#primaryimage"},"thumbnailUrl":"https:\/\/portaltela.pt\/s.01k8rhncp4jt1\/2026\/02\/1536x864_cmsv2_fa538e8b-7584-58a3-8cf8-4b27b0b75817-9648505.jpg","datePublished":"2026-02-20T10:02:12+00:00","author":{"@id":"https:\/\/portaltela.pt\/#\/schema\/person\/c4278d4a6028830caff9ee44b42d32ed"},"breadcrumb":{"@id":"https:\/\/portaltela.pt\/noticias\/2026\/02\/20\/relatora-da-onu-para-os-territorios-palestinianos-mantem-cargo-apos-reacao-da-franca\/#breadcrumb"},"inLanguage":"pt-PT","potentialAction":[{"@type":"ReadAction","target":["https:\/\/portaltela.pt\/noticias\/2026\/02\/20\/relatora-da-onu-para-os-territorios-palestinianos-mantem-cargo-apos-reacao-da-franca\/"]}]},{"@type":"ImageObject","inLanguage":"pt-PT","@id":"https:\/\/portaltela.pt\/noticias\/2026\/02\/20\/relatora-da-onu-para-os-territorios-palestinianos-mantem-cargo-apos-reacao-da-franca\/#primaryimage","url":"https:\/\/portaltela.pt\/s.01k8rhncp4jt1\/2026\/02\/1536x864_cmsv2_fa538e8b-7584-58a3-8cf8-4b27b0b75817-9648505.jpg","contentUrl":"https:\/\/portaltela.pt\/s.01k8rhncp4jt1\/2026\/02\/1536x864_cmsv2_fa538e8b-7584-58a3-8cf8-4b27b0b75817-9648505.jpg","width":796,"height":448,"caption":"Francesca Albanese em 2025"},{"@type":"BreadcrumbList","@id":"https:\/\/portaltela.pt\/noticias\/2026\/02\/20\/relatora-da-onu-para-os-territorios-palestinianos-mantem-cargo-apos-reacao-da-franca\/#breadcrumb","itemListElement":[{"@type":"ListItem","position":1,"name":"In\u00edcio","item":"https:\/\/portaltela.pt\/"},{"@type":"ListItem","position":2,"name":"Relatora da ONU para os Territ\u00f3rios Palestinianos mant\u00e9m cargo ap\u00f3s rea\u00e7\u00e3o da Fran\u00e7a"}]},{"@type":"WebSite","@id":"https:\/\/portaltela.pt\/#website","url":"https:\/\/portaltela.pt\/","name":"Portal Tela Portugal","description":"","potentialAction":[{"@type":"SearchAction","target":{"@type":"EntryPoint","urlTemplate":"https:\/\/portaltela.pt\/?s={search_term_string}"},"query-input":{"@type":"PropertyValueSpecification","valueRequired":true,"valueName":"search_term_string"}}],"inLanguage":"pt-PT"},{"@type":"Person","@id":"https:\/\/portaltela.pt\/#\/schema\/person\/c4278d4a6028830caff9ee44b42d32ed","name":"Telinha","image":{"@type":"ImageObject","inLanguage":"pt-PT","@id":"https:\/\/portaltela.pt\/s.01k8rhncp4jt1\/2025\/11\/talking-bot-125x125.png","url":"https:\/\/portaltela.pt\/s.01k8rhncp4jt1\/2025\/11\/talking-bot-125x125.png","contentUrl":"https:\/\/portaltela.pt\/s.01k8rhncp4jt1\/2025\/11\/talking-bot-125x125.png","caption":"Telinha"},"sameAs":["https:\/\/portaltela.pt\/"],"url":"https:\/\/portaltela.pt\/por\/367410592786\/"}]}},"_links":{"self":[{"href":"https:\/\/portaltela.pt\/api\/wp\/v2\/posts\/218828","targetHints":{"allow":["GET"]}}],"collection":[{"href":"https:\/\/portaltela.pt\/api\/wp\/v2\/posts"}],"about":[{"href":"https:\/\/portaltela.pt\/api\/wp\/v2\/types\/post"}],"author":[{"embeddable":true,"href":"https:\/\/portaltela.pt\/api\/wp\/v2\/users\/2"}],"replies":[{"embeddable":true,"href":"https:\/\/portaltela.pt\/api\/wp\/v2\/comments?post=218828"}],"version-history":[{"count":0,"href":"https:\/\/portaltela.pt\/api\/wp\/v2\/posts\/218828\/revisions"}],"wp:featuredmedia":[{"embeddable":true,"href":"https:\/\/portaltela.pt\/api\/wp\/v2\/media\/218830"}],"wp:attachment":[{"href":"https:\/\/portaltela.pt\/api\/wp\/v2\/media?parent=218828"}],"wp:term":[{"taxonomy":"category","embeddable":true,"href":"https:\/\/portaltela.pt\/api\/wp\/v2\/categories?post=218828"},{"taxonomy":"post_tag","embeddable":true,"href":"https:\/\/portaltela.pt\/api\/wp\/v2\/tags?post=218828"}],"curies":[{"name":"wp","href":"https:\/\/api.w.org\/{rel}","templated":true}]}}