{"id":218805,"date":"2026-02-20T06:45:00","date_gmt":"2026-02-20T09:45:00","guid":{"rendered":"https:\/\/portaltela.pt\/noticias\/2026\/02\/20\/unsafe-space-garden-inicia-nova-digressao-para-o-proximo-album\/"},"modified":"2026-02-20T06:45:00","modified_gmt":"2026-02-20T09:45:00","slug":"unsafe-space-garden-inicia-nova-digressao-para-o-proximo-album","status":"publish","type":"post","link":"https:\/\/portaltela.pt\/noticias\/2026\/02\/20\/unsafe-space-garden-inicia-nova-digressao-para-o-proximo-album\/","title":{"rendered":"Unsafe Space Garden inicia nova digress\u00e3o para o pr\u00f3ximo \u00e1lbum"},"content":{"rendered":"<p>A banda Unsafe Space Garden, de Guimar\u00e3es, confirmou o lan\u00e7amento de um novo \u00e1lbum. O disco intitula-se *O Melhor e o Pior da M\u00fasica Biol\u00f3gica* e est\u00e1 marcado para chegar a 4 de Mar\u00e7o. O tema j\u00e1 divulgado antes do lan\u00e7amento \u00e9 *Mais uma voltinha*.<\/p>\n<p>Os respons\u00e1veis pelo projeto s\u00e3o os mesmos que conduziram o grupo at\u00e9 aqui, incluindo Nuno Duarte e Alexandra Saldanha, que assinam a composi\u00e7\u00e3o principal. Nesta faixa, o sexteto conta com Alexandra Saldanha, Nuno Duarte, Diogo Costa, Filipe Louro, Jos\u00e9 Vale e Jo\u00e3o Cardita, aos quais se junta um coro formado pelos Alunos de M\u00fasica da Universidade S\u00e9nior de Moreira de C\u00f3negos.<\/p>\n<p>A m\u00fasica, apresentando a ideia de renascer diante dos obst\u00e1culos, foi desenvolvida com a participa\u00e7\u00e3o de comunidades de diversas regi\u00f5es do pa\u00eds, segundo os autores. O objetivo \u00e9 explorar a ideia de aproveitar cada oportunidade para recome\u00e7ar, mantendo a sensibilidade po\u00e9tica caracter\u00edstica da banda.<\/p>\n<p>O videoclip da faixa foi produzido em 3D pelo Studio Sparks, com design de Adriana Oliveira e Cec\u00edlia Moraes e anima\u00e7\u00e3o adicional de Daniel Teixeira. A equipa criativa envolveu ainda Cristiana Figueiredo e Lucas Moreira, respons\u00e1veis pelo conceito visual do projeto.<\/p>\n<h3>Videoclipe e produ\u00e7\u00e3o audiovisual<\/h3>\n<p>A produ\u00e7\u00e3o de imagem alia anima\u00e7\u00e3o em 3D a elementos gr\u00e1ficos desenvolvidos para refor\u00e7ar a mensagem da can\u00e7\u00e3o. O lan\u00e7amento acompanha o an\u00fancio do \u00e1lbum, j\u00e1 dispon\u00edvel para divulga\u00e7\u00e3o pela banda. A data de apresenta\u00e7\u00e3o p\u00fablica \u00e9 o pr\u00f3ximo 4 de Mar\u00e7o.<\/p>\n","protected":false},"excerpt":{"rendered":"<ul>\n<li>Os Unsafe Space Garden, de Guimar\u00e3es, anunciaram o novo \u00e1lbum, intitulado O Melhor e o Pior da M\u00fasica Biol\u00f3gica, a lan\u00e7ar a 4 de mar\u00e7o.<\/li>\n<li>O grupo estreou o tema Mais uma voltinha, pouco mais de uma semana antes do lan\u00e7amento do \u00e1lbum, com letra que fala em renascer e recome\u00e7ar.<\/li>\n<li>O lan\u00e7amento do tema contou com a participa\u00e7\u00e3o de um coro formado pelos Alunos de M\u00fasica da Universidade S\u00e9nior de Moreira de C\u00f3negos.<\/li>\n<li>Os compositores Nuno Duarte e Alexandra Saldanha lideraram o projeto, com participa\u00e7\u00e3o de comunidades por todo o pa\u00eds.<\/li>\n<li>O videoclip de Mais uma voltinha \u00e9 em anima\u00e7\u00e3o 3D, realizado pelo Studio Sparks, com artes de Adriana Oliveira e Cec\u00edlia Moraes.<\/li>\n<\/ul>\n","protected":false},"author":2,"featured_media":218808,"comment_status":"closed","ping_status":"closed","sticky":false,"template":"","format":"standard","meta":{"footnotes":""},"categories":[12,1],"tags":[70,6163,145,1145,6168,122],"class_list":["post-218805","post","type-post","status-publish","format-standard","has-post-thumbnail","hentry","category-entretenimento","category-noticias","tag-arte","tag-cantores","tag-cultura","tag-guimaraes","tag-moreira-de-conegos","tag-musica"],"yoast_head":"<!-- This site is optimized with the Yoast SEO plugin v27.2 - https:\/\/yoast.com\/product\/yoast-seo-wordpress\/ -->\n<title>Unsafe Space Garden inicia nova digress\u00e3o para o pr\u00f3ximo \u00e1lbum - Portal Tela Portugal<\/title>\n<meta name=\"robots\" content=\"index, follow, max-snippet:-1, max-image-preview:large, max-video-preview:-1\" \/>\n<meta property=\"og:locale\" content=\"pt_PT\" \/>\n<meta property=\"og:type\" content=\"article\" \/>\n<meta property=\"og:title\" content=\"Unsafe Space Garden inicia nova digress\u00e3o para o pr\u00f3ximo \u00e1lbum - Portal Tela Portugal\" \/>\n<meta property=\"og:description\" content=\"Os Unsafe Space Garden, de Guimar\u00e3es, anunciaram o novo \u00e1lbum, intitulado O Melhor e o Pior da M\u00fasica Biol\u00f3gica, a lan\u00e7ar a 4 de mar\u00e7o. O grupo estreou o tema Mais uma voltinha, pouco mais de uma semana antes do lan\u00e7amento do \u00e1lbum, com letra que fala em renascer e recome\u00e7ar. O lan\u00e7amento do tema contou com a participa\u00e7\u00e3o de um coro formado pelos Alunos de M\u00fasica da Universidade S\u00e9nior de Moreira de C\u00f3negos. Os compositores Nuno Duarte e Alexandra Saldanha lideraram o projeto, com participa\u00e7\u00e3o de comunidades por todo o pa\u00eds. O videoclip de Mais uma voltinha \u00e9 em anima\u00e7\u00e3o 3D, realizado pelo Studio Sparks, com artes de Adriana Oliveira e Cec\u00edlia Moraes.\" \/>\n<meta property=\"og:url\" content=\"https:\/\/portaltela.pt\/noticias\/2026\/02\/20\/unsafe-space-garden-inicia-nova-digressao-para-o-proximo-album\/\" \/>\n<meta property=\"og:site_name\" content=\"Portal Tela Portugal\" \/>\n<meta property=\"article:published_time\" content=\"2026-02-20T09:45:00+00:00\" \/>\n<meta name=\"author\" content=\"Telinha\" \/>\n<meta name=\"twitter:card\" content=\"summary_large_image\" \/>\n<meta name=\"twitter:label1\" content=\"Escrito por\" \/>\n\t<meta name=\"twitter:data1\" content=\"Telinha\" \/>\n\t<meta name=\"twitter:label2\" content=\"Tempo estimado de leitura\" \/>\n\t<meta name=\"twitter:data2\" content=\"1 minuto\" \/>\n<script type=\"application\/ld+json\" class=\"yoast-schema-graph\">{\"@context\":\"https:\/\/schema.org\",\"@graph\":[{\"@type\":\"Article\",\"@id\":\"https:\/\/portaltela.pt\/noticias\/2026\/02\/20\/unsafe-space-garden-inicia-nova-digressao-para-o-proximo-album\/#article\",\"isPartOf\":{\"@id\":\"https:\/\/portaltela.pt\/noticias\/2026\/02\/20\/unsafe-space-garden-inicia-nova-digressao-para-o-proximo-album\/\"},\"author\":{\"name\":\"Telinha\",\"@id\":\"https:\/\/portaltela.pt\/#\/schema\/person\/c4278d4a6028830caff9ee44b42d32ed\"},\"headline\":\"Unsafe Space Garden inicia nova digress\u00e3o para o pr\u00f3ximo \u00e1lbum\",\"datePublished\":\"2026-02-20T09:45:00+00:00\",\"mainEntityOfPage\":{\"@id\":\"https:\/\/portaltela.pt\/noticias\/2026\/02\/20\/unsafe-space-garden-inicia-nova-digressao-para-o-proximo-album\/\"},\"wordCount\":282,\"image\":{\"@id\":\"https:\/\/portaltela.pt\/noticias\/2026\/02\/20\/unsafe-space-garden-inicia-nova-digressao-para-o-proximo-album\/#primaryimage\"},\"thumbnailUrl\":\"https:\/\/portaltela.pt\/s.01k8rhncp4jt1\/2026\/02\/UnsafeFoto97634.jpg\",\"keywords\":[\"arte\",\"cantores\",\"cultura\",\"Guimar\u00e3es\",\"Moreira de C\u00f3negos\",\"m\u00fasica\"],\"articleSection\":[\"Entretenimento\",\"Not\u00edcias\"],\"inLanguage\":\"pt-PT\"},{\"@type\":\"WebPage\",\"@id\":\"https:\/\/portaltela.pt\/noticias\/2026\/02\/20\/unsafe-space-garden-inicia-nova-digressao-para-o-proximo-album\/\",\"url\":\"https:\/\/portaltela.pt\/noticias\/2026\/02\/20\/unsafe-space-garden-inicia-nova-digressao-para-o-proximo-album\/\",\"name\":\"Unsafe Space Garden inicia nova digress\u00e3o para o pr\u00f3ximo \u00e1lbum - Portal Tela Portugal\",\"isPartOf\":{\"@id\":\"https:\/\/portaltela.pt\/#website\"},\"primaryImageOfPage\":{\"@id\":\"https:\/\/portaltela.pt\/noticias\/2026\/02\/20\/unsafe-space-garden-inicia-nova-digressao-para-o-proximo-album\/#primaryimage\"},\"image\":{\"@id\":\"https:\/\/portaltela.pt\/noticias\/2026\/02\/20\/unsafe-space-garden-inicia-nova-digressao-para-o-proximo-album\/#primaryimage\"},\"thumbnailUrl\":\"https:\/\/portaltela.pt\/s.01k8rhncp4jt1\/2026\/02\/UnsafeFoto97634.jpg\",\"datePublished\":\"2026-02-20T09:45:00+00:00\",\"author\":{\"@id\":\"https:\/\/portaltela.pt\/#\/schema\/person\/c4278d4a6028830caff9ee44b42d32ed\"},\"breadcrumb\":{\"@id\":\"https:\/\/portaltela.pt\/noticias\/2026\/02\/20\/unsafe-space-garden-inicia-nova-digressao-para-o-proximo-album\/#breadcrumb\"},\"inLanguage\":\"pt-PT\",\"potentialAction\":[{\"@type\":\"ReadAction\",\"target\":[\"https:\/\/portaltela.pt\/noticias\/2026\/02\/20\/unsafe-space-garden-inicia-nova-digressao-para-o-proximo-album\/\"]}]},{\"@type\":\"ImageObject\",\"inLanguage\":\"pt-PT\",\"@id\":\"https:\/\/portaltela.pt\/noticias\/2026\/02\/20\/unsafe-space-garden-inicia-nova-digressao-para-o-proximo-album\/#primaryimage\",\"url\":\"https:\/\/portaltela.pt\/s.01k8rhncp4jt1\/2026\/02\/UnsafeFoto97634.jpg\",\"contentUrl\":\"https:\/\/portaltela.pt\/s.01k8rhncp4jt1\/2026\/02\/UnsafeFoto97634.jpg\",\"width\":796,\"height\":448,\"caption\":\"Photo\"},{\"@type\":\"BreadcrumbList\",\"@id\":\"https:\/\/portaltela.pt\/noticias\/2026\/02\/20\/unsafe-space-garden-inicia-nova-digressao-para-o-proximo-album\/#breadcrumb\",\"itemListElement\":[{\"@type\":\"ListItem\",\"position\":1,\"name\":\"In\u00edcio\",\"item\":\"https:\/\/portaltela.pt\/\"},{\"@type\":\"ListItem\",\"position\":2,\"name\":\"Unsafe Space Garden inicia nova digress\u00e3o para o pr\u00f3ximo \u00e1lbum\"}]},{\"@type\":\"WebSite\",\"@id\":\"https:\/\/portaltela.pt\/#website\",\"url\":\"https:\/\/portaltela.pt\/\",\"name\":\"Portal Tela Portugal\",\"description\":\"\",\"potentialAction\":[{\"@type\":\"SearchAction\",\"target\":{\"@type\":\"EntryPoint\",\"urlTemplate\":\"https:\/\/portaltela.pt\/?s={search_term_string}\"},\"query-input\":{\"@type\":\"PropertyValueSpecification\",\"valueRequired\":true,\"valueName\":\"search_term_string\"}}],\"inLanguage\":\"pt-PT\"},{\"@type\":\"Person\",\"@id\":\"https:\/\/portaltela.pt\/#\/schema\/person\/c4278d4a6028830caff9ee44b42d32ed\",\"name\":\"Telinha\",\"image\":{\"@type\":\"ImageObject\",\"inLanguage\":\"pt-PT\",\"@id\":\"https:\/\/portaltela.pt\/s.01k8rhncp4jt1\/2025\/11\/talking-bot-125x125.png\",\"url\":\"https:\/\/portaltela.pt\/s.01k8rhncp4jt1\/2025\/11\/talking-bot-125x125.png\",\"contentUrl\":\"https:\/\/portaltela.pt\/s.01k8rhncp4jt1\/2025\/11\/talking-bot-125x125.png\",\"caption\":\"Telinha\"},\"sameAs\":[\"https:\/\/portaltela.pt\/\"],\"url\":\"https:\/\/portaltela.pt\/por\/367410592786\/\"}]}<\/script>\n<!-- \/ Yoast SEO plugin. -->","yoast_head_json":{"title":"Unsafe Space Garden inicia nova digress\u00e3o para o pr\u00f3ximo \u00e1lbum - Portal Tela Portugal","robots":{"index":"index","follow":"follow","max-snippet":"max-snippet:-1","max-image-preview":"max-image-preview:large","max-video-preview":"max-video-preview:-1"},"og_locale":"pt_PT","og_type":"article","og_title":"Unsafe Space Garden inicia nova digress\u00e3o para o pr\u00f3ximo \u00e1lbum - Portal Tela Portugal","og_description":"Os Unsafe Space Garden, de Guimar\u00e3es, anunciaram o novo \u00e1lbum, intitulado O Melhor e o Pior da M\u00fasica Biol\u00f3gica, a lan\u00e7ar a 4 de mar\u00e7o. O grupo estreou o tema Mais uma voltinha, pouco mais de uma semana antes do lan\u00e7amento do \u00e1lbum, com letra que fala em renascer e recome\u00e7ar. O lan\u00e7amento do tema contou com a participa\u00e7\u00e3o de um coro formado pelos Alunos de M\u00fasica da Universidade S\u00e9nior de Moreira de C\u00f3negos. Os compositores Nuno Duarte e Alexandra Saldanha lideraram o projeto, com participa\u00e7\u00e3o de comunidades por todo o pa\u00eds. O videoclip de Mais uma voltinha \u00e9 em anima\u00e7\u00e3o 3D, realizado pelo Studio Sparks, com artes de Adriana Oliveira e Cec\u00edlia Moraes.","og_url":"https:\/\/portaltela.pt\/noticias\/2026\/02\/20\/unsafe-space-garden-inicia-nova-digressao-para-o-proximo-album\/","og_site_name":"Portal Tela Portugal","article_published_time":"2026-02-20T09:45:00+00:00","author":"Telinha","twitter_card":"summary_large_image","twitter_misc":{"Escrito por":"Telinha","Tempo estimado de leitura":"1 minuto"},"schema":{"@context":"https:\/\/schema.org","@graph":[{"@type":"Article","@id":"https:\/\/portaltela.pt\/noticias\/2026\/02\/20\/unsafe-space-garden-inicia-nova-digressao-para-o-proximo-album\/#article","isPartOf":{"@id":"https:\/\/portaltela.pt\/noticias\/2026\/02\/20\/unsafe-space-garden-inicia-nova-digressao-para-o-proximo-album\/"},"author":{"name":"Telinha","@id":"https:\/\/portaltela.pt\/#\/schema\/person\/c4278d4a6028830caff9ee44b42d32ed"},"headline":"Unsafe Space Garden inicia nova digress\u00e3o para o pr\u00f3ximo \u00e1lbum","datePublished":"2026-02-20T09:45:00+00:00","mainEntityOfPage":{"@id":"https:\/\/portaltela.pt\/noticias\/2026\/02\/20\/unsafe-space-garden-inicia-nova-digressao-para-o-proximo-album\/"},"wordCount":282,"image":{"@id":"https:\/\/portaltela.pt\/noticias\/2026\/02\/20\/unsafe-space-garden-inicia-nova-digressao-para-o-proximo-album\/#primaryimage"},"thumbnailUrl":"https:\/\/portaltela.pt\/s.01k8rhncp4jt1\/2026\/02\/UnsafeFoto97634.jpg","keywords":["arte","cantores","cultura","Guimar\u00e3es","Moreira de C\u00f3negos","m\u00fasica"],"articleSection":["Entretenimento","Not\u00edcias"],"inLanguage":"pt-PT"},{"@type":"WebPage","@id":"https:\/\/portaltela.pt\/noticias\/2026\/02\/20\/unsafe-space-garden-inicia-nova-digressao-para-o-proximo-album\/","url":"https:\/\/portaltela.pt\/noticias\/2026\/02\/20\/unsafe-space-garden-inicia-nova-digressao-para-o-proximo-album\/","name":"Unsafe Space Garden inicia nova digress\u00e3o para o pr\u00f3ximo \u00e1lbum - Portal Tela Portugal","isPartOf":{"@id":"https:\/\/portaltela.pt\/#website"},"primaryImageOfPage":{"@id":"https:\/\/portaltela.pt\/noticias\/2026\/02\/20\/unsafe-space-garden-inicia-nova-digressao-para-o-proximo-album\/#primaryimage"},"image":{"@id":"https:\/\/portaltela.pt\/noticias\/2026\/02\/20\/unsafe-space-garden-inicia-nova-digressao-para-o-proximo-album\/#primaryimage"},"thumbnailUrl":"https:\/\/portaltela.pt\/s.01k8rhncp4jt1\/2026\/02\/UnsafeFoto97634.jpg","datePublished":"2026-02-20T09:45:00+00:00","author":{"@id":"https:\/\/portaltela.pt\/#\/schema\/person\/c4278d4a6028830caff9ee44b42d32ed"},"breadcrumb":{"@id":"https:\/\/portaltela.pt\/noticias\/2026\/02\/20\/unsafe-space-garden-inicia-nova-digressao-para-o-proximo-album\/#breadcrumb"},"inLanguage":"pt-PT","potentialAction":[{"@type":"ReadAction","target":["https:\/\/portaltela.pt\/noticias\/2026\/02\/20\/unsafe-space-garden-inicia-nova-digressao-para-o-proximo-album\/"]}]},{"@type":"ImageObject","inLanguage":"pt-PT","@id":"https:\/\/portaltela.pt\/noticias\/2026\/02\/20\/unsafe-space-garden-inicia-nova-digressao-para-o-proximo-album\/#primaryimage","url":"https:\/\/portaltela.pt\/s.01k8rhncp4jt1\/2026\/02\/UnsafeFoto97634.jpg","contentUrl":"https:\/\/portaltela.pt\/s.01k8rhncp4jt1\/2026\/02\/UnsafeFoto97634.jpg","width":796,"height":448,"caption":"Photo"},{"@type":"BreadcrumbList","@id":"https:\/\/portaltela.pt\/noticias\/2026\/02\/20\/unsafe-space-garden-inicia-nova-digressao-para-o-proximo-album\/#breadcrumb","itemListElement":[{"@type":"ListItem","position":1,"name":"In\u00edcio","item":"https:\/\/portaltela.pt\/"},{"@type":"ListItem","position":2,"name":"Unsafe Space Garden inicia nova digress\u00e3o para o pr\u00f3ximo \u00e1lbum"}]},{"@type":"WebSite","@id":"https:\/\/portaltela.pt\/#website","url":"https:\/\/portaltela.pt\/","name":"Portal Tela Portugal","description":"","potentialAction":[{"@type":"SearchAction","target":{"@type":"EntryPoint","urlTemplate":"https:\/\/portaltela.pt\/?s={search_term_string}"},"query-input":{"@type":"PropertyValueSpecification","valueRequired":true,"valueName":"search_term_string"}}],"inLanguage":"pt-PT"},{"@type":"Person","@id":"https:\/\/portaltela.pt\/#\/schema\/person\/c4278d4a6028830caff9ee44b42d32ed","name":"Telinha","image":{"@type":"ImageObject","inLanguage":"pt-PT","@id":"https:\/\/portaltela.pt\/s.01k8rhncp4jt1\/2025\/11\/talking-bot-125x125.png","url":"https:\/\/portaltela.pt\/s.01k8rhncp4jt1\/2025\/11\/talking-bot-125x125.png","contentUrl":"https:\/\/portaltela.pt\/s.01k8rhncp4jt1\/2025\/11\/talking-bot-125x125.png","caption":"Telinha"},"sameAs":["https:\/\/portaltela.pt\/"],"url":"https:\/\/portaltela.pt\/por\/367410592786\/"}]}},"_links":{"self":[{"href":"https:\/\/portaltela.pt\/api\/wp\/v2\/posts\/218805","targetHints":{"allow":["GET"]}}],"collection":[{"href":"https:\/\/portaltela.pt\/api\/wp\/v2\/posts"}],"about":[{"href":"https:\/\/portaltela.pt\/api\/wp\/v2\/types\/post"}],"author":[{"embeddable":true,"href":"https:\/\/portaltela.pt\/api\/wp\/v2\/users\/2"}],"replies":[{"embeddable":true,"href":"https:\/\/portaltela.pt\/api\/wp\/v2\/comments?post=218805"}],"version-history":[{"count":0,"href":"https:\/\/portaltela.pt\/api\/wp\/v2\/posts\/218805\/revisions"}],"wp:featuredmedia":[{"embeddable":true,"href":"https:\/\/portaltela.pt\/api\/wp\/v2\/media\/218808"}],"wp:attachment":[{"href":"https:\/\/portaltela.pt\/api\/wp\/v2\/media?parent=218805"}],"wp:term":[{"taxonomy":"category","embeddable":true,"href":"https:\/\/portaltela.pt\/api\/wp\/v2\/categories?post=218805"},{"taxonomy":"post_tag","embeddable":true,"href":"https:\/\/portaltela.pt\/api\/wp\/v2\/tags?post=218805"}],"curies":[{"name":"wp","href":"https:\/\/api.w.org\/{rel}","templated":true}]}}