{"id":218786,"date":"2026-02-20T06:06:00","date_gmt":"2026-02-20T09:06:00","guid":{"rendered":"https:\/\/portaltela.pt\/noticias\/2026\/02\/20\/filmes-da-austria-e-do-chade-avancam-na-fase-final-da-berlinale\/"},"modified":"2026-02-20T06:06:00","modified_gmt":"2026-02-20T09:06:00","slug":"filmes-da-austria-e-do-chade-avancam-na-fase-final-da-berlinale","status":"publish","type":"post","link":"https:\/\/portaltela.pt\/noticias\/2026\/02\/20\/filmes-da-austria-e-do-chade-avancam-na-fase-final-da-berlinale\/","title":{"rendered":"Filmes da \u00c1ustria e do Chade avan\u00e7am na fase final da Berlinale"},"content":{"rendered":"<p>O Festival de Berlim encerra hoje a edi\u00e7\u00e3o 76 com a cerim\u00f3nia de entrega dos pr\u00e9mios Ursos de Ouro e Prata. A mostra, que tem sido marcada pela diversidade de t\u00edtulos em competi\u00e7\u00e3o, aproxima-se do fim com a indica\u00e7\u00e3o de qualidade m\u00e9dia que ganha consist\u00eancia \u00e0 medida que surgem novos filmes.<\/p>\n<p>Entre as estreias em competi\u00e7\u00e3o, destaca-se The Loneliest Man in Town, produ\u00e7\u00e3o austr\u00edaca de Tizza Covi e Rainer Frimmel. O argumento acompanha a vida de um veterano pianista de blues que, morando num pr\u00e9dio antigo prestes a ser demolido, resiste at\u00e9 aos \u00faltimos momentos antes de partir, rumo aos Estados Unidos, com apenas um bilhete de ida.<\/p>\n<h3>Novo filme austr\u00edaco em foco<\/h3>\n<p>O drama, centrado num quotidiano marcado pela solid\u00e3o, oferece um retrato de despedida e de mudan\u00e7a. A Berlinale continua a revelar obras que exploram temas de identidade, mem\u00f3ria e transforma\u00e7\u00e3o social, mantendo o foco na qualidade de produ\u00e7\u00e3o e na execu\u00e7\u00e3o art\u00edstica.<\/p>\n","protected":false},"excerpt":{"rendered":"<ul>\n<li>O Festival de Berlim encerra na sexta-feira com a entrega dos pr\u00e9mios Ursos de Ouro e Prata.<\/li>\n<li>A edi\u00e7\u00e3o 76 aproxima-se do fim, e a programa\u00e7\u00e3o em competi\u00e7\u00e3o \u00e9 apresentada como tendo uma qualidade m\u00e9dia mais est\u00e1vel.<\/li>\n<li>A produ\u00e7\u00e3o austr\u00edaca The Loneliest Man in Town, de Tizza Covi e Rainer Frimmel, acompanha o quotidiano de um velho m\u00fasico de blues num pr\u00e9dio que vai ser demolido.<\/li>\n<li>O protagonista decide partir para os Estados Unidos, com passagem de ida \u00fanica.<\/li>\n<\/ul>\n","protected":false},"author":2,"featured_media":218788,"comment_status":"closed","ping_status":"closed","sticky":false,"template":"","format":"standard","meta":{"footnotes":""},"categories":[1],"tags":[2872,1158,112,145,5242,113],"class_list":["post-218786","post","type-post","status-publish","format-standard","has-post-thumbnail","hentry","category-noticias","tag-austria","tag-berlim","tag-cinema","tag-cultura","tag-filmes","tag-filmes-e-series"],"yoast_head":"<!-- This site is optimized with the Yoast SEO plugin v27.2 - https:\/\/yoast.com\/product\/yoast-seo-wordpress\/ -->\n<title>Filmes da \u00c1ustria e do Chade avan\u00e7am na fase final da Berlinale - Portal Tela Portugal<\/title>\n<meta name=\"robots\" content=\"index, follow, max-snippet:-1, max-image-preview:large, max-video-preview:-1\" \/>\n<meta property=\"og:locale\" content=\"pt_PT\" \/>\n<meta property=\"og:type\" content=\"article\" \/>\n<meta property=\"og:title\" content=\"Filmes da \u00c1ustria e do Chade avan\u00e7am na fase final da Berlinale - Portal Tela Portugal\" \/>\n<meta property=\"og:description\" content=\"O Festival de Berlim encerra na sexta-feira com a entrega dos pr\u00e9mios Ursos de Ouro e Prata. A edi\u00e7\u00e3o 76 aproxima-se do fim, e a programa\u00e7\u00e3o em competi\u00e7\u00e3o \u00e9 apresentada como tendo uma qualidade m\u00e9dia mais est\u00e1vel. A produ\u00e7\u00e3o austr\u00edaca The Loneliest Man in Town, de Tizza Covi e Rainer Frimmel, acompanha o quotidiano de um velho m\u00fasico de blues num pr\u00e9dio que vai ser demolido. O protagonista decide partir para os Estados Unidos, com passagem de ida \u00fanica.\" \/>\n<meta property=\"og:url\" content=\"https:\/\/portaltela.pt\/noticias\/2026\/02\/20\/filmes-da-austria-e-do-chade-avancam-na-fase-final-da-berlinale\/\" \/>\n<meta property=\"og:site_name\" content=\"Portal Tela Portugal\" \/>\n<meta property=\"article:published_time\" content=\"2026-02-20T09:06:00+00:00\" \/>\n<meta name=\"author\" content=\"Telinha\" \/>\n<meta name=\"twitter:card\" content=\"summary_large_image\" \/>\n<meta name=\"twitter:label1\" content=\"Escrito por\" \/>\n\t<meta name=\"twitter:data1\" content=\"Telinha\" \/>\n\t<meta name=\"twitter:label2\" content=\"Tempo estimado de leitura\" \/>\n\t<meta name=\"twitter:data2\" content=\"1 minuto\" \/>\n<script type=\"application\/ld+json\" class=\"yoast-schema-graph\">{\"@context\":\"https:\/\/schema.org\",\"@graph\":[{\"@type\":\"Article\",\"@id\":\"https:\/\/portaltela.pt\/noticias\/2026\/02\/20\/filmes-da-austria-e-do-chade-avancam-na-fase-final-da-berlinale\/#article\",\"isPartOf\":{\"@id\":\"https:\/\/portaltela.pt\/noticias\/2026\/02\/20\/filmes-da-austria-e-do-chade-avancam-na-fase-final-da-berlinale\/\"},\"author\":{\"name\":\"Telinha\",\"@id\":\"https:\/\/portaltela.pt\/#\/schema\/person\/c4278d4a6028830caff9ee44b42d32ed\"},\"headline\":\"Filmes da \u00c1ustria e do Chade avan\u00e7am na fase final da Berlinale\",\"datePublished\":\"2026-02-20T09:06:00+00:00\",\"mainEntityOfPage\":{\"@id\":\"https:\/\/portaltela.pt\/noticias\/2026\/02\/20\/filmes-da-austria-e-do-chade-avancam-na-fase-final-da-berlinale\/\"},\"wordCount\":186,\"image\":{\"@id\":\"https:\/\/portaltela.pt\/noticias\/2026\/02\/20\/filmes-da-austria-e-do-chade-avancam-na-fase-final-da-berlinale\/#primaryimage\"},\"thumbnailUrl\":\"https:\/\/portaltela.pt\/s.01k8rhncp4jt1\/2026\/02\/image-1477.jpg\",\"keywords\":[\"\u00c1ustria\",\"Berlim\",\"cinema\",\"cultura\",\"filmes\",\"filmes e s\u00e9ries\"],\"articleSection\":[\"Not\u00edcias\"],\"inLanguage\":\"pt-PT\"},{\"@type\":\"WebPage\",\"@id\":\"https:\/\/portaltela.pt\/noticias\/2026\/02\/20\/filmes-da-austria-e-do-chade-avancam-na-fase-final-da-berlinale\/\",\"url\":\"https:\/\/portaltela.pt\/noticias\/2026\/02\/20\/filmes-da-austria-e-do-chade-avancam-na-fase-final-da-berlinale\/\",\"name\":\"Filmes da \u00c1ustria e do Chade avan\u00e7am na fase final da Berlinale - Portal Tela Portugal\",\"isPartOf\":{\"@id\":\"https:\/\/portaltela.pt\/#website\"},\"primaryImageOfPage\":{\"@id\":\"https:\/\/portaltela.pt\/noticias\/2026\/02\/20\/filmes-da-austria-e-do-chade-avancam-na-fase-final-da-berlinale\/#primaryimage\"},\"image\":{\"@id\":\"https:\/\/portaltela.pt\/noticias\/2026\/02\/20\/filmes-da-austria-e-do-chade-avancam-na-fase-final-da-berlinale\/#primaryimage\"},\"thumbnailUrl\":\"https:\/\/portaltela.pt\/s.01k8rhncp4jt1\/2026\/02\/image-1477.jpg\",\"datePublished\":\"2026-02-20T09:06:00+00:00\",\"author\":{\"@id\":\"https:\/\/portaltela.pt\/#\/schema\/person\/c4278d4a6028830caff9ee44b42d32ed\"},\"breadcrumb\":{\"@id\":\"https:\/\/portaltela.pt\/noticias\/2026\/02\/20\/filmes-da-austria-e-do-chade-avancam-na-fase-final-da-berlinale\/#breadcrumb\"},\"inLanguage\":\"pt-PT\",\"potentialAction\":[{\"@type\":\"ReadAction\",\"target\":[\"https:\/\/portaltela.pt\/noticias\/2026\/02\/20\/filmes-da-austria-e-do-chade-avancam-na-fase-final-da-berlinale\/\"]}]},{\"@type\":\"ImageObject\",\"inLanguage\":\"pt-PT\",\"@id\":\"https:\/\/portaltela.pt\/noticias\/2026\/02\/20\/filmes-da-austria-e-do-chade-avancam-na-fase-final-da-berlinale\/#primaryimage\",\"url\":\"https:\/\/portaltela.pt\/s.01k8rhncp4jt1\/2026\/02\/image-1477.jpg\",\"contentUrl\":\"https:\/\/portaltela.pt\/s.01k8rhncp4jt1\/2026\/02\/image-1477.jpg\",\"width\":796,\"height\":448,\"caption\":\"'Soumsoum, la nuit des astres', o drama m\u00edstico de Mahamat-Saleh Haroun\"},{\"@type\":\"BreadcrumbList\",\"@id\":\"https:\/\/portaltela.pt\/noticias\/2026\/02\/20\/filmes-da-austria-e-do-chade-avancam-na-fase-final-da-berlinale\/#breadcrumb\",\"itemListElement\":[{\"@type\":\"ListItem\",\"position\":1,\"name\":\"In\u00edcio\",\"item\":\"https:\/\/portaltela.pt\/\"},{\"@type\":\"ListItem\",\"position\":2,\"name\":\"Filmes da \u00c1ustria e do Chade avan\u00e7am na fase final da Berlinale\"}]},{\"@type\":\"WebSite\",\"@id\":\"https:\/\/portaltela.pt\/#website\",\"url\":\"https:\/\/portaltela.pt\/\",\"name\":\"Portal Tela Portugal\",\"description\":\"\",\"potentialAction\":[{\"@type\":\"SearchAction\",\"target\":{\"@type\":\"EntryPoint\",\"urlTemplate\":\"https:\/\/portaltela.pt\/?s={search_term_string}\"},\"query-input\":{\"@type\":\"PropertyValueSpecification\",\"valueRequired\":true,\"valueName\":\"search_term_string\"}}],\"inLanguage\":\"pt-PT\"},{\"@type\":\"Person\",\"@id\":\"https:\/\/portaltela.pt\/#\/schema\/person\/c4278d4a6028830caff9ee44b42d32ed\",\"name\":\"Telinha\",\"image\":{\"@type\":\"ImageObject\",\"inLanguage\":\"pt-PT\",\"@id\":\"https:\/\/portaltela.pt\/s.01k8rhncp4jt1\/2025\/11\/talking-bot-125x125.png\",\"url\":\"https:\/\/portaltela.pt\/s.01k8rhncp4jt1\/2025\/11\/talking-bot-125x125.png\",\"contentUrl\":\"https:\/\/portaltela.pt\/s.01k8rhncp4jt1\/2025\/11\/talking-bot-125x125.png\",\"caption\":\"Telinha\"},\"sameAs\":[\"https:\/\/portaltela.pt\/\"],\"url\":\"https:\/\/portaltela.pt\/por\/367410592786\/\"}]}<\/script>\n<!-- \/ Yoast SEO plugin. -->","yoast_head_json":{"title":"Filmes da \u00c1ustria e do Chade avan\u00e7am na fase final da Berlinale - Portal Tela Portugal","robots":{"index":"index","follow":"follow","max-snippet":"max-snippet:-1","max-image-preview":"max-image-preview:large","max-video-preview":"max-video-preview:-1"},"og_locale":"pt_PT","og_type":"article","og_title":"Filmes da \u00c1ustria e do Chade avan\u00e7am na fase final da Berlinale - Portal Tela Portugal","og_description":"O Festival de Berlim encerra na sexta-feira com a entrega dos pr\u00e9mios Ursos de Ouro e Prata. A edi\u00e7\u00e3o 76 aproxima-se do fim, e a programa\u00e7\u00e3o em competi\u00e7\u00e3o \u00e9 apresentada como tendo uma qualidade m\u00e9dia mais est\u00e1vel. A produ\u00e7\u00e3o austr\u00edaca The Loneliest Man in Town, de Tizza Covi e Rainer Frimmel, acompanha o quotidiano de um velho m\u00fasico de blues num pr\u00e9dio que vai ser demolido. O protagonista decide partir para os Estados Unidos, com passagem de ida \u00fanica.","og_url":"https:\/\/portaltela.pt\/noticias\/2026\/02\/20\/filmes-da-austria-e-do-chade-avancam-na-fase-final-da-berlinale\/","og_site_name":"Portal Tela Portugal","article_published_time":"2026-02-20T09:06:00+00:00","author":"Telinha","twitter_card":"summary_large_image","twitter_misc":{"Escrito por":"Telinha","Tempo estimado de leitura":"1 minuto"},"schema":{"@context":"https:\/\/schema.org","@graph":[{"@type":"Article","@id":"https:\/\/portaltela.pt\/noticias\/2026\/02\/20\/filmes-da-austria-e-do-chade-avancam-na-fase-final-da-berlinale\/#article","isPartOf":{"@id":"https:\/\/portaltela.pt\/noticias\/2026\/02\/20\/filmes-da-austria-e-do-chade-avancam-na-fase-final-da-berlinale\/"},"author":{"name":"Telinha","@id":"https:\/\/portaltela.pt\/#\/schema\/person\/c4278d4a6028830caff9ee44b42d32ed"},"headline":"Filmes da \u00c1ustria e do Chade avan\u00e7am na fase final da Berlinale","datePublished":"2026-02-20T09:06:00+00:00","mainEntityOfPage":{"@id":"https:\/\/portaltela.pt\/noticias\/2026\/02\/20\/filmes-da-austria-e-do-chade-avancam-na-fase-final-da-berlinale\/"},"wordCount":186,"image":{"@id":"https:\/\/portaltela.pt\/noticias\/2026\/02\/20\/filmes-da-austria-e-do-chade-avancam-na-fase-final-da-berlinale\/#primaryimage"},"thumbnailUrl":"https:\/\/portaltela.pt\/s.01k8rhncp4jt1\/2026\/02\/image-1477.jpg","keywords":["\u00c1ustria","Berlim","cinema","cultura","filmes","filmes e s\u00e9ries"],"articleSection":["Not\u00edcias"],"inLanguage":"pt-PT"},{"@type":"WebPage","@id":"https:\/\/portaltela.pt\/noticias\/2026\/02\/20\/filmes-da-austria-e-do-chade-avancam-na-fase-final-da-berlinale\/","url":"https:\/\/portaltela.pt\/noticias\/2026\/02\/20\/filmes-da-austria-e-do-chade-avancam-na-fase-final-da-berlinale\/","name":"Filmes da \u00c1ustria e do Chade avan\u00e7am na fase final da Berlinale - Portal Tela Portugal","isPartOf":{"@id":"https:\/\/portaltela.pt\/#website"},"primaryImageOfPage":{"@id":"https:\/\/portaltela.pt\/noticias\/2026\/02\/20\/filmes-da-austria-e-do-chade-avancam-na-fase-final-da-berlinale\/#primaryimage"},"image":{"@id":"https:\/\/portaltela.pt\/noticias\/2026\/02\/20\/filmes-da-austria-e-do-chade-avancam-na-fase-final-da-berlinale\/#primaryimage"},"thumbnailUrl":"https:\/\/portaltela.pt\/s.01k8rhncp4jt1\/2026\/02\/image-1477.jpg","datePublished":"2026-02-20T09:06:00+00:00","author":{"@id":"https:\/\/portaltela.pt\/#\/schema\/person\/c4278d4a6028830caff9ee44b42d32ed"},"breadcrumb":{"@id":"https:\/\/portaltela.pt\/noticias\/2026\/02\/20\/filmes-da-austria-e-do-chade-avancam-na-fase-final-da-berlinale\/#breadcrumb"},"inLanguage":"pt-PT","potentialAction":[{"@type":"ReadAction","target":["https:\/\/portaltela.pt\/noticias\/2026\/02\/20\/filmes-da-austria-e-do-chade-avancam-na-fase-final-da-berlinale\/"]}]},{"@type":"ImageObject","inLanguage":"pt-PT","@id":"https:\/\/portaltela.pt\/noticias\/2026\/02\/20\/filmes-da-austria-e-do-chade-avancam-na-fase-final-da-berlinale\/#primaryimage","url":"https:\/\/portaltela.pt\/s.01k8rhncp4jt1\/2026\/02\/image-1477.jpg","contentUrl":"https:\/\/portaltela.pt\/s.01k8rhncp4jt1\/2026\/02\/image-1477.jpg","width":796,"height":448,"caption":"'Soumsoum, la nuit des astres', o drama m\u00edstico de Mahamat-Saleh Haroun"},{"@type":"BreadcrumbList","@id":"https:\/\/portaltela.pt\/noticias\/2026\/02\/20\/filmes-da-austria-e-do-chade-avancam-na-fase-final-da-berlinale\/#breadcrumb","itemListElement":[{"@type":"ListItem","position":1,"name":"In\u00edcio","item":"https:\/\/portaltela.pt\/"},{"@type":"ListItem","position":2,"name":"Filmes da \u00c1ustria e do Chade avan\u00e7am na fase final da Berlinale"}]},{"@type":"WebSite","@id":"https:\/\/portaltela.pt\/#website","url":"https:\/\/portaltela.pt\/","name":"Portal Tela Portugal","description":"","potentialAction":[{"@type":"SearchAction","target":{"@type":"EntryPoint","urlTemplate":"https:\/\/portaltela.pt\/?s={search_term_string}"},"query-input":{"@type":"PropertyValueSpecification","valueRequired":true,"valueName":"search_term_string"}}],"inLanguage":"pt-PT"},{"@type":"Person","@id":"https:\/\/portaltela.pt\/#\/schema\/person\/c4278d4a6028830caff9ee44b42d32ed","name":"Telinha","image":{"@type":"ImageObject","inLanguage":"pt-PT","@id":"https:\/\/portaltela.pt\/s.01k8rhncp4jt1\/2025\/11\/talking-bot-125x125.png","url":"https:\/\/portaltela.pt\/s.01k8rhncp4jt1\/2025\/11\/talking-bot-125x125.png","contentUrl":"https:\/\/portaltela.pt\/s.01k8rhncp4jt1\/2025\/11\/talking-bot-125x125.png","caption":"Telinha"},"sameAs":["https:\/\/portaltela.pt\/"],"url":"https:\/\/portaltela.pt\/por\/367410592786\/"}]}},"_links":{"self":[{"href":"https:\/\/portaltela.pt\/api\/wp\/v2\/posts\/218786","targetHints":{"allow":["GET"]}}],"collection":[{"href":"https:\/\/portaltela.pt\/api\/wp\/v2\/posts"}],"about":[{"href":"https:\/\/portaltela.pt\/api\/wp\/v2\/types\/post"}],"author":[{"embeddable":true,"href":"https:\/\/portaltela.pt\/api\/wp\/v2\/users\/2"}],"replies":[{"embeddable":true,"href":"https:\/\/portaltela.pt\/api\/wp\/v2\/comments?post=218786"}],"version-history":[{"count":0,"href":"https:\/\/portaltela.pt\/api\/wp\/v2\/posts\/218786\/revisions"}],"wp:featuredmedia":[{"embeddable":true,"href":"https:\/\/portaltela.pt\/api\/wp\/v2\/media\/218788"}],"wp:attachment":[{"href":"https:\/\/portaltela.pt\/api\/wp\/v2\/media?parent=218786"}],"wp:term":[{"taxonomy":"category","embeddable":true,"href":"https:\/\/portaltela.pt\/api\/wp\/v2\/categories?post=218786"},{"taxonomy":"post_tag","embeddable":true,"href":"https:\/\/portaltela.pt\/api\/wp\/v2\/tags?post=218786"}],"curies":[{"name":"wp","href":"https:\/\/api.w.org\/{rel}","templated":true}]}}