{"id":218773,"date":"2026-02-20T06:20:00","date_gmt":"2026-02-20T09:20:00","guid":{"rendered":"https:\/\/portaltela.pt\/noticias\/2026\/02\/20\/prestianni-em-foco-uefa-nao-desacredita-vini-jr-rosto-da-luta-anti-racismo\/"},"modified":"2026-02-20T06:20:00","modified_gmt":"2026-02-20T09:20:00","slug":"prestianni-em-foco-uefa-nao-desacredita-vini-jr-rosto-da-luta-anti-racismo","status":"publish","type":"post","link":"https:\/\/portaltela.pt\/desporto\/futebol\/2026\/02\/20\/prestianni-em-foco-uefa-nao-desacredita-vini-jr-rosto-da-luta-anti-racismo\/","title":{"rendered":"Prestianni em foco; UEFA n\u00e3o desacredita Vini Jr., rosto da luta anti-racismo"},"content":{"rendered":"<p>O caso em causa envolve Prestianni e Vin\u00edcius Jr. numa investiga\u00e7\u00e3o que se segue a alegadas situa\u00e7\u00f5es de racismo associadas ao futebol. A mat\u00e9ria est\u00e1 a ser avaliada pela UEFA, segundo informa\u00e7\u00f5es partilhadas pela imprensa desportiva.<\/p>\n<p>Durante o programa Record na Hora, transmitido no Now, o subdiretor do Record, V\u00edtor Pinto, comentou a investiga\u00e7\u00e3o. Pinto afirmou que o processo \u00e9 diferente de outras averigua\u00e7\u00f5es, sugerindo que demoraria mais tempo para chegar a uma decis\u00e3o, dada a sua natureza.<\/p>\n<p>Pinto sustentou ainda que a UEFA n\u00e3o deve desacreditar Vin\u00edcius Jr., apresentado como a principal figura na luta contra o racismo no desporto. As declara\u00e7\u00f5es surgem como contributo para o debate p\u00fablico sobre o caso.<\/p>\n<p>O relat\u00f3rio n\u00e3o adianta pormenores adicionais sobre as alega\u00e7\u00f5es nem sobre o estado atual da investiga\u00e7\u00e3o. A UEFA continua a analisar os factos para determinar responsabilidades e medidas cab\u00edveis.<\/p>\n","protected":false},"excerpt":{"rendered":"<ul>\n<li>V\u00edtor Pinto, subdiretor do Record, abordou o caso no programa Record na Hora.<\/li>\n<li>Segundo Pinto, uma investiga\u00e7\u00e3o normal levaria mais tempo para chegar a uma decis\u00e3o, mas o caso envolvendo Prestianni e Vin\u00edcius J\u00fanior \u00e9 diferente.<\/li>\n<li>O jornalista sustenta que a UEFA n\u00e3o pode desacreditar Vin\u00edcius J\u00fanior, tido como a principal cara da luta contra o racismo.<\/li>\n<li>A interven\u00e7\u00e3o ocorreu no programa Record na Hora, que pode ser visto no Now.<\/li>\n<li>A not\u00edcia mant\u00e9m o foco nos desdobramentos da investiga\u00e7\u00e3o e na posi\u00e7\u00e3o da UEFA em rela\u00e7\u00e3o ao jogador.<\/li>\n<\/ul>\n","protected":false},"author":2,"featured_media":218778,"comment_status":"closed","ping_status":"closed","sticky":false,"template":"","format":"standard","meta":{"footnotes":""},"categories":[21,24],"tags":[660,152,2681,32,3338,6032],"class_list":["post-218773","post","type-post","status-publish","format-standard","has-post-thumbnail","hentry","category-desporto","category-futebol","tag-assuntos-desportivos","tag-desporto","tag-desporto-internacional","tag-futebol","tag-futebol-internacional","tag-racismo"],"yoast_head":"<!-- This site is optimized with the Yoast SEO plugin v27.2 - https:\/\/yoast.com\/product\/yoast-seo-wordpress\/ -->\n<title>Prestianni em foco; UEFA n\u00e3o desacredita Vini Jr., rosto da luta anti-racismo - Portal Tela Portugal<\/title>\n<meta name=\"robots\" content=\"index, follow, max-snippet:-1, max-image-preview:large, max-video-preview:-1\" \/>\n<meta property=\"og:locale\" content=\"pt_PT\" \/>\n<meta property=\"og:type\" content=\"article\" \/>\n<meta property=\"og:title\" content=\"Prestianni em foco; UEFA n\u00e3o desacredita Vini Jr., rosto da luta anti-racismo - Portal Tela Portugal\" \/>\n<meta property=\"og:description\" content=\"V\u00edtor Pinto, subdiretor do Record, abordou o caso no programa Record na Hora. Segundo Pinto, uma investiga\u00e7\u00e3o normal levaria mais tempo para chegar a uma decis\u00e3o, mas o caso envolvendo Prestianni e Vin\u00edcius J\u00fanior \u00e9 diferente. O jornalista sustenta que a UEFA n\u00e3o pode desacreditar Vin\u00edcius J\u00fanior, tido como a principal cara da luta contra o racismo. A interven\u00e7\u00e3o ocorreu no programa Record na Hora, que pode ser visto no Now. A not\u00edcia mant\u00e9m o foco nos desdobramentos da investiga\u00e7\u00e3o e na posi\u00e7\u00e3o da UEFA em rela\u00e7\u00e3o ao jogador.\" \/>\n<meta property=\"og:url\" content=\"https:\/\/portaltela.pt\/noticias\/2026\/02\/20\/prestianni-em-foco-uefa-nao-desacredita-vini-jr-rosto-da-luta-anti-racismo\/\" \/>\n<meta property=\"og:site_name\" content=\"Portal Tela Portugal\" \/>\n<meta property=\"article:published_time\" content=\"2026-02-20T09:20:00+00:00\" \/>\n<meta name=\"author\" content=\"Telinha\" \/>\n<meta name=\"twitter:card\" content=\"summary_large_image\" \/>\n<meta name=\"twitter:label1\" content=\"Escrito por\" \/>\n\t<meta name=\"twitter:data1\" content=\"Telinha\" \/>\n\t<meta name=\"twitter:label2\" content=\"Tempo estimado de leitura\" \/>\n\t<meta name=\"twitter:data2\" content=\"1 minuto\" \/>\n<script type=\"application\/ld+json\" class=\"yoast-schema-graph\">{\"@context\":\"https:\/\/schema.org\",\"@graph\":[{\"@type\":\"Article\",\"@id\":\"https:\/\/portaltela.pt\/noticias\/2026\/02\/20\/prestianni-em-foco-uefa-nao-desacredita-vini-jr-rosto-da-luta-anti-racismo\/#article\",\"isPartOf\":{\"@id\":\"https:\/\/portaltela.pt\/noticias\/2026\/02\/20\/prestianni-em-foco-uefa-nao-desacredita-vini-jr-rosto-da-luta-anti-racismo\/\"},\"author\":{\"name\":\"Telinha\",\"@id\":\"https:\/\/portaltela.pt\/#\/schema\/person\/c4278d4a6028830caff9ee44b42d32ed\"},\"headline\":\"Prestianni em foco; UEFA n\u00e3o desacredita Vini Jr., rosto da luta anti-racismo\",\"datePublished\":\"2026-02-20T09:20:00+00:00\",\"mainEntityOfPage\":{\"@id\":\"https:\/\/portaltela.pt\/noticias\/2026\/02\/20\/prestianni-em-foco-uefa-nao-desacredita-vini-jr-rosto-da-luta-anti-racismo\/\"},\"wordCount\":172,\"image\":{\"@id\":\"https:\/\/portaltela.pt\/noticias\/2026\/02\/20\/prestianni-em-foco-uefa-nao-desacredita-vini-jr-rosto-da-luta-anti-racismo\/#primaryimage\"},\"thumbnailUrl\":\"https:\/\/portaltela.pt\/s.01k8rhncp4jt1\/2026\/02\/img_1200x721uu2026-02-19-23-28-46-2422646.jpg\",\"keywords\":[\"assuntos desportivos\",\"desporto\",\"desporto internacional\",\"futebol\",\"futebol internacional\",\"racismo\"],\"articleSection\":[\"Desporto\",\"Futebol\"],\"inLanguage\":\"pt-PT\"},{\"@type\":\"WebPage\",\"@id\":\"https:\/\/portaltela.pt\/noticias\/2026\/02\/20\/prestianni-em-foco-uefa-nao-desacredita-vini-jr-rosto-da-luta-anti-racismo\/\",\"url\":\"https:\/\/portaltela.pt\/noticias\/2026\/02\/20\/prestianni-em-foco-uefa-nao-desacredita-vini-jr-rosto-da-luta-anti-racismo\/\",\"name\":\"Prestianni em foco; UEFA n\u00e3o desacredita Vini Jr., rosto da luta anti-racismo - Portal Tela Portugal\",\"isPartOf\":{\"@id\":\"https:\/\/portaltela.pt\/#website\"},\"primaryImageOfPage\":{\"@id\":\"https:\/\/portaltela.pt\/noticias\/2026\/02\/20\/prestianni-em-foco-uefa-nao-desacredita-vini-jr-rosto-da-luta-anti-racismo\/#primaryimage\"},\"image\":{\"@id\":\"https:\/\/portaltela.pt\/noticias\/2026\/02\/20\/prestianni-em-foco-uefa-nao-desacredita-vini-jr-rosto-da-luta-anti-racismo\/#primaryimage\"},\"thumbnailUrl\":\"https:\/\/portaltela.pt\/s.01k8rhncp4jt1\/2026\/02\/img_1200x721uu2026-02-19-23-28-46-2422646.jpg\",\"datePublished\":\"2026-02-20T09:20:00+00:00\",\"author\":{\"@id\":\"https:\/\/portaltela.pt\/#\/schema\/person\/c4278d4a6028830caff9ee44b42d32ed\"},\"breadcrumb\":{\"@id\":\"https:\/\/portaltela.pt\/noticias\/2026\/02\/20\/prestianni-em-foco-uefa-nao-desacredita-vini-jr-rosto-da-luta-anti-racismo\/#breadcrumb\"},\"inLanguage\":\"pt-PT\",\"potentialAction\":[{\"@type\":\"ReadAction\",\"target\":[\"https:\/\/portaltela.pt\/noticias\/2026\/02\/20\/prestianni-em-foco-uefa-nao-desacredita-vini-jr-rosto-da-luta-anti-racismo\/\"]}]},{\"@type\":\"ImageObject\",\"inLanguage\":\"pt-PT\",\"@id\":\"https:\/\/portaltela.pt\/noticias\/2026\/02\/20\/prestianni-em-foco-uefa-nao-desacredita-vini-jr-rosto-da-luta-anti-racismo\/#primaryimage\",\"url\":\"https:\/\/portaltela.pt\/s.01k8rhncp4jt1\/2026\/02\/img_1200x721uu2026-02-19-23-28-46-2422646.jpg\",\"contentUrl\":\"https:\/\/portaltela.pt\/s.01k8rhncp4jt1\/2026\/02\/img_1200x721uu2026-02-19-23-28-46-2422646.jpg\",\"width\":796,\"height\":448,\"caption\":\"V\u00edtor Pinto, subdiretor de Record, aborda a pol\u00e9mica durante o programa 'Record na Hora'\"},{\"@type\":\"BreadcrumbList\",\"@id\":\"https:\/\/portaltela.pt\/noticias\/2026\/02\/20\/prestianni-em-foco-uefa-nao-desacredita-vini-jr-rosto-da-luta-anti-racismo\/#breadcrumb\",\"itemListElement\":[{\"@type\":\"ListItem\",\"position\":1,\"name\":\"In\u00edcio\",\"item\":\"https:\/\/portaltela.pt\/\"},{\"@type\":\"ListItem\",\"position\":2,\"name\":\"Prestianni em foco; UEFA n\u00e3o desacredita Vini Jr., rosto da luta anti-racismo\"}]},{\"@type\":\"WebSite\",\"@id\":\"https:\/\/portaltela.pt\/#website\",\"url\":\"https:\/\/portaltela.pt\/\",\"name\":\"Portal Tela Portugal\",\"description\":\"\",\"potentialAction\":[{\"@type\":\"SearchAction\",\"target\":{\"@type\":\"EntryPoint\",\"urlTemplate\":\"https:\/\/portaltela.pt\/?s={search_term_string}\"},\"query-input\":{\"@type\":\"PropertyValueSpecification\",\"valueRequired\":true,\"valueName\":\"search_term_string\"}}],\"inLanguage\":\"pt-PT\"},{\"@type\":\"Person\",\"@id\":\"https:\/\/portaltela.pt\/#\/schema\/person\/c4278d4a6028830caff9ee44b42d32ed\",\"name\":\"Telinha\",\"image\":{\"@type\":\"ImageObject\",\"inLanguage\":\"pt-PT\",\"@id\":\"https:\/\/portaltela.pt\/s.01k8rhncp4jt1\/2025\/11\/talking-bot-125x125.png\",\"url\":\"https:\/\/portaltela.pt\/s.01k8rhncp4jt1\/2025\/11\/talking-bot-125x125.png\",\"contentUrl\":\"https:\/\/portaltela.pt\/s.01k8rhncp4jt1\/2025\/11\/talking-bot-125x125.png\",\"caption\":\"Telinha\"},\"sameAs\":[\"https:\/\/portaltela.pt\/\"],\"url\":\"https:\/\/portaltela.pt\/por\/367410592786\/\"}]}<\/script>\n<!-- \/ Yoast SEO plugin. -->","yoast_head_json":{"title":"Prestianni em foco; UEFA n\u00e3o desacredita Vini Jr., rosto da luta anti-racismo - Portal Tela Portugal","robots":{"index":"index","follow":"follow","max-snippet":"max-snippet:-1","max-image-preview":"max-image-preview:large","max-video-preview":"max-video-preview:-1"},"og_locale":"pt_PT","og_type":"article","og_title":"Prestianni em foco; UEFA n\u00e3o desacredita Vini Jr., rosto da luta anti-racismo - Portal Tela Portugal","og_description":"V\u00edtor Pinto, subdiretor do Record, abordou o caso no programa Record na Hora. Segundo Pinto, uma investiga\u00e7\u00e3o normal levaria mais tempo para chegar a uma decis\u00e3o, mas o caso envolvendo Prestianni e Vin\u00edcius J\u00fanior \u00e9 diferente. O jornalista sustenta que a UEFA n\u00e3o pode desacreditar Vin\u00edcius J\u00fanior, tido como a principal cara da luta contra o racismo. A interven\u00e7\u00e3o ocorreu no programa Record na Hora, que pode ser visto no Now. A not\u00edcia mant\u00e9m o foco nos desdobramentos da investiga\u00e7\u00e3o e na posi\u00e7\u00e3o da UEFA em rela\u00e7\u00e3o ao jogador.","og_url":"https:\/\/portaltela.pt\/noticias\/2026\/02\/20\/prestianni-em-foco-uefa-nao-desacredita-vini-jr-rosto-da-luta-anti-racismo\/","og_site_name":"Portal Tela Portugal","article_published_time":"2026-02-20T09:20:00+00:00","author":"Telinha","twitter_card":"summary_large_image","twitter_misc":{"Escrito por":"Telinha","Tempo estimado de leitura":"1 minuto"},"schema":{"@context":"https:\/\/schema.org","@graph":[{"@type":"Article","@id":"https:\/\/portaltela.pt\/noticias\/2026\/02\/20\/prestianni-em-foco-uefa-nao-desacredita-vini-jr-rosto-da-luta-anti-racismo\/#article","isPartOf":{"@id":"https:\/\/portaltela.pt\/noticias\/2026\/02\/20\/prestianni-em-foco-uefa-nao-desacredita-vini-jr-rosto-da-luta-anti-racismo\/"},"author":{"name":"Telinha","@id":"https:\/\/portaltela.pt\/#\/schema\/person\/c4278d4a6028830caff9ee44b42d32ed"},"headline":"Prestianni em foco; UEFA n\u00e3o desacredita Vini Jr., rosto da luta anti-racismo","datePublished":"2026-02-20T09:20:00+00:00","mainEntityOfPage":{"@id":"https:\/\/portaltela.pt\/noticias\/2026\/02\/20\/prestianni-em-foco-uefa-nao-desacredita-vini-jr-rosto-da-luta-anti-racismo\/"},"wordCount":172,"image":{"@id":"https:\/\/portaltela.pt\/noticias\/2026\/02\/20\/prestianni-em-foco-uefa-nao-desacredita-vini-jr-rosto-da-luta-anti-racismo\/#primaryimage"},"thumbnailUrl":"https:\/\/portaltela.pt\/s.01k8rhncp4jt1\/2026\/02\/img_1200x721uu2026-02-19-23-28-46-2422646.jpg","keywords":["assuntos desportivos","desporto","desporto internacional","futebol","futebol internacional","racismo"],"articleSection":["Desporto","Futebol"],"inLanguage":"pt-PT"},{"@type":"WebPage","@id":"https:\/\/portaltela.pt\/noticias\/2026\/02\/20\/prestianni-em-foco-uefa-nao-desacredita-vini-jr-rosto-da-luta-anti-racismo\/","url":"https:\/\/portaltela.pt\/noticias\/2026\/02\/20\/prestianni-em-foco-uefa-nao-desacredita-vini-jr-rosto-da-luta-anti-racismo\/","name":"Prestianni em foco; UEFA n\u00e3o desacredita Vini Jr., rosto da luta anti-racismo - Portal Tela Portugal","isPartOf":{"@id":"https:\/\/portaltela.pt\/#website"},"primaryImageOfPage":{"@id":"https:\/\/portaltela.pt\/noticias\/2026\/02\/20\/prestianni-em-foco-uefa-nao-desacredita-vini-jr-rosto-da-luta-anti-racismo\/#primaryimage"},"image":{"@id":"https:\/\/portaltela.pt\/noticias\/2026\/02\/20\/prestianni-em-foco-uefa-nao-desacredita-vini-jr-rosto-da-luta-anti-racismo\/#primaryimage"},"thumbnailUrl":"https:\/\/portaltela.pt\/s.01k8rhncp4jt1\/2026\/02\/img_1200x721uu2026-02-19-23-28-46-2422646.jpg","datePublished":"2026-02-20T09:20:00+00:00","author":{"@id":"https:\/\/portaltela.pt\/#\/schema\/person\/c4278d4a6028830caff9ee44b42d32ed"},"breadcrumb":{"@id":"https:\/\/portaltela.pt\/noticias\/2026\/02\/20\/prestianni-em-foco-uefa-nao-desacredita-vini-jr-rosto-da-luta-anti-racismo\/#breadcrumb"},"inLanguage":"pt-PT","potentialAction":[{"@type":"ReadAction","target":["https:\/\/portaltela.pt\/noticias\/2026\/02\/20\/prestianni-em-foco-uefa-nao-desacredita-vini-jr-rosto-da-luta-anti-racismo\/"]}]},{"@type":"ImageObject","inLanguage":"pt-PT","@id":"https:\/\/portaltela.pt\/noticias\/2026\/02\/20\/prestianni-em-foco-uefa-nao-desacredita-vini-jr-rosto-da-luta-anti-racismo\/#primaryimage","url":"https:\/\/portaltela.pt\/s.01k8rhncp4jt1\/2026\/02\/img_1200x721uu2026-02-19-23-28-46-2422646.jpg","contentUrl":"https:\/\/portaltela.pt\/s.01k8rhncp4jt1\/2026\/02\/img_1200x721uu2026-02-19-23-28-46-2422646.jpg","width":796,"height":448,"caption":"V\u00edtor Pinto, subdiretor de Record, aborda a pol\u00e9mica durante o programa 'Record na Hora'"},{"@type":"BreadcrumbList","@id":"https:\/\/portaltela.pt\/noticias\/2026\/02\/20\/prestianni-em-foco-uefa-nao-desacredita-vini-jr-rosto-da-luta-anti-racismo\/#breadcrumb","itemListElement":[{"@type":"ListItem","position":1,"name":"In\u00edcio","item":"https:\/\/portaltela.pt\/"},{"@type":"ListItem","position":2,"name":"Prestianni em foco; UEFA n\u00e3o desacredita Vini Jr., rosto da luta anti-racismo"}]},{"@type":"WebSite","@id":"https:\/\/portaltela.pt\/#website","url":"https:\/\/portaltela.pt\/","name":"Portal Tela Portugal","description":"","potentialAction":[{"@type":"SearchAction","target":{"@type":"EntryPoint","urlTemplate":"https:\/\/portaltela.pt\/?s={search_term_string}"},"query-input":{"@type":"PropertyValueSpecification","valueRequired":true,"valueName":"search_term_string"}}],"inLanguage":"pt-PT"},{"@type":"Person","@id":"https:\/\/portaltela.pt\/#\/schema\/person\/c4278d4a6028830caff9ee44b42d32ed","name":"Telinha","image":{"@type":"ImageObject","inLanguage":"pt-PT","@id":"https:\/\/portaltela.pt\/s.01k8rhncp4jt1\/2025\/11\/talking-bot-125x125.png","url":"https:\/\/portaltela.pt\/s.01k8rhncp4jt1\/2025\/11\/talking-bot-125x125.png","contentUrl":"https:\/\/portaltela.pt\/s.01k8rhncp4jt1\/2025\/11\/talking-bot-125x125.png","caption":"Telinha"},"sameAs":["https:\/\/portaltela.pt\/"],"url":"https:\/\/portaltela.pt\/por\/367410592786\/"}]}},"_links":{"self":[{"href":"https:\/\/portaltela.pt\/api\/wp\/v2\/posts\/218773","targetHints":{"allow":["GET"]}}],"collection":[{"href":"https:\/\/portaltela.pt\/api\/wp\/v2\/posts"}],"about":[{"href":"https:\/\/portaltela.pt\/api\/wp\/v2\/types\/post"}],"author":[{"embeddable":true,"href":"https:\/\/portaltela.pt\/api\/wp\/v2\/users\/2"}],"replies":[{"embeddable":true,"href":"https:\/\/portaltela.pt\/api\/wp\/v2\/comments?post=218773"}],"version-history":[{"count":0,"href":"https:\/\/portaltela.pt\/api\/wp\/v2\/posts\/218773\/revisions"}],"wp:featuredmedia":[{"embeddable":true,"href":"https:\/\/portaltela.pt\/api\/wp\/v2\/media\/218778"}],"wp:attachment":[{"href":"https:\/\/portaltela.pt\/api\/wp\/v2\/media?parent=218773"}],"wp:term":[{"taxonomy":"category","embeddable":true,"href":"https:\/\/portaltela.pt\/api\/wp\/v2\/categories?post=218773"},{"taxonomy":"post_tag","embeddable":true,"href":"https:\/\/portaltela.pt\/api\/wp\/v2\/tags?post=218773"}],"curies":[{"name":"wp","href":"https:\/\/api.w.org\/{rel}","templated":true}]}}