{"id":218752,"date":"2026-02-20T05:58:00","date_gmt":"2026-02-20T08:58:00","guid":{"rendered":"https:\/\/portaltela.pt\/noticias\/2026\/02\/20\/fundo-ambiental-encerra-o-vale-eficiencia-e-analisa-impactos\/"},"modified":"2026-02-20T05:58:00","modified_gmt":"2026-02-20T08:58:00","slug":"fundo-ambiental-encerra-o-vale-eficiencia-e-analisa-impactos","status":"publish","type":"post","link":"https:\/\/portaltela.pt\/noticias\/2026\/02\/20\/fundo-ambiental-encerra-o-vale-eficiencia-e-analisa-impactos\/","title":{"rendered":"Fundo Ambiental encerra o Vale Efici\u00eancia e analisa impactos"},"content":{"rendered":"<p>O Fundo Ambiental, atrav\u00e9s da Ag\u00eancia para o Clima, determinou o encerramento imediato da atribui\u00e7\u00e3o de novos vales do programa Vale Efici\u00eancia, ordenando aos facilitadores que priorizem apenas os processos j\u00e1 aprovados.<\/p>\n<p>O Vale Efici\u00eancia destinava-se a apoiar fam\u00edlias economicamente vulner\u00e1veis no combate \u00e0 pobreza energ\u00e9tica, financiando a compra de janelas eficientes de classe A e a instala\u00e7\u00e3o de sistemas de climatiza\u00e7\u00e3o.<\/p>\n<p>Cada vale tinha o valor de 1300 euros, acrescidos de IVA, e cada agregado familiar podia beneficiar at\u00e9 tr\u00eas vales no total para melhorar a efici\u00eancia da habita\u00e7\u00e3o.<\/p>\n<p>A decis\u00e3o de terminar o programa de forma antecipada pode deixar sem apoio t\u00e9cnico e financeiro milhares de fam\u00edlias com candidaturas aprovadas, de acordo com a Associa\u00e7\u00e3o das Ag\u00eancias de Energia e Ambiente.<\/p>\n","protected":false},"excerpt":{"rendered":"<ul>\n<li>O Fundo Ambiental determinou o encerramento imediato da atribui\u00e7\u00e3o de novos vales do Vale Efici\u00eancia, com prioridade apenas aos processos j\u00e1 aprovados.<\/li>\n<li>O programa visava apoiar fam\u00edlias economicamente vulner\u00e1veis na luta contra a pobreza energ\u00e9tica, financiando janelas eficientes de classe A e a instala\u00e7\u00e3o de sistemas de climatiza\u00e7\u00e3o.<\/li>\n<li>Cada vale tinha o valor de 1.300 euros, acrescido de IVA, e um agregado familiar podia beneficiar de at\u00e9 tr\u00eas vales.<\/li>\n<li>A decis\u00e3o de terminar o programa pode deixar sem apoio t\u00e9cnico e financeiro milhares de agregados com candidaturas aprovadas, segundo a Associa\u00e7\u00e3o das Ag\u00eancias de Energia e Ambiente.<\/li>\n<\/ul>\n","protected":false},"author":2,"featured_media":218762,"comment_status":"closed","ping_status":"closed","sticky":false,"template":"","format":"standard","meta":{"footnotes":""},"categories":[1],"tags":[1211,174,150,1167,1053],"class_list":["post-218752","post","type-post","status-publish","format-standard","has-post-thumbnail","hentry","category-noticias","tag-apoio-social","tag-energia","tag-habitacao","tag-habitacao-social","tag-pobreza-energetica"],"yoast_head":"<!-- This site is optimized with the Yoast SEO plugin v27.2 - https:\/\/yoast.com\/product\/yoast-seo-wordpress\/ -->\n<title>Fundo Ambiental encerra o Vale Efici\u00eancia e analisa impactos - Portal Tela Portugal<\/title>\n<meta name=\"robots\" content=\"index, follow, max-snippet:-1, max-image-preview:large, max-video-preview:-1\" \/>\n<meta property=\"og:locale\" content=\"pt_PT\" \/>\n<meta property=\"og:type\" content=\"article\" \/>\n<meta property=\"og:title\" content=\"Fundo Ambiental encerra o Vale Efici\u00eancia e analisa impactos - Portal Tela Portugal\" \/>\n<meta property=\"og:description\" content=\"O Fundo Ambiental determinou o encerramento imediato da atribui\u00e7\u00e3o de novos vales do Vale Efici\u00eancia, com prioridade apenas aos processos j\u00e1 aprovados. O programa visava apoiar fam\u00edlias economicamente vulner\u00e1veis na luta contra a pobreza energ\u00e9tica, financiando janelas eficientes de classe A e a instala\u00e7\u00e3o de sistemas de climatiza\u00e7\u00e3o. Cada vale tinha o valor de 1.300 euros, acrescido de IVA, e um agregado familiar podia beneficiar de at\u00e9 tr\u00eas vales. A decis\u00e3o de terminar o programa pode deixar sem apoio t\u00e9cnico e financeiro milhares de agregados com candidaturas aprovadas, segundo a Associa\u00e7\u00e3o das Ag\u00eancias de Energia e Ambiente.\" \/>\n<meta property=\"og:url\" content=\"https:\/\/portaltela.pt\/noticias\/2026\/02\/20\/fundo-ambiental-encerra-o-vale-eficiencia-e-analisa-impactos\/\" \/>\n<meta property=\"og:site_name\" content=\"Portal Tela Portugal\" \/>\n<meta property=\"article:published_time\" content=\"2026-02-20T08:58:00+00:00\" \/>\n<meta name=\"author\" content=\"Telinha\" \/>\n<meta name=\"twitter:card\" content=\"summary_large_image\" \/>\n<meta name=\"twitter:label1\" content=\"Escrito por\" \/>\n\t<meta name=\"twitter:data1\" content=\"Telinha\" \/>\n\t<meta name=\"twitter:label2\" content=\"Tempo estimado de leitura\" \/>\n\t<meta name=\"twitter:data2\" content=\"1 minuto\" \/>\n<script type=\"application\/ld+json\" class=\"yoast-schema-graph\">{\"@context\":\"https:\/\/schema.org\",\"@graph\":[{\"@type\":\"Article\",\"@id\":\"https:\/\/portaltela.pt\/noticias\/2026\/02\/20\/fundo-ambiental-encerra-o-vale-eficiencia-e-analisa-impactos\/#article\",\"isPartOf\":{\"@id\":\"https:\/\/portaltela.pt\/noticias\/2026\/02\/20\/fundo-ambiental-encerra-o-vale-eficiencia-e-analisa-impactos\/\"},\"author\":{\"name\":\"Telinha\",\"@id\":\"https:\/\/portaltela.pt\/#\/schema\/person\/c4278d4a6028830caff9ee44b42d32ed\"},\"headline\":\"Fundo Ambiental encerra o Vale Efici\u00eancia e analisa impactos\",\"datePublished\":\"2026-02-20T08:58:00+00:00\",\"mainEntityOfPage\":{\"@id\":\"https:\/\/portaltela.pt\/noticias\/2026\/02\/20\/fundo-ambiental-encerra-o-vale-eficiencia-e-analisa-impactos\/\"},\"wordCount\":149,\"image\":{\"@id\":\"https:\/\/portaltela.pt\/noticias\/2026\/02\/20\/fundo-ambiental-encerra-o-vale-eficiencia-e-analisa-impactos\/#primaryimage\"},\"thumbnailUrl\":\"https:\/\/portaltela.pt\/s.01k8rhncp4jt1\/2026\/02\/image-1474.jpg\",\"keywords\":[\"Apoio Social\",\"energia\",\"habita\u00e7\u00e3o\",\"habita\u00e7\u00e3o social\",\"pobreza energ\u00e9tica\"],\"articleSection\":[\"Not\u00edcias\"],\"inLanguage\":\"pt-PT\"},{\"@type\":\"WebPage\",\"@id\":\"https:\/\/portaltela.pt\/noticias\/2026\/02\/20\/fundo-ambiental-encerra-o-vale-eficiencia-e-analisa-impactos\/\",\"url\":\"https:\/\/portaltela.pt\/noticias\/2026\/02\/20\/fundo-ambiental-encerra-o-vale-eficiencia-e-analisa-impactos\/\",\"name\":\"Fundo Ambiental encerra o Vale Efici\u00eancia e analisa impactos - Portal Tela Portugal\",\"isPartOf\":{\"@id\":\"https:\/\/portaltela.pt\/#website\"},\"primaryImageOfPage\":{\"@id\":\"https:\/\/portaltela.pt\/noticias\/2026\/02\/20\/fundo-ambiental-encerra-o-vale-eficiencia-e-analisa-impactos\/#primaryimage\"},\"image\":{\"@id\":\"https:\/\/portaltela.pt\/noticias\/2026\/02\/20\/fundo-ambiental-encerra-o-vale-eficiencia-e-analisa-impactos\/#primaryimage\"},\"thumbnailUrl\":\"https:\/\/portaltela.pt\/s.01k8rhncp4jt1\/2026\/02\/image-1474.jpg\",\"datePublished\":\"2026-02-20T08:58:00+00:00\",\"author\":{\"@id\":\"https:\/\/portaltela.pt\/#\/schema\/person\/c4278d4a6028830caff9ee44b42d32ed\"},\"breadcrumb\":{\"@id\":\"https:\/\/portaltela.pt\/noticias\/2026\/02\/20\/fundo-ambiental-encerra-o-vale-eficiencia-e-analisa-impactos\/#breadcrumb\"},\"inLanguage\":\"pt-PT\",\"potentialAction\":[{\"@type\":\"ReadAction\",\"target\":[\"https:\/\/portaltela.pt\/noticias\/2026\/02\/20\/fundo-ambiental-encerra-o-vale-eficiencia-e-analisa-impactos\/\"]}]},{\"@type\":\"ImageObject\",\"inLanguage\":\"pt-PT\",\"@id\":\"https:\/\/portaltela.pt\/noticias\/2026\/02\/20\/fundo-ambiental-encerra-o-vale-eficiencia-e-analisa-impactos\/#primaryimage\",\"url\":\"https:\/\/portaltela.pt\/s.01k8rhncp4jt1\/2026\/02\/image-1474.jpg\",\"contentUrl\":\"https:\/\/portaltela.pt\/s.01k8rhncp4jt1\/2026\/02\/image-1474.jpg\",\"width\":796,\"height\":448,\"caption\":\"Imagem de contexto do artigo Fundo Ambiental acabou com o Vale Efici\u00eancia. O que aconteceu?\"},{\"@type\":\"BreadcrumbList\",\"@id\":\"https:\/\/portaltela.pt\/noticias\/2026\/02\/20\/fundo-ambiental-encerra-o-vale-eficiencia-e-analisa-impactos\/#breadcrumb\",\"itemListElement\":[{\"@type\":\"ListItem\",\"position\":1,\"name\":\"In\u00edcio\",\"item\":\"https:\/\/portaltela.pt\/\"},{\"@type\":\"ListItem\",\"position\":2,\"name\":\"Fundo Ambiental encerra o Vale Efici\u00eancia e analisa impactos\"}]},{\"@type\":\"WebSite\",\"@id\":\"https:\/\/portaltela.pt\/#website\",\"url\":\"https:\/\/portaltela.pt\/\",\"name\":\"Portal Tela Portugal\",\"description\":\"\",\"potentialAction\":[{\"@type\":\"SearchAction\",\"target\":{\"@type\":\"EntryPoint\",\"urlTemplate\":\"https:\/\/portaltela.pt\/?s={search_term_string}\"},\"query-input\":{\"@type\":\"PropertyValueSpecification\",\"valueRequired\":true,\"valueName\":\"search_term_string\"}}],\"inLanguage\":\"pt-PT\"},{\"@type\":\"Person\",\"@id\":\"https:\/\/portaltela.pt\/#\/schema\/person\/c4278d4a6028830caff9ee44b42d32ed\",\"name\":\"Telinha\",\"image\":{\"@type\":\"ImageObject\",\"inLanguage\":\"pt-PT\",\"@id\":\"https:\/\/portaltela.pt\/s.01k8rhncp4jt1\/2025\/11\/talking-bot-125x125.png\",\"url\":\"https:\/\/portaltela.pt\/s.01k8rhncp4jt1\/2025\/11\/talking-bot-125x125.png\",\"contentUrl\":\"https:\/\/portaltela.pt\/s.01k8rhncp4jt1\/2025\/11\/talking-bot-125x125.png\",\"caption\":\"Telinha\"},\"sameAs\":[\"https:\/\/portaltela.pt\/\"],\"url\":\"https:\/\/portaltela.pt\/por\/367410592786\/\"}]}<\/script>\n<!-- \/ Yoast SEO plugin. -->","yoast_head_json":{"title":"Fundo Ambiental encerra o Vale Efici\u00eancia e analisa impactos - Portal Tela Portugal","robots":{"index":"index","follow":"follow","max-snippet":"max-snippet:-1","max-image-preview":"max-image-preview:large","max-video-preview":"max-video-preview:-1"},"og_locale":"pt_PT","og_type":"article","og_title":"Fundo Ambiental encerra o Vale Efici\u00eancia e analisa impactos - Portal Tela Portugal","og_description":"O Fundo Ambiental determinou o encerramento imediato da atribui\u00e7\u00e3o de novos vales do Vale Efici\u00eancia, com prioridade apenas aos processos j\u00e1 aprovados. O programa visava apoiar fam\u00edlias economicamente vulner\u00e1veis na luta contra a pobreza energ\u00e9tica, financiando janelas eficientes de classe A e a instala\u00e7\u00e3o de sistemas de climatiza\u00e7\u00e3o. Cada vale tinha o valor de 1.300 euros, acrescido de IVA, e um agregado familiar podia beneficiar de at\u00e9 tr\u00eas vales. A decis\u00e3o de terminar o programa pode deixar sem apoio t\u00e9cnico e financeiro milhares de agregados com candidaturas aprovadas, segundo a Associa\u00e7\u00e3o das Ag\u00eancias de Energia e Ambiente.","og_url":"https:\/\/portaltela.pt\/noticias\/2026\/02\/20\/fundo-ambiental-encerra-o-vale-eficiencia-e-analisa-impactos\/","og_site_name":"Portal Tela Portugal","article_published_time":"2026-02-20T08:58:00+00:00","author":"Telinha","twitter_card":"summary_large_image","twitter_misc":{"Escrito por":"Telinha","Tempo estimado de leitura":"1 minuto"},"schema":{"@context":"https:\/\/schema.org","@graph":[{"@type":"Article","@id":"https:\/\/portaltela.pt\/noticias\/2026\/02\/20\/fundo-ambiental-encerra-o-vale-eficiencia-e-analisa-impactos\/#article","isPartOf":{"@id":"https:\/\/portaltela.pt\/noticias\/2026\/02\/20\/fundo-ambiental-encerra-o-vale-eficiencia-e-analisa-impactos\/"},"author":{"name":"Telinha","@id":"https:\/\/portaltela.pt\/#\/schema\/person\/c4278d4a6028830caff9ee44b42d32ed"},"headline":"Fundo Ambiental encerra o Vale Efici\u00eancia e analisa impactos","datePublished":"2026-02-20T08:58:00+00:00","mainEntityOfPage":{"@id":"https:\/\/portaltela.pt\/noticias\/2026\/02\/20\/fundo-ambiental-encerra-o-vale-eficiencia-e-analisa-impactos\/"},"wordCount":149,"image":{"@id":"https:\/\/portaltela.pt\/noticias\/2026\/02\/20\/fundo-ambiental-encerra-o-vale-eficiencia-e-analisa-impactos\/#primaryimage"},"thumbnailUrl":"https:\/\/portaltela.pt\/s.01k8rhncp4jt1\/2026\/02\/image-1474.jpg","keywords":["Apoio Social","energia","habita\u00e7\u00e3o","habita\u00e7\u00e3o social","pobreza energ\u00e9tica"],"articleSection":["Not\u00edcias"],"inLanguage":"pt-PT"},{"@type":"WebPage","@id":"https:\/\/portaltela.pt\/noticias\/2026\/02\/20\/fundo-ambiental-encerra-o-vale-eficiencia-e-analisa-impactos\/","url":"https:\/\/portaltela.pt\/noticias\/2026\/02\/20\/fundo-ambiental-encerra-o-vale-eficiencia-e-analisa-impactos\/","name":"Fundo Ambiental encerra o Vale Efici\u00eancia e analisa impactos - Portal Tela Portugal","isPartOf":{"@id":"https:\/\/portaltela.pt\/#website"},"primaryImageOfPage":{"@id":"https:\/\/portaltela.pt\/noticias\/2026\/02\/20\/fundo-ambiental-encerra-o-vale-eficiencia-e-analisa-impactos\/#primaryimage"},"image":{"@id":"https:\/\/portaltela.pt\/noticias\/2026\/02\/20\/fundo-ambiental-encerra-o-vale-eficiencia-e-analisa-impactos\/#primaryimage"},"thumbnailUrl":"https:\/\/portaltela.pt\/s.01k8rhncp4jt1\/2026\/02\/image-1474.jpg","datePublished":"2026-02-20T08:58:00+00:00","author":{"@id":"https:\/\/portaltela.pt\/#\/schema\/person\/c4278d4a6028830caff9ee44b42d32ed"},"breadcrumb":{"@id":"https:\/\/portaltela.pt\/noticias\/2026\/02\/20\/fundo-ambiental-encerra-o-vale-eficiencia-e-analisa-impactos\/#breadcrumb"},"inLanguage":"pt-PT","potentialAction":[{"@type":"ReadAction","target":["https:\/\/portaltela.pt\/noticias\/2026\/02\/20\/fundo-ambiental-encerra-o-vale-eficiencia-e-analisa-impactos\/"]}]},{"@type":"ImageObject","inLanguage":"pt-PT","@id":"https:\/\/portaltela.pt\/noticias\/2026\/02\/20\/fundo-ambiental-encerra-o-vale-eficiencia-e-analisa-impactos\/#primaryimage","url":"https:\/\/portaltela.pt\/s.01k8rhncp4jt1\/2026\/02\/image-1474.jpg","contentUrl":"https:\/\/portaltela.pt\/s.01k8rhncp4jt1\/2026\/02\/image-1474.jpg","width":796,"height":448,"caption":"Imagem de contexto do artigo Fundo Ambiental acabou com o Vale Efici\u00eancia. O que aconteceu?"},{"@type":"BreadcrumbList","@id":"https:\/\/portaltela.pt\/noticias\/2026\/02\/20\/fundo-ambiental-encerra-o-vale-eficiencia-e-analisa-impactos\/#breadcrumb","itemListElement":[{"@type":"ListItem","position":1,"name":"In\u00edcio","item":"https:\/\/portaltela.pt\/"},{"@type":"ListItem","position":2,"name":"Fundo Ambiental encerra o Vale Efici\u00eancia e analisa impactos"}]},{"@type":"WebSite","@id":"https:\/\/portaltela.pt\/#website","url":"https:\/\/portaltela.pt\/","name":"Portal Tela Portugal","description":"","potentialAction":[{"@type":"SearchAction","target":{"@type":"EntryPoint","urlTemplate":"https:\/\/portaltela.pt\/?s={search_term_string}"},"query-input":{"@type":"PropertyValueSpecification","valueRequired":true,"valueName":"search_term_string"}}],"inLanguage":"pt-PT"},{"@type":"Person","@id":"https:\/\/portaltela.pt\/#\/schema\/person\/c4278d4a6028830caff9ee44b42d32ed","name":"Telinha","image":{"@type":"ImageObject","inLanguage":"pt-PT","@id":"https:\/\/portaltela.pt\/s.01k8rhncp4jt1\/2025\/11\/talking-bot-125x125.png","url":"https:\/\/portaltela.pt\/s.01k8rhncp4jt1\/2025\/11\/talking-bot-125x125.png","contentUrl":"https:\/\/portaltela.pt\/s.01k8rhncp4jt1\/2025\/11\/talking-bot-125x125.png","caption":"Telinha"},"sameAs":["https:\/\/portaltela.pt\/"],"url":"https:\/\/portaltela.pt\/por\/367410592786\/"}]}},"_links":{"self":[{"href":"https:\/\/portaltela.pt\/api\/wp\/v2\/posts\/218752","targetHints":{"allow":["GET"]}}],"collection":[{"href":"https:\/\/portaltela.pt\/api\/wp\/v2\/posts"}],"about":[{"href":"https:\/\/portaltela.pt\/api\/wp\/v2\/types\/post"}],"author":[{"embeddable":true,"href":"https:\/\/portaltela.pt\/api\/wp\/v2\/users\/2"}],"replies":[{"embeddable":true,"href":"https:\/\/portaltela.pt\/api\/wp\/v2\/comments?post=218752"}],"version-history":[{"count":0,"href":"https:\/\/portaltela.pt\/api\/wp\/v2\/posts\/218752\/revisions"}],"wp:featuredmedia":[{"embeddable":true,"href":"https:\/\/portaltela.pt\/api\/wp\/v2\/media\/218762"}],"wp:attachment":[{"href":"https:\/\/portaltela.pt\/api\/wp\/v2\/media?parent=218752"}],"wp:term":[{"taxonomy":"category","embeddable":true,"href":"https:\/\/portaltela.pt\/api\/wp\/v2\/categories?post=218752"},{"taxonomy":"post_tag","embeddable":true,"href":"https:\/\/portaltela.pt\/api\/wp\/v2\/tags?post=218752"}],"curies":[{"name":"wp","href":"https:\/\/api.w.org\/{rel}","templated":true}]}}