{"id":218718,"date":"2026-02-20T05:38:00","date_gmt":"2026-02-20T08:38:00","guid":{"rendered":"https:\/\/portaltela.pt\/noticias\/2026\/02\/20\/portugueses-lideram-pedidos-de-emprestimos-para-carros-usados\/"},"modified":"2026-02-20T05:38:00","modified_gmt":"2026-02-20T08:38:00","slug":"portugueses-lideram-pedidos-de-emprestimos-para-carros-usados","status":"publish","type":"post","link":"https:\/\/portaltela.pt\/noticias\/economia\/2026\/02\/20\/portugueses-lideram-pedidos-de-emprestimos-para-carros-usados\/","title":{"rendered":"Portugueses lideram pedidos de empr\u00e9stimos para carros usados"},"content":{"rendered":"<p>O cr\u00e9dito autom\u00f3vel em Portugal atingiu 315 milh\u00f5es de euros em dezembro, com o mercado de usados a mostrar o maior impulso, segundo dados do Banco de Portugal. A subida indica maior ades\u00e3o dos consumidores aos empr\u00e9stimos para autom\u00f3veis.<\/p>\n<p>No total, foram celebrados 18.888 novos contratos de cr\u00e9dito autom\u00f3vel, n\u00fameros superiores aos de dezembro de 2024. O conjunto demonstra uma trajet\u00f3ria de aumento sustentado neste segmento de financiamento ao consumo.<\/p>\n<h3>Dados de refer\u00eancia<\/h3>\n<p>O montante financiado refor\u00e7a o peso dos usados no cr\u00e9dito autom\u00f3vel, com bancos a oferecerem condi\u00e7\u00f5es competitivas e prazos ajustados \u00e0s necessidades dos clientes. Os dados referem-se ao desempenho do sistema financeiro nacional em dezembro.<\/p>\n","protected":false},"excerpt":{"rendered":"<ul>\n<li>O cr\u00e9dito autom\u00f3vel atingiu 315 milh\u00f5es de euros em dezembro do ano passado, com destaque para o segmento de usados.<\/li>\n<li>Foram celebrados 18.888 novos contratos de cr\u00e9dito autom\u00f3vel, mais elevados do que em dezembro de 2024.<\/li>\n<li>O crescimento do cr\u00e9dito autom\u00f3vel revela uma trajet\u00f3ria de aumento sustentado neste tipo de financiamento ao consumo.<\/li>\n<li>Os dados s\u00e3o divulgados pelo Banco de Portugal e refletem o desempenho do mercado de ve\u00edculos usados no contexto macroecon\u00f3mico.<\/li>\n<\/ul>\n","protected":false},"author":2,"featured_media":218733,"comment_status":"closed","ping_status":"closed","sticky":false,"template":"","format":"standard","meta":{"footnotes":""},"categories":[2,1],"tags":[4991,1960,2324,28,2584,1014],"class_list":["post-218718","post","type-post","status-publish","format-standard","has-post-thumbnail","hentry","category-economia","category-noticias","tag-consumo","tag-credito","tag-credito-ao-consumo","tag-economia","tag-financas","tag-portugal"],"yoast_head":"<!-- This site is optimized with the Yoast SEO plugin v27.2 - https:\/\/yoast.com\/product\/yoast-seo-wordpress\/ -->\n<title>Portugueses lideram pedidos de empr\u00e9stimos para carros usados - Portal Tela Portugal<\/title>\n<meta name=\"robots\" content=\"index, follow, max-snippet:-1, max-image-preview:large, max-video-preview:-1\" \/>\n<meta property=\"og:locale\" content=\"pt_PT\" \/>\n<meta property=\"og:type\" content=\"article\" \/>\n<meta property=\"og:title\" content=\"Portugueses lideram pedidos de empr\u00e9stimos para carros usados - Portal Tela Portugal\" \/>\n<meta property=\"og:description\" content=\"O cr\u00e9dito autom\u00f3vel atingiu 315 milh\u00f5es de euros em dezembro do ano passado, com destaque para o segmento de usados. Foram celebrados 18.888 novos contratos de cr\u00e9dito autom\u00f3vel, mais elevados do que em dezembro de 2024. O crescimento do cr\u00e9dito autom\u00f3vel revela uma trajet\u00f3ria de aumento sustentado neste tipo de financiamento ao consumo. Os dados s\u00e3o divulgados pelo Banco de Portugal e refletem o desempenho do mercado de ve\u00edculos usados no contexto macroecon\u00f3mico.\" \/>\n<meta property=\"og:url\" content=\"https:\/\/portaltela.pt\/noticias\/2026\/02\/20\/portugueses-lideram-pedidos-de-emprestimos-para-carros-usados\/\" \/>\n<meta property=\"og:site_name\" content=\"Portal Tela Portugal\" \/>\n<meta property=\"article:published_time\" content=\"2026-02-20T08:38:00+00:00\" \/>\n<meta name=\"author\" content=\"Telinha\" \/>\n<meta name=\"twitter:card\" content=\"summary_large_image\" \/>\n<meta name=\"twitter:label1\" content=\"Escrito por\" \/>\n\t<meta name=\"twitter:data1\" content=\"Telinha\" \/>\n\t<meta name=\"twitter:label2\" content=\"Tempo estimado de leitura\" \/>\n\t<meta name=\"twitter:data2\" content=\"1 minuto\" \/>\n<script type=\"application\/ld+json\" class=\"yoast-schema-graph\">{\"@context\":\"https:\/\/schema.org\",\"@graph\":[{\"@type\":\"Article\",\"@id\":\"https:\/\/portaltela.pt\/noticias\/2026\/02\/20\/portugueses-lideram-pedidos-de-emprestimos-para-carros-usados\/#article\",\"isPartOf\":{\"@id\":\"https:\/\/portaltela.pt\/noticias\/2026\/02\/20\/portugueses-lideram-pedidos-de-emprestimos-para-carros-usados\/\"},\"author\":{\"name\":\"Telinha\",\"@id\":\"https:\/\/portaltela.pt\/#\/schema\/person\/c4278d4a6028830caff9ee44b42d32ed\"},\"headline\":\"Portugueses lideram pedidos de empr\u00e9stimos para carros usados\",\"datePublished\":\"2026-02-20T08:38:00+00:00\",\"mainEntityOfPage\":{\"@id\":\"https:\/\/portaltela.pt\/noticias\/2026\/02\/20\/portugueses-lideram-pedidos-de-emprestimos-para-carros-usados\/\"},\"wordCount\":129,\"image\":{\"@id\":\"https:\/\/portaltela.pt\/noticias\/2026\/02\/20\/portugueses-lideram-pedidos-de-emprestimos-para-carros-usados\/#primaryimage\"},\"thumbnailUrl\":\"https:\/\/portaltela.pt\/s.01k8rhncp4jt1\/2026\/02\/image-1472.jpg\",\"keywords\":[\"consumo\",\"cr\u00e9dito\",\"Cr\u00e9dito ao Consumo\",\"economia\",\"finan\u00e7as\",\"Portugal\"],\"articleSection\":[\"Economia\",\"Not\u00edcias\"],\"inLanguage\":\"pt-PT\"},{\"@type\":\"WebPage\",\"@id\":\"https:\/\/portaltela.pt\/noticias\/2026\/02\/20\/portugueses-lideram-pedidos-de-emprestimos-para-carros-usados\/\",\"url\":\"https:\/\/portaltela.pt\/noticias\/2026\/02\/20\/portugueses-lideram-pedidos-de-emprestimos-para-carros-usados\/\",\"name\":\"Portugueses lideram pedidos de empr\u00e9stimos para carros usados - Portal Tela Portugal\",\"isPartOf\":{\"@id\":\"https:\/\/portaltela.pt\/#website\"},\"primaryImageOfPage\":{\"@id\":\"https:\/\/portaltela.pt\/noticias\/2026\/02\/20\/portugueses-lideram-pedidos-de-emprestimos-para-carros-usados\/#primaryimage\"},\"image\":{\"@id\":\"https:\/\/portaltela.pt\/noticias\/2026\/02\/20\/portugueses-lideram-pedidos-de-emprestimos-para-carros-usados\/#primaryimage\"},\"thumbnailUrl\":\"https:\/\/portaltela.pt\/s.01k8rhncp4jt1\/2026\/02\/image-1472.jpg\",\"datePublished\":\"2026-02-20T08:38:00+00:00\",\"author\":{\"@id\":\"https:\/\/portaltela.pt\/#\/schema\/person\/c4278d4a6028830caff9ee44b42d32ed\"},\"breadcrumb\":{\"@id\":\"https:\/\/portaltela.pt\/noticias\/2026\/02\/20\/portugueses-lideram-pedidos-de-emprestimos-para-carros-usados\/#breadcrumb\"},\"inLanguage\":\"pt-PT\",\"potentialAction\":[{\"@type\":\"ReadAction\",\"target\":[\"https:\/\/portaltela.pt\/noticias\/2026\/02\/20\/portugueses-lideram-pedidos-de-emprestimos-para-carros-usados\/\"]}]},{\"@type\":\"ImageObject\",\"inLanguage\":\"pt-PT\",\"@id\":\"https:\/\/portaltela.pt\/noticias\/2026\/02\/20\/portugueses-lideram-pedidos-de-emprestimos-para-carros-usados\/#primaryimage\",\"url\":\"https:\/\/portaltela.pt\/s.01k8rhncp4jt1\/2026\/02\/image-1472.jpg\",\"contentUrl\":\"https:\/\/portaltela.pt\/s.01k8rhncp4jt1\/2026\/02\/image-1472.jpg\",\"width\":796,\"height\":448,\"caption\":\"Cr\u00e9dito autom\u00f3vel atingiu 315 milh\u00f5es de euros em dezembro do ano passado\"},{\"@type\":\"BreadcrumbList\",\"@id\":\"https:\/\/portaltela.pt\/noticias\/2026\/02\/20\/portugueses-lideram-pedidos-de-emprestimos-para-carros-usados\/#breadcrumb\",\"itemListElement\":[{\"@type\":\"ListItem\",\"position\":1,\"name\":\"In\u00edcio\",\"item\":\"https:\/\/portaltela.pt\/\"},{\"@type\":\"ListItem\",\"position\":2,\"name\":\"Portugueses lideram pedidos de empr\u00e9stimos para carros usados\"}]},{\"@type\":\"WebSite\",\"@id\":\"https:\/\/portaltela.pt\/#website\",\"url\":\"https:\/\/portaltela.pt\/\",\"name\":\"Portal Tela Portugal\",\"description\":\"\",\"potentialAction\":[{\"@type\":\"SearchAction\",\"target\":{\"@type\":\"EntryPoint\",\"urlTemplate\":\"https:\/\/portaltela.pt\/?s={search_term_string}\"},\"query-input\":{\"@type\":\"PropertyValueSpecification\",\"valueRequired\":true,\"valueName\":\"search_term_string\"}}],\"inLanguage\":\"pt-PT\"},{\"@type\":\"Person\",\"@id\":\"https:\/\/portaltela.pt\/#\/schema\/person\/c4278d4a6028830caff9ee44b42d32ed\",\"name\":\"Telinha\",\"image\":{\"@type\":\"ImageObject\",\"inLanguage\":\"pt-PT\",\"@id\":\"https:\/\/portaltela.pt\/s.01k8rhncp4jt1\/2025\/11\/talking-bot-125x125.png\",\"url\":\"https:\/\/portaltela.pt\/s.01k8rhncp4jt1\/2025\/11\/talking-bot-125x125.png\",\"contentUrl\":\"https:\/\/portaltela.pt\/s.01k8rhncp4jt1\/2025\/11\/talking-bot-125x125.png\",\"caption\":\"Telinha\"},\"sameAs\":[\"https:\/\/portaltela.pt\/\"],\"url\":\"https:\/\/portaltela.pt\/por\/367410592786\/\"}]}<\/script>\n<!-- \/ Yoast SEO plugin. -->","yoast_head_json":{"title":"Portugueses lideram pedidos de empr\u00e9stimos para carros usados - Portal Tela Portugal","robots":{"index":"index","follow":"follow","max-snippet":"max-snippet:-1","max-image-preview":"max-image-preview:large","max-video-preview":"max-video-preview:-1"},"og_locale":"pt_PT","og_type":"article","og_title":"Portugueses lideram pedidos de empr\u00e9stimos para carros usados - Portal Tela Portugal","og_description":"O cr\u00e9dito autom\u00f3vel atingiu 315 milh\u00f5es de euros em dezembro do ano passado, com destaque para o segmento de usados. Foram celebrados 18.888 novos contratos de cr\u00e9dito autom\u00f3vel, mais elevados do que em dezembro de 2024. O crescimento do cr\u00e9dito autom\u00f3vel revela uma trajet\u00f3ria de aumento sustentado neste tipo de financiamento ao consumo. Os dados s\u00e3o divulgados pelo Banco de Portugal e refletem o desempenho do mercado de ve\u00edculos usados no contexto macroecon\u00f3mico.","og_url":"https:\/\/portaltela.pt\/noticias\/2026\/02\/20\/portugueses-lideram-pedidos-de-emprestimos-para-carros-usados\/","og_site_name":"Portal Tela Portugal","article_published_time":"2026-02-20T08:38:00+00:00","author":"Telinha","twitter_card":"summary_large_image","twitter_misc":{"Escrito por":"Telinha","Tempo estimado de leitura":"1 minuto"},"schema":{"@context":"https:\/\/schema.org","@graph":[{"@type":"Article","@id":"https:\/\/portaltela.pt\/noticias\/2026\/02\/20\/portugueses-lideram-pedidos-de-emprestimos-para-carros-usados\/#article","isPartOf":{"@id":"https:\/\/portaltela.pt\/noticias\/2026\/02\/20\/portugueses-lideram-pedidos-de-emprestimos-para-carros-usados\/"},"author":{"name":"Telinha","@id":"https:\/\/portaltela.pt\/#\/schema\/person\/c4278d4a6028830caff9ee44b42d32ed"},"headline":"Portugueses lideram pedidos de empr\u00e9stimos para carros usados","datePublished":"2026-02-20T08:38:00+00:00","mainEntityOfPage":{"@id":"https:\/\/portaltela.pt\/noticias\/2026\/02\/20\/portugueses-lideram-pedidos-de-emprestimos-para-carros-usados\/"},"wordCount":129,"image":{"@id":"https:\/\/portaltela.pt\/noticias\/2026\/02\/20\/portugueses-lideram-pedidos-de-emprestimos-para-carros-usados\/#primaryimage"},"thumbnailUrl":"https:\/\/portaltela.pt\/s.01k8rhncp4jt1\/2026\/02\/image-1472.jpg","keywords":["consumo","cr\u00e9dito","Cr\u00e9dito ao Consumo","economia","finan\u00e7as","Portugal"],"articleSection":["Economia","Not\u00edcias"],"inLanguage":"pt-PT"},{"@type":"WebPage","@id":"https:\/\/portaltela.pt\/noticias\/2026\/02\/20\/portugueses-lideram-pedidos-de-emprestimos-para-carros-usados\/","url":"https:\/\/portaltela.pt\/noticias\/2026\/02\/20\/portugueses-lideram-pedidos-de-emprestimos-para-carros-usados\/","name":"Portugueses lideram pedidos de empr\u00e9stimos para carros usados - Portal Tela Portugal","isPartOf":{"@id":"https:\/\/portaltela.pt\/#website"},"primaryImageOfPage":{"@id":"https:\/\/portaltela.pt\/noticias\/2026\/02\/20\/portugueses-lideram-pedidos-de-emprestimos-para-carros-usados\/#primaryimage"},"image":{"@id":"https:\/\/portaltela.pt\/noticias\/2026\/02\/20\/portugueses-lideram-pedidos-de-emprestimos-para-carros-usados\/#primaryimage"},"thumbnailUrl":"https:\/\/portaltela.pt\/s.01k8rhncp4jt1\/2026\/02\/image-1472.jpg","datePublished":"2026-02-20T08:38:00+00:00","author":{"@id":"https:\/\/portaltela.pt\/#\/schema\/person\/c4278d4a6028830caff9ee44b42d32ed"},"breadcrumb":{"@id":"https:\/\/portaltela.pt\/noticias\/2026\/02\/20\/portugueses-lideram-pedidos-de-emprestimos-para-carros-usados\/#breadcrumb"},"inLanguage":"pt-PT","potentialAction":[{"@type":"ReadAction","target":["https:\/\/portaltela.pt\/noticias\/2026\/02\/20\/portugueses-lideram-pedidos-de-emprestimos-para-carros-usados\/"]}]},{"@type":"ImageObject","inLanguage":"pt-PT","@id":"https:\/\/portaltela.pt\/noticias\/2026\/02\/20\/portugueses-lideram-pedidos-de-emprestimos-para-carros-usados\/#primaryimage","url":"https:\/\/portaltela.pt\/s.01k8rhncp4jt1\/2026\/02\/image-1472.jpg","contentUrl":"https:\/\/portaltela.pt\/s.01k8rhncp4jt1\/2026\/02\/image-1472.jpg","width":796,"height":448,"caption":"Cr\u00e9dito autom\u00f3vel atingiu 315 milh\u00f5es de euros em dezembro do ano passado"},{"@type":"BreadcrumbList","@id":"https:\/\/portaltela.pt\/noticias\/2026\/02\/20\/portugueses-lideram-pedidos-de-emprestimos-para-carros-usados\/#breadcrumb","itemListElement":[{"@type":"ListItem","position":1,"name":"In\u00edcio","item":"https:\/\/portaltela.pt\/"},{"@type":"ListItem","position":2,"name":"Portugueses lideram pedidos de empr\u00e9stimos para carros usados"}]},{"@type":"WebSite","@id":"https:\/\/portaltela.pt\/#website","url":"https:\/\/portaltela.pt\/","name":"Portal Tela Portugal","description":"","potentialAction":[{"@type":"SearchAction","target":{"@type":"EntryPoint","urlTemplate":"https:\/\/portaltela.pt\/?s={search_term_string}"},"query-input":{"@type":"PropertyValueSpecification","valueRequired":true,"valueName":"search_term_string"}}],"inLanguage":"pt-PT"},{"@type":"Person","@id":"https:\/\/portaltela.pt\/#\/schema\/person\/c4278d4a6028830caff9ee44b42d32ed","name":"Telinha","image":{"@type":"ImageObject","inLanguage":"pt-PT","@id":"https:\/\/portaltela.pt\/s.01k8rhncp4jt1\/2025\/11\/talking-bot-125x125.png","url":"https:\/\/portaltela.pt\/s.01k8rhncp4jt1\/2025\/11\/talking-bot-125x125.png","contentUrl":"https:\/\/portaltela.pt\/s.01k8rhncp4jt1\/2025\/11\/talking-bot-125x125.png","caption":"Telinha"},"sameAs":["https:\/\/portaltela.pt\/"],"url":"https:\/\/portaltela.pt\/por\/367410592786\/"}]}},"_links":{"self":[{"href":"https:\/\/portaltela.pt\/api\/wp\/v2\/posts\/218718","targetHints":{"allow":["GET"]}}],"collection":[{"href":"https:\/\/portaltela.pt\/api\/wp\/v2\/posts"}],"about":[{"href":"https:\/\/portaltela.pt\/api\/wp\/v2\/types\/post"}],"author":[{"embeddable":true,"href":"https:\/\/portaltela.pt\/api\/wp\/v2\/users\/2"}],"replies":[{"embeddable":true,"href":"https:\/\/portaltela.pt\/api\/wp\/v2\/comments?post=218718"}],"version-history":[{"count":0,"href":"https:\/\/portaltela.pt\/api\/wp\/v2\/posts\/218718\/revisions"}],"wp:featuredmedia":[{"embeddable":true,"href":"https:\/\/portaltela.pt\/api\/wp\/v2\/media\/218733"}],"wp:attachment":[{"href":"https:\/\/portaltela.pt\/api\/wp\/v2\/media?parent=218718"}],"wp:term":[{"taxonomy":"category","embeddable":true,"href":"https:\/\/portaltela.pt\/api\/wp\/v2\/categories?post=218718"},{"taxonomy":"post_tag","embeddable":true,"href":"https:\/\/portaltela.pt\/api\/wp\/v2\/tags?post=218718"}],"curies":[{"name":"wp","href":"https:\/\/api.w.org\/{rel}","templated":true}]}}