{"id":218683,"date":"2026-02-20T05:09:00","date_gmt":"2026-02-20T08:09:00","guid":{"rendered":"https:\/\/portaltela.pt\/noticias\/2026\/02\/20\/ex-sporting-comenta-caso-prestianni-nao-acredita-que-vinicius-va-montar-um-circo\/"},"modified":"2026-02-20T05:09:00","modified_gmt":"2026-02-20T08:09:00","slug":"ex-sporting-comenta-caso-prestianni-nao-acredita-que-vinicius-va-montar-um-circo","status":"publish","type":"post","link":"https:\/\/portaltela.pt\/desporto\/futebol\/2026\/02\/20\/ex-sporting-comenta-caso-prestianni-nao-acredita-que-vinicius-va-montar-um-circo\/","title":{"rendered":"Ex-Sporting comenta caso Prestianni: n\u00e3o acredita que Vin\u00edcius v\u00e1 montar um circo"},"content":{"rendered":"<p>Jes\u00e9 Rodr\u00edguez, avan\u00e7ado do Las Palmas, comentou a pol\u00e9mica entre Gianluca Prestianni e Vin\u00edcius J\u00fanior durante o jogo Benfica-Real Madrid (0-1), da primeira m\u00e3o do playoff da Liga dos Campe\u00f5es. O jogador espanhol adaptado ao futebol portugu\u00eas pediu cautela e pediu menos circo \u00e0 revela\u00e7\u00e3o venezuelk? (Note: ensure correct).<\/p>\n<p>O ex-atacante do Sporting elogiou Vin\u00edcius J\u00fanior, afirmando que tapar a boca durante a discuss\u00e3o n\u00e3o \u00e9 justific\u00e1vel e que o brasileiro n\u00e3o far\u00e1 da situa\u00e7\u00e3o um circo. Segundo Jes\u00e9, se houve fala, ela deve ser dita diretamente, sem recorrer a gestos inadequados.<\/p>\n<p>Jes\u00e9 refor\u00e7ou ainda que Jos\u00e9 Mourinho apenas fez o seu papel ao defender a equipa, descrevendo-o como um treinador exigente mas correto. O jogador tamb\u00e9m comentou a atualidade do Real Madrid e o potencial regresso de Mourinho, mencionando Arbeloa como tendo um come\u00e7o promissor como treinador.<\/p>\n<h3>Arbeloa e o futuro de Mourinho<\/h3>\n<p>Jes\u00e9 elogiou Arbeloa, destacando o bom in\u00edcio do t\u00e9cnico espanhol no Real Madrid e a melhoria vis\u00edvel da equipa desde o \u00faltimo m\u00eas. Sobre Mourinho, o avan\u00e7ado indicou que o t\u00e9cnico pode regressar ao clube, mantendo a linha de que Mou \u00e9 exigente e defensor da sua equipa.<\/p>\n<p>Jes\u00e9 recordou ainda a rela\u00e7\u00e3o com Mourinho, admitindo conflitos no passado mas aprendendo com ele ao longo do tempo. Em rela\u00e7\u00e3o ao Real Madrid, valorizou a melhoria geral do plantel e a possibilidade de prosseguir na Liga dos Campe\u00f5es ao avan\u00e7ar para os oitavos de final.<\/p>\n<p>O jogador, formado na cantera do Real Madrid, jogou 17 partidas pela forma\u00e7\u00e3o do Sporting, por empr\u00e9stimo do PSG, tendo marcado um golo pela camisola verde e branca.<\/p>\n","protected":false},"excerpt":{"rendered":"<ul>\n<li>Jes\u00e9 Rodr\u00edguez, avan\u00e7ado do Las Palmas e ex-Sporting, comentou a pol\u00e9mica entre Gianluca Prestianni e Vin\u00edcius J\u00fanior no Benfica\u2013Real Madrid (0-1) da primeira m\u00e3o do playoff da Liga dos Campe\u00f5es.<\/li>\n<li>Diz que o ato de Prestianni tapar a boca ao \u00e1rbitro \u00e9 suspeito e que n\u00e3o acredita que Vin\u00edcius v\u00e1 montar um circo apenas por capricho.<\/li>\n<li>Sobre Jos\u00e9 Mourinho, afirma que o treinador do Benfica apenas cumpriu o seu trabalho e que Mou \u00e9 uma pessoa boa; v\u00ea a hip\u00f3tese de regresso ao Real Madrid.<\/li>\n<li>Refere que \u00c1lvaro Arbeloa est\u00e1 a ter um bom in\u00edcio e que o Real Madrid tem mostrado melhoria; considera Xabi Alonso uma surpresa.<\/li>\n<li>Recorda que Arbeloa tem futuro como treinador; relembra que Jes\u00e9 foi formado na cantera do Real Madrid e jogou 17 partidas pelo Sporting por empr\u00e9stimo do Paris Saint\u2011Germain, marcando um golo.<\/li>\n<\/ul>\n","protected":false},"author":2,"featured_media":218686,"comment_status":"closed","ping_status":"closed","sticky":false,"template":"","format":"standard","meta":{"footnotes":""},"categories":[21,24],"tags":[2960,1946,32,3310,2714,2265],"class_list":["post-218683","post","type-post","status-publish","format-standard","has-post-thumbnail","hentry","category-desporto","category-futebol","tag-arbeloa","tag-benfica","tag-futebol","tag-mourinho","tag-real-madrid","tag-vinicius-junior"],"yoast_head":"<!-- This site is optimized with the Yoast SEO plugin v27.2 - https:\/\/yoast.com\/product\/yoast-seo-wordpress\/ -->\n<title>Ex-Sporting comenta caso Prestianni: n\u00e3o acredita que Vin\u00edcius v\u00e1 montar um circo - Portal Tela Portugal<\/title>\n<meta name=\"robots\" content=\"index, follow, max-snippet:-1, max-image-preview:large, max-video-preview:-1\" \/>\n<meta property=\"og:locale\" content=\"pt_PT\" \/>\n<meta property=\"og:type\" content=\"article\" \/>\n<meta property=\"og:title\" content=\"Ex-Sporting comenta caso Prestianni: n\u00e3o acredita que Vin\u00edcius v\u00e1 montar um circo - Portal Tela Portugal\" \/>\n<meta property=\"og:description\" content=\"Jes\u00e9 Rodr\u00edguez, avan\u00e7ado do Las Palmas e ex-Sporting, comentou a pol\u00e9mica entre Gianluca Prestianni e Vin\u00edcius J\u00fanior no Benfica\u2013Real Madrid (0-1) da primeira m\u00e3o do playoff da Liga dos Campe\u00f5es. Diz que o ato de Prestianni tapar a boca ao \u00e1rbitro \u00e9 suspeito e que n\u00e3o acredita que Vin\u00edcius v\u00e1 montar um circo apenas por capricho. Sobre Jos\u00e9 Mourinho, afirma que o treinador do Benfica apenas cumpriu o seu trabalho e que Mou \u00e9 uma pessoa boa; v\u00ea a hip\u00f3tese de regresso ao Real Madrid. Refere que \u00c1lvaro Arbeloa est\u00e1 a ter um bom in\u00edcio e que o Real Madrid tem mostrado melhoria; considera Xabi Alonso uma surpresa. Recorda que Arbeloa tem futuro como treinador; relembra que Jes\u00e9 foi formado na cantera do Real Madrid e jogou 17 partidas pelo Sporting por empr\u00e9stimo do Paris Saint\u2011Germain, marcando um golo.\" \/>\n<meta property=\"og:url\" content=\"https:\/\/portaltela.pt\/noticias\/2026\/02\/20\/ex-sporting-comenta-caso-prestianni-nao-acredita-que-vinicius-va-montar-um-circo\/\" \/>\n<meta property=\"og:site_name\" content=\"Portal Tela Portugal\" \/>\n<meta property=\"article:published_time\" content=\"2026-02-20T08:09:00+00:00\" \/>\n<meta name=\"author\" content=\"Telinha\" \/>\n<meta name=\"twitter:card\" content=\"summary_large_image\" \/>\n<meta name=\"twitter:label1\" content=\"Escrito por\" \/>\n\t<meta name=\"twitter:data1\" content=\"Telinha\" \/>\n\t<meta name=\"twitter:label2\" content=\"Tempo estimado de leitura\" \/>\n\t<meta name=\"twitter:data2\" content=\"1 minuto\" \/>\n<script type=\"application\/ld+json\" class=\"yoast-schema-graph\">{\"@context\":\"https:\/\/schema.org\",\"@graph\":[{\"@type\":\"Article\",\"@id\":\"https:\/\/portaltela.pt\/noticias\/2026\/02\/20\/ex-sporting-comenta-caso-prestianni-nao-acredita-que-vinicius-va-montar-um-circo\/#article\",\"isPartOf\":{\"@id\":\"https:\/\/portaltela.pt\/noticias\/2026\/02\/20\/ex-sporting-comenta-caso-prestianni-nao-acredita-que-vinicius-va-montar-um-circo\/\"},\"author\":{\"name\":\"Telinha\",\"@id\":\"https:\/\/portaltela.pt\/#\/schema\/person\/c4278d4a6028830caff9ee44b42d32ed\"},\"headline\":\"Ex-Sporting comenta caso Prestianni: n\u00e3o acredita que Vin\u00edcius v\u00e1 montar um circo\",\"datePublished\":\"2026-02-20T08:09:00+00:00\",\"mainEntityOfPage\":{\"@id\":\"https:\/\/portaltela.pt\/noticias\/2026\/02\/20\/ex-sporting-comenta-caso-prestianni-nao-acredita-que-vinicius-va-montar-um-circo\/\"},\"wordCount\":307,\"image\":{\"@id\":\"https:\/\/portaltela.pt\/noticias\/2026\/02\/20\/ex-sporting-comenta-caso-prestianni-nao-acredita-que-vinicius-va-montar-um-circo\/#primaryimage\"},\"thumbnailUrl\":\"https:\/\/portaltela.pt\/s.01k8rhncp4jt1\/2026\/02\/img_1200x721uu2026-02-19-20-39-05-2422609-1.jpg\",\"keywords\":[\"Arbeloa\",\"Benfica\",\"futebol\",\"Mourinho\",\"Real Madrid\",\"Vin\u00edcius J\u00fanior\"],\"articleSection\":[\"Desporto\",\"Futebol\"],\"inLanguage\":\"pt-PT\"},{\"@type\":\"WebPage\",\"@id\":\"https:\/\/portaltela.pt\/noticias\/2026\/02\/20\/ex-sporting-comenta-caso-prestianni-nao-acredita-que-vinicius-va-montar-um-circo\/\",\"url\":\"https:\/\/portaltela.pt\/noticias\/2026\/02\/20\/ex-sporting-comenta-caso-prestianni-nao-acredita-que-vinicius-va-montar-um-circo\/\",\"name\":\"Ex-Sporting comenta caso Prestianni: n\u00e3o acredita que Vin\u00edcius v\u00e1 montar um circo - Portal Tela Portugal\",\"isPartOf\":{\"@id\":\"https:\/\/portaltela.pt\/#website\"},\"primaryImageOfPage\":{\"@id\":\"https:\/\/portaltela.pt\/noticias\/2026\/02\/20\/ex-sporting-comenta-caso-prestianni-nao-acredita-que-vinicius-va-montar-um-circo\/#primaryimage\"},\"image\":{\"@id\":\"https:\/\/portaltela.pt\/noticias\/2026\/02\/20\/ex-sporting-comenta-caso-prestianni-nao-acredita-que-vinicius-va-montar-um-circo\/#primaryimage\"},\"thumbnailUrl\":\"https:\/\/portaltela.pt\/s.01k8rhncp4jt1\/2026\/02\/img_1200x721uu2026-02-19-20-39-05-2422609-1.jpg\",\"datePublished\":\"2026-02-20T08:09:00+00:00\",\"author\":{\"@id\":\"https:\/\/portaltela.pt\/#\/schema\/person\/c4278d4a6028830caff9ee44b42d32ed\"},\"breadcrumb\":{\"@id\":\"https:\/\/portaltela.pt\/noticias\/2026\/02\/20\/ex-sporting-comenta-caso-prestianni-nao-acredita-que-vinicius-va-montar-um-circo\/#breadcrumb\"},\"inLanguage\":\"pt-PT\",\"potentialAction\":[{\"@type\":\"ReadAction\",\"target\":[\"https:\/\/portaltela.pt\/noticias\/2026\/02\/20\/ex-sporting-comenta-caso-prestianni-nao-acredita-que-vinicius-va-montar-um-circo\/\"]}]},{\"@type\":\"ImageObject\",\"inLanguage\":\"pt-PT\",\"@id\":\"https:\/\/portaltela.pt\/noticias\/2026\/02\/20\/ex-sporting-comenta-caso-prestianni-nao-acredita-que-vinicius-va-montar-um-circo\/#primaryimage\",\"url\":\"https:\/\/portaltela.pt\/s.01k8rhncp4jt1\/2026\/02\/img_1200x721uu2026-02-19-20-39-05-2422609-1.jpg\",\"contentUrl\":\"https:\/\/portaltela.pt\/s.01k8rhncp4jt1\/2026\/02\/img_1200x721uu2026-02-19-20-39-05-2422609-1.jpg\",\"width\":796,\"height\":448,\"caption\":\"Photo\"},{\"@type\":\"BreadcrumbList\",\"@id\":\"https:\/\/portaltela.pt\/noticias\/2026\/02\/20\/ex-sporting-comenta-caso-prestianni-nao-acredita-que-vinicius-va-montar-um-circo\/#breadcrumb\",\"itemListElement\":[{\"@type\":\"ListItem\",\"position\":1,\"name\":\"In\u00edcio\",\"item\":\"https:\/\/portaltela.pt\/\"},{\"@type\":\"ListItem\",\"position\":2,\"name\":\"Ex-Sporting comenta caso Prestianni: n\u00e3o acredita que Vin\u00edcius v\u00e1 montar um circo\"}]},{\"@type\":\"WebSite\",\"@id\":\"https:\/\/portaltela.pt\/#website\",\"url\":\"https:\/\/portaltela.pt\/\",\"name\":\"Portal Tela Portugal\",\"description\":\"\",\"potentialAction\":[{\"@type\":\"SearchAction\",\"target\":{\"@type\":\"EntryPoint\",\"urlTemplate\":\"https:\/\/portaltela.pt\/?s={search_term_string}\"},\"query-input\":{\"@type\":\"PropertyValueSpecification\",\"valueRequired\":true,\"valueName\":\"search_term_string\"}}],\"inLanguage\":\"pt-PT\"},{\"@type\":\"Person\",\"@id\":\"https:\/\/portaltela.pt\/#\/schema\/person\/c4278d4a6028830caff9ee44b42d32ed\",\"name\":\"Telinha\",\"image\":{\"@type\":\"ImageObject\",\"inLanguage\":\"pt-PT\",\"@id\":\"https:\/\/portaltela.pt\/s.01k8rhncp4jt1\/2025\/11\/talking-bot-125x125.png\",\"url\":\"https:\/\/portaltela.pt\/s.01k8rhncp4jt1\/2025\/11\/talking-bot-125x125.png\",\"contentUrl\":\"https:\/\/portaltela.pt\/s.01k8rhncp4jt1\/2025\/11\/talking-bot-125x125.png\",\"caption\":\"Telinha\"},\"sameAs\":[\"https:\/\/portaltela.pt\/\"],\"url\":\"https:\/\/portaltela.pt\/por\/367410592786\/\"}]}<\/script>\n<!-- \/ Yoast SEO plugin. -->","yoast_head_json":{"title":"Ex-Sporting comenta caso Prestianni: n\u00e3o acredita que Vin\u00edcius v\u00e1 montar um circo - Portal Tela Portugal","robots":{"index":"index","follow":"follow","max-snippet":"max-snippet:-1","max-image-preview":"max-image-preview:large","max-video-preview":"max-video-preview:-1"},"og_locale":"pt_PT","og_type":"article","og_title":"Ex-Sporting comenta caso Prestianni: n\u00e3o acredita que Vin\u00edcius v\u00e1 montar um circo - Portal Tela Portugal","og_description":"Jes\u00e9 Rodr\u00edguez, avan\u00e7ado do Las Palmas e ex-Sporting, comentou a pol\u00e9mica entre Gianluca Prestianni e Vin\u00edcius J\u00fanior no Benfica\u2013Real Madrid (0-1) da primeira m\u00e3o do playoff da Liga dos Campe\u00f5es. Diz que o ato de Prestianni tapar a boca ao \u00e1rbitro \u00e9 suspeito e que n\u00e3o acredita que Vin\u00edcius v\u00e1 montar um circo apenas por capricho. Sobre Jos\u00e9 Mourinho, afirma que o treinador do Benfica apenas cumpriu o seu trabalho e que Mou \u00e9 uma pessoa boa; v\u00ea a hip\u00f3tese de regresso ao Real Madrid. Refere que \u00c1lvaro Arbeloa est\u00e1 a ter um bom in\u00edcio e que o Real Madrid tem mostrado melhoria; considera Xabi Alonso uma surpresa. Recorda que Arbeloa tem futuro como treinador; relembra que Jes\u00e9 foi formado na cantera do Real Madrid e jogou 17 partidas pelo Sporting por empr\u00e9stimo do Paris Saint\u2011Germain, marcando um golo.","og_url":"https:\/\/portaltela.pt\/noticias\/2026\/02\/20\/ex-sporting-comenta-caso-prestianni-nao-acredita-que-vinicius-va-montar-um-circo\/","og_site_name":"Portal Tela Portugal","article_published_time":"2026-02-20T08:09:00+00:00","author":"Telinha","twitter_card":"summary_large_image","twitter_misc":{"Escrito por":"Telinha","Tempo estimado de leitura":"1 minuto"},"schema":{"@context":"https:\/\/schema.org","@graph":[{"@type":"Article","@id":"https:\/\/portaltela.pt\/noticias\/2026\/02\/20\/ex-sporting-comenta-caso-prestianni-nao-acredita-que-vinicius-va-montar-um-circo\/#article","isPartOf":{"@id":"https:\/\/portaltela.pt\/noticias\/2026\/02\/20\/ex-sporting-comenta-caso-prestianni-nao-acredita-que-vinicius-va-montar-um-circo\/"},"author":{"name":"Telinha","@id":"https:\/\/portaltela.pt\/#\/schema\/person\/c4278d4a6028830caff9ee44b42d32ed"},"headline":"Ex-Sporting comenta caso Prestianni: n\u00e3o acredita que Vin\u00edcius v\u00e1 montar um circo","datePublished":"2026-02-20T08:09:00+00:00","mainEntityOfPage":{"@id":"https:\/\/portaltela.pt\/noticias\/2026\/02\/20\/ex-sporting-comenta-caso-prestianni-nao-acredita-que-vinicius-va-montar-um-circo\/"},"wordCount":307,"image":{"@id":"https:\/\/portaltela.pt\/noticias\/2026\/02\/20\/ex-sporting-comenta-caso-prestianni-nao-acredita-que-vinicius-va-montar-um-circo\/#primaryimage"},"thumbnailUrl":"https:\/\/portaltela.pt\/s.01k8rhncp4jt1\/2026\/02\/img_1200x721uu2026-02-19-20-39-05-2422609-1.jpg","keywords":["Arbeloa","Benfica","futebol","Mourinho","Real Madrid","Vin\u00edcius J\u00fanior"],"articleSection":["Desporto","Futebol"],"inLanguage":"pt-PT"},{"@type":"WebPage","@id":"https:\/\/portaltela.pt\/noticias\/2026\/02\/20\/ex-sporting-comenta-caso-prestianni-nao-acredita-que-vinicius-va-montar-um-circo\/","url":"https:\/\/portaltela.pt\/noticias\/2026\/02\/20\/ex-sporting-comenta-caso-prestianni-nao-acredita-que-vinicius-va-montar-um-circo\/","name":"Ex-Sporting comenta caso Prestianni: n\u00e3o acredita que Vin\u00edcius v\u00e1 montar um circo - Portal Tela Portugal","isPartOf":{"@id":"https:\/\/portaltela.pt\/#website"},"primaryImageOfPage":{"@id":"https:\/\/portaltela.pt\/noticias\/2026\/02\/20\/ex-sporting-comenta-caso-prestianni-nao-acredita-que-vinicius-va-montar-um-circo\/#primaryimage"},"image":{"@id":"https:\/\/portaltela.pt\/noticias\/2026\/02\/20\/ex-sporting-comenta-caso-prestianni-nao-acredita-que-vinicius-va-montar-um-circo\/#primaryimage"},"thumbnailUrl":"https:\/\/portaltela.pt\/s.01k8rhncp4jt1\/2026\/02\/img_1200x721uu2026-02-19-20-39-05-2422609-1.jpg","datePublished":"2026-02-20T08:09:00+00:00","author":{"@id":"https:\/\/portaltela.pt\/#\/schema\/person\/c4278d4a6028830caff9ee44b42d32ed"},"breadcrumb":{"@id":"https:\/\/portaltela.pt\/noticias\/2026\/02\/20\/ex-sporting-comenta-caso-prestianni-nao-acredita-que-vinicius-va-montar-um-circo\/#breadcrumb"},"inLanguage":"pt-PT","potentialAction":[{"@type":"ReadAction","target":["https:\/\/portaltela.pt\/noticias\/2026\/02\/20\/ex-sporting-comenta-caso-prestianni-nao-acredita-que-vinicius-va-montar-um-circo\/"]}]},{"@type":"ImageObject","inLanguage":"pt-PT","@id":"https:\/\/portaltela.pt\/noticias\/2026\/02\/20\/ex-sporting-comenta-caso-prestianni-nao-acredita-que-vinicius-va-montar-um-circo\/#primaryimage","url":"https:\/\/portaltela.pt\/s.01k8rhncp4jt1\/2026\/02\/img_1200x721uu2026-02-19-20-39-05-2422609-1.jpg","contentUrl":"https:\/\/portaltela.pt\/s.01k8rhncp4jt1\/2026\/02\/img_1200x721uu2026-02-19-20-39-05-2422609-1.jpg","width":796,"height":448,"caption":"Photo"},{"@type":"BreadcrumbList","@id":"https:\/\/portaltela.pt\/noticias\/2026\/02\/20\/ex-sporting-comenta-caso-prestianni-nao-acredita-que-vinicius-va-montar-um-circo\/#breadcrumb","itemListElement":[{"@type":"ListItem","position":1,"name":"In\u00edcio","item":"https:\/\/portaltela.pt\/"},{"@type":"ListItem","position":2,"name":"Ex-Sporting comenta caso Prestianni: n\u00e3o acredita que Vin\u00edcius v\u00e1 montar um circo"}]},{"@type":"WebSite","@id":"https:\/\/portaltela.pt\/#website","url":"https:\/\/portaltela.pt\/","name":"Portal Tela Portugal","description":"","potentialAction":[{"@type":"SearchAction","target":{"@type":"EntryPoint","urlTemplate":"https:\/\/portaltela.pt\/?s={search_term_string}"},"query-input":{"@type":"PropertyValueSpecification","valueRequired":true,"valueName":"search_term_string"}}],"inLanguage":"pt-PT"},{"@type":"Person","@id":"https:\/\/portaltela.pt\/#\/schema\/person\/c4278d4a6028830caff9ee44b42d32ed","name":"Telinha","image":{"@type":"ImageObject","inLanguage":"pt-PT","@id":"https:\/\/portaltela.pt\/s.01k8rhncp4jt1\/2025\/11\/talking-bot-125x125.png","url":"https:\/\/portaltela.pt\/s.01k8rhncp4jt1\/2025\/11\/talking-bot-125x125.png","contentUrl":"https:\/\/portaltela.pt\/s.01k8rhncp4jt1\/2025\/11\/talking-bot-125x125.png","caption":"Telinha"},"sameAs":["https:\/\/portaltela.pt\/"],"url":"https:\/\/portaltela.pt\/por\/367410592786\/"}]}},"_links":{"self":[{"href":"https:\/\/portaltela.pt\/api\/wp\/v2\/posts\/218683","targetHints":{"allow":["GET"]}}],"collection":[{"href":"https:\/\/portaltela.pt\/api\/wp\/v2\/posts"}],"about":[{"href":"https:\/\/portaltela.pt\/api\/wp\/v2\/types\/post"}],"author":[{"embeddable":true,"href":"https:\/\/portaltela.pt\/api\/wp\/v2\/users\/2"}],"replies":[{"embeddable":true,"href":"https:\/\/portaltela.pt\/api\/wp\/v2\/comments?post=218683"}],"version-history":[{"count":0,"href":"https:\/\/portaltela.pt\/api\/wp\/v2\/posts\/218683\/revisions"}],"wp:featuredmedia":[{"embeddable":true,"href":"https:\/\/portaltela.pt\/api\/wp\/v2\/media\/218686"}],"wp:attachment":[{"href":"https:\/\/portaltela.pt\/api\/wp\/v2\/media?parent=218683"}],"wp:term":[{"taxonomy":"category","embeddable":true,"href":"https:\/\/portaltela.pt\/api\/wp\/v2\/categories?post=218683"},{"taxonomy":"post_tag","embeddable":true,"href":"https:\/\/portaltela.pt\/api\/wp\/v2\/tags?post=218683"}],"curies":[{"name":"wp","href":"https:\/\/api.w.org\/{rel}","templated":true}]}}