{"id":218681,"date":"2026-02-20T04:59:00","date_gmt":"2026-02-20T07:59:00","guid":{"rendered":"https:\/\/portaltela.pt\/noticias\/2026\/02\/20\/sul-do-pais-tera-agua-disponivel-por-dois-a-tres-anos-diz-agencia-do-ambiente\/"},"modified":"2026-02-20T04:59:00","modified_gmt":"2026-02-20T07:59:00","slug":"sul-do-pais-tera-agua-disponivel-por-dois-a-tres-anos-diz-agencia-do-ambiente","status":"publish","type":"post","link":"https:\/\/portaltela.pt\/noticias\/2026\/02\/20\/sul-do-pais-tera-agua-disponivel-por-dois-a-tres-anos-diz-agencia-do-ambiente\/","title":{"rendered":"Sul do pa\u00eds ter\u00e1 \u00e1gua dispon\u00edvel por dois a tr\u00eas anos, diz ag\u00eancia do Ambiente"},"content":{"rendered":"<p>O Sul do pa\u00eds tem \u00e1gua armazenada suficiente para dois a tr\u00eas anos, segundo a Ag\u00eancia Portuguesa do Ambiente (APA). O presidente da APA, Jos\u00e9 Pimenta Machado, afirmou que as albufeiras est\u00e3o literalmente cheias, mas que a liberta\u00e7\u00e3o de \u00e1gua impede que estejam a 100%.<\/p>\n<p>O boletim semanal de albufeiras indica que, na segunda-feira anterior, Portugal continental tinha 12.610 hect\u00f3metros c\u00fabicos de \u00e1gua armazenada, 95% da capacidade. A albufeira com menos \u00e1gua era a do Arade, em 74% da capacidade.<\/p>\n<p>Pimenta Machado descreveu a situa\u00e7\u00e3o como excecional, resultado de chuvas persistentes que afetaram o pa\u00eds de Bragan\u00e7a a Faro nas \u00faltimas semanas. Recordou que o sul, apesar de normalmente mais seco, tamb\u00e9m foi atingido pelas tempestades.<\/p>\n<p>Entre os exemplos, a barragem de Monte da Rocha, no Alentejo, esteve a descarregar \u00e1gua superficialmente, pois encontrava-se completamente cheia. Em anos anteriores, a barragem tinha enchido com menos frequ\u00eancia ao longo das d\u00e9cadas.<\/p>\n<p>O respons\u00e1vel destacou que outras zonas do Algarve enfrentaram caracter\u00edsticas id\u00eanticas, com barragens a apresentar n\u00edveis significativos de \u00e1gua. Campilhas, Santa Clara e Bravura s\u00e3o referidas como casos da varia\u00e7\u00e3o entre os meses de fevereiro e outros per\u00edodos.<\/p>\n<p>As estat\u00edsticas mostram que Campilhas, Santiago do Cac\u00e9m, n\u00e3o ultrapassa habitualmente 40% da capacidade, e em fevereiro de 2022 esteve em apenas 4%. A barragem de Santa Clara, no Rio Mira, manteve n\u00edveis entre 66% e 33% nos \u00faltimos anos e, neste momento, est\u00e1 cheia.<\/p>\n<p>Na regi\u00e3o do Algarve, a barragem de Bravura tamb\u00e9m registou m\u00e1ximos baixos nos \u00faltimos dez anos, com pico de 34,1% em 2022. Em Castro Marim, a Odeleite n\u00e3o atingiu a plena, na \u00faltima d\u00e9cada. Este ano, contudo, todas as albufeiras est\u00e3o cheias.<\/p>\n<p>Segundo Pimenta Machado, o per\u00edodo atual demonstra a natureza extraordin\u00e1ria da situa\u00e7\u00e3o, com os rios a regressarem aos leitos. O respons\u00e1vel reconheceu que o epis\u00f3dio n\u00e3o foi f\u00e1cil para o setor h\u00eddrico e para a gest\u00e3o das infraestruturas.<\/p>\n<p>O presidente da APA apontou tamb\u00e9m que a gest\u00e3o de barragens no Algarve permitiu cumprir com as necessidades, especialmente no Arade e no Funcho, onde houve descargas para assegurar caudais. O fen\u00f3meno envolve ainda caudais do Guadiana, com o rio Chan\u00e7a a registar descargas significativas.<\/p>\n<p>A narrativa refor\u00e7a que as tempestades atingiram o Atl\u00e2ntico, afetaram Portugal e seguiram para Espanha, onde parte da \u00e1gua retorna a territ\u00f3rio nacional. O degelo, a neve e inc\u00eandios de Ver\u00e3o anterior s\u00e3o mencionados como componentes que influ\u00edram nos caudais em meses recentes.<\/p>\n","protected":false},"excerpt":{"rendered":"<ul>\n<li>O Sul de Portugal tem \u00e1gua armazenada suficiente para dois a tr\u00eas anos, com as barragens \u201cliteralmente cheias\u201d, segundo o presidente da Ag\u00eancia Portuguesa do Ambiente (APA).<\/li>\n<li>O respons\u00e1vel estima que, no final de fevereiro, Portugal registre o recorde nacional de \u00e1gua armazenada, embora haja descargas para manter os n\u00edveis.<\/li>\n<li>Dados da APA indicam 12.610 hect\u00f3metros c\u00fabicos de \u00e1gua armazenada em Portugal continental, o equivalente a 95 por cento da capacidade total; a albufeira com menos \u00e1gua \u00e9 a do Arade, a 74 por cento.<\/li>\n<li>Em v\u00e1rias albufeiras, incluindo Monte da Rocha, Campilhas, Santa Clara, Bravura e Odeleite, os n\u00edveis est\u00e3o acima do que se viu nos \u00faltimos anos, com todas as albufeiras cheias nesta \u00e9poca.<\/li>\n<li>O presidente da APA explica que as tempestades recentes afetaram todo o pa\u00eds, com descargas e caudais elevados em cursos como o rio Chan\u00e7a, reflexo de condi\u00e7\u00f5es clim\u00e1ticas extremas e do degelo, que influenciaram os caudais dos rios.<\/li>\n<\/ul>\n","protected":false},"author":2,"featured_media":218682,"comment_status":"closed","ping_status":"closed","sticky":false,"template":"","format":"standard","meta":{"footnotes":""},"categories":[1],"tags":[1503,1090,4686,883,928,167],"class_list":["post-218681","post","type-post","status-publish","format-standard","has-post-thumbnail","hentry","category-noticias","tag-abastecimento-de-agua","tag-agua","tag-albufeiras","tag-alentejo","tag-algarve","tag-ambiente"],"yoast_head":"<!-- This site is optimized with the Yoast SEO plugin v27.2 - https:\/\/yoast.com\/product\/yoast-seo-wordpress\/ -->\n<title>Sul do pa\u00eds ter\u00e1 \u00e1gua dispon\u00edvel por dois a tr\u00eas anos, diz ag\u00eancia do Ambiente - Portal Tela Portugal<\/title>\n<meta name=\"robots\" content=\"index, follow, max-snippet:-1, max-image-preview:large, max-video-preview:-1\" \/>\n<meta property=\"og:locale\" content=\"pt_PT\" \/>\n<meta property=\"og:type\" content=\"article\" \/>\n<meta property=\"og:title\" content=\"Sul do pa\u00eds ter\u00e1 \u00e1gua dispon\u00edvel por dois a tr\u00eas anos, diz ag\u00eancia do Ambiente - Portal Tela Portugal\" \/>\n<meta property=\"og:description\" content=\"O Sul de Portugal tem \u00e1gua armazenada suficiente para dois a tr\u00eas anos, com as barragens \u201cliteralmente cheias\u201d, segundo o presidente da Ag\u00eancia Portuguesa do Ambiente (APA). O respons\u00e1vel estima que, no final de fevereiro, Portugal registre o recorde nacional de \u00e1gua armazenada, embora haja descargas para manter os n\u00edveis. Dados da APA indicam 12.610 hect\u00f3metros c\u00fabicos de \u00e1gua armazenada em Portugal continental, o equivalente a 95 por cento da capacidade total; a albufeira com menos \u00e1gua \u00e9 a do Arade, a 74 por cento. Em v\u00e1rias albufeiras, incluindo Monte da Rocha, Campilhas, Santa Clara, Bravura e Odeleite, os n\u00edveis est\u00e3o acima do que se viu nos \u00faltimos anos, com todas as albufeiras cheias nesta \u00e9poca. O presidente da APA explica que as tempestades recentes afetaram todo o pa\u00eds, com descargas e caudais elevados em cursos como o rio Chan\u00e7a, reflexo de condi\u00e7\u00f5es clim\u00e1ticas extremas e do degelo, que influenciaram os caudais dos rios.\" \/>\n<meta property=\"og:url\" content=\"https:\/\/portaltela.pt\/noticias\/2026\/02\/20\/sul-do-pais-tera-agua-disponivel-por-dois-a-tres-anos-diz-agencia-do-ambiente\/\" \/>\n<meta property=\"og:site_name\" content=\"Portal Tela Portugal\" \/>\n<meta property=\"article:published_time\" content=\"2026-02-20T07:59:00+00:00\" \/>\n<meta name=\"author\" content=\"Telinha\" \/>\n<meta name=\"twitter:card\" content=\"summary_large_image\" \/>\n<meta name=\"twitter:label1\" content=\"Escrito por\" \/>\n\t<meta name=\"twitter:data1\" content=\"Telinha\" \/>\n\t<meta name=\"twitter:label2\" content=\"Tempo estimado de leitura\" \/>\n\t<meta name=\"twitter:data2\" content=\"2 minutos\" \/>\n<script type=\"application\/ld+json\" class=\"yoast-schema-graph\">{\"@context\":\"https:\/\/schema.org\",\"@graph\":[{\"@type\":\"Article\",\"@id\":\"https:\/\/portaltela.pt\/noticias\/2026\/02\/20\/sul-do-pais-tera-agua-disponivel-por-dois-a-tres-anos-diz-agencia-do-ambiente\/#article\",\"isPartOf\":{\"@id\":\"https:\/\/portaltela.pt\/noticias\/2026\/02\/20\/sul-do-pais-tera-agua-disponivel-por-dois-a-tres-anos-diz-agencia-do-ambiente\/\"},\"author\":{\"name\":\"Telinha\",\"@id\":\"https:\/\/portaltela.pt\/#\/schema\/person\/c4278d4a6028830caff9ee44b42d32ed\"},\"headline\":\"Sul do pa\u00eds ter\u00e1 \u00e1gua dispon\u00edvel por dois a tr\u00eas anos, diz ag\u00eancia do Ambiente\",\"datePublished\":\"2026-02-20T07:59:00+00:00\",\"mainEntityOfPage\":{\"@id\":\"https:\/\/portaltela.pt\/noticias\/2026\/02\/20\/sul-do-pais-tera-agua-disponivel-por-dois-a-tres-anos-diz-agencia-do-ambiente\/\"},\"wordCount\":459,\"image\":{\"@id\":\"https:\/\/portaltela.pt\/noticias\/2026\/02\/20\/sul-do-pais-tera-agua-disponivel-por-dois-a-tres-anos-diz-agencia-do-ambiente\/#primaryimage\"},\"thumbnailUrl\":\"https:\/\/portaltela.pt\/s.01k8rhncp4jt1\/2026\/02\/2068486.jpg\",\"keywords\":[\"abastecimento de \u00e1gua\",\"\u00e1gua\",\"albufeiras\",\"Alentejo\",\"Algarve\",\"ambiente\"],\"articleSection\":[\"Not\u00edcias\"],\"inLanguage\":\"pt-PT\"},{\"@type\":\"WebPage\",\"@id\":\"https:\/\/portaltela.pt\/noticias\/2026\/02\/20\/sul-do-pais-tera-agua-disponivel-por-dois-a-tres-anos-diz-agencia-do-ambiente\/\",\"url\":\"https:\/\/portaltela.pt\/noticias\/2026\/02\/20\/sul-do-pais-tera-agua-disponivel-por-dois-a-tres-anos-diz-agencia-do-ambiente\/\",\"name\":\"Sul do pa\u00eds ter\u00e1 \u00e1gua dispon\u00edvel por dois a tr\u00eas anos, diz ag\u00eancia do Ambiente - Portal Tela Portugal\",\"isPartOf\":{\"@id\":\"https:\/\/portaltela.pt\/#website\"},\"primaryImageOfPage\":{\"@id\":\"https:\/\/portaltela.pt\/noticias\/2026\/02\/20\/sul-do-pais-tera-agua-disponivel-por-dois-a-tres-anos-diz-agencia-do-ambiente\/#primaryimage\"},\"image\":{\"@id\":\"https:\/\/portaltela.pt\/noticias\/2026\/02\/20\/sul-do-pais-tera-agua-disponivel-por-dois-a-tres-anos-diz-agencia-do-ambiente\/#primaryimage\"},\"thumbnailUrl\":\"https:\/\/portaltela.pt\/s.01k8rhncp4jt1\/2026\/02\/2068486.jpg\",\"datePublished\":\"2026-02-20T07:59:00+00:00\",\"author\":{\"@id\":\"https:\/\/portaltela.pt\/#\/schema\/person\/c4278d4a6028830caff9ee44b42d32ed\"},\"breadcrumb\":{\"@id\":\"https:\/\/portaltela.pt\/noticias\/2026\/02\/20\/sul-do-pais-tera-agua-disponivel-por-dois-a-tres-anos-diz-agencia-do-ambiente\/#breadcrumb\"},\"inLanguage\":\"pt-PT\",\"potentialAction\":[{\"@type\":\"ReadAction\",\"target\":[\"https:\/\/portaltela.pt\/noticias\/2026\/02\/20\/sul-do-pais-tera-agua-disponivel-por-dois-a-tres-anos-diz-agencia-do-ambiente\/\"]}]},{\"@type\":\"ImageObject\",\"inLanguage\":\"pt-PT\",\"@id\":\"https:\/\/portaltela.pt\/noticias\/2026\/02\/20\/sul-do-pais-tera-agua-disponivel-por-dois-a-tres-anos-diz-agencia-do-ambiente\/#primaryimage\",\"url\":\"https:\/\/portaltela.pt\/s.01k8rhncp4jt1\/2026\/02\/2068486.jpg\",\"contentUrl\":\"https:\/\/portaltela.pt\/s.01k8rhncp4jt1\/2026\/02\/2068486.jpg\",\"width\":796,\"height\":448,\"caption\":\"Descarga de \u00e1gua na Barragem da Aguieira, 12 de Fevereiro\"},{\"@type\":\"BreadcrumbList\",\"@id\":\"https:\/\/portaltela.pt\/noticias\/2026\/02\/20\/sul-do-pais-tera-agua-disponivel-por-dois-a-tres-anos-diz-agencia-do-ambiente\/#breadcrumb\",\"itemListElement\":[{\"@type\":\"ListItem\",\"position\":1,\"name\":\"In\u00edcio\",\"item\":\"https:\/\/portaltela.pt\/\"},{\"@type\":\"ListItem\",\"position\":2,\"name\":\"Sul do pa\u00eds ter\u00e1 \u00e1gua dispon\u00edvel por dois a tr\u00eas anos, diz ag\u00eancia do Ambiente\"}]},{\"@type\":\"WebSite\",\"@id\":\"https:\/\/portaltela.pt\/#website\",\"url\":\"https:\/\/portaltela.pt\/\",\"name\":\"Portal Tela Portugal\",\"description\":\"\",\"potentialAction\":[{\"@type\":\"SearchAction\",\"target\":{\"@type\":\"EntryPoint\",\"urlTemplate\":\"https:\/\/portaltela.pt\/?s={search_term_string}\"},\"query-input\":{\"@type\":\"PropertyValueSpecification\",\"valueRequired\":true,\"valueName\":\"search_term_string\"}}],\"inLanguage\":\"pt-PT\"},{\"@type\":\"Person\",\"@id\":\"https:\/\/portaltela.pt\/#\/schema\/person\/c4278d4a6028830caff9ee44b42d32ed\",\"name\":\"Telinha\",\"image\":{\"@type\":\"ImageObject\",\"inLanguage\":\"pt-PT\",\"@id\":\"https:\/\/portaltela.pt\/s.01k8rhncp4jt1\/2025\/11\/talking-bot-125x125.png\",\"url\":\"https:\/\/portaltela.pt\/s.01k8rhncp4jt1\/2025\/11\/talking-bot-125x125.png\",\"contentUrl\":\"https:\/\/portaltela.pt\/s.01k8rhncp4jt1\/2025\/11\/talking-bot-125x125.png\",\"caption\":\"Telinha\"},\"sameAs\":[\"https:\/\/portaltela.pt\/\"],\"url\":\"https:\/\/portaltela.pt\/por\/367410592786\/\"}]}<\/script>\n<!-- \/ Yoast SEO plugin. -->","yoast_head_json":{"title":"Sul do pa\u00eds ter\u00e1 \u00e1gua dispon\u00edvel por dois a tr\u00eas anos, diz ag\u00eancia do Ambiente - Portal Tela Portugal","robots":{"index":"index","follow":"follow","max-snippet":"max-snippet:-1","max-image-preview":"max-image-preview:large","max-video-preview":"max-video-preview:-1"},"og_locale":"pt_PT","og_type":"article","og_title":"Sul do pa\u00eds ter\u00e1 \u00e1gua dispon\u00edvel por dois a tr\u00eas anos, diz ag\u00eancia do Ambiente - Portal Tela Portugal","og_description":"O Sul de Portugal tem \u00e1gua armazenada suficiente para dois a tr\u00eas anos, com as barragens \u201cliteralmente cheias\u201d, segundo o presidente da Ag\u00eancia Portuguesa do Ambiente (APA). O respons\u00e1vel estima que, no final de fevereiro, Portugal registre o recorde nacional de \u00e1gua armazenada, embora haja descargas para manter os n\u00edveis. Dados da APA indicam 12.610 hect\u00f3metros c\u00fabicos de \u00e1gua armazenada em Portugal continental, o equivalente a 95 por cento da capacidade total; a albufeira com menos \u00e1gua \u00e9 a do Arade, a 74 por cento. Em v\u00e1rias albufeiras, incluindo Monte da Rocha, Campilhas, Santa Clara, Bravura e Odeleite, os n\u00edveis est\u00e3o acima do que se viu nos \u00faltimos anos, com todas as albufeiras cheias nesta \u00e9poca. O presidente da APA explica que as tempestades recentes afetaram todo o pa\u00eds, com descargas e caudais elevados em cursos como o rio Chan\u00e7a, reflexo de condi\u00e7\u00f5es clim\u00e1ticas extremas e do degelo, que influenciaram os caudais dos rios.","og_url":"https:\/\/portaltela.pt\/noticias\/2026\/02\/20\/sul-do-pais-tera-agua-disponivel-por-dois-a-tres-anos-diz-agencia-do-ambiente\/","og_site_name":"Portal Tela Portugal","article_published_time":"2026-02-20T07:59:00+00:00","author":"Telinha","twitter_card":"summary_large_image","twitter_misc":{"Escrito por":"Telinha","Tempo estimado de leitura":"2 minutos"},"schema":{"@context":"https:\/\/schema.org","@graph":[{"@type":"Article","@id":"https:\/\/portaltela.pt\/noticias\/2026\/02\/20\/sul-do-pais-tera-agua-disponivel-por-dois-a-tres-anos-diz-agencia-do-ambiente\/#article","isPartOf":{"@id":"https:\/\/portaltela.pt\/noticias\/2026\/02\/20\/sul-do-pais-tera-agua-disponivel-por-dois-a-tres-anos-diz-agencia-do-ambiente\/"},"author":{"name":"Telinha","@id":"https:\/\/portaltela.pt\/#\/schema\/person\/c4278d4a6028830caff9ee44b42d32ed"},"headline":"Sul do pa\u00eds ter\u00e1 \u00e1gua dispon\u00edvel por dois a tr\u00eas anos, diz ag\u00eancia do Ambiente","datePublished":"2026-02-20T07:59:00+00:00","mainEntityOfPage":{"@id":"https:\/\/portaltela.pt\/noticias\/2026\/02\/20\/sul-do-pais-tera-agua-disponivel-por-dois-a-tres-anos-diz-agencia-do-ambiente\/"},"wordCount":459,"image":{"@id":"https:\/\/portaltela.pt\/noticias\/2026\/02\/20\/sul-do-pais-tera-agua-disponivel-por-dois-a-tres-anos-diz-agencia-do-ambiente\/#primaryimage"},"thumbnailUrl":"https:\/\/portaltela.pt\/s.01k8rhncp4jt1\/2026\/02\/2068486.jpg","keywords":["abastecimento de \u00e1gua","\u00e1gua","albufeiras","Alentejo","Algarve","ambiente"],"articleSection":["Not\u00edcias"],"inLanguage":"pt-PT"},{"@type":"WebPage","@id":"https:\/\/portaltela.pt\/noticias\/2026\/02\/20\/sul-do-pais-tera-agua-disponivel-por-dois-a-tres-anos-diz-agencia-do-ambiente\/","url":"https:\/\/portaltela.pt\/noticias\/2026\/02\/20\/sul-do-pais-tera-agua-disponivel-por-dois-a-tres-anos-diz-agencia-do-ambiente\/","name":"Sul do pa\u00eds ter\u00e1 \u00e1gua dispon\u00edvel por dois a tr\u00eas anos, diz ag\u00eancia do Ambiente - Portal Tela Portugal","isPartOf":{"@id":"https:\/\/portaltela.pt\/#website"},"primaryImageOfPage":{"@id":"https:\/\/portaltela.pt\/noticias\/2026\/02\/20\/sul-do-pais-tera-agua-disponivel-por-dois-a-tres-anos-diz-agencia-do-ambiente\/#primaryimage"},"image":{"@id":"https:\/\/portaltela.pt\/noticias\/2026\/02\/20\/sul-do-pais-tera-agua-disponivel-por-dois-a-tres-anos-diz-agencia-do-ambiente\/#primaryimage"},"thumbnailUrl":"https:\/\/portaltela.pt\/s.01k8rhncp4jt1\/2026\/02\/2068486.jpg","datePublished":"2026-02-20T07:59:00+00:00","author":{"@id":"https:\/\/portaltela.pt\/#\/schema\/person\/c4278d4a6028830caff9ee44b42d32ed"},"breadcrumb":{"@id":"https:\/\/portaltela.pt\/noticias\/2026\/02\/20\/sul-do-pais-tera-agua-disponivel-por-dois-a-tres-anos-diz-agencia-do-ambiente\/#breadcrumb"},"inLanguage":"pt-PT","potentialAction":[{"@type":"ReadAction","target":["https:\/\/portaltela.pt\/noticias\/2026\/02\/20\/sul-do-pais-tera-agua-disponivel-por-dois-a-tres-anos-diz-agencia-do-ambiente\/"]}]},{"@type":"ImageObject","inLanguage":"pt-PT","@id":"https:\/\/portaltela.pt\/noticias\/2026\/02\/20\/sul-do-pais-tera-agua-disponivel-por-dois-a-tres-anos-diz-agencia-do-ambiente\/#primaryimage","url":"https:\/\/portaltela.pt\/s.01k8rhncp4jt1\/2026\/02\/2068486.jpg","contentUrl":"https:\/\/portaltela.pt\/s.01k8rhncp4jt1\/2026\/02\/2068486.jpg","width":796,"height":448,"caption":"Descarga de \u00e1gua na Barragem da Aguieira, 12 de Fevereiro"},{"@type":"BreadcrumbList","@id":"https:\/\/portaltela.pt\/noticias\/2026\/02\/20\/sul-do-pais-tera-agua-disponivel-por-dois-a-tres-anos-diz-agencia-do-ambiente\/#breadcrumb","itemListElement":[{"@type":"ListItem","position":1,"name":"In\u00edcio","item":"https:\/\/portaltela.pt\/"},{"@type":"ListItem","position":2,"name":"Sul do pa\u00eds ter\u00e1 \u00e1gua dispon\u00edvel por dois a tr\u00eas anos, diz ag\u00eancia do Ambiente"}]},{"@type":"WebSite","@id":"https:\/\/portaltela.pt\/#website","url":"https:\/\/portaltela.pt\/","name":"Portal Tela Portugal","description":"","potentialAction":[{"@type":"SearchAction","target":{"@type":"EntryPoint","urlTemplate":"https:\/\/portaltela.pt\/?s={search_term_string}"},"query-input":{"@type":"PropertyValueSpecification","valueRequired":true,"valueName":"search_term_string"}}],"inLanguage":"pt-PT"},{"@type":"Person","@id":"https:\/\/portaltela.pt\/#\/schema\/person\/c4278d4a6028830caff9ee44b42d32ed","name":"Telinha","image":{"@type":"ImageObject","inLanguage":"pt-PT","@id":"https:\/\/portaltela.pt\/s.01k8rhncp4jt1\/2025\/11\/talking-bot-125x125.png","url":"https:\/\/portaltela.pt\/s.01k8rhncp4jt1\/2025\/11\/talking-bot-125x125.png","contentUrl":"https:\/\/portaltela.pt\/s.01k8rhncp4jt1\/2025\/11\/talking-bot-125x125.png","caption":"Telinha"},"sameAs":["https:\/\/portaltela.pt\/"],"url":"https:\/\/portaltela.pt\/por\/367410592786\/"}]}},"_links":{"self":[{"href":"https:\/\/portaltela.pt\/api\/wp\/v2\/posts\/218681","targetHints":{"allow":["GET"]}}],"collection":[{"href":"https:\/\/portaltela.pt\/api\/wp\/v2\/posts"}],"about":[{"href":"https:\/\/portaltela.pt\/api\/wp\/v2\/types\/post"}],"author":[{"embeddable":true,"href":"https:\/\/portaltela.pt\/api\/wp\/v2\/users\/2"}],"replies":[{"embeddable":true,"href":"https:\/\/portaltela.pt\/api\/wp\/v2\/comments?post=218681"}],"version-history":[{"count":0,"href":"https:\/\/portaltela.pt\/api\/wp\/v2\/posts\/218681\/revisions"}],"wp:featuredmedia":[{"embeddable":true,"href":"https:\/\/portaltela.pt\/api\/wp\/v2\/media\/218682"}],"wp:attachment":[{"href":"https:\/\/portaltela.pt\/api\/wp\/v2\/media?parent=218681"}],"wp:term":[{"taxonomy":"category","embeddable":true,"href":"https:\/\/portaltela.pt\/api\/wp\/v2\/categories?post=218681"},{"taxonomy":"post_tag","embeddable":true,"href":"https:\/\/portaltela.pt\/api\/wp\/v2\/tags?post=218681"}],"curies":[{"name":"wp","href":"https:\/\/api.w.org\/{rel}","templated":true}]}}