{"id":218668,"date":"2026-02-20T04:52:00","date_gmt":"2026-02-20T07:52:00","guid":{"rendered":"https:\/\/portaltela.pt\/noticias\/2026\/02\/20\/alcacer-do-sal-volta-a-ficar-inundado-com-vidas-a-flutuar\/"},"modified":"2026-02-20T04:52:00","modified_gmt":"2026-02-20T07:52:00","slug":"alcacer-do-sal-volta-a-ficar-inundado-com-vidas-a-flutuar","status":"publish","type":"post","link":"https:\/\/portaltela.pt\/noticias\/2026\/02\/20\/alcacer-do-sal-volta-a-ficar-inundado-com-vidas-a-flutuar\/","title":{"rendered":"Alc\u00e1cer do Sal volta a ficar inundado, com vidas a flutuar"},"content":{"rendered":"<p>A tarde em Alc\u00e1cer do Sal foi marcada pela recupera\u00e7\u00e3o ap\u00f3s as cheias que devastaram o Sado. For\u00e7as militares percorrem a cidade a prestar aux\u00edlio, limpar espa\u00e7os e transportar bens. A interven\u00e7\u00e3o surge para restaurar a normalidade ap\u00f3s o desastre.<\/p>\n<p>Na zona ribeirinha, ruas aparecem desertas, com sacos de lixo junto a casas que olham para o rio. Paredes marcadas por lodo, lojas fechadas e vidros embaciados denunciam os estragos nas zonas comerciais.<\/p>\n<p>Duas psic\u00f3logas acompanham a opera\u00e7\u00e3o, com o objetivo de apoiar as pessoas mais vulner\u00e1veis e ajudar quem procura sair do choque vivido nos \u00faltimos dias.<\/p>\n<h3>A presen\u00e7a militar e o apoio emocional<\/h3>\n<p>Os militares organizam-se em grupos, repartem tarefas de limpeza e transporte e asseguram o apoio b\u00e1sico aos residentes. A interven\u00e7\u00e3o tamb\u00e9m envolve acompanhamento psicol\u00f3gico para gerir o trauma vivido pela comunidade.<\/p>\n<p>Apesar da eletricidade ainda falhar em alguns pontos, a equipa de socorro mant\u00e9m o foco na assist\u00eancia imediata e na reestrutura\u00e7\u00e3o da cidade, com habitantes a regressarem aos seus h\u00e1bitos gradualmente.<\/p>\n","protected":false},"excerpt":{"rendered":"<ul>\n<li>Alc\u00e1cer do Sal foi fortemente afetada pelas cheias no rio Sado, com ruas \u00e0 beira-rio desertas, lojas fechadas e vidros embaciados.<\/li>\n<li>A cidade mostra danos estruturais: a ponte met\u00e1lica basculante e \u00e1reas inundadas deixam vest\u00edgios de \u00e1gua elevada.<\/li>\n<li>militares percorrem a cidade a casa, oferecendo ajuda e apoio pr\u00e1tico, divididos em grupos para limpar e transportar bens.<\/li>\n<li>duas psic\u00f3logas acompanham as pessoas vulner\u00e1veis, tratando do impacto emocional das cheias.<\/li>\n<li>apesar da eletricidade ainda n\u00e3o estar est\u00e1vel, h\u00e1 esperan\u00e7a e esfor\u00e7o para recuperar atividades comerciais e a vida na cidade.<\/li>\n<\/ul>\n","protected":false},"author":2,"featured_media":218672,"comment_status":"closed","ping_status":"closed","sticky":false,"template":"","format":"standard","meta":{"footnotes":""},"categories":[1],"tags":[1331,1998,5926,2048,6063,1779],"class_list":["post-218668","post","type-post","status-publish","format-standard","has-post-thumbnail","hentry","category-noticias","tag-alagamento","tag-alcacer-do-sal","tag-apoio-psicossocial","tag-defesa-civil","tag-desastres","tag-forcas-armadas"],"yoast_head":"<!-- This site is optimized with the Yoast SEO plugin v27.2 - https:\/\/yoast.com\/product\/yoast-seo-wordpress\/ -->\n<title>Alc\u00e1cer do Sal volta a ficar inundado, com vidas a flutuar - Portal Tela Portugal<\/title>\n<meta name=\"robots\" content=\"index, follow, max-snippet:-1, max-image-preview:large, max-video-preview:-1\" \/>\n<meta property=\"og:locale\" content=\"pt_PT\" \/>\n<meta property=\"og:type\" content=\"article\" \/>\n<meta property=\"og:title\" content=\"Alc\u00e1cer do Sal volta a ficar inundado, com vidas a flutuar - Portal Tela Portugal\" \/>\n<meta property=\"og:description\" content=\"Alc\u00e1cer do Sal foi fortemente afetada pelas cheias no rio Sado, com ruas \u00e0 beira-rio desertas, lojas fechadas e vidros embaciados. A cidade mostra danos estruturais: a ponte met\u00e1lica basculante e \u00e1reas inundadas deixam vest\u00edgios de \u00e1gua elevada. militares percorrem a cidade a casa, oferecendo ajuda e apoio pr\u00e1tico, divididos em grupos para limpar e transportar bens. duas psic\u00f3logas acompanham as pessoas vulner\u00e1veis, tratando do impacto emocional das cheias. apesar da eletricidade ainda n\u00e3o estar est\u00e1vel, h\u00e1 esperan\u00e7a e esfor\u00e7o para recuperar atividades comerciais e a vida na cidade.\" \/>\n<meta property=\"og:url\" content=\"https:\/\/portaltela.pt\/noticias\/2026\/02\/20\/alcacer-do-sal-volta-a-ficar-inundado-com-vidas-a-flutuar\/\" \/>\n<meta property=\"og:site_name\" content=\"Portal Tela Portugal\" \/>\n<meta property=\"article:published_time\" content=\"2026-02-20T07:52:00+00:00\" \/>\n<meta name=\"author\" content=\"Telinha\" \/>\n<meta name=\"twitter:card\" content=\"summary_large_image\" \/>\n<meta name=\"twitter:label1\" content=\"Escrito por\" \/>\n\t<meta name=\"twitter:data1\" content=\"Telinha\" \/>\n\t<meta name=\"twitter:label2\" content=\"Tempo estimado de leitura\" \/>\n\t<meta name=\"twitter:data2\" content=\"1 minuto\" \/>\n<script type=\"application\/ld+json\" class=\"yoast-schema-graph\">{\"@context\":\"https:\/\/schema.org\",\"@graph\":[{\"@type\":\"Article\",\"@id\":\"https:\/\/portaltela.pt\/noticias\/2026\/02\/20\/alcacer-do-sal-volta-a-ficar-inundado-com-vidas-a-flutuar\/#article\",\"isPartOf\":{\"@id\":\"https:\/\/portaltela.pt\/noticias\/2026\/02\/20\/alcacer-do-sal-volta-a-ficar-inundado-com-vidas-a-flutuar\/\"},\"author\":{\"name\":\"Telinha\",\"@id\":\"https:\/\/portaltela.pt\/#\/schema\/person\/c4278d4a6028830caff9ee44b42d32ed\"},\"headline\":\"Alc\u00e1cer do Sal volta a ficar inundado, com vidas a flutuar\",\"datePublished\":\"2026-02-20T07:52:00+00:00\",\"mainEntityOfPage\":{\"@id\":\"https:\/\/portaltela.pt\/noticias\/2026\/02\/20\/alcacer-do-sal-volta-a-ficar-inundado-com-vidas-a-flutuar\/\"},\"wordCount\":199,\"image\":{\"@id\":\"https:\/\/portaltela.pt\/noticias\/2026\/02\/20\/alcacer-do-sal-volta-a-ficar-inundado-com-vidas-a-flutuar\/#primaryimage\"},\"thumbnailUrl\":\"https:\/\/portaltela.pt\/s.01k8rhncp4jt1\/2026\/02\/img_293x165uu2026-02-19-16-32-26-2422553.jpg\",\"keywords\":[\"alagamento\",\"Alc\u00e1cer do Sal\",\"apoio psicossocial\",\"Defesa Civil\",\"desastres\",\"For\u00e7as Armadas\"],\"articleSection\":[\"Not\u00edcias\"],\"inLanguage\":\"pt-PT\"},{\"@type\":\"WebPage\",\"@id\":\"https:\/\/portaltela.pt\/noticias\/2026\/02\/20\/alcacer-do-sal-volta-a-ficar-inundado-com-vidas-a-flutuar\/\",\"url\":\"https:\/\/portaltela.pt\/noticias\/2026\/02\/20\/alcacer-do-sal-volta-a-ficar-inundado-com-vidas-a-flutuar\/\",\"name\":\"Alc\u00e1cer do Sal volta a ficar inundado, com vidas a flutuar - Portal Tela Portugal\",\"isPartOf\":{\"@id\":\"https:\/\/portaltela.pt\/#website\"},\"primaryImageOfPage\":{\"@id\":\"https:\/\/portaltela.pt\/noticias\/2026\/02\/20\/alcacer-do-sal-volta-a-ficar-inundado-com-vidas-a-flutuar\/#primaryimage\"},\"image\":{\"@id\":\"https:\/\/portaltela.pt\/noticias\/2026\/02\/20\/alcacer-do-sal-volta-a-ficar-inundado-com-vidas-a-flutuar\/#primaryimage\"},\"thumbnailUrl\":\"https:\/\/portaltela.pt\/s.01k8rhncp4jt1\/2026\/02\/img_293x165uu2026-02-19-16-32-26-2422553.jpg\",\"datePublished\":\"2026-02-20T07:52:00+00:00\",\"author\":{\"@id\":\"https:\/\/portaltela.pt\/#\/schema\/person\/c4278d4a6028830caff9ee44b42d32ed\"},\"breadcrumb\":{\"@id\":\"https:\/\/portaltela.pt\/noticias\/2026\/02\/20\/alcacer-do-sal-volta-a-ficar-inundado-com-vidas-a-flutuar\/#breadcrumb\"},\"inLanguage\":\"pt-PT\",\"potentialAction\":[{\"@type\":\"ReadAction\",\"target\":[\"https:\/\/portaltela.pt\/noticias\/2026\/02\/20\/alcacer-do-sal-volta-a-ficar-inundado-com-vidas-a-flutuar\/\"]}]},{\"@type\":\"ImageObject\",\"inLanguage\":\"pt-PT\",\"@id\":\"https:\/\/portaltela.pt\/noticias\/2026\/02\/20\/alcacer-do-sal-volta-a-ficar-inundado-com-vidas-a-flutuar\/#primaryimage\",\"url\":\"https:\/\/portaltela.pt\/s.01k8rhncp4jt1\/2026\/02\/img_293x165uu2026-02-19-16-32-26-2422553.jpg\",\"contentUrl\":\"https:\/\/portaltela.pt\/s.01k8rhncp4jt1\/2026\/02\/img_293x165uu2026-02-19-16-32-26-2422553.jpg\",\"width\":796,\"height\":448,\"caption\":\"Vidas a flutuar: Record foi ver Alc\u00e1cer do Sal voltar \u00e0 tona\"},{\"@type\":\"BreadcrumbList\",\"@id\":\"https:\/\/portaltela.pt\/noticias\/2026\/02\/20\/alcacer-do-sal-volta-a-ficar-inundado-com-vidas-a-flutuar\/#breadcrumb\",\"itemListElement\":[{\"@type\":\"ListItem\",\"position\":1,\"name\":\"In\u00edcio\",\"item\":\"https:\/\/portaltela.pt\/\"},{\"@type\":\"ListItem\",\"position\":2,\"name\":\"Alc\u00e1cer do Sal volta a ficar inundado, com vidas a flutuar\"}]},{\"@type\":\"WebSite\",\"@id\":\"https:\/\/portaltela.pt\/#website\",\"url\":\"https:\/\/portaltela.pt\/\",\"name\":\"Portal Tela Portugal\",\"description\":\"\",\"potentialAction\":[{\"@type\":\"SearchAction\",\"target\":{\"@type\":\"EntryPoint\",\"urlTemplate\":\"https:\/\/portaltela.pt\/?s={search_term_string}\"},\"query-input\":{\"@type\":\"PropertyValueSpecification\",\"valueRequired\":true,\"valueName\":\"search_term_string\"}}],\"inLanguage\":\"pt-PT\"},{\"@type\":\"Person\",\"@id\":\"https:\/\/portaltela.pt\/#\/schema\/person\/c4278d4a6028830caff9ee44b42d32ed\",\"name\":\"Telinha\",\"image\":{\"@type\":\"ImageObject\",\"inLanguage\":\"pt-PT\",\"@id\":\"https:\/\/portaltela.pt\/s.01k8rhncp4jt1\/2025\/11\/talking-bot-125x125.png\",\"url\":\"https:\/\/portaltela.pt\/s.01k8rhncp4jt1\/2025\/11\/talking-bot-125x125.png\",\"contentUrl\":\"https:\/\/portaltela.pt\/s.01k8rhncp4jt1\/2025\/11\/talking-bot-125x125.png\",\"caption\":\"Telinha\"},\"sameAs\":[\"https:\/\/portaltela.pt\/\"],\"url\":\"https:\/\/portaltela.pt\/por\/367410592786\/\"}]}<\/script>\n<!-- \/ Yoast SEO plugin. -->","yoast_head_json":{"title":"Alc\u00e1cer do Sal volta a ficar inundado, com vidas a flutuar - Portal Tela Portugal","robots":{"index":"index","follow":"follow","max-snippet":"max-snippet:-1","max-image-preview":"max-image-preview:large","max-video-preview":"max-video-preview:-1"},"og_locale":"pt_PT","og_type":"article","og_title":"Alc\u00e1cer do Sal volta a ficar inundado, com vidas a flutuar - Portal Tela Portugal","og_description":"Alc\u00e1cer do Sal foi fortemente afetada pelas cheias no rio Sado, com ruas \u00e0 beira-rio desertas, lojas fechadas e vidros embaciados. A cidade mostra danos estruturais: a ponte met\u00e1lica basculante e \u00e1reas inundadas deixam vest\u00edgios de \u00e1gua elevada. militares percorrem a cidade a casa, oferecendo ajuda e apoio pr\u00e1tico, divididos em grupos para limpar e transportar bens. duas psic\u00f3logas acompanham as pessoas vulner\u00e1veis, tratando do impacto emocional das cheias. apesar da eletricidade ainda n\u00e3o estar est\u00e1vel, h\u00e1 esperan\u00e7a e esfor\u00e7o para recuperar atividades comerciais e a vida na cidade.","og_url":"https:\/\/portaltela.pt\/noticias\/2026\/02\/20\/alcacer-do-sal-volta-a-ficar-inundado-com-vidas-a-flutuar\/","og_site_name":"Portal Tela Portugal","article_published_time":"2026-02-20T07:52:00+00:00","author":"Telinha","twitter_card":"summary_large_image","twitter_misc":{"Escrito por":"Telinha","Tempo estimado de leitura":"1 minuto"},"schema":{"@context":"https:\/\/schema.org","@graph":[{"@type":"Article","@id":"https:\/\/portaltela.pt\/noticias\/2026\/02\/20\/alcacer-do-sal-volta-a-ficar-inundado-com-vidas-a-flutuar\/#article","isPartOf":{"@id":"https:\/\/portaltela.pt\/noticias\/2026\/02\/20\/alcacer-do-sal-volta-a-ficar-inundado-com-vidas-a-flutuar\/"},"author":{"name":"Telinha","@id":"https:\/\/portaltela.pt\/#\/schema\/person\/c4278d4a6028830caff9ee44b42d32ed"},"headline":"Alc\u00e1cer do Sal volta a ficar inundado, com vidas a flutuar","datePublished":"2026-02-20T07:52:00+00:00","mainEntityOfPage":{"@id":"https:\/\/portaltela.pt\/noticias\/2026\/02\/20\/alcacer-do-sal-volta-a-ficar-inundado-com-vidas-a-flutuar\/"},"wordCount":199,"image":{"@id":"https:\/\/portaltela.pt\/noticias\/2026\/02\/20\/alcacer-do-sal-volta-a-ficar-inundado-com-vidas-a-flutuar\/#primaryimage"},"thumbnailUrl":"https:\/\/portaltela.pt\/s.01k8rhncp4jt1\/2026\/02\/img_293x165uu2026-02-19-16-32-26-2422553.jpg","keywords":["alagamento","Alc\u00e1cer do Sal","apoio psicossocial","Defesa Civil","desastres","For\u00e7as Armadas"],"articleSection":["Not\u00edcias"],"inLanguage":"pt-PT"},{"@type":"WebPage","@id":"https:\/\/portaltela.pt\/noticias\/2026\/02\/20\/alcacer-do-sal-volta-a-ficar-inundado-com-vidas-a-flutuar\/","url":"https:\/\/portaltela.pt\/noticias\/2026\/02\/20\/alcacer-do-sal-volta-a-ficar-inundado-com-vidas-a-flutuar\/","name":"Alc\u00e1cer do Sal volta a ficar inundado, com vidas a flutuar - Portal Tela Portugal","isPartOf":{"@id":"https:\/\/portaltela.pt\/#website"},"primaryImageOfPage":{"@id":"https:\/\/portaltela.pt\/noticias\/2026\/02\/20\/alcacer-do-sal-volta-a-ficar-inundado-com-vidas-a-flutuar\/#primaryimage"},"image":{"@id":"https:\/\/portaltela.pt\/noticias\/2026\/02\/20\/alcacer-do-sal-volta-a-ficar-inundado-com-vidas-a-flutuar\/#primaryimage"},"thumbnailUrl":"https:\/\/portaltela.pt\/s.01k8rhncp4jt1\/2026\/02\/img_293x165uu2026-02-19-16-32-26-2422553.jpg","datePublished":"2026-02-20T07:52:00+00:00","author":{"@id":"https:\/\/portaltela.pt\/#\/schema\/person\/c4278d4a6028830caff9ee44b42d32ed"},"breadcrumb":{"@id":"https:\/\/portaltela.pt\/noticias\/2026\/02\/20\/alcacer-do-sal-volta-a-ficar-inundado-com-vidas-a-flutuar\/#breadcrumb"},"inLanguage":"pt-PT","potentialAction":[{"@type":"ReadAction","target":["https:\/\/portaltela.pt\/noticias\/2026\/02\/20\/alcacer-do-sal-volta-a-ficar-inundado-com-vidas-a-flutuar\/"]}]},{"@type":"ImageObject","inLanguage":"pt-PT","@id":"https:\/\/portaltela.pt\/noticias\/2026\/02\/20\/alcacer-do-sal-volta-a-ficar-inundado-com-vidas-a-flutuar\/#primaryimage","url":"https:\/\/portaltela.pt\/s.01k8rhncp4jt1\/2026\/02\/img_293x165uu2026-02-19-16-32-26-2422553.jpg","contentUrl":"https:\/\/portaltela.pt\/s.01k8rhncp4jt1\/2026\/02\/img_293x165uu2026-02-19-16-32-26-2422553.jpg","width":796,"height":448,"caption":"Vidas a flutuar: Record foi ver Alc\u00e1cer do Sal voltar \u00e0 tona"},{"@type":"BreadcrumbList","@id":"https:\/\/portaltela.pt\/noticias\/2026\/02\/20\/alcacer-do-sal-volta-a-ficar-inundado-com-vidas-a-flutuar\/#breadcrumb","itemListElement":[{"@type":"ListItem","position":1,"name":"In\u00edcio","item":"https:\/\/portaltela.pt\/"},{"@type":"ListItem","position":2,"name":"Alc\u00e1cer do Sal volta a ficar inundado, com vidas a flutuar"}]},{"@type":"WebSite","@id":"https:\/\/portaltela.pt\/#website","url":"https:\/\/portaltela.pt\/","name":"Portal Tela Portugal","description":"","potentialAction":[{"@type":"SearchAction","target":{"@type":"EntryPoint","urlTemplate":"https:\/\/portaltela.pt\/?s={search_term_string}"},"query-input":{"@type":"PropertyValueSpecification","valueRequired":true,"valueName":"search_term_string"}}],"inLanguage":"pt-PT"},{"@type":"Person","@id":"https:\/\/portaltela.pt\/#\/schema\/person\/c4278d4a6028830caff9ee44b42d32ed","name":"Telinha","image":{"@type":"ImageObject","inLanguage":"pt-PT","@id":"https:\/\/portaltela.pt\/s.01k8rhncp4jt1\/2025\/11\/talking-bot-125x125.png","url":"https:\/\/portaltela.pt\/s.01k8rhncp4jt1\/2025\/11\/talking-bot-125x125.png","contentUrl":"https:\/\/portaltela.pt\/s.01k8rhncp4jt1\/2025\/11\/talking-bot-125x125.png","caption":"Telinha"},"sameAs":["https:\/\/portaltela.pt\/"],"url":"https:\/\/portaltela.pt\/por\/367410592786\/"}]}},"_links":{"self":[{"href":"https:\/\/portaltela.pt\/api\/wp\/v2\/posts\/218668","targetHints":{"allow":["GET"]}}],"collection":[{"href":"https:\/\/portaltela.pt\/api\/wp\/v2\/posts"}],"about":[{"href":"https:\/\/portaltela.pt\/api\/wp\/v2\/types\/post"}],"author":[{"embeddable":true,"href":"https:\/\/portaltela.pt\/api\/wp\/v2\/users\/2"}],"replies":[{"embeddable":true,"href":"https:\/\/portaltela.pt\/api\/wp\/v2\/comments?post=218668"}],"version-history":[{"count":0,"href":"https:\/\/portaltela.pt\/api\/wp\/v2\/posts\/218668\/revisions"}],"wp:featuredmedia":[{"embeddable":true,"href":"https:\/\/portaltela.pt\/api\/wp\/v2\/media\/218672"}],"wp:attachment":[{"href":"https:\/\/portaltela.pt\/api\/wp\/v2\/media?parent=218668"}],"wp:term":[{"taxonomy":"category","embeddable":true,"href":"https:\/\/portaltela.pt\/api\/wp\/v2\/categories?post=218668"},{"taxonomy":"post_tag","embeddable":true,"href":"https:\/\/portaltela.pt\/api\/wp\/v2\/tags?post=218668"}],"curies":[{"name":"wp","href":"https:\/\/api.w.org\/{rel}","templated":true}]}}