{"id":218646,"date":"2026-02-20T04:46:58","date_gmt":"2026-02-20T07:46:58","guid":{"rendered":"https:\/\/portaltela.pt\/noticias\/2026\/02\/20\/franca-ocidental-ve-agravamento-das-cheias-apos-35-dias-de-chuva\/"},"modified":"2026-02-20T04:46:58","modified_gmt":"2026-02-20T07:46:58","slug":"franca-ocidental-ve-agravamento-das-cheias-apos-35-dias-de-chuva","status":"publish","type":"post","link":"https:\/\/portaltela.pt\/noticias\/2026\/02\/20\/franca-ocidental-ve-agravamento-das-cheias-apos-35-dias-de-chuva\/","title":{"rendered":"Fran\u00e7a Ocidental v\u00ea agravamento das cheias ap\u00f3s 35 dias de chuva"},"content":{"rendered":"<p>Fran\u00e7a enfrenta cheias graves no oeste ap\u00f3s 35 dias de chuva. Rios sobem e h\u00e1 cortes de energia, mesmo com perspetivas de tempo mais seco.<\/p>\n<p>Em Libourne, o Dordonha galgou margens e invadiu ruas, com danos ainda limitados. Nova tempestade e mar\u00e9s vivas aumentam a press\u00e3o sobre solos j\u00e1 saturados.<\/p>\n<p>O governo alerta que o epis\u00f3dio est\u00e1 longe de terminar. Alertas vermelhos abrangem oeste, incluindo Loire-Atlantique e Maine-et-Loire.<\/p>\n<p>Em Angers, zonas baixas est\u00e3o submersas e alguns residentes tiveram de abandonar as habita\u00e7\u00f5es. Mais de 1.700 pessoas foram retiradas em Lot-et-Garonne.<\/p>\n<p>Cortes de eletricidade continuam a afetar milhares de habita\u00e7\u00f5es. Servi\u00e7os meteorol\u00f3gicos apontam tempo mais seco \u00e0 vista, mas os rios devem continuar a subir.<\/p>\n<p>A M\u00e9t\u00e9o-France e a Vigicrues sublinham que a \u00e1gua oriunda de \u00e1reas mais altas chega aos sedimentos j\u00e1 saturados, mantendo o potencial de cheias.<\/p>\n","protected":false},"excerpt":{"rendered":"<ul>\n<li>Fran\u00e7a enfrenta cheias graves ap\u00f3s 35 dias de chuva, com rios a subir e cortes de energia a afetar v\u00e1rias zonas.<\/li>\n<li>Em Libourne, o Dordonha ultrapassou margens e invadiu ruas, com danos ainda limitados.<\/li>\n<li>Uma nova tempestade e mar\u00e9s vivas aumentaram a press\u00e3o sobre solos j\u00e1 saturados.<\/li>\n<li>O governo afirma que o epis\u00f3dio n\u00e3o acabou; alertas vermelhos abrangem o oeste, incluindo Loire-Atlantique e Maine-et-Loire, e em Angers zonas baixas est\u00e3o submersas com evacua\u00e7\u00f5es.<\/li>\n<li>Mais de 1.700 pessoas foram retiradas em Lot-et-Garonne; a meteorologia aponta tempo mais seco, mas os rios devem continuar a subir \u00e0 medida que a \u00e1gua desce para o mar.<\/li>\n<\/ul>\n","protected":false},"author":2,"featured_media":218648,"comment_status":"closed","ping_status":"closed","sticky":false,"template":"","format":"standard","meta":{"footnotes":""},"categories":[1],"tags":[1331,5210,5215,1856,2051,4364],"class_list":["post-218646","post","type-post","status-publish","format-standard","has-post-thumbnail","hentry","category-noticias","tag-alagamento","tag-alerta-vermelho","tag-catastrofes-naturais","tag-franca","tag-inundacao","tag-meteorologia"],"yoast_head":"<!-- This site is optimized with the Yoast SEO plugin v27.2 - https:\/\/yoast.com\/product\/yoast-seo-wordpress\/ -->\n<title>Fran\u00e7a Ocidental v\u00ea agravamento das cheias ap\u00f3s 35 dias de chuva - Portal Tela Portugal<\/title>\n<meta name=\"robots\" content=\"index, follow, max-snippet:-1, max-image-preview:large, max-video-preview:-1\" \/>\n<meta property=\"og:locale\" content=\"pt_PT\" \/>\n<meta property=\"og:type\" content=\"article\" \/>\n<meta property=\"og:title\" content=\"Fran\u00e7a Ocidental v\u00ea agravamento das cheias ap\u00f3s 35 dias de chuva - Portal Tela Portugal\" \/>\n<meta property=\"og:description\" content=\"Fran\u00e7a enfrenta cheias graves ap\u00f3s 35 dias de chuva, com rios a subir e cortes de energia a afetar v\u00e1rias zonas. Em Libourne, o Dordonha ultrapassou margens e invadiu ruas, com danos ainda limitados. Uma nova tempestade e mar\u00e9s vivas aumentaram a press\u00e3o sobre solos j\u00e1 saturados. O governo afirma que o epis\u00f3dio n\u00e3o acabou; alertas vermelhos abrangem o oeste, incluindo Loire-Atlantique e Maine-et-Loire, e em Angers zonas baixas est\u00e3o submersas com evacua\u00e7\u00f5es. Mais de 1.700 pessoas foram retiradas em Lot-et-Garonne; a meteorologia aponta tempo mais seco, mas os rios devem continuar a subir \u00e0 medida que a \u00e1gua desce para o mar.\" \/>\n<meta property=\"og:url\" content=\"https:\/\/portaltela.pt\/noticias\/2026\/02\/20\/franca-ocidental-ve-agravamento-das-cheias-apos-35-dias-de-chuva\/\" \/>\n<meta property=\"og:site_name\" content=\"Portal Tela Portugal\" \/>\n<meta property=\"article:published_time\" content=\"2026-02-20T07:46:58+00:00\" \/>\n<meta name=\"author\" content=\"Telinha\" \/>\n<meta name=\"twitter:card\" content=\"summary_large_image\" \/>\n<meta name=\"twitter:label1\" content=\"Escrito por\" \/>\n\t<meta name=\"twitter:data1\" content=\"Telinha\" \/>\n\t<meta name=\"twitter:label2\" content=\"Tempo estimado de leitura\" \/>\n\t<meta name=\"twitter:data2\" content=\"1 minuto\" \/>\n<script type=\"application\/ld+json\" class=\"yoast-schema-graph\">{\"@context\":\"https:\/\/schema.org\",\"@graph\":[{\"@type\":\"Article\",\"@id\":\"https:\/\/portaltela.pt\/noticias\/2026\/02\/20\/franca-ocidental-ve-agravamento-das-cheias-apos-35-dias-de-chuva\/#article\",\"isPartOf\":{\"@id\":\"https:\/\/portaltela.pt\/noticias\/2026\/02\/20\/franca-ocidental-ve-agravamento-das-cheias-apos-35-dias-de-chuva\/\"},\"author\":{\"name\":\"Telinha\",\"@id\":\"https:\/\/portaltela.pt\/#\/schema\/person\/c4278d4a6028830caff9ee44b42d32ed\"},\"headline\":\"Fran\u00e7a Ocidental v\u00ea agravamento das cheias ap\u00f3s 35 dias de chuva\",\"datePublished\":\"2026-02-20T07:46:58+00:00\",\"mainEntityOfPage\":{\"@id\":\"https:\/\/portaltela.pt\/noticias\/2026\/02\/20\/franca-ocidental-ve-agravamento-das-cheias-apos-35-dias-de-chuva\/\"},\"wordCount\":159,\"image\":{\"@id\":\"https:\/\/portaltela.pt\/noticias\/2026\/02\/20\/franca-ocidental-ve-agravamento-das-cheias-apos-35-dias-de-chuva\/#primaryimage\"},\"thumbnailUrl\":\"https:\/\/portaltela.pt\/s.01k8rhncp4jt1\/2026\/02\/1536x864_cmsv2_9fd022b9-c9a6-5bbd-8ae9-5b04705b253a-9658519.jpg\",\"keywords\":[\"alagamento\",\"alerta vermelho\",\"cat\u00e1strofes naturais\",\"Fran\u00e7a\",\"inunda\u00e7\u00e3o\",\"meteorologia\"],\"articleSection\":[\"Not\u00edcias\"],\"inLanguage\":\"pt-PT\"},{\"@type\":\"WebPage\",\"@id\":\"https:\/\/portaltela.pt\/noticias\/2026\/02\/20\/franca-ocidental-ve-agravamento-das-cheias-apos-35-dias-de-chuva\/\",\"url\":\"https:\/\/portaltela.pt\/noticias\/2026\/02\/20\/franca-ocidental-ve-agravamento-das-cheias-apos-35-dias-de-chuva\/\",\"name\":\"Fran\u00e7a Ocidental v\u00ea agravamento das cheias ap\u00f3s 35 dias de chuva - Portal Tela Portugal\",\"isPartOf\":{\"@id\":\"https:\/\/portaltela.pt\/#website\"},\"primaryImageOfPage\":{\"@id\":\"https:\/\/portaltela.pt\/noticias\/2026\/02\/20\/franca-ocidental-ve-agravamento-das-cheias-apos-35-dias-de-chuva\/#primaryimage\"},\"image\":{\"@id\":\"https:\/\/portaltela.pt\/noticias\/2026\/02\/20\/franca-ocidental-ve-agravamento-das-cheias-apos-35-dias-de-chuva\/#primaryimage\"},\"thumbnailUrl\":\"https:\/\/portaltela.pt\/s.01k8rhncp4jt1\/2026\/02\/1536x864_cmsv2_9fd022b9-c9a6-5bbd-8ae9-5b04705b253a-9658519.jpg\",\"datePublished\":\"2026-02-20T07:46:58+00:00\",\"author\":{\"@id\":\"https:\/\/portaltela.pt\/#\/schema\/person\/c4278d4a6028830caff9ee44b42d32ed\"},\"breadcrumb\":{\"@id\":\"https:\/\/portaltela.pt\/noticias\/2026\/02\/20\/franca-ocidental-ve-agravamento-das-cheias-apos-35-dias-de-chuva\/#breadcrumb\"},\"inLanguage\":\"pt-PT\",\"potentialAction\":[{\"@type\":\"ReadAction\",\"target\":[\"https:\/\/portaltela.pt\/noticias\/2026\/02\/20\/franca-ocidental-ve-agravamento-das-cheias-apos-35-dias-de-chuva\/\"]}]},{\"@type\":\"ImageObject\",\"inLanguage\":\"pt-PT\",\"@id\":\"https:\/\/portaltela.pt\/noticias\/2026\/02\/20\/franca-ocidental-ve-agravamento-das-cheias-apos-35-dias-de-chuva\/#primaryimage\",\"url\":\"https:\/\/portaltela.pt\/s.01k8rhncp4jt1\/2026\/02\/1536x864_cmsv2_9fd022b9-c9a6-5bbd-8ae9-5b04705b253a-9658519.jpg\",\"contentUrl\":\"https:\/\/portaltela.pt\/s.01k8rhncp4jt1\/2026\/02\/1536x864_cmsv2_9fd022b9-c9a6-5bbd-8ae9-5b04705b253a-9658519.jpg\",\"width\":796,\"height\":448,\"caption\":\"Populares observam uma rua inundada na Gironda enquanto fortes cheias atingem o oeste de Fran\u00e7a\"},{\"@type\":\"BreadcrumbList\",\"@id\":\"https:\/\/portaltela.pt\/noticias\/2026\/02\/20\/franca-ocidental-ve-agravamento-das-cheias-apos-35-dias-de-chuva\/#breadcrumb\",\"itemListElement\":[{\"@type\":\"ListItem\",\"position\":1,\"name\":\"In\u00edcio\",\"item\":\"https:\/\/portaltela.pt\/\"},{\"@type\":\"ListItem\",\"position\":2,\"name\":\"Fran\u00e7a Ocidental v\u00ea agravamento das cheias ap\u00f3s 35 dias de chuva\"}]},{\"@type\":\"WebSite\",\"@id\":\"https:\/\/portaltela.pt\/#website\",\"url\":\"https:\/\/portaltela.pt\/\",\"name\":\"Portal Tela Portugal\",\"description\":\"\",\"potentialAction\":[{\"@type\":\"SearchAction\",\"target\":{\"@type\":\"EntryPoint\",\"urlTemplate\":\"https:\/\/portaltela.pt\/?s={search_term_string}\"},\"query-input\":{\"@type\":\"PropertyValueSpecification\",\"valueRequired\":true,\"valueName\":\"search_term_string\"}}],\"inLanguage\":\"pt-PT\"},{\"@type\":\"Person\",\"@id\":\"https:\/\/portaltela.pt\/#\/schema\/person\/c4278d4a6028830caff9ee44b42d32ed\",\"name\":\"Telinha\",\"image\":{\"@type\":\"ImageObject\",\"inLanguage\":\"pt-PT\",\"@id\":\"https:\/\/portaltela.pt\/s.01k8rhncp4jt1\/2025\/11\/talking-bot-125x125.png\",\"url\":\"https:\/\/portaltela.pt\/s.01k8rhncp4jt1\/2025\/11\/talking-bot-125x125.png\",\"contentUrl\":\"https:\/\/portaltela.pt\/s.01k8rhncp4jt1\/2025\/11\/talking-bot-125x125.png\",\"caption\":\"Telinha\"},\"sameAs\":[\"https:\/\/portaltela.pt\/\"],\"url\":\"https:\/\/portaltela.pt\/por\/367410592786\/\"}]}<\/script>\n<!-- \/ Yoast SEO plugin. -->","yoast_head_json":{"title":"Fran\u00e7a Ocidental v\u00ea agravamento das cheias ap\u00f3s 35 dias de chuva - Portal Tela Portugal","robots":{"index":"index","follow":"follow","max-snippet":"max-snippet:-1","max-image-preview":"max-image-preview:large","max-video-preview":"max-video-preview:-1"},"og_locale":"pt_PT","og_type":"article","og_title":"Fran\u00e7a Ocidental v\u00ea agravamento das cheias ap\u00f3s 35 dias de chuva - Portal Tela Portugal","og_description":"Fran\u00e7a enfrenta cheias graves ap\u00f3s 35 dias de chuva, com rios a subir e cortes de energia a afetar v\u00e1rias zonas. Em Libourne, o Dordonha ultrapassou margens e invadiu ruas, com danos ainda limitados. Uma nova tempestade e mar\u00e9s vivas aumentaram a press\u00e3o sobre solos j\u00e1 saturados. O governo afirma que o epis\u00f3dio n\u00e3o acabou; alertas vermelhos abrangem o oeste, incluindo Loire-Atlantique e Maine-et-Loire, e em Angers zonas baixas est\u00e3o submersas com evacua\u00e7\u00f5es. Mais de 1.700 pessoas foram retiradas em Lot-et-Garonne; a meteorologia aponta tempo mais seco, mas os rios devem continuar a subir \u00e0 medida que a \u00e1gua desce para o mar.","og_url":"https:\/\/portaltela.pt\/noticias\/2026\/02\/20\/franca-ocidental-ve-agravamento-das-cheias-apos-35-dias-de-chuva\/","og_site_name":"Portal Tela Portugal","article_published_time":"2026-02-20T07:46:58+00:00","author":"Telinha","twitter_card":"summary_large_image","twitter_misc":{"Escrito por":"Telinha","Tempo estimado de leitura":"1 minuto"},"schema":{"@context":"https:\/\/schema.org","@graph":[{"@type":"Article","@id":"https:\/\/portaltela.pt\/noticias\/2026\/02\/20\/franca-ocidental-ve-agravamento-das-cheias-apos-35-dias-de-chuva\/#article","isPartOf":{"@id":"https:\/\/portaltela.pt\/noticias\/2026\/02\/20\/franca-ocidental-ve-agravamento-das-cheias-apos-35-dias-de-chuva\/"},"author":{"name":"Telinha","@id":"https:\/\/portaltela.pt\/#\/schema\/person\/c4278d4a6028830caff9ee44b42d32ed"},"headline":"Fran\u00e7a Ocidental v\u00ea agravamento das cheias ap\u00f3s 35 dias de chuva","datePublished":"2026-02-20T07:46:58+00:00","mainEntityOfPage":{"@id":"https:\/\/portaltela.pt\/noticias\/2026\/02\/20\/franca-ocidental-ve-agravamento-das-cheias-apos-35-dias-de-chuva\/"},"wordCount":159,"image":{"@id":"https:\/\/portaltela.pt\/noticias\/2026\/02\/20\/franca-ocidental-ve-agravamento-das-cheias-apos-35-dias-de-chuva\/#primaryimage"},"thumbnailUrl":"https:\/\/portaltela.pt\/s.01k8rhncp4jt1\/2026\/02\/1536x864_cmsv2_9fd022b9-c9a6-5bbd-8ae9-5b04705b253a-9658519.jpg","keywords":["alagamento","alerta vermelho","cat\u00e1strofes naturais","Fran\u00e7a","inunda\u00e7\u00e3o","meteorologia"],"articleSection":["Not\u00edcias"],"inLanguage":"pt-PT"},{"@type":"WebPage","@id":"https:\/\/portaltela.pt\/noticias\/2026\/02\/20\/franca-ocidental-ve-agravamento-das-cheias-apos-35-dias-de-chuva\/","url":"https:\/\/portaltela.pt\/noticias\/2026\/02\/20\/franca-ocidental-ve-agravamento-das-cheias-apos-35-dias-de-chuva\/","name":"Fran\u00e7a Ocidental v\u00ea agravamento das cheias ap\u00f3s 35 dias de chuva - Portal Tela Portugal","isPartOf":{"@id":"https:\/\/portaltela.pt\/#website"},"primaryImageOfPage":{"@id":"https:\/\/portaltela.pt\/noticias\/2026\/02\/20\/franca-ocidental-ve-agravamento-das-cheias-apos-35-dias-de-chuva\/#primaryimage"},"image":{"@id":"https:\/\/portaltela.pt\/noticias\/2026\/02\/20\/franca-ocidental-ve-agravamento-das-cheias-apos-35-dias-de-chuva\/#primaryimage"},"thumbnailUrl":"https:\/\/portaltela.pt\/s.01k8rhncp4jt1\/2026\/02\/1536x864_cmsv2_9fd022b9-c9a6-5bbd-8ae9-5b04705b253a-9658519.jpg","datePublished":"2026-02-20T07:46:58+00:00","author":{"@id":"https:\/\/portaltela.pt\/#\/schema\/person\/c4278d4a6028830caff9ee44b42d32ed"},"breadcrumb":{"@id":"https:\/\/portaltela.pt\/noticias\/2026\/02\/20\/franca-ocidental-ve-agravamento-das-cheias-apos-35-dias-de-chuva\/#breadcrumb"},"inLanguage":"pt-PT","potentialAction":[{"@type":"ReadAction","target":["https:\/\/portaltela.pt\/noticias\/2026\/02\/20\/franca-ocidental-ve-agravamento-das-cheias-apos-35-dias-de-chuva\/"]}]},{"@type":"ImageObject","inLanguage":"pt-PT","@id":"https:\/\/portaltela.pt\/noticias\/2026\/02\/20\/franca-ocidental-ve-agravamento-das-cheias-apos-35-dias-de-chuva\/#primaryimage","url":"https:\/\/portaltela.pt\/s.01k8rhncp4jt1\/2026\/02\/1536x864_cmsv2_9fd022b9-c9a6-5bbd-8ae9-5b04705b253a-9658519.jpg","contentUrl":"https:\/\/portaltela.pt\/s.01k8rhncp4jt1\/2026\/02\/1536x864_cmsv2_9fd022b9-c9a6-5bbd-8ae9-5b04705b253a-9658519.jpg","width":796,"height":448,"caption":"Populares observam uma rua inundada na Gironda enquanto fortes cheias atingem o oeste de Fran\u00e7a"},{"@type":"BreadcrumbList","@id":"https:\/\/portaltela.pt\/noticias\/2026\/02\/20\/franca-ocidental-ve-agravamento-das-cheias-apos-35-dias-de-chuva\/#breadcrumb","itemListElement":[{"@type":"ListItem","position":1,"name":"In\u00edcio","item":"https:\/\/portaltela.pt\/"},{"@type":"ListItem","position":2,"name":"Fran\u00e7a Ocidental v\u00ea agravamento das cheias ap\u00f3s 35 dias de chuva"}]},{"@type":"WebSite","@id":"https:\/\/portaltela.pt\/#website","url":"https:\/\/portaltela.pt\/","name":"Portal Tela Portugal","description":"","potentialAction":[{"@type":"SearchAction","target":{"@type":"EntryPoint","urlTemplate":"https:\/\/portaltela.pt\/?s={search_term_string}"},"query-input":{"@type":"PropertyValueSpecification","valueRequired":true,"valueName":"search_term_string"}}],"inLanguage":"pt-PT"},{"@type":"Person","@id":"https:\/\/portaltela.pt\/#\/schema\/person\/c4278d4a6028830caff9ee44b42d32ed","name":"Telinha","image":{"@type":"ImageObject","inLanguage":"pt-PT","@id":"https:\/\/portaltela.pt\/s.01k8rhncp4jt1\/2025\/11\/talking-bot-125x125.png","url":"https:\/\/portaltela.pt\/s.01k8rhncp4jt1\/2025\/11\/talking-bot-125x125.png","contentUrl":"https:\/\/portaltela.pt\/s.01k8rhncp4jt1\/2025\/11\/talking-bot-125x125.png","caption":"Telinha"},"sameAs":["https:\/\/portaltela.pt\/"],"url":"https:\/\/portaltela.pt\/por\/367410592786\/"}]}},"_links":{"self":[{"href":"https:\/\/portaltela.pt\/api\/wp\/v2\/posts\/218646","targetHints":{"allow":["GET"]}}],"collection":[{"href":"https:\/\/portaltela.pt\/api\/wp\/v2\/posts"}],"about":[{"href":"https:\/\/portaltela.pt\/api\/wp\/v2\/types\/post"}],"author":[{"embeddable":true,"href":"https:\/\/portaltela.pt\/api\/wp\/v2\/users\/2"}],"replies":[{"embeddable":true,"href":"https:\/\/portaltela.pt\/api\/wp\/v2\/comments?post=218646"}],"version-history":[{"count":0,"href":"https:\/\/portaltela.pt\/api\/wp\/v2\/posts\/218646\/revisions"}],"wp:featuredmedia":[{"embeddable":true,"href":"https:\/\/portaltela.pt\/api\/wp\/v2\/media\/218648"}],"wp:attachment":[{"href":"https:\/\/portaltela.pt\/api\/wp\/v2\/media?parent=218646"}],"wp:term":[{"taxonomy":"category","embeddable":true,"href":"https:\/\/portaltela.pt\/api\/wp\/v2\/categories?post=218646"},{"taxonomy":"post_tag","embeddable":true,"href":"https:\/\/portaltela.pt\/api\/wp\/v2\/tags?post=218646"}],"curies":[{"name":"wp","href":"https:\/\/api.w.org\/{rel}","templated":true}]}}