{"id":218630,"date":"2026-02-20T04:23:00","date_gmt":"2026-02-20T07:23:00","guid":{"rendered":"https:\/\/portaltela.pt\/noticias\/2026\/02\/20\/sul-de-portugal-tem-agua-armazenada-para-dois-a-tres-anos-diz-apa\/"},"modified":"2026-02-20T04:23:00","modified_gmt":"2026-02-20T07:23:00","slug":"sul-de-portugal-tem-agua-armazenada-para-dois-a-tres-anos-diz-apa","status":"publish","type":"post","link":"https:\/\/portaltela.pt\/noticias\/2026\/02\/20\/sul-de-portugal-tem-agua-armazenada-para-dois-a-tres-anos-diz-apa\/","title":{"rendered":"Sul de Portugal tem \u00e1gua armazenada para dois a tr\u00eas anos, diz APA"},"content":{"rendered":"<p>A Ag\u00eancia Portuguesa do Ambiente (APA) revela que o sul de Portugal disp\u00f5e de \u00e1gua suficiente para dois a tr\u00eas anos, com as barragens apresentando n\u00edveis elevados. O presidente da APA, Jos\u00e9 Pimenta Machado, antecipa que o pa\u00eds pode bater recordes nacionais na \u00e1gua armazenada.<\/p>\n<p>O boletim semanal de albufeiras indica que, na \u00faltima segunda-feira, o continente contava com 12 610 hect\u00f4metros c\u00fabicos de \u00e1gua, 95% da capacidade total. A albufeira de Arade apresentava apenas 74% de preenchimento.<\/p>\n<p>Pimenta Machado sublinha que a situa\u00e7\u00e3o atual resulta de chuvas intensas que afetaram grande parte do territ\u00f3rio, de Bragan\u00e7a ao Algarve, nas \u00faltimas semanas. O respons\u00e1vel lembra que, apesar de todas as bacias estarem perto da capacidade, houve liberta\u00e7\u00e3o de \u00e1gua em v\u00e1rias estruturas.<\/p>\n<p>Entre os exemplos portugueses citados, a barragem de Monte da Rocha, no Alentejo, ficou cheia e realizou descargas de superf\u00edcie; este fen\u00f3meno \u00e9 incomum neste s\u00e9culo, com enchimentos recentes apenas em 2011. Em fevereiro de 2022 o n\u00edvel era de 4%, em 2017 chegou a 40%.<\/p>\n<p>O presidente da APA compara a situa\u00e7\u00e3o com as barragens do Algarve, onde tamb\u00e9m houve melhoria consider\u00e1vel, apesar de terem estado entre os valores mais baixos nos anos recentes. Campilhas e as albufeiras de Santa Clara e Bravura registam aumentos de \u00e1gua, com algumas a atingirem percentagens mais elevadas.<\/p>\n<p>Os dados indicam que, neste ano, todas as albufeiras se encontram cheias, sinalizando uma melhoria significativa face aos per\u00edodos anteriores. Os rios est\u00e3o a voltar aos leitos, e a gest\u00e3o teve de contemplar descargas para evitar cheias.<\/p>\n<p>Pimenta Machado recorda que o fen\u00f3meno teve origem em tempestades no Atl\u00e2ntico, com \u00e1gua que percorreu as bacias espanholas antes de regressar a Portugal. O t\u00e9cnico sublinha tamb\u00e9m a influ\u00eancia do degelo e dos inc\u00eandios florestais no ver\u00e3o passado, que complicaram a reten\u00e7\u00e3o de \u00e1gua.<\/p>\n","protected":false},"excerpt":{"rendered":"<ul>\n<li>O sul de Portugal tem \u00e1gua armazenada para dois a tr\u00eas anos e as albufeiras est\u00e3o literalmente cheias, afirmou o presidente da Ag\u00eancia Portuguesa do Ambiente.<\/li>\n<li>O boletim semanal da APA indica 12.610 hect\u00f3metros c\u00fabicos de \u00e1gua armazenada em Portugal continental, 95% da capacidade, com a albufeira do Arade a 74%.<\/li>\n<li>Jos\u00e9 Pimenta Machado prev\u00ea que, no final de fevereiro, Portugal bata o recorde nacional de \u00e1gua armazenada, admitindo que isso acontece devido \u00e0s chuvas recentes.<\/li>\n<li>A declared por\u00e7\u00e3o sul tamb\u00e9m teve cheia, devido a tempestades que afetaram o territ\u00f3rio de Bragan\u00e7a ao Algarve, tornando as barragens em n\u00edveis mais elevados do que em anos anteriores.<\/li>\n<li>Barragens como Monte da Rocha e Campilhas passaram a apresentar \u00e1gua em n\u00edveis superiores, demonstrando o car\u00e1ter excecional do atual per\u00edodo de precipita\u00e7\u00e3o e os seus efeitos nos rios.<\/li>\n<\/ul>\n","protected":false},"author":2,"featured_media":218631,"comment_status":"closed","ping_status":"closed","sticky":false,"template":"","format":"standard","meta":{"footnotes":""},"categories":[1],"tags":[1503,1090,4686,928,167,5329],"class_list":["post-218630","post","type-post","status-publish","format-standard","has-post-thumbnail","hentry","category-noticias","tag-abastecimento-de-agua","tag-agua","tag-albufeiras","tag-algarve","tag-ambiente","tag-chuva"],"yoast_head":"<!-- This site is optimized with the Yoast SEO plugin v27.2 - https:\/\/yoast.com\/product\/yoast-seo-wordpress\/ -->\n<title>Sul de Portugal tem \u00e1gua armazenada para dois a tr\u00eas anos, diz APA - Portal Tela Portugal<\/title>\n<meta name=\"robots\" content=\"index, follow, max-snippet:-1, max-image-preview:large, max-video-preview:-1\" \/>\n<meta property=\"og:locale\" content=\"pt_PT\" \/>\n<meta property=\"og:type\" content=\"article\" \/>\n<meta property=\"og:title\" content=\"Sul de Portugal tem \u00e1gua armazenada para dois a tr\u00eas anos, diz APA - Portal Tela Portugal\" \/>\n<meta property=\"og:description\" content=\"O sul de Portugal tem \u00e1gua armazenada para dois a tr\u00eas anos e as albufeiras est\u00e3o literalmente cheias, afirmou o presidente da Ag\u00eancia Portuguesa do Ambiente. O boletim semanal da APA indica 12.610 hect\u00f3metros c\u00fabicos de \u00e1gua armazenada em Portugal continental, 95% da capacidade, com a albufeira do Arade a 74%. Jos\u00e9 Pimenta Machado prev\u00ea que, no final de fevereiro, Portugal bata o recorde nacional de \u00e1gua armazenada, admitindo que isso acontece devido \u00e0s chuvas recentes. A declared por\u00e7\u00e3o sul tamb\u00e9m teve cheia, devido a tempestades que afetaram o territ\u00f3rio de Bragan\u00e7a ao Algarve, tornando as barragens em n\u00edveis mais elevados do que em anos anteriores. Barragens como Monte da Rocha e Campilhas passaram a apresentar \u00e1gua em n\u00edveis superiores, demonstrando o car\u00e1ter excecional do atual per\u00edodo de precipita\u00e7\u00e3o e os seus efeitos nos rios.\" \/>\n<meta property=\"og:url\" content=\"https:\/\/portaltela.pt\/noticias\/2026\/02\/20\/sul-de-portugal-tem-agua-armazenada-para-dois-a-tres-anos-diz-apa\/\" \/>\n<meta property=\"og:site_name\" content=\"Portal Tela Portugal\" \/>\n<meta property=\"article:published_time\" content=\"2026-02-20T07:23:00+00:00\" \/>\n<meta name=\"author\" content=\"Telinha\" \/>\n<meta name=\"twitter:card\" content=\"summary_large_image\" \/>\n<meta name=\"twitter:label1\" content=\"Escrito por\" \/>\n\t<meta name=\"twitter:data1\" content=\"Telinha\" \/>\n\t<meta name=\"twitter:label2\" content=\"Tempo estimado de leitura\" \/>\n\t<meta name=\"twitter:data2\" content=\"2 minutos\" \/>\n<script type=\"application\/ld+json\" class=\"yoast-schema-graph\">{\"@context\":\"https:\/\/schema.org\",\"@graph\":[{\"@type\":\"Article\",\"@id\":\"https:\/\/portaltela.pt\/noticias\/2026\/02\/20\/sul-de-portugal-tem-agua-armazenada-para-dois-a-tres-anos-diz-apa\/#article\",\"isPartOf\":{\"@id\":\"https:\/\/portaltela.pt\/noticias\/2026\/02\/20\/sul-de-portugal-tem-agua-armazenada-para-dois-a-tres-anos-diz-apa\/\"},\"author\":{\"name\":\"Telinha\",\"@id\":\"https:\/\/portaltela.pt\/#\/schema\/person\/c4278d4a6028830caff9ee44b42d32ed\"},\"headline\":\"Sul de Portugal tem \u00e1gua armazenada para dois a tr\u00eas anos, diz APA\",\"datePublished\":\"2026-02-20T07:23:00+00:00\",\"mainEntityOfPage\":{\"@id\":\"https:\/\/portaltela.pt\/noticias\/2026\/02\/20\/sul-de-portugal-tem-agua-armazenada-para-dois-a-tres-anos-diz-apa\/\"},\"wordCount\":334,\"image\":{\"@id\":\"https:\/\/portaltela.pt\/noticias\/2026\/02\/20\/sul-de-portugal-tem-agua-armazenada-para-dois-a-tres-anos-diz-apa\/#primaryimage\"},\"thumbnailUrl\":\"https:\/\/portaltela.pt\/s.01k8rhncp4jt1\/2026\/02\/img_1500x1000uu2026-02-20-07-22-15-2267849.jpg\",\"keywords\":[\"abastecimento de \u00e1gua\",\"\u00e1gua\",\"albufeiras\",\"Algarve\",\"ambiente\",\"chuva\"],\"articleSection\":[\"Not\u00edcias\"],\"inLanguage\":\"pt-PT\"},{\"@type\":\"WebPage\",\"@id\":\"https:\/\/portaltela.pt\/noticias\/2026\/02\/20\/sul-de-portugal-tem-agua-armazenada-para-dois-a-tres-anos-diz-apa\/\",\"url\":\"https:\/\/portaltela.pt\/noticias\/2026\/02\/20\/sul-de-portugal-tem-agua-armazenada-para-dois-a-tres-anos-diz-apa\/\",\"name\":\"Sul de Portugal tem \u00e1gua armazenada para dois a tr\u00eas anos, diz APA - Portal Tela Portugal\",\"isPartOf\":{\"@id\":\"https:\/\/portaltela.pt\/#website\"},\"primaryImageOfPage\":{\"@id\":\"https:\/\/portaltela.pt\/noticias\/2026\/02\/20\/sul-de-portugal-tem-agua-armazenada-para-dois-a-tres-anos-diz-apa\/#primaryimage\"},\"image\":{\"@id\":\"https:\/\/portaltela.pt\/noticias\/2026\/02\/20\/sul-de-portugal-tem-agua-armazenada-para-dois-a-tres-anos-diz-apa\/#primaryimage\"},\"thumbnailUrl\":\"https:\/\/portaltela.pt\/s.01k8rhncp4jt1\/2026\/02\/img_1500x1000uu2026-02-20-07-22-15-2267849.jpg\",\"datePublished\":\"2026-02-20T07:23:00+00:00\",\"author\":{\"@id\":\"https:\/\/portaltela.pt\/#\/schema\/person\/c4278d4a6028830caff9ee44b42d32ed\"},\"breadcrumb\":{\"@id\":\"https:\/\/portaltela.pt\/noticias\/2026\/02\/20\/sul-de-portugal-tem-agua-armazenada-para-dois-a-tres-anos-diz-apa\/#breadcrumb\"},\"inLanguage\":\"pt-PT\",\"potentialAction\":[{\"@type\":\"ReadAction\",\"target\":[\"https:\/\/portaltela.pt\/noticias\/2026\/02\/20\/sul-de-portugal-tem-agua-armazenada-para-dois-a-tres-anos-diz-apa\/\"]}]},{\"@type\":\"ImageObject\",\"inLanguage\":\"pt-PT\",\"@id\":\"https:\/\/portaltela.pt\/noticias\/2026\/02\/20\/sul-de-portugal-tem-agua-armazenada-para-dois-a-tres-anos-diz-apa\/#primaryimage\",\"url\":\"https:\/\/portaltela.pt\/s.01k8rhncp4jt1\/2026\/02\/img_1500x1000uu2026-02-20-07-22-15-2267849.jpg\",\"contentUrl\":\"https:\/\/portaltela.pt\/s.01k8rhncp4jt1\/2026\/02\/img_1500x1000uu2026-02-20-07-22-15-2267849.jpg\",\"width\":796,\"height\":448,\"caption\":\"Barragens\"},{\"@type\":\"BreadcrumbList\",\"@id\":\"https:\/\/portaltela.pt\/noticias\/2026\/02\/20\/sul-de-portugal-tem-agua-armazenada-para-dois-a-tres-anos-diz-apa\/#breadcrumb\",\"itemListElement\":[{\"@type\":\"ListItem\",\"position\":1,\"name\":\"In\u00edcio\",\"item\":\"https:\/\/portaltela.pt\/\"},{\"@type\":\"ListItem\",\"position\":2,\"name\":\"Sul de Portugal tem \u00e1gua armazenada para dois a tr\u00eas anos, diz APA\"}]},{\"@type\":\"WebSite\",\"@id\":\"https:\/\/portaltela.pt\/#website\",\"url\":\"https:\/\/portaltela.pt\/\",\"name\":\"Portal Tela Portugal\",\"description\":\"\",\"potentialAction\":[{\"@type\":\"SearchAction\",\"target\":{\"@type\":\"EntryPoint\",\"urlTemplate\":\"https:\/\/portaltela.pt\/?s={search_term_string}\"},\"query-input\":{\"@type\":\"PropertyValueSpecification\",\"valueRequired\":true,\"valueName\":\"search_term_string\"}}],\"inLanguage\":\"pt-PT\"},{\"@type\":\"Person\",\"@id\":\"https:\/\/portaltela.pt\/#\/schema\/person\/c4278d4a6028830caff9ee44b42d32ed\",\"name\":\"Telinha\",\"image\":{\"@type\":\"ImageObject\",\"inLanguage\":\"pt-PT\",\"@id\":\"https:\/\/portaltela.pt\/s.01k8rhncp4jt1\/2025\/11\/talking-bot-125x125.png\",\"url\":\"https:\/\/portaltela.pt\/s.01k8rhncp4jt1\/2025\/11\/talking-bot-125x125.png\",\"contentUrl\":\"https:\/\/portaltela.pt\/s.01k8rhncp4jt1\/2025\/11\/talking-bot-125x125.png\",\"caption\":\"Telinha\"},\"sameAs\":[\"https:\/\/portaltela.pt\/\"],\"url\":\"https:\/\/portaltela.pt\/por\/367410592786\/\"}]}<\/script>\n<!-- \/ Yoast SEO plugin. -->","yoast_head_json":{"title":"Sul de Portugal tem \u00e1gua armazenada para dois a tr\u00eas anos, diz APA - Portal Tela Portugal","robots":{"index":"index","follow":"follow","max-snippet":"max-snippet:-1","max-image-preview":"max-image-preview:large","max-video-preview":"max-video-preview:-1"},"og_locale":"pt_PT","og_type":"article","og_title":"Sul de Portugal tem \u00e1gua armazenada para dois a tr\u00eas anos, diz APA - Portal Tela Portugal","og_description":"O sul de Portugal tem \u00e1gua armazenada para dois a tr\u00eas anos e as albufeiras est\u00e3o literalmente cheias, afirmou o presidente da Ag\u00eancia Portuguesa do Ambiente. O boletim semanal da APA indica 12.610 hect\u00f3metros c\u00fabicos de \u00e1gua armazenada em Portugal continental, 95% da capacidade, com a albufeira do Arade a 74%. Jos\u00e9 Pimenta Machado prev\u00ea que, no final de fevereiro, Portugal bata o recorde nacional de \u00e1gua armazenada, admitindo que isso acontece devido \u00e0s chuvas recentes. A declared por\u00e7\u00e3o sul tamb\u00e9m teve cheia, devido a tempestades que afetaram o territ\u00f3rio de Bragan\u00e7a ao Algarve, tornando as barragens em n\u00edveis mais elevados do que em anos anteriores. Barragens como Monte da Rocha e Campilhas passaram a apresentar \u00e1gua em n\u00edveis superiores, demonstrando o car\u00e1ter excecional do atual per\u00edodo de precipita\u00e7\u00e3o e os seus efeitos nos rios.","og_url":"https:\/\/portaltela.pt\/noticias\/2026\/02\/20\/sul-de-portugal-tem-agua-armazenada-para-dois-a-tres-anos-diz-apa\/","og_site_name":"Portal Tela Portugal","article_published_time":"2026-02-20T07:23:00+00:00","author":"Telinha","twitter_card":"summary_large_image","twitter_misc":{"Escrito por":"Telinha","Tempo estimado de leitura":"2 minutos"},"schema":{"@context":"https:\/\/schema.org","@graph":[{"@type":"Article","@id":"https:\/\/portaltela.pt\/noticias\/2026\/02\/20\/sul-de-portugal-tem-agua-armazenada-para-dois-a-tres-anos-diz-apa\/#article","isPartOf":{"@id":"https:\/\/portaltela.pt\/noticias\/2026\/02\/20\/sul-de-portugal-tem-agua-armazenada-para-dois-a-tres-anos-diz-apa\/"},"author":{"name":"Telinha","@id":"https:\/\/portaltela.pt\/#\/schema\/person\/c4278d4a6028830caff9ee44b42d32ed"},"headline":"Sul de Portugal tem \u00e1gua armazenada para dois a tr\u00eas anos, diz APA","datePublished":"2026-02-20T07:23:00+00:00","mainEntityOfPage":{"@id":"https:\/\/portaltela.pt\/noticias\/2026\/02\/20\/sul-de-portugal-tem-agua-armazenada-para-dois-a-tres-anos-diz-apa\/"},"wordCount":334,"image":{"@id":"https:\/\/portaltela.pt\/noticias\/2026\/02\/20\/sul-de-portugal-tem-agua-armazenada-para-dois-a-tres-anos-diz-apa\/#primaryimage"},"thumbnailUrl":"https:\/\/portaltela.pt\/s.01k8rhncp4jt1\/2026\/02\/img_1500x1000uu2026-02-20-07-22-15-2267849.jpg","keywords":["abastecimento de \u00e1gua","\u00e1gua","albufeiras","Algarve","ambiente","chuva"],"articleSection":["Not\u00edcias"],"inLanguage":"pt-PT"},{"@type":"WebPage","@id":"https:\/\/portaltela.pt\/noticias\/2026\/02\/20\/sul-de-portugal-tem-agua-armazenada-para-dois-a-tres-anos-diz-apa\/","url":"https:\/\/portaltela.pt\/noticias\/2026\/02\/20\/sul-de-portugal-tem-agua-armazenada-para-dois-a-tres-anos-diz-apa\/","name":"Sul de Portugal tem \u00e1gua armazenada para dois a tr\u00eas anos, diz APA - Portal Tela Portugal","isPartOf":{"@id":"https:\/\/portaltela.pt\/#website"},"primaryImageOfPage":{"@id":"https:\/\/portaltela.pt\/noticias\/2026\/02\/20\/sul-de-portugal-tem-agua-armazenada-para-dois-a-tres-anos-diz-apa\/#primaryimage"},"image":{"@id":"https:\/\/portaltela.pt\/noticias\/2026\/02\/20\/sul-de-portugal-tem-agua-armazenada-para-dois-a-tres-anos-diz-apa\/#primaryimage"},"thumbnailUrl":"https:\/\/portaltela.pt\/s.01k8rhncp4jt1\/2026\/02\/img_1500x1000uu2026-02-20-07-22-15-2267849.jpg","datePublished":"2026-02-20T07:23:00+00:00","author":{"@id":"https:\/\/portaltela.pt\/#\/schema\/person\/c4278d4a6028830caff9ee44b42d32ed"},"breadcrumb":{"@id":"https:\/\/portaltela.pt\/noticias\/2026\/02\/20\/sul-de-portugal-tem-agua-armazenada-para-dois-a-tres-anos-diz-apa\/#breadcrumb"},"inLanguage":"pt-PT","potentialAction":[{"@type":"ReadAction","target":["https:\/\/portaltela.pt\/noticias\/2026\/02\/20\/sul-de-portugal-tem-agua-armazenada-para-dois-a-tres-anos-diz-apa\/"]}]},{"@type":"ImageObject","inLanguage":"pt-PT","@id":"https:\/\/portaltela.pt\/noticias\/2026\/02\/20\/sul-de-portugal-tem-agua-armazenada-para-dois-a-tres-anos-diz-apa\/#primaryimage","url":"https:\/\/portaltela.pt\/s.01k8rhncp4jt1\/2026\/02\/img_1500x1000uu2026-02-20-07-22-15-2267849.jpg","contentUrl":"https:\/\/portaltela.pt\/s.01k8rhncp4jt1\/2026\/02\/img_1500x1000uu2026-02-20-07-22-15-2267849.jpg","width":796,"height":448,"caption":"Barragens"},{"@type":"BreadcrumbList","@id":"https:\/\/portaltela.pt\/noticias\/2026\/02\/20\/sul-de-portugal-tem-agua-armazenada-para-dois-a-tres-anos-diz-apa\/#breadcrumb","itemListElement":[{"@type":"ListItem","position":1,"name":"In\u00edcio","item":"https:\/\/portaltela.pt\/"},{"@type":"ListItem","position":2,"name":"Sul de Portugal tem \u00e1gua armazenada para dois a tr\u00eas anos, diz APA"}]},{"@type":"WebSite","@id":"https:\/\/portaltela.pt\/#website","url":"https:\/\/portaltela.pt\/","name":"Portal Tela Portugal","description":"","potentialAction":[{"@type":"SearchAction","target":{"@type":"EntryPoint","urlTemplate":"https:\/\/portaltela.pt\/?s={search_term_string}"},"query-input":{"@type":"PropertyValueSpecification","valueRequired":true,"valueName":"search_term_string"}}],"inLanguage":"pt-PT"},{"@type":"Person","@id":"https:\/\/portaltela.pt\/#\/schema\/person\/c4278d4a6028830caff9ee44b42d32ed","name":"Telinha","image":{"@type":"ImageObject","inLanguage":"pt-PT","@id":"https:\/\/portaltela.pt\/s.01k8rhncp4jt1\/2025\/11\/talking-bot-125x125.png","url":"https:\/\/portaltela.pt\/s.01k8rhncp4jt1\/2025\/11\/talking-bot-125x125.png","contentUrl":"https:\/\/portaltela.pt\/s.01k8rhncp4jt1\/2025\/11\/talking-bot-125x125.png","caption":"Telinha"},"sameAs":["https:\/\/portaltela.pt\/"],"url":"https:\/\/portaltela.pt\/por\/367410592786\/"}]}},"_links":{"self":[{"href":"https:\/\/portaltela.pt\/api\/wp\/v2\/posts\/218630","targetHints":{"allow":["GET"]}}],"collection":[{"href":"https:\/\/portaltela.pt\/api\/wp\/v2\/posts"}],"about":[{"href":"https:\/\/portaltela.pt\/api\/wp\/v2\/types\/post"}],"author":[{"embeddable":true,"href":"https:\/\/portaltela.pt\/api\/wp\/v2\/users\/2"}],"replies":[{"embeddable":true,"href":"https:\/\/portaltela.pt\/api\/wp\/v2\/comments?post=218630"}],"version-history":[{"count":0,"href":"https:\/\/portaltela.pt\/api\/wp\/v2\/posts\/218630\/revisions"}],"wp:featuredmedia":[{"embeddable":true,"href":"https:\/\/portaltela.pt\/api\/wp\/v2\/media\/218631"}],"wp:attachment":[{"href":"https:\/\/portaltela.pt\/api\/wp\/v2\/media?parent=218630"}],"wp:term":[{"taxonomy":"category","embeddable":true,"href":"https:\/\/portaltela.pt\/api\/wp\/v2\/categories?post=218630"},{"taxonomy":"post_tag","embeddable":true,"href":"https:\/\/portaltela.pt\/api\/wp\/v2\/tags?post=218630"}],"curies":[{"name":"wp","href":"https:\/\/api.w.org\/{rel}","templated":true}]}}