{"id":218601,"date":"2026-02-20T03:30:00","date_gmt":"2026-02-20T06:30:00","guid":{"rendered":"https:\/\/portaltela.pt\/noticias\/2026\/02\/20\/gulbenkian-lanca-programa-para-apoiar-criancas-com-potencial\/"},"modified":"2026-02-20T03:30:00","modified_gmt":"2026-02-20T06:30:00","slug":"gulbenkian-lanca-programa-para-apoiar-criancas-com-potencial","status":"publish","type":"post","link":"https:\/\/portaltela.pt\/noticias\/2026\/02\/20\/gulbenkian-lanca-programa-para-apoiar-criancas-com-potencial\/","title":{"rendered":"Gulbenkian lan\u00e7a programa para apoiar crian\u00e7as com potencial"},"content":{"rendered":"<p>A Gulbenkian lan\u00e7ou o programa Gulbenkian Aprender, voltado a refor\u00e7ar oportunidades de crian\u00e7as com potencial. A iniciativa mobiliza 3,4 milh\u00f5es de euros e arrancou na Escola B\u00e1sica 2,3 General Serpa Pinto, em Cinf\u00e3es, no distrito de Viseu. O an\u00fancio partiu da funda\u00e7\u00e3o.<\/p>\n<p>O programa prev\u00ea clubes de matem\u00e1tica, cursos de ingl\u00eas, bolsas de estudo e outras a\u00e7\u00f5es de enriquecimento. O objetivo \u00e9 desenvolver compet\u00eancias e potenciar talentos entre os alunos da regi\u00e3o.<\/p>\n<p>A Gulbenkian enfatiza que pretende criar oportunidades para crian\u00e7as e jovens, independentemente do contexto socioecon\u00f3mico, contribuindo para a igualdade de oportunidades.<\/p>\n<h3>\u00c2mbito e envolvimento regional<\/h3>\n<p>A iniciativa dirige-se \u00e0s escolas da regi\u00e3o do T\u00e2mega e Sousa, p\u00fablicas e privadas, envolvendo a comunidade educativa, fam\u00edlias e entidades locais. O projeto pretende expandir-se para outras zonas do pa\u00eds nos pr\u00f3ximos anos.<\/p>\n<p>A Escola B\u00e1sica 2,3 General Serpa Pinto, em Cinf\u00e3es, integra o programa. A sua diretora, Maria Jo\u00e3o Silva, afirmou que a escola est\u00e1 satisfeita por contribuir para oferecer mais oportunidades aos alunos.<\/p>\n<p>A funda\u00e7\u00e3o explica que o Gulbenkian Aprender inclui atividades de apoio ao estudo, orienta\u00e7\u00e3o vocacional e a\u00e7\u00f5es de enriquecimento curricular, entre outras a\u00e7\u00f5es de desenvolvimento integral.<\/p>\n","protected":false},"excerpt":{"rendered":"<ul>\n<li>A Gulbenkian lan\u00e7ou o programa Gulbenkian Aprender, que mobiliza 3,4 milh\u00f5es de euros para apoiar centenas de alunos na regi\u00e3o do T\u00e2mega e Sousa.<\/li>\n<li>O lan\u00e7amento ocorreu na Escola B\u00e1sica 2,3 General Serpa Pinto, em Cinf\u00e3es, no distrito de Viseu.<\/li>\n<li>O programa inclui clubes de matem\u00e1tica, cursos de ingl\u00eas, bolsas de estudo e outras a\u00e7\u00f5es para desenvolver compet\u00eancias e promover talentos.<\/li>\n<li>O objetivo \u00e9 criar oportunidades para crian\u00e7as e jovens com potencial, independentemente do contexto socioecon\u00f3mico, promovendo igualdade de oportunidades.<\/li>\n<li>A iniciativa envolve escolas p\u00fablicas e privadas da regi\u00e3o, a comunidade educativa e entidades locais, com planos de expans\u00e3o a outras regi\u00f5es do pa\u00eds nos pr\u00f3ximos anos.<\/li>\n<\/ul>\n","protected":false},"author":2,"featured_media":218604,"comment_status":"closed","ping_status":"closed","sticky":false,"template":"","format":"standard","meta":{"footnotes":""},"categories":[1],"tags":[2035,2731,163,92,101,1171],"class_list":["post-218601","post","type-post","status-publish","format-standard","has-post-thumbnail","hentry","category-noticias","tag-bolsas","tag-cinfaes","tag-educacao","tag-ensino","tag-escolas","tag-viseu"],"yoast_head":"<!-- This site is optimized with the Yoast SEO plugin v27.2 - https:\/\/yoast.com\/product\/yoast-seo-wordpress\/ -->\n<title>Gulbenkian lan\u00e7a programa para apoiar crian\u00e7as com potencial - Portal Tela Portugal<\/title>\n<meta name=\"robots\" content=\"index, follow, max-snippet:-1, max-image-preview:large, max-video-preview:-1\" \/>\n<meta property=\"og:locale\" content=\"pt_PT\" \/>\n<meta property=\"og:type\" content=\"article\" \/>\n<meta property=\"og:title\" content=\"Gulbenkian lan\u00e7a programa para apoiar crian\u00e7as com potencial - Portal Tela Portugal\" \/>\n<meta property=\"og:description\" content=\"A Gulbenkian lan\u00e7ou o programa Gulbenkian Aprender, que mobiliza 3,4 milh\u00f5es de euros para apoiar centenas de alunos na regi\u00e3o do T\u00e2mega e Sousa. O lan\u00e7amento ocorreu na Escola B\u00e1sica 2,3 General Serpa Pinto, em Cinf\u00e3es, no distrito de Viseu. O programa inclui clubes de matem\u00e1tica, cursos de ingl\u00eas, bolsas de estudo e outras a\u00e7\u00f5es para desenvolver compet\u00eancias e promover talentos. O objetivo \u00e9 criar oportunidades para crian\u00e7as e jovens com potencial, independentemente do contexto socioecon\u00f3mico, promovendo igualdade de oportunidades. A iniciativa envolve escolas p\u00fablicas e privadas da regi\u00e3o, a comunidade educativa e entidades locais, com planos de expans\u00e3o a outras regi\u00f5es do pa\u00eds nos pr\u00f3ximos anos.\" \/>\n<meta property=\"og:url\" content=\"https:\/\/portaltela.pt\/noticias\/2026\/02\/20\/gulbenkian-lanca-programa-para-apoiar-criancas-com-potencial\/\" \/>\n<meta property=\"og:site_name\" content=\"Portal Tela Portugal\" \/>\n<meta property=\"article:published_time\" content=\"2026-02-20T06:30:00+00:00\" \/>\n<meta name=\"author\" content=\"Telinha\" \/>\n<meta name=\"twitter:card\" content=\"summary_large_image\" \/>\n<meta name=\"twitter:label1\" content=\"Escrito por\" \/>\n\t<meta name=\"twitter:data1\" content=\"Telinha\" \/>\n\t<meta name=\"twitter:label2\" content=\"Tempo estimado de leitura\" \/>\n\t<meta name=\"twitter:data2\" content=\"1 minuto\" \/>\n<script type=\"application\/ld+json\" class=\"yoast-schema-graph\">{\"@context\":\"https:\/\/schema.org\",\"@graph\":[{\"@type\":\"Article\",\"@id\":\"https:\/\/portaltela.pt\/noticias\/2026\/02\/20\/gulbenkian-lanca-programa-para-apoiar-criancas-com-potencial\/#article\",\"isPartOf\":{\"@id\":\"https:\/\/portaltela.pt\/noticias\/2026\/02\/20\/gulbenkian-lanca-programa-para-apoiar-criancas-com-potencial\/\"},\"author\":{\"name\":\"Telinha\",\"@id\":\"https:\/\/portaltela.pt\/#\/schema\/person\/c4278d4a6028830caff9ee44b42d32ed\"},\"headline\":\"Gulbenkian lan\u00e7a programa para apoiar crian\u00e7as com potencial\",\"datePublished\":\"2026-02-20T06:30:00+00:00\",\"mainEntityOfPage\":{\"@id\":\"https:\/\/portaltela.pt\/noticias\/2026\/02\/20\/gulbenkian-lanca-programa-para-apoiar-criancas-com-potencial\/\"},\"wordCount\":223,\"image\":{\"@id\":\"https:\/\/portaltela.pt\/noticias\/2026\/02\/20\/gulbenkian-lanca-programa-para-apoiar-criancas-com-potencial\/#primaryimage\"},\"thumbnailUrl\":\"https:\/\/portaltela.pt\/s.01k8rhncp4jt1\/2026\/02\/2068143.jpg\",\"keywords\":[\"bolsas\",\"Cinf\u00e3es\",\"educa\u00e7\u00e3o\",\"ensino\",\"escolas\",\"Viseu\"],\"articleSection\":[\"Not\u00edcias\"],\"inLanguage\":\"pt-PT\"},{\"@type\":\"WebPage\",\"@id\":\"https:\/\/portaltela.pt\/noticias\/2026\/02\/20\/gulbenkian-lanca-programa-para-apoiar-criancas-com-potencial\/\",\"url\":\"https:\/\/portaltela.pt\/noticias\/2026\/02\/20\/gulbenkian-lanca-programa-para-apoiar-criancas-com-potencial\/\",\"name\":\"Gulbenkian lan\u00e7a programa para apoiar crian\u00e7as com potencial - Portal Tela Portugal\",\"isPartOf\":{\"@id\":\"https:\/\/portaltela.pt\/#website\"},\"primaryImageOfPage\":{\"@id\":\"https:\/\/portaltela.pt\/noticias\/2026\/02\/20\/gulbenkian-lanca-programa-para-apoiar-criancas-com-potencial\/#primaryimage\"},\"image\":{\"@id\":\"https:\/\/portaltela.pt\/noticias\/2026\/02\/20\/gulbenkian-lanca-programa-para-apoiar-criancas-com-potencial\/#primaryimage\"},\"thumbnailUrl\":\"https:\/\/portaltela.pt\/s.01k8rhncp4jt1\/2026\/02\/2068143.jpg\",\"datePublished\":\"2026-02-20T06:30:00+00:00\",\"author\":{\"@id\":\"https:\/\/portaltela.pt\/#\/schema\/person\/c4278d4a6028830caff9ee44b42d32ed\"},\"breadcrumb\":{\"@id\":\"https:\/\/portaltela.pt\/noticias\/2026\/02\/20\/gulbenkian-lanca-programa-para-apoiar-criancas-com-potencial\/#breadcrumb\"},\"inLanguage\":\"pt-PT\",\"potentialAction\":[{\"@type\":\"ReadAction\",\"target\":[\"https:\/\/portaltela.pt\/noticias\/2026\/02\/20\/gulbenkian-lanca-programa-para-apoiar-criancas-com-potencial\/\"]}]},{\"@type\":\"ImageObject\",\"inLanguage\":\"pt-PT\",\"@id\":\"https:\/\/portaltela.pt\/noticias\/2026\/02\/20\/gulbenkian-lanca-programa-para-apoiar-criancas-com-potencial\/#primaryimage\",\"url\":\"https:\/\/portaltela.pt\/s.01k8rhncp4jt1\/2026\/02\/2068143.jpg\",\"contentUrl\":\"https:\/\/portaltela.pt\/s.01k8rhncp4jt1\/2026\/02\/2068143.jpg\",\"width\":796,\"height\":448,\"caption\":\"Escola B\u00e1sica 2,3 General Serpa Pinto, em Cinf\u00e3es, \u00e9 uma das que integram o novo programa\"},{\"@type\":\"BreadcrumbList\",\"@id\":\"https:\/\/portaltela.pt\/noticias\/2026\/02\/20\/gulbenkian-lanca-programa-para-apoiar-criancas-com-potencial\/#breadcrumb\",\"itemListElement\":[{\"@type\":\"ListItem\",\"position\":1,\"name\":\"In\u00edcio\",\"item\":\"https:\/\/portaltela.pt\/\"},{\"@type\":\"ListItem\",\"position\":2,\"name\":\"Gulbenkian lan\u00e7a programa para apoiar crian\u00e7as com potencial\"}]},{\"@type\":\"WebSite\",\"@id\":\"https:\/\/portaltela.pt\/#website\",\"url\":\"https:\/\/portaltela.pt\/\",\"name\":\"Portal Tela Portugal\",\"description\":\"\",\"potentialAction\":[{\"@type\":\"SearchAction\",\"target\":{\"@type\":\"EntryPoint\",\"urlTemplate\":\"https:\/\/portaltela.pt\/?s={search_term_string}\"},\"query-input\":{\"@type\":\"PropertyValueSpecification\",\"valueRequired\":true,\"valueName\":\"search_term_string\"}}],\"inLanguage\":\"pt-PT\"},{\"@type\":\"Person\",\"@id\":\"https:\/\/portaltela.pt\/#\/schema\/person\/c4278d4a6028830caff9ee44b42d32ed\",\"name\":\"Telinha\",\"image\":{\"@type\":\"ImageObject\",\"inLanguage\":\"pt-PT\",\"@id\":\"https:\/\/portaltela.pt\/s.01k8rhncp4jt1\/2025\/11\/talking-bot-125x125.png\",\"url\":\"https:\/\/portaltela.pt\/s.01k8rhncp4jt1\/2025\/11\/talking-bot-125x125.png\",\"contentUrl\":\"https:\/\/portaltela.pt\/s.01k8rhncp4jt1\/2025\/11\/talking-bot-125x125.png\",\"caption\":\"Telinha\"},\"sameAs\":[\"https:\/\/portaltela.pt\/\"],\"url\":\"https:\/\/portaltela.pt\/por\/367410592786\/\"}]}<\/script>\n<!-- \/ Yoast SEO plugin. -->","yoast_head_json":{"title":"Gulbenkian lan\u00e7a programa para apoiar crian\u00e7as com potencial - Portal Tela Portugal","robots":{"index":"index","follow":"follow","max-snippet":"max-snippet:-1","max-image-preview":"max-image-preview:large","max-video-preview":"max-video-preview:-1"},"og_locale":"pt_PT","og_type":"article","og_title":"Gulbenkian lan\u00e7a programa para apoiar crian\u00e7as com potencial - Portal Tela Portugal","og_description":"A Gulbenkian lan\u00e7ou o programa Gulbenkian Aprender, que mobiliza 3,4 milh\u00f5es de euros para apoiar centenas de alunos na regi\u00e3o do T\u00e2mega e Sousa. O lan\u00e7amento ocorreu na Escola B\u00e1sica 2,3 General Serpa Pinto, em Cinf\u00e3es, no distrito de Viseu. O programa inclui clubes de matem\u00e1tica, cursos de ingl\u00eas, bolsas de estudo e outras a\u00e7\u00f5es para desenvolver compet\u00eancias e promover talentos. O objetivo \u00e9 criar oportunidades para crian\u00e7as e jovens com potencial, independentemente do contexto socioecon\u00f3mico, promovendo igualdade de oportunidades. A iniciativa envolve escolas p\u00fablicas e privadas da regi\u00e3o, a comunidade educativa e entidades locais, com planos de expans\u00e3o a outras regi\u00f5es do pa\u00eds nos pr\u00f3ximos anos.","og_url":"https:\/\/portaltela.pt\/noticias\/2026\/02\/20\/gulbenkian-lanca-programa-para-apoiar-criancas-com-potencial\/","og_site_name":"Portal Tela Portugal","article_published_time":"2026-02-20T06:30:00+00:00","author":"Telinha","twitter_card":"summary_large_image","twitter_misc":{"Escrito por":"Telinha","Tempo estimado de leitura":"1 minuto"},"schema":{"@context":"https:\/\/schema.org","@graph":[{"@type":"Article","@id":"https:\/\/portaltela.pt\/noticias\/2026\/02\/20\/gulbenkian-lanca-programa-para-apoiar-criancas-com-potencial\/#article","isPartOf":{"@id":"https:\/\/portaltela.pt\/noticias\/2026\/02\/20\/gulbenkian-lanca-programa-para-apoiar-criancas-com-potencial\/"},"author":{"name":"Telinha","@id":"https:\/\/portaltela.pt\/#\/schema\/person\/c4278d4a6028830caff9ee44b42d32ed"},"headline":"Gulbenkian lan\u00e7a programa para apoiar crian\u00e7as com potencial","datePublished":"2026-02-20T06:30:00+00:00","mainEntityOfPage":{"@id":"https:\/\/portaltela.pt\/noticias\/2026\/02\/20\/gulbenkian-lanca-programa-para-apoiar-criancas-com-potencial\/"},"wordCount":223,"image":{"@id":"https:\/\/portaltela.pt\/noticias\/2026\/02\/20\/gulbenkian-lanca-programa-para-apoiar-criancas-com-potencial\/#primaryimage"},"thumbnailUrl":"https:\/\/portaltela.pt\/s.01k8rhncp4jt1\/2026\/02\/2068143.jpg","keywords":["bolsas","Cinf\u00e3es","educa\u00e7\u00e3o","ensino","escolas","Viseu"],"articleSection":["Not\u00edcias"],"inLanguage":"pt-PT"},{"@type":"WebPage","@id":"https:\/\/portaltela.pt\/noticias\/2026\/02\/20\/gulbenkian-lanca-programa-para-apoiar-criancas-com-potencial\/","url":"https:\/\/portaltela.pt\/noticias\/2026\/02\/20\/gulbenkian-lanca-programa-para-apoiar-criancas-com-potencial\/","name":"Gulbenkian lan\u00e7a programa para apoiar crian\u00e7as com potencial - Portal Tela Portugal","isPartOf":{"@id":"https:\/\/portaltela.pt\/#website"},"primaryImageOfPage":{"@id":"https:\/\/portaltela.pt\/noticias\/2026\/02\/20\/gulbenkian-lanca-programa-para-apoiar-criancas-com-potencial\/#primaryimage"},"image":{"@id":"https:\/\/portaltela.pt\/noticias\/2026\/02\/20\/gulbenkian-lanca-programa-para-apoiar-criancas-com-potencial\/#primaryimage"},"thumbnailUrl":"https:\/\/portaltela.pt\/s.01k8rhncp4jt1\/2026\/02\/2068143.jpg","datePublished":"2026-02-20T06:30:00+00:00","author":{"@id":"https:\/\/portaltela.pt\/#\/schema\/person\/c4278d4a6028830caff9ee44b42d32ed"},"breadcrumb":{"@id":"https:\/\/portaltela.pt\/noticias\/2026\/02\/20\/gulbenkian-lanca-programa-para-apoiar-criancas-com-potencial\/#breadcrumb"},"inLanguage":"pt-PT","potentialAction":[{"@type":"ReadAction","target":["https:\/\/portaltela.pt\/noticias\/2026\/02\/20\/gulbenkian-lanca-programa-para-apoiar-criancas-com-potencial\/"]}]},{"@type":"ImageObject","inLanguage":"pt-PT","@id":"https:\/\/portaltela.pt\/noticias\/2026\/02\/20\/gulbenkian-lanca-programa-para-apoiar-criancas-com-potencial\/#primaryimage","url":"https:\/\/portaltela.pt\/s.01k8rhncp4jt1\/2026\/02\/2068143.jpg","contentUrl":"https:\/\/portaltela.pt\/s.01k8rhncp4jt1\/2026\/02\/2068143.jpg","width":796,"height":448,"caption":"Escola B\u00e1sica 2,3 General Serpa Pinto, em Cinf\u00e3es, \u00e9 uma das que integram o novo programa"},{"@type":"BreadcrumbList","@id":"https:\/\/portaltela.pt\/noticias\/2026\/02\/20\/gulbenkian-lanca-programa-para-apoiar-criancas-com-potencial\/#breadcrumb","itemListElement":[{"@type":"ListItem","position":1,"name":"In\u00edcio","item":"https:\/\/portaltela.pt\/"},{"@type":"ListItem","position":2,"name":"Gulbenkian lan\u00e7a programa para apoiar crian\u00e7as com potencial"}]},{"@type":"WebSite","@id":"https:\/\/portaltela.pt\/#website","url":"https:\/\/portaltela.pt\/","name":"Portal Tela Portugal","description":"","potentialAction":[{"@type":"SearchAction","target":{"@type":"EntryPoint","urlTemplate":"https:\/\/portaltela.pt\/?s={search_term_string}"},"query-input":{"@type":"PropertyValueSpecification","valueRequired":true,"valueName":"search_term_string"}}],"inLanguage":"pt-PT"},{"@type":"Person","@id":"https:\/\/portaltela.pt\/#\/schema\/person\/c4278d4a6028830caff9ee44b42d32ed","name":"Telinha","image":{"@type":"ImageObject","inLanguage":"pt-PT","@id":"https:\/\/portaltela.pt\/s.01k8rhncp4jt1\/2025\/11\/talking-bot-125x125.png","url":"https:\/\/portaltela.pt\/s.01k8rhncp4jt1\/2025\/11\/talking-bot-125x125.png","contentUrl":"https:\/\/portaltela.pt\/s.01k8rhncp4jt1\/2025\/11\/talking-bot-125x125.png","caption":"Telinha"},"sameAs":["https:\/\/portaltela.pt\/"],"url":"https:\/\/portaltela.pt\/por\/367410592786\/"}]}},"_links":{"self":[{"href":"https:\/\/portaltela.pt\/api\/wp\/v2\/posts\/218601","targetHints":{"allow":["GET"]}}],"collection":[{"href":"https:\/\/portaltela.pt\/api\/wp\/v2\/posts"}],"about":[{"href":"https:\/\/portaltela.pt\/api\/wp\/v2\/types\/post"}],"author":[{"embeddable":true,"href":"https:\/\/portaltela.pt\/api\/wp\/v2\/users\/2"}],"replies":[{"embeddable":true,"href":"https:\/\/portaltela.pt\/api\/wp\/v2\/comments?post=218601"}],"version-history":[{"count":0,"href":"https:\/\/portaltela.pt\/api\/wp\/v2\/posts\/218601\/revisions"}],"wp:featuredmedia":[{"embeddable":true,"href":"https:\/\/portaltela.pt\/api\/wp\/v2\/media\/218604"}],"wp:attachment":[{"href":"https:\/\/portaltela.pt\/api\/wp\/v2\/media?parent=218601"}],"wp:term":[{"taxonomy":"category","embeddable":true,"href":"https:\/\/portaltela.pt\/api\/wp\/v2\/categories?post=218601"},{"taxonomy":"post_tag","embeddable":true,"href":"https:\/\/portaltela.pt\/api\/wp\/v2\/tags?post=218601"}],"curies":[{"name":"wp","href":"https:\/\/api.w.org\/{rel}","templated":true}]}}