{"id":218575,"date":"2026-02-20T03:32:38","date_gmt":"2026-02-20T06:32:38","guid":{"rendered":"https:\/\/portaltela.pt\/noticias\/2026\/02\/20\/risco-de-incendios-florestais-aumenta-em-varios-paises-simultaneamente\/"},"modified":"2026-02-20T03:32:38","modified_gmt":"2026-02-20T06:32:38","slug":"risco-de-incendios-florestais-aumenta-em-varios-paises-simultaneamente","status":"publish","type":"post","link":"https:\/\/portaltela.pt\/noticias\/2026\/02\/20\/risco-de-incendios-florestais-aumenta-em-varios-paises-simultaneamente\/","title":{"rendered":"Risco de inc\u00eandios florestais aumenta em v\u00e1rios pa\u00edses simultaneamente"},"content":{"rendered":"<p>Em v\u00e1rios pa\u00edses, o risco de inc\u00eandios florestais tem aumentado de forma simult\u00e2nea, num cen\u00e1rio em que muitos pueblos enfrentam fogos pr\u00f3prios e com menos apoio externo entre vizinhos. Um estudo publicado a 18 de fevereiro na Science Advances assinala que o n\u00famero de dias com condi\u00e7\u00f5es prop\u00edcias a inc\u00eandios extremos quase duplicou nos \u00faltimos 45 anos, com maior acentua\u00e7\u00e3o nas Am\u00e9ricas.<\/p>\n<p>A investiga\u00e7\u00e3o mostra que as condi\u00e7\u00f5es de calor, secura e ventos fortes, combinadas com solos secos, t\u00eam-se tornado mais frequentes globalmente. Os autores destacam que, \u00e0 medida que o planeta aquece, mais regi\u00f5es ficam suscet\u00edveis a arder ao mesmo tempo, aumentando a dificuldade de combate e a necessidade de recursos.<\/p>\n<p>Al\u00e9m dos dados gerais, o estudo analisa a contribui\u00e7\u00e3o das emiss\u00f5es de gases com efeito de estufa. A equipa revela que mais de 60% do aumento global dos dias com condi\u00e7\u00f5es de inc\u00eandio simult\u00e2neas pode ser atribu\u00eddo a mudan\u00e7as clim\u00e1ticas causadas pela queima de carv\u00e3o, petr\u00f3leo e g\u00e1s.<\/p>\n<p>Em pa\u00edses como os Estados Unidos, a m\u00e9dia anual de dias com condi\u00e7\u00f5es de inc\u00eandio simult\u00e2neas subiu de 7,7 entre 1979 e 1988 para 38 na \u00faltima d\u00e9cada, sinalizam os investigadores. Na regi\u00e3o sul da Am\u00e9rica do Sul, a subida \u00e9 ainda mais expressiva, com a m\u00e9dia a passar de 5,5 para 70,6 dias por ano, chegando a 118 dias em 2023.<\/p>\n<h3>Mudan\u00e7as regionais e desafios na coopera\u00e7\u00e3o<\/h3>\n<p>O estudo sublinha que \u00e1reas que antes tinham \u00e9pocas de fogo distintas passaram a sobrepor-se, o que reduz a disponibilidade de recursos compartilhados e aumenta a press\u00e3o sobre as autoridades locais. Em contrapartida, apenas o Sudeste Asi\u00e1tico registou uma redu\u00e7\u00e3o nas condi\u00e7\u00f5es de inc\u00eandio simult\u00e2neas, possivelmente devido a maior humidade atmosf\u00e9rica.<\/p>\n<p>Os autores lembram que o tempo \u00e9 apenas uma dimens\u00e3o do risco. Al\u00e9m das condi\u00e7\u00f5es meteorol\u00f3gicas, entram fatores como oxig\u00e9nio, combust\u00edvel (vegeta\u00e7\u00e3o) e fontes de igni\u00e7\u00e3o (raios, a\u00e7\u00f5es humanas). Mesmo com maior previsibilidade de surtos, a gest\u00e3o de inc\u00eandios continua a depender de m\u00faltiplos componentes.<\/p>\n","protected":false},"excerpt":{"rendered":"<ul>\n<li>O estudo aponta que o n\u00famero de dias com condi\u00e7\u00f5es de calor, seco e vento \u2014 prop\u00edcias a inc\u00eandios florestais extremos \u2014 quase triplicou nos \u00faltimos 45 anos, especialmente nas Am\u00e9ricas.<\/li>\n<li>Em 1979 a 1984 havia em m\u00e9dia 22 dias por ano com condi\u00e7\u00f5es simult\u00e2neas; em 2023 e 2024 esse valor ultrapassou 60 dias por ano.<\/li>\n<li>Mais de 60 por cento do aumento global \u00e9 atribu\u00eddo \u00e0s altera\u00e7\u00f5es clim\u00e1ticas provocadas pela queima de combust\u00edveis f\u00f3sseis (carv\u00e3o, petr\u00f3leo e g\u00e1s natural).<\/li>\n<li>Os investigadores alertam que, conforme o planeta aquece, mais regi\u00f5es ficam suscet\u00edveis de arder ao mesmo tempo, dificultando a resposta de v\u00e1rias na\u00e7\u00f5es com recursos limitados.<\/li>\n<li>O estudo, publicado na revista Science Advances em 18 de fevereiro, ressalta que a sobreposi\u00e7\u00e3o de \u00e9pocas de fogo reduz a disponibilidade de ajuda internacional entre vizinhos.<\/li>\n<\/ul>\n","protected":false},"author":2,"featured_media":218577,"comment_status":"closed","ping_status":"closed","sticky":false,"template":"","format":"standard","meta":{"footnotes":""},"categories":[1],"tags":[2665,5215,5224,1241,2617,45],"class_list":["post-218575","post","type-post","status-publish","format-standard","has-post-thumbnail","hentry","category-noticias","tag-alteracoes-climaticas","tag-catastrofes-naturais","tag-clima","tag-emissoes-de-gases-de-estufa","tag-incendios","tag-meio-ambiente"],"yoast_head":"<!-- This site is optimized with the Yoast SEO plugin v27.2 - https:\/\/yoast.com\/product\/yoast-seo-wordpress\/ -->\n<title>Risco de inc\u00eandios florestais aumenta em v\u00e1rios pa\u00edses simultaneamente - Portal Tela Portugal<\/title>\n<meta name=\"robots\" content=\"index, follow, max-snippet:-1, max-image-preview:large, max-video-preview:-1\" \/>\n<meta property=\"og:locale\" content=\"pt_PT\" \/>\n<meta property=\"og:type\" content=\"article\" \/>\n<meta property=\"og:title\" content=\"Risco de inc\u00eandios florestais aumenta em v\u00e1rios pa\u00edses simultaneamente - Portal Tela Portugal\" \/>\n<meta property=\"og:description\" content=\"O estudo aponta que o n\u00famero de dias com condi\u00e7\u00f5es de calor, seco e vento \u2014 prop\u00edcias a inc\u00eandios florestais extremos \u2014 quase triplicou nos \u00faltimos 45 anos, especialmente nas Am\u00e9ricas. Em 1979 a 1984 havia em m\u00e9dia 22 dias por ano com condi\u00e7\u00f5es simult\u00e2neas; em 2023 e 2024 esse valor ultrapassou 60 dias por ano. Mais de 60 por cento do aumento global \u00e9 atribu\u00eddo \u00e0s altera\u00e7\u00f5es clim\u00e1ticas provocadas pela queima de combust\u00edveis f\u00f3sseis (carv\u00e3o, petr\u00f3leo e g\u00e1s natural). Os investigadores alertam que, conforme o planeta aquece, mais regi\u00f5es ficam suscet\u00edveis de arder ao mesmo tempo, dificultando a resposta de v\u00e1rias na\u00e7\u00f5es com recursos limitados. O estudo, publicado na revista Science Advances em 18 de fevereiro, ressalta que a sobreposi\u00e7\u00e3o de \u00e9pocas de fogo reduz a disponibilidade de ajuda internacional entre vizinhos.\" \/>\n<meta property=\"og:url\" content=\"https:\/\/portaltela.pt\/noticias\/2026\/02\/20\/risco-de-incendios-florestais-aumenta-em-varios-paises-simultaneamente\/\" \/>\n<meta property=\"og:site_name\" content=\"Portal Tela Portugal\" \/>\n<meta property=\"article:published_time\" content=\"2026-02-20T06:32:38+00:00\" \/>\n<meta name=\"author\" content=\"Telinha\" \/>\n<meta name=\"twitter:card\" content=\"summary_large_image\" \/>\n<meta name=\"twitter:label1\" content=\"Escrito por\" \/>\n\t<meta name=\"twitter:data1\" content=\"Telinha\" \/>\n\t<meta name=\"twitter:label2\" content=\"Tempo estimado de leitura\" \/>\n\t<meta name=\"twitter:data2\" content=\"2 minutos\" \/>\n<script type=\"application\/ld+json\" class=\"yoast-schema-graph\">{\"@context\":\"https:\/\/schema.org\",\"@graph\":[{\"@type\":\"Article\",\"@id\":\"https:\/\/portaltela.pt\/noticias\/2026\/02\/20\/risco-de-incendios-florestais-aumenta-em-varios-paises-simultaneamente\/#article\",\"isPartOf\":{\"@id\":\"https:\/\/portaltela.pt\/noticias\/2026\/02\/20\/risco-de-incendios-florestais-aumenta-em-varios-paises-simultaneamente\/\"},\"author\":{\"name\":\"Telinha\",\"@id\":\"https:\/\/portaltela.pt\/#\/schema\/person\/c4278d4a6028830caff9ee44b42d32ed\"},\"headline\":\"Risco de inc\u00eandios florestais aumenta em v\u00e1rios pa\u00edses simultaneamente\",\"datePublished\":\"2026-02-20T06:32:38+00:00\",\"mainEntityOfPage\":{\"@id\":\"https:\/\/portaltela.pt\/noticias\/2026\/02\/20\/risco-de-incendios-florestais-aumenta-em-varios-paises-simultaneamente\/\"},\"wordCount\":381,\"image\":{\"@id\":\"https:\/\/portaltela.pt\/noticias\/2026\/02\/20\/risco-de-incendios-florestais-aumenta-em-varios-paises-simultaneamente\/#primaryimage\"},\"thumbnailUrl\":\"https:\/\/portaltela.pt\/s.01k8rhncp4jt1\/2026\/02\/1536x864_cmsv2_ada8f874-bcbd-5877-acf8-eb713edd81a0-9657208.jpg\",\"keywords\":[\"Altera\u00e7\u00f5es Clim\u00e1ticas\",\"cat\u00e1strofes naturais\",\"clima\",\"Emiss\u00f5es de Gases de Estufa\",\"inc\u00eandios\",\"meio-ambiente\"],\"articleSection\":[\"Not\u00edcias\"],\"inLanguage\":\"pt-PT\"},{\"@type\":\"WebPage\",\"@id\":\"https:\/\/portaltela.pt\/noticias\/2026\/02\/20\/risco-de-incendios-florestais-aumenta-em-varios-paises-simultaneamente\/\",\"url\":\"https:\/\/portaltela.pt\/noticias\/2026\/02\/20\/risco-de-incendios-florestais-aumenta-em-varios-paises-simultaneamente\/\",\"name\":\"Risco de inc\u00eandios florestais aumenta em v\u00e1rios pa\u00edses simultaneamente - Portal Tela Portugal\",\"isPartOf\":{\"@id\":\"https:\/\/portaltela.pt\/#website\"},\"primaryImageOfPage\":{\"@id\":\"https:\/\/portaltela.pt\/noticias\/2026\/02\/20\/risco-de-incendios-florestais-aumenta-em-varios-paises-simultaneamente\/#primaryimage\"},\"image\":{\"@id\":\"https:\/\/portaltela.pt\/noticias\/2026\/02\/20\/risco-de-incendios-florestais-aumenta-em-varios-paises-simultaneamente\/#primaryimage\"},\"thumbnailUrl\":\"https:\/\/portaltela.pt\/s.01k8rhncp4jt1\/2026\/02\/1536x864_cmsv2_ada8f874-bcbd-5877-acf8-eb713edd81a0-9657208.jpg\",\"datePublished\":\"2026-02-20T06:32:38+00:00\",\"author\":{\"@id\":\"https:\/\/portaltela.pt\/#\/schema\/person\/c4278d4a6028830caff9ee44b42d32ed\"},\"breadcrumb\":{\"@id\":\"https:\/\/portaltela.pt\/noticias\/2026\/02\/20\/risco-de-incendios-florestais-aumenta-em-varios-paises-simultaneamente\/#breadcrumb\"},\"inLanguage\":\"pt-PT\",\"potentialAction\":[{\"@type\":\"ReadAction\",\"target\":[\"https:\/\/portaltela.pt\/noticias\/2026\/02\/20\/risco-de-incendios-florestais-aumenta-em-varios-paises-simultaneamente\/\"]}]},{\"@type\":\"ImageObject\",\"inLanguage\":\"pt-PT\",\"@id\":\"https:\/\/portaltela.pt\/noticias\/2026\/02\/20\/risco-de-incendios-florestais-aumenta-em-varios-paises-simultaneamente\/#primaryimage\",\"url\":\"https:\/\/portaltela.pt\/s.01k8rhncp4jt1\/2026\/02\/1536x864_cmsv2_ada8f874-bcbd-5877-acf8-eb713edd81a0-9657208.jpg\",\"contentUrl\":\"https:\/\/portaltela.pt\/s.01k8rhncp4jt1\/2026\/02\/1536x864_cmsv2_ada8f874-bcbd-5877-acf8-eb713edd81a0-9657208.jpg\",\"width\":796,\"height\":448,\"caption\":\"FOTO DE ARQUIVO - Bombeiro vigia chamas do inc\u00eandio Hughes junto ao lago Castaic, em Castaic, Calif\u00f3rnia, 22 de janeiro de 2025\"},{\"@type\":\"BreadcrumbList\",\"@id\":\"https:\/\/portaltela.pt\/noticias\/2026\/02\/20\/risco-de-incendios-florestais-aumenta-em-varios-paises-simultaneamente\/#breadcrumb\",\"itemListElement\":[{\"@type\":\"ListItem\",\"position\":1,\"name\":\"In\u00edcio\",\"item\":\"https:\/\/portaltela.pt\/\"},{\"@type\":\"ListItem\",\"position\":2,\"name\":\"Risco de inc\u00eandios florestais aumenta em v\u00e1rios pa\u00edses simultaneamente\"}]},{\"@type\":\"WebSite\",\"@id\":\"https:\/\/portaltela.pt\/#website\",\"url\":\"https:\/\/portaltela.pt\/\",\"name\":\"Portal Tela Portugal\",\"description\":\"\",\"potentialAction\":[{\"@type\":\"SearchAction\",\"target\":{\"@type\":\"EntryPoint\",\"urlTemplate\":\"https:\/\/portaltela.pt\/?s={search_term_string}\"},\"query-input\":{\"@type\":\"PropertyValueSpecification\",\"valueRequired\":true,\"valueName\":\"search_term_string\"}}],\"inLanguage\":\"pt-PT\"},{\"@type\":\"Person\",\"@id\":\"https:\/\/portaltela.pt\/#\/schema\/person\/c4278d4a6028830caff9ee44b42d32ed\",\"name\":\"Telinha\",\"image\":{\"@type\":\"ImageObject\",\"inLanguage\":\"pt-PT\",\"@id\":\"https:\/\/portaltela.pt\/s.01k8rhncp4jt1\/2025\/11\/talking-bot-125x125.png\",\"url\":\"https:\/\/portaltela.pt\/s.01k8rhncp4jt1\/2025\/11\/talking-bot-125x125.png\",\"contentUrl\":\"https:\/\/portaltela.pt\/s.01k8rhncp4jt1\/2025\/11\/talking-bot-125x125.png\",\"caption\":\"Telinha\"},\"sameAs\":[\"https:\/\/portaltela.pt\/\"],\"url\":\"https:\/\/portaltela.pt\/por\/367410592786\/\"}]}<\/script>\n<!-- \/ Yoast SEO plugin. -->","yoast_head_json":{"title":"Risco de inc\u00eandios florestais aumenta em v\u00e1rios pa\u00edses simultaneamente - Portal Tela Portugal","robots":{"index":"index","follow":"follow","max-snippet":"max-snippet:-1","max-image-preview":"max-image-preview:large","max-video-preview":"max-video-preview:-1"},"og_locale":"pt_PT","og_type":"article","og_title":"Risco de inc\u00eandios florestais aumenta em v\u00e1rios pa\u00edses simultaneamente - Portal Tela Portugal","og_description":"O estudo aponta que o n\u00famero de dias com condi\u00e7\u00f5es de calor, seco e vento \u2014 prop\u00edcias a inc\u00eandios florestais extremos \u2014 quase triplicou nos \u00faltimos 45 anos, especialmente nas Am\u00e9ricas. Em 1979 a 1984 havia em m\u00e9dia 22 dias por ano com condi\u00e7\u00f5es simult\u00e2neas; em 2023 e 2024 esse valor ultrapassou 60 dias por ano. Mais de 60 por cento do aumento global \u00e9 atribu\u00eddo \u00e0s altera\u00e7\u00f5es clim\u00e1ticas provocadas pela queima de combust\u00edveis f\u00f3sseis (carv\u00e3o, petr\u00f3leo e g\u00e1s natural). Os investigadores alertam que, conforme o planeta aquece, mais regi\u00f5es ficam suscet\u00edveis de arder ao mesmo tempo, dificultando a resposta de v\u00e1rias na\u00e7\u00f5es com recursos limitados. O estudo, publicado na revista Science Advances em 18 de fevereiro, ressalta que a sobreposi\u00e7\u00e3o de \u00e9pocas de fogo reduz a disponibilidade de ajuda internacional entre vizinhos.","og_url":"https:\/\/portaltela.pt\/noticias\/2026\/02\/20\/risco-de-incendios-florestais-aumenta-em-varios-paises-simultaneamente\/","og_site_name":"Portal Tela Portugal","article_published_time":"2026-02-20T06:32:38+00:00","author":"Telinha","twitter_card":"summary_large_image","twitter_misc":{"Escrito por":"Telinha","Tempo estimado de leitura":"2 minutos"},"schema":{"@context":"https:\/\/schema.org","@graph":[{"@type":"Article","@id":"https:\/\/portaltela.pt\/noticias\/2026\/02\/20\/risco-de-incendios-florestais-aumenta-em-varios-paises-simultaneamente\/#article","isPartOf":{"@id":"https:\/\/portaltela.pt\/noticias\/2026\/02\/20\/risco-de-incendios-florestais-aumenta-em-varios-paises-simultaneamente\/"},"author":{"name":"Telinha","@id":"https:\/\/portaltela.pt\/#\/schema\/person\/c4278d4a6028830caff9ee44b42d32ed"},"headline":"Risco de inc\u00eandios florestais aumenta em v\u00e1rios pa\u00edses simultaneamente","datePublished":"2026-02-20T06:32:38+00:00","mainEntityOfPage":{"@id":"https:\/\/portaltela.pt\/noticias\/2026\/02\/20\/risco-de-incendios-florestais-aumenta-em-varios-paises-simultaneamente\/"},"wordCount":381,"image":{"@id":"https:\/\/portaltela.pt\/noticias\/2026\/02\/20\/risco-de-incendios-florestais-aumenta-em-varios-paises-simultaneamente\/#primaryimage"},"thumbnailUrl":"https:\/\/portaltela.pt\/s.01k8rhncp4jt1\/2026\/02\/1536x864_cmsv2_ada8f874-bcbd-5877-acf8-eb713edd81a0-9657208.jpg","keywords":["Altera\u00e7\u00f5es Clim\u00e1ticas","cat\u00e1strofes naturais","clima","Emiss\u00f5es de Gases de Estufa","inc\u00eandios","meio-ambiente"],"articleSection":["Not\u00edcias"],"inLanguage":"pt-PT"},{"@type":"WebPage","@id":"https:\/\/portaltela.pt\/noticias\/2026\/02\/20\/risco-de-incendios-florestais-aumenta-em-varios-paises-simultaneamente\/","url":"https:\/\/portaltela.pt\/noticias\/2026\/02\/20\/risco-de-incendios-florestais-aumenta-em-varios-paises-simultaneamente\/","name":"Risco de inc\u00eandios florestais aumenta em v\u00e1rios pa\u00edses simultaneamente - Portal Tela Portugal","isPartOf":{"@id":"https:\/\/portaltela.pt\/#website"},"primaryImageOfPage":{"@id":"https:\/\/portaltela.pt\/noticias\/2026\/02\/20\/risco-de-incendios-florestais-aumenta-em-varios-paises-simultaneamente\/#primaryimage"},"image":{"@id":"https:\/\/portaltela.pt\/noticias\/2026\/02\/20\/risco-de-incendios-florestais-aumenta-em-varios-paises-simultaneamente\/#primaryimage"},"thumbnailUrl":"https:\/\/portaltela.pt\/s.01k8rhncp4jt1\/2026\/02\/1536x864_cmsv2_ada8f874-bcbd-5877-acf8-eb713edd81a0-9657208.jpg","datePublished":"2026-02-20T06:32:38+00:00","author":{"@id":"https:\/\/portaltela.pt\/#\/schema\/person\/c4278d4a6028830caff9ee44b42d32ed"},"breadcrumb":{"@id":"https:\/\/portaltela.pt\/noticias\/2026\/02\/20\/risco-de-incendios-florestais-aumenta-em-varios-paises-simultaneamente\/#breadcrumb"},"inLanguage":"pt-PT","potentialAction":[{"@type":"ReadAction","target":["https:\/\/portaltela.pt\/noticias\/2026\/02\/20\/risco-de-incendios-florestais-aumenta-em-varios-paises-simultaneamente\/"]}]},{"@type":"ImageObject","inLanguage":"pt-PT","@id":"https:\/\/portaltela.pt\/noticias\/2026\/02\/20\/risco-de-incendios-florestais-aumenta-em-varios-paises-simultaneamente\/#primaryimage","url":"https:\/\/portaltela.pt\/s.01k8rhncp4jt1\/2026\/02\/1536x864_cmsv2_ada8f874-bcbd-5877-acf8-eb713edd81a0-9657208.jpg","contentUrl":"https:\/\/portaltela.pt\/s.01k8rhncp4jt1\/2026\/02\/1536x864_cmsv2_ada8f874-bcbd-5877-acf8-eb713edd81a0-9657208.jpg","width":796,"height":448,"caption":"FOTO DE ARQUIVO - Bombeiro vigia chamas do inc\u00eandio Hughes junto ao lago Castaic, em Castaic, Calif\u00f3rnia, 22 de janeiro de 2025"},{"@type":"BreadcrumbList","@id":"https:\/\/portaltela.pt\/noticias\/2026\/02\/20\/risco-de-incendios-florestais-aumenta-em-varios-paises-simultaneamente\/#breadcrumb","itemListElement":[{"@type":"ListItem","position":1,"name":"In\u00edcio","item":"https:\/\/portaltela.pt\/"},{"@type":"ListItem","position":2,"name":"Risco de inc\u00eandios florestais aumenta em v\u00e1rios pa\u00edses simultaneamente"}]},{"@type":"WebSite","@id":"https:\/\/portaltela.pt\/#website","url":"https:\/\/portaltela.pt\/","name":"Portal Tela Portugal","description":"","potentialAction":[{"@type":"SearchAction","target":{"@type":"EntryPoint","urlTemplate":"https:\/\/portaltela.pt\/?s={search_term_string}"},"query-input":{"@type":"PropertyValueSpecification","valueRequired":true,"valueName":"search_term_string"}}],"inLanguage":"pt-PT"},{"@type":"Person","@id":"https:\/\/portaltela.pt\/#\/schema\/person\/c4278d4a6028830caff9ee44b42d32ed","name":"Telinha","image":{"@type":"ImageObject","inLanguage":"pt-PT","@id":"https:\/\/portaltela.pt\/s.01k8rhncp4jt1\/2025\/11\/talking-bot-125x125.png","url":"https:\/\/portaltela.pt\/s.01k8rhncp4jt1\/2025\/11\/talking-bot-125x125.png","contentUrl":"https:\/\/portaltela.pt\/s.01k8rhncp4jt1\/2025\/11\/talking-bot-125x125.png","caption":"Telinha"},"sameAs":["https:\/\/portaltela.pt\/"],"url":"https:\/\/portaltela.pt\/por\/367410592786\/"}]}},"_links":{"self":[{"href":"https:\/\/portaltela.pt\/api\/wp\/v2\/posts\/218575","targetHints":{"allow":["GET"]}}],"collection":[{"href":"https:\/\/portaltela.pt\/api\/wp\/v2\/posts"}],"about":[{"href":"https:\/\/portaltela.pt\/api\/wp\/v2\/types\/post"}],"author":[{"embeddable":true,"href":"https:\/\/portaltela.pt\/api\/wp\/v2\/users\/2"}],"replies":[{"embeddable":true,"href":"https:\/\/portaltela.pt\/api\/wp\/v2\/comments?post=218575"}],"version-history":[{"count":0,"href":"https:\/\/portaltela.pt\/api\/wp\/v2\/posts\/218575\/revisions"}],"wp:featuredmedia":[{"embeddable":true,"href":"https:\/\/portaltela.pt\/api\/wp\/v2\/media\/218577"}],"wp:attachment":[{"href":"https:\/\/portaltela.pt\/api\/wp\/v2\/media?parent=218575"}],"wp:term":[{"taxonomy":"category","embeddable":true,"href":"https:\/\/portaltela.pt\/api\/wp\/v2\/categories?post=218575"},{"taxonomy":"post_tag","embeddable":true,"href":"https:\/\/portaltela.pt\/api\/wp\/v2\/tags?post=218575"}],"curies":[{"name":"wp","href":"https:\/\/api.w.org\/{rel}","templated":true}]}}