{"id":218568,"date":"2026-02-20T03:32:33","date_gmt":"2026-02-20T06:32:33","guid":{"rendered":"https:\/\/portaltela.pt\/noticias\/2026\/02\/20\/eric-dane-morre-aos-53-anos-defensor-da-sensibilizacao-para-a-ela\/"},"modified":"2026-02-20T03:32:33","modified_gmt":"2026-02-20T06:32:33","slug":"eric-dane-morre-aos-53-anos-defensor-da-sensibilizacao-para-a-ela","status":"publish","type":"post","link":"https:\/\/portaltela.pt\/noticias\/2026\/02\/20\/eric-dane-morre-aos-53-anos-defensor-da-sensibilizacao-para-a-ela\/","title":{"rendered":"Eric Dane morre aos 53 anos, defensor da sensibiliza\u00e7\u00e3o para a ELA"},"content":{"rendered":"<p>Eric Dane, conhecido por Grey\u2019s Anatomy, morreu aos 53 anos, menos de um ano ap\u00f3s revelar ter sido diagnosticado com esclerose lateral amiotr\u00f3fica (ELA). A informa\u00e7\u00e3o foi confirmada pelos seus representantes na quinta-feira.<\/p>\n<p>O ator faleceu rodeado pela fam\u00edlia, incluindo a esposa e as duas filhas, Billie e Georgia, segundo o comunicado emitido. A nota destacou que Dane foi um defensor da consciencializa\u00e7\u00e3o e da investiga\u00e7\u00e3o sobre a ELA durante a sua luta.<\/p>\n<p>Dane revelou ter a doen\u00e7a em abril. Desde ent\u00e3o, tornou-se porta-voz da sensibiliza\u00e7\u00e3o, discursando em confer\u00eancias sobre o impacto da ELA e a import\u00e2ncia de apoios e seguros de sa\u00fade.<\/p>\n<h3>Carreira e liga\u00e7\u00e3o \u00e0 ELA<\/h3>\n<p>Nascido em 9 de novembro de 1972, Dane cresceu na Calif\u00f3rnia e destacou-se como Dr. Mark Sloan, o m\u00e9dico conhecido como McSteamy, na s\u00e9rie Grey\u2019s Anatomy, entre 2006 e 2012, regressando em 2021. O papel marcou a sua carreira e ajudou a construir uma base de f\u00e3s s\u00f3lida.<\/p>\n<p>Ao longo dos anos, o ator passou a dedicar parte da sua visibilidade \u00e0 promo\u00e7\u00e3o da consciencializa\u00e7\u00e3o sobre a ELA, recebendo em setembro o pr\u00e9mio de defensor do ano da ALS Network, em reconhecimento ao seu contributo.<\/p>\n<h3>Legado e contexto<\/h3>\n<p>Dane deixa uma marca no mundo da televis\u00e3o e no \u00e2mbito da luta contra a ELA, combinando sucesso art\u00edstico com ativismo p\u00fablico. O seu legado inclui o apoio cont\u00ednuo a pessoas afetadas pela doen\u00e7a e o impulso a investiga\u00e7\u00f5es que visem melhorias terap\u00eauticas.<\/p>\n","protected":false},"excerpt":{"rendered":"<ul>\n<li>O ator Eric Dane, famoso por Anatomia de Grey, morreu aos 53 anos na quinta-feira, segundo os seus representantes.<\/li>\n<li>A morte ocorreu menos de um ano ap\u00f3s Dane ter anunciado o diagn\u00f3stico de esclerose lateral amiotr\u00f3fica (ELA).<\/li>\n<li>Dane tornou-se defensor da consciencializa\u00e7\u00e3o e da investiga\u00e7\u00e3o sobre a ELA, recebendo apoio da fam\u00edlia e f\u00e3s durante a sua luta.<\/li>\n<li>Ficou conhecido pelo papel de Dr. Mark Sloan, tamb\u00e9m conhecido como \u201cMcSteamy\u201d, em Grey\u2019s Anatomy, entre 2006 e 2012, com regresso em 2021.<\/li>\n<li>Nascido a 9 de novembro de 1972, cresceu no norte da Calif\u00f3rnia; o pai, arquiteto e veterano da Marinha, faleceu quando ele tinha sete anos.<\/li>\n<\/ul>\n","protected":false},"author":2,"featured_media":218573,"comment_status":"closed","ping_status":"closed","sticky":false,"template":"","format":"standard","meta":{"footnotes":""},"categories":[12,1],"tags":[76,4911,5723,78,41,172],"class_list":["post-218568","post","type-post","status-publish","format-standard","has-post-thumbnail","hentry","category-entretenimento","category-noticias","tag-celebridades","tag-consciencializacao","tag-doenca","tag-famosos","tag-noticia","tag-saude"],"yoast_head":"<!-- This site is optimized with the Yoast SEO plugin v27.2 - https:\/\/yoast.com\/product\/yoast-seo-wordpress\/ -->\n<title>Eric Dane morre aos 53 anos, defensor da sensibiliza\u00e7\u00e3o para a ELA - Portal Tela Portugal<\/title>\n<meta name=\"robots\" content=\"index, follow, max-snippet:-1, max-image-preview:large, max-video-preview:-1\" \/>\n<meta property=\"og:locale\" content=\"pt_PT\" \/>\n<meta property=\"og:type\" content=\"article\" \/>\n<meta property=\"og:title\" content=\"Eric Dane morre aos 53 anos, defensor da sensibiliza\u00e7\u00e3o para a ELA - Portal Tela Portugal\" \/>\n<meta property=\"og:description\" content=\"O ator Eric Dane, famoso por Anatomia de Grey, morreu aos 53 anos na quinta-feira, segundo os seus representantes. A morte ocorreu menos de um ano ap\u00f3s Dane ter anunciado o diagn\u00f3stico de esclerose lateral amiotr\u00f3fica (ELA). Dane tornou-se defensor da consciencializa\u00e7\u00e3o e da investiga\u00e7\u00e3o sobre a ELA, recebendo apoio da fam\u00edlia e f\u00e3s durante a sua luta. Ficou conhecido pelo papel de Dr. Mark Sloan, tamb\u00e9m conhecido como \u201cMcSteamy\u201d, em Grey\u2019s Anatomy, entre 2006 e 2012, com regresso em 2021. Nascido a 9 de novembro de 1972, cresceu no norte da Calif\u00f3rnia; o pai, arquiteto e veterano da Marinha, faleceu quando ele tinha sete anos.\" \/>\n<meta property=\"og:url\" content=\"https:\/\/portaltela.pt\/noticias\/2026\/02\/20\/eric-dane-morre-aos-53-anos-defensor-da-sensibilizacao-para-a-ela\/\" \/>\n<meta property=\"og:site_name\" content=\"Portal Tela Portugal\" \/>\n<meta property=\"article:published_time\" content=\"2026-02-20T06:32:33+00:00\" \/>\n<meta name=\"author\" content=\"Telinha\" \/>\n<meta name=\"twitter:card\" content=\"summary_large_image\" \/>\n<meta name=\"twitter:label1\" content=\"Escrito por\" \/>\n\t<meta name=\"twitter:data1\" content=\"Telinha\" \/>\n\t<meta name=\"twitter:label2\" content=\"Tempo estimado de leitura\" \/>\n\t<meta name=\"twitter:data2\" content=\"1 minuto\" \/>\n<script type=\"application\/ld+json\" class=\"yoast-schema-graph\">{\"@context\":\"https:\/\/schema.org\",\"@graph\":[{\"@type\":\"Article\",\"@id\":\"https:\/\/portaltela.pt\/noticias\/2026\/02\/20\/eric-dane-morre-aos-53-anos-defensor-da-sensibilizacao-para-a-ela\/#article\",\"isPartOf\":{\"@id\":\"https:\/\/portaltela.pt\/noticias\/2026\/02\/20\/eric-dane-morre-aos-53-anos-defensor-da-sensibilizacao-para-a-ela\/\"},\"author\":{\"name\":\"Telinha\",\"@id\":\"https:\/\/portaltela.pt\/#\/schema\/person\/c4278d4a6028830caff9ee44b42d32ed\"},\"headline\":\"Eric Dane morre aos 53 anos, defensor da sensibiliza\u00e7\u00e3o para a ELA\",\"datePublished\":\"2026-02-20T06:32:33+00:00\",\"mainEntityOfPage\":{\"@id\":\"https:\/\/portaltela.pt\/noticias\/2026\/02\/20\/eric-dane-morre-aos-53-anos-defensor-da-sensibilizacao-para-a-ela\/\"},\"wordCount\":273,\"image\":{\"@id\":\"https:\/\/portaltela.pt\/noticias\/2026\/02\/20\/eric-dane-morre-aos-53-anos-defensor-da-sensibilizacao-para-a-ela\/#primaryimage\"},\"thumbnailUrl\":\"https:\/\/portaltela.pt\/s.01k8rhncp4jt1\/2026\/02\/1536x864_cmsv2_3a901a08-5f7f-5b1c-9a54-d385af2fd1f0-9658426.jpg\",\"keywords\":[\"celebridades\",\"consciencializa\u00e7\u00e3o\",\"doen\u00e7a\",\"famosos\",\"not\u00edcia\",\"sa\u00fade\"],\"articleSection\":[\"Entretenimento\",\"Not\u00edcias\"],\"inLanguage\":\"pt-PT\"},{\"@type\":\"WebPage\",\"@id\":\"https:\/\/portaltela.pt\/noticias\/2026\/02\/20\/eric-dane-morre-aos-53-anos-defensor-da-sensibilizacao-para-a-ela\/\",\"url\":\"https:\/\/portaltela.pt\/noticias\/2026\/02\/20\/eric-dane-morre-aos-53-anos-defensor-da-sensibilizacao-para-a-ela\/\",\"name\":\"Eric Dane morre aos 53 anos, defensor da sensibiliza\u00e7\u00e3o para a ELA - Portal Tela Portugal\",\"isPartOf\":{\"@id\":\"https:\/\/portaltela.pt\/#website\"},\"primaryImageOfPage\":{\"@id\":\"https:\/\/portaltela.pt\/noticias\/2026\/02\/20\/eric-dane-morre-aos-53-anos-defensor-da-sensibilizacao-para-a-ela\/#primaryimage\"},\"image\":{\"@id\":\"https:\/\/portaltela.pt\/noticias\/2026\/02\/20\/eric-dane-morre-aos-53-anos-defensor-da-sensibilizacao-para-a-ela\/#primaryimage\"},\"thumbnailUrl\":\"https:\/\/portaltela.pt\/s.01k8rhncp4jt1\/2026\/02\/1536x864_cmsv2_3a901a08-5f7f-5b1c-9a54-d385af2fd1f0-9658426.jpg\",\"datePublished\":\"2026-02-20T06:32:33+00:00\",\"author\":{\"@id\":\"https:\/\/portaltela.pt\/#\/schema\/person\/c4278d4a6028830caff9ee44b42d32ed\"},\"breadcrumb\":{\"@id\":\"https:\/\/portaltela.pt\/noticias\/2026\/02\/20\/eric-dane-morre-aos-53-anos-defensor-da-sensibilizacao-para-a-ela\/#breadcrumb\"},\"inLanguage\":\"pt-PT\",\"potentialAction\":[{\"@type\":\"ReadAction\",\"target\":[\"https:\/\/portaltela.pt\/noticias\/2026\/02\/20\/eric-dane-morre-aos-53-anos-defensor-da-sensibilizacao-para-a-ela\/\"]}]},{\"@type\":\"ImageObject\",\"inLanguage\":\"pt-PT\",\"@id\":\"https:\/\/portaltela.pt\/noticias\/2026\/02\/20\/eric-dane-morre-aos-53-anos-defensor-da-sensibilizacao-para-a-ela\/#primaryimage\",\"url\":\"https:\/\/portaltela.pt\/s.01k8rhncp4jt1\/2026\/02\/1536x864_cmsv2_3a901a08-5f7f-5b1c-9a54-d385af2fd1f0-9658426.jpg\",\"contentUrl\":\"https:\/\/portaltela.pt\/s.01k8rhncp4jt1\/2026\/02\/1536x864_cmsv2_3a901a08-5f7f-5b1c-9a54-d385af2fd1f0-9658426.jpg\",\"width\":796,\"height\":448,\"caption\":\"Photo\"},{\"@type\":\"BreadcrumbList\",\"@id\":\"https:\/\/portaltela.pt\/noticias\/2026\/02\/20\/eric-dane-morre-aos-53-anos-defensor-da-sensibilizacao-para-a-ela\/#breadcrumb\",\"itemListElement\":[{\"@type\":\"ListItem\",\"position\":1,\"name\":\"In\u00edcio\",\"item\":\"https:\/\/portaltela.pt\/\"},{\"@type\":\"ListItem\",\"position\":2,\"name\":\"Eric Dane morre aos 53 anos, defensor da sensibiliza\u00e7\u00e3o para a ELA\"}]},{\"@type\":\"WebSite\",\"@id\":\"https:\/\/portaltela.pt\/#website\",\"url\":\"https:\/\/portaltela.pt\/\",\"name\":\"Portal Tela Portugal\",\"description\":\"\",\"potentialAction\":[{\"@type\":\"SearchAction\",\"target\":{\"@type\":\"EntryPoint\",\"urlTemplate\":\"https:\/\/portaltela.pt\/?s={search_term_string}\"},\"query-input\":{\"@type\":\"PropertyValueSpecification\",\"valueRequired\":true,\"valueName\":\"search_term_string\"}}],\"inLanguage\":\"pt-PT\"},{\"@type\":\"Person\",\"@id\":\"https:\/\/portaltela.pt\/#\/schema\/person\/c4278d4a6028830caff9ee44b42d32ed\",\"name\":\"Telinha\",\"image\":{\"@type\":\"ImageObject\",\"inLanguage\":\"pt-PT\",\"@id\":\"https:\/\/portaltela.pt\/s.01k8rhncp4jt1\/2025\/11\/talking-bot-125x125.png\",\"url\":\"https:\/\/portaltela.pt\/s.01k8rhncp4jt1\/2025\/11\/talking-bot-125x125.png\",\"contentUrl\":\"https:\/\/portaltela.pt\/s.01k8rhncp4jt1\/2025\/11\/talking-bot-125x125.png\",\"caption\":\"Telinha\"},\"sameAs\":[\"https:\/\/portaltela.pt\/\"],\"url\":\"https:\/\/portaltela.pt\/por\/367410592786\/\"}]}<\/script>\n<!-- \/ Yoast SEO plugin. -->","yoast_head_json":{"title":"Eric Dane morre aos 53 anos, defensor da sensibiliza\u00e7\u00e3o para a ELA - Portal Tela Portugal","robots":{"index":"index","follow":"follow","max-snippet":"max-snippet:-1","max-image-preview":"max-image-preview:large","max-video-preview":"max-video-preview:-1"},"og_locale":"pt_PT","og_type":"article","og_title":"Eric Dane morre aos 53 anos, defensor da sensibiliza\u00e7\u00e3o para a ELA - Portal Tela Portugal","og_description":"O ator Eric Dane, famoso por Anatomia de Grey, morreu aos 53 anos na quinta-feira, segundo os seus representantes. A morte ocorreu menos de um ano ap\u00f3s Dane ter anunciado o diagn\u00f3stico de esclerose lateral amiotr\u00f3fica (ELA). Dane tornou-se defensor da consciencializa\u00e7\u00e3o e da investiga\u00e7\u00e3o sobre a ELA, recebendo apoio da fam\u00edlia e f\u00e3s durante a sua luta. Ficou conhecido pelo papel de Dr. Mark Sloan, tamb\u00e9m conhecido como \u201cMcSteamy\u201d, em Grey\u2019s Anatomy, entre 2006 e 2012, com regresso em 2021. Nascido a 9 de novembro de 1972, cresceu no norte da Calif\u00f3rnia; o pai, arquiteto e veterano da Marinha, faleceu quando ele tinha sete anos.","og_url":"https:\/\/portaltela.pt\/noticias\/2026\/02\/20\/eric-dane-morre-aos-53-anos-defensor-da-sensibilizacao-para-a-ela\/","og_site_name":"Portal Tela Portugal","article_published_time":"2026-02-20T06:32:33+00:00","author":"Telinha","twitter_card":"summary_large_image","twitter_misc":{"Escrito por":"Telinha","Tempo estimado de leitura":"1 minuto"},"schema":{"@context":"https:\/\/schema.org","@graph":[{"@type":"Article","@id":"https:\/\/portaltela.pt\/noticias\/2026\/02\/20\/eric-dane-morre-aos-53-anos-defensor-da-sensibilizacao-para-a-ela\/#article","isPartOf":{"@id":"https:\/\/portaltela.pt\/noticias\/2026\/02\/20\/eric-dane-morre-aos-53-anos-defensor-da-sensibilizacao-para-a-ela\/"},"author":{"name":"Telinha","@id":"https:\/\/portaltela.pt\/#\/schema\/person\/c4278d4a6028830caff9ee44b42d32ed"},"headline":"Eric Dane morre aos 53 anos, defensor da sensibiliza\u00e7\u00e3o para a ELA","datePublished":"2026-02-20T06:32:33+00:00","mainEntityOfPage":{"@id":"https:\/\/portaltela.pt\/noticias\/2026\/02\/20\/eric-dane-morre-aos-53-anos-defensor-da-sensibilizacao-para-a-ela\/"},"wordCount":273,"image":{"@id":"https:\/\/portaltela.pt\/noticias\/2026\/02\/20\/eric-dane-morre-aos-53-anos-defensor-da-sensibilizacao-para-a-ela\/#primaryimage"},"thumbnailUrl":"https:\/\/portaltela.pt\/s.01k8rhncp4jt1\/2026\/02\/1536x864_cmsv2_3a901a08-5f7f-5b1c-9a54-d385af2fd1f0-9658426.jpg","keywords":["celebridades","consciencializa\u00e7\u00e3o","doen\u00e7a","famosos","not\u00edcia","sa\u00fade"],"articleSection":["Entretenimento","Not\u00edcias"],"inLanguage":"pt-PT"},{"@type":"WebPage","@id":"https:\/\/portaltela.pt\/noticias\/2026\/02\/20\/eric-dane-morre-aos-53-anos-defensor-da-sensibilizacao-para-a-ela\/","url":"https:\/\/portaltela.pt\/noticias\/2026\/02\/20\/eric-dane-morre-aos-53-anos-defensor-da-sensibilizacao-para-a-ela\/","name":"Eric Dane morre aos 53 anos, defensor da sensibiliza\u00e7\u00e3o para a ELA - Portal Tela Portugal","isPartOf":{"@id":"https:\/\/portaltela.pt\/#website"},"primaryImageOfPage":{"@id":"https:\/\/portaltela.pt\/noticias\/2026\/02\/20\/eric-dane-morre-aos-53-anos-defensor-da-sensibilizacao-para-a-ela\/#primaryimage"},"image":{"@id":"https:\/\/portaltela.pt\/noticias\/2026\/02\/20\/eric-dane-morre-aos-53-anos-defensor-da-sensibilizacao-para-a-ela\/#primaryimage"},"thumbnailUrl":"https:\/\/portaltela.pt\/s.01k8rhncp4jt1\/2026\/02\/1536x864_cmsv2_3a901a08-5f7f-5b1c-9a54-d385af2fd1f0-9658426.jpg","datePublished":"2026-02-20T06:32:33+00:00","author":{"@id":"https:\/\/portaltela.pt\/#\/schema\/person\/c4278d4a6028830caff9ee44b42d32ed"},"breadcrumb":{"@id":"https:\/\/portaltela.pt\/noticias\/2026\/02\/20\/eric-dane-morre-aos-53-anos-defensor-da-sensibilizacao-para-a-ela\/#breadcrumb"},"inLanguage":"pt-PT","potentialAction":[{"@type":"ReadAction","target":["https:\/\/portaltela.pt\/noticias\/2026\/02\/20\/eric-dane-morre-aos-53-anos-defensor-da-sensibilizacao-para-a-ela\/"]}]},{"@type":"ImageObject","inLanguage":"pt-PT","@id":"https:\/\/portaltela.pt\/noticias\/2026\/02\/20\/eric-dane-morre-aos-53-anos-defensor-da-sensibilizacao-para-a-ela\/#primaryimage","url":"https:\/\/portaltela.pt\/s.01k8rhncp4jt1\/2026\/02\/1536x864_cmsv2_3a901a08-5f7f-5b1c-9a54-d385af2fd1f0-9658426.jpg","contentUrl":"https:\/\/portaltela.pt\/s.01k8rhncp4jt1\/2026\/02\/1536x864_cmsv2_3a901a08-5f7f-5b1c-9a54-d385af2fd1f0-9658426.jpg","width":796,"height":448,"caption":"Photo"},{"@type":"BreadcrumbList","@id":"https:\/\/portaltela.pt\/noticias\/2026\/02\/20\/eric-dane-morre-aos-53-anos-defensor-da-sensibilizacao-para-a-ela\/#breadcrumb","itemListElement":[{"@type":"ListItem","position":1,"name":"In\u00edcio","item":"https:\/\/portaltela.pt\/"},{"@type":"ListItem","position":2,"name":"Eric Dane morre aos 53 anos, defensor da sensibiliza\u00e7\u00e3o para a ELA"}]},{"@type":"WebSite","@id":"https:\/\/portaltela.pt\/#website","url":"https:\/\/portaltela.pt\/","name":"Portal Tela Portugal","description":"","potentialAction":[{"@type":"SearchAction","target":{"@type":"EntryPoint","urlTemplate":"https:\/\/portaltela.pt\/?s={search_term_string}"},"query-input":{"@type":"PropertyValueSpecification","valueRequired":true,"valueName":"search_term_string"}}],"inLanguage":"pt-PT"},{"@type":"Person","@id":"https:\/\/portaltela.pt\/#\/schema\/person\/c4278d4a6028830caff9ee44b42d32ed","name":"Telinha","image":{"@type":"ImageObject","inLanguage":"pt-PT","@id":"https:\/\/portaltela.pt\/s.01k8rhncp4jt1\/2025\/11\/talking-bot-125x125.png","url":"https:\/\/portaltela.pt\/s.01k8rhncp4jt1\/2025\/11\/talking-bot-125x125.png","contentUrl":"https:\/\/portaltela.pt\/s.01k8rhncp4jt1\/2025\/11\/talking-bot-125x125.png","caption":"Telinha"},"sameAs":["https:\/\/portaltela.pt\/"],"url":"https:\/\/portaltela.pt\/por\/367410592786\/"}]}},"_links":{"self":[{"href":"https:\/\/portaltela.pt\/api\/wp\/v2\/posts\/218568","targetHints":{"allow":["GET"]}}],"collection":[{"href":"https:\/\/portaltela.pt\/api\/wp\/v2\/posts"}],"about":[{"href":"https:\/\/portaltela.pt\/api\/wp\/v2\/types\/post"}],"author":[{"embeddable":true,"href":"https:\/\/portaltela.pt\/api\/wp\/v2\/users\/2"}],"replies":[{"embeddable":true,"href":"https:\/\/portaltela.pt\/api\/wp\/v2\/comments?post=218568"}],"version-history":[{"count":0,"href":"https:\/\/portaltela.pt\/api\/wp\/v2\/posts\/218568\/revisions"}],"wp:featuredmedia":[{"embeddable":true,"href":"https:\/\/portaltela.pt\/api\/wp\/v2\/media\/218573"}],"wp:attachment":[{"href":"https:\/\/portaltela.pt\/api\/wp\/v2\/media?parent=218568"}],"wp:term":[{"taxonomy":"category","embeddable":true,"href":"https:\/\/portaltela.pt\/api\/wp\/v2\/categories?post=218568"},{"taxonomy":"post_tag","embeddable":true,"href":"https:\/\/portaltela.pt\/api\/wp\/v2\/tags?post=218568"}],"curies":[{"name":"wp","href":"https:\/\/api.w.org\/{rel}","templated":true}]}}