{"id":218552,"date":"2026-02-20T02:31:00","date_gmt":"2026-02-20T05:31:00","guid":{"rendered":"https:\/\/portaltela.pt\/noticias\/2026\/02\/20\/ayuso-comeca-defesa-da-amarela-no-crono-da-3a-etapa-da-volta-ao-algarve\/"},"modified":"2026-02-20T02:31:00","modified_gmt":"2026-02-20T05:31:00","slug":"ayuso-comeca-defesa-da-amarela-no-crono-da-3a-etapa-da-volta-ao-algarve","status":"publish","type":"post","link":"https:\/\/portaltela.pt\/desporto\/2026\/02\/20\/ayuso-comeca-defesa-da-amarela-no-crono-da-3a-etapa-da-volta-ao-algarve\/","title":{"rendered":"Ayuso come\u00e7a defesa da amarela no crono da 3\u00aa etapa da Volta ao Algarve"},"content":{"rendered":"<p>Ayuso inicia hoje a defesa da camisola amarela no crono da terceira etapa da Volta ao Algarve. O ciclista compete para manter a lideran\u00e7a na classifica\u00e7\u00e3o geral, ap\u00f3s as etapas anteriores.<\/p>\n<p>A prova acontece no Algarve, com o momento determinante a ser o contrarrel\u00f3gio da jornada, onde o tempo de cada corredor define posi\u00e7\u00f5es na geral. Ayuso precisa de manter ou ampliar a vantagem.<\/p>\n<p>Envolvidos: Ayuso, a sua equipa e a organiza\u00e7\u00e3o da corrida. A motiva\u00e7\u00e3o \u00e9 manter o lugar na frente ap\u00f3s as tiradas anteriores, em busca de vantagem no placar global.<\/p>\n<p>Informa\u00e7\u00e3o detalhada fica reservada para subscritores, com atualiza\u00e7\u00e3o futura a partir dos dados oficiais da organiza\u00e7\u00e3o da prova.<\/p>\n","protected":false},"excerpt":{"rendered":"<ul>\n<li>Ayuso inicia hoje a defesa da camisola amarela na terceira etapa da Volta ao Algarve.<\/li>\n<li>A corrida prossegue com foco na lideran\u00e7a da classifica\u00e7\u00e3o geral durante a terceira etapa.<\/li>\n<li>A prova decorre no territ\u00f3rio do Algarve, com a camisola amarela em jogo.<\/li>\n<li>O texto completo est\u00e1 dispon\u00edvel apenas para subscritores.<\/li>\n<\/ul>\n","protected":false},"author":2,"featured_media":218555,"comment_status":"closed","ping_status":"closed","sticky":false,"template":"","format":"standard","meta":{"footnotes":""},"categories":[21],"tags":[928,923,6149,152],"class_list":["post-218552","post","type-post","status-publish","format-standard","has-post-thumbnail","hentry","category-desporto","tag-algarve","tag-ciclismo","tag-contrarrelogio","tag-desporto"],"yoast_head":"<!-- This site is optimized with the Yoast SEO plugin v27.2 - https:\/\/yoast.com\/product\/yoast-seo-wordpress\/ -->\n<title>Ayuso come\u00e7a defesa da amarela no crono da 3\u00aa etapa da Volta ao Algarve - Portal Tela Portugal<\/title>\n<meta name=\"robots\" content=\"index, follow, max-snippet:-1, max-image-preview:large, max-video-preview:-1\" \/>\n<meta property=\"og:locale\" content=\"pt_PT\" \/>\n<meta property=\"og:type\" content=\"article\" \/>\n<meta property=\"og:title\" content=\"Ayuso come\u00e7a defesa da amarela no crono da 3\u00aa etapa da Volta ao Algarve - Portal Tela Portugal\" \/>\n<meta property=\"og:description\" content=\"Ayuso inicia hoje a defesa da camisola amarela na terceira etapa da Volta ao Algarve. A corrida prossegue com foco na lideran\u00e7a da classifica\u00e7\u00e3o geral durante a terceira etapa. A prova decorre no territ\u00f3rio do Algarve, com a camisola amarela em jogo. O texto completo est\u00e1 dispon\u00edvel apenas para subscritores.\" \/>\n<meta property=\"og:url\" content=\"https:\/\/portaltela.pt\/noticias\/2026\/02\/20\/ayuso-comeca-defesa-da-amarela-no-crono-da-3a-etapa-da-volta-ao-algarve\/\" \/>\n<meta property=\"og:site_name\" content=\"Portal Tela Portugal\" \/>\n<meta property=\"article:published_time\" content=\"2026-02-20T05:31:00+00:00\" \/>\n<meta name=\"author\" content=\"Telinha\" \/>\n<meta name=\"twitter:card\" content=\"summary_large_image\" \/>\n<meta name=\"twitter:label1\" content=\"Escrito por\" \/>\n\t<meta name=\"twitter:data1\" content=\"Telinha\" \/>\n\t<meta name=\"twitter:label2\" content=\"Tempo estimado de leitura\" \/>\n\t<meta name=\"twitter:data2\" content=\"1 minuto\" \/>\n<script type=\"application\/ld+json\" class=\"yoast-schema-graph\">{\"@context\":\"https:\/\/schema.org\",\"@graph\":[{\"@type\":\"Article\",\"@id\":\"https:\/\/portaltela.pt\/noticias\/2026\/02\/20\/ayuso-comeca-defesa-da-amarela-no-crono-da-3a-etapa-da-volta-ao-algarve\/#article\",\"isPartOf\":{\"@id\":\"https:\/\/portaltela.pt\/noticias\/2026\/02\/20\/ayuso-comeca-defesa-da-amarela-no-crono-da-3a-etapa-da-volta-ao-algarve\/\"},\"author\":{\"name\":\"Telinha\",\"@id\":\"https:\/\/portaltela.pt\/#\/schema\/person\/c4278d4a6028830caff9ee44b42d32ed\"},\"headline\":\"Ayuso come\u00e7a defesa da amarela no crono da 3\u00aa etapa da Volta ao Algarve\",\"datePublished\":\"2026-02-20T05:31:00+00:00\",\"mainEntityOfPage\":{\"@id\":\"https:\/\/portaltela.pt\/noticias\/2026\/02\/20\/ayuso-comeca-defesa-da-amarela-no-crono-da-3a-etapa-da-volta-ao-algarve\/\"},\"wordCount\":135,\"image\":{\"@id\":\"https:\/\/portaltela.pt\/noticias\/2026\/02\/20\/ayuso-comeca-defesa-da-amarela-no-crono-da-3a-etapa-da-volta-ao-algarve\/#primaryimage\"},\"thumbnailUrl\":\"https:\/\/portaltela.pt\/s.01k8rhncp4jt1\/2026\/02\/CACHE_780X1200_ANALOG_WATERMARKED_46601271_6372006_19022026062121.jpg\",\"keywords\":[\"Algarve\",\"ciclismo\",\"contrarrel\u00f3gio\",\"desporto\"],\"articleSection\":[\"Desporto\"],\"inLanguage\":\"pt-PT\"},{\"@type\":\"WebPage\",\"@id\":\"https:\/\/portaltela.pt\/noticias\/2026\/02\/20\/ayuso-comeca-defesa-da-amarela-no-crono-da-3a-etapa-da-volta-ao-algarve\/\",\"url\":\"https:\/\/portaltela.pt\/noticias\/2026\/02\/20\/ayuso-comeca-defesa-da-amarela-no-crono-da-3a-etapa-da-volta-ao-algarve\/\",\"name\":\"Ayuso come\u00e7a defesa da amarela no crono da 3\u00aa etapa da Volta ao Algarve - Portal Tela Portugal\",\"isPartOf\":{\"@id\":\"https:\/\/portaltela.pt\/#website\"},\"primaryImageOfPage\":{\"@id\":\"https:\/\/portaltela.pt\/noticias\/2026\/02\/20\/ayuso-comeca-defesa-da-amarela-no-crono-da-3a-etapa-da-volta-ao-algarve\/#primaryimage\"},\"image\":{\"@id\":\"https:\/\/portaltela.pt\/noticias\/2026\/02\/20\/ayuso-comeca-defesa-da-amarela-no-crono-da-3a-etapa-da-volta-ao-algarve\/#primaryimage\"},\"thumbnailUrl\":\"https:\/\/portaltela.pt\/s.01k8rhncp4jt1\/2026\/02\/CACHE_780X1200_ANALOG_WATERMARKED_46601271_6372006_19022026062121.jpg\",\"datePublished\":\"2026-02-20T05:31:00+00:00\",\"author\":{\"@id\":\"https:\/\/portaltela.pt\/#\/schema\/person\/c4278d4a6028830caff9ee44b42d32ed\"},\"breadcrumb\":{\"@id\":\"https:\/\/portaltela.pt\/noticias\/2026\/02\/20\/ayuso-comeca-defesa-da-amarela-no-crono-da-3a-etapa-da-volta-ao-algarve\/#breadcrumb\"},\"inLanguage\":\"pt-PT\",\"potentialAction\":[{\"@type\":\"ReadAction\",\"target\":[\"https:\/\/portaltela.pt\/noticias\/2026\/02\/20\/ayuso-comeca-defesa-da-amarela-no-crono-da-3a-etapa-da-volta-ao-algarve\/\"]}]},{\"@type\":\"ImageObject\",\"inLanguage\":\"pt-PT\",\"@id\":\"https:\/\/portaltela.pt\/noticias\/2026\/02\/20\/ayuso-comeca-defesa-da-amarela-no-crono-da-3a-etapa-da-volta-ao-algarve\/#primaryimage\",\"url\":\"https:\/\/portaltela.pt\/s.01k8rhncp4jt1\/2026\/02\/CACHE_780X1200_ANALOG_WATERMARKED_46601271_6372006_19022026062121.jpg\",\"contentUrl\":\"https:\/\/portaltela.pt\/s.01k8rhncp4jt1\/2026\/02\/CACHE_780X1200_ANALOG_WATERMARKED_46601271_6372006_19022026062121.jpg\",\"width\":768,\"height\":512,\"caption\":\"Ayuso inicia hoje defesa da amarela no crono da terceira etapa da Volta ao Algarve\"},{\"@type\":\"BreadcrumbList\",\"@id\":\"https:\/\/portaltela.pt\/noticias\/2026\/02\/20\/ayuso-comeca-defesa-da-amarela-no-crono-da-3a-etapa-da-volta-ao-algarve\/#breadcrumb\",\"itemListElement\":[{\"@type\":\"ListItem\",\"position\":1,\"name\":\"In\u00edcio\",\"item\":\"https:\/\/portaltela.pt\/\"},{\"@type\":\"ListItem\",\"position\":2,\"name\":\"Ayuso come\u00e7a defesa da amarela no crono da 3\u00aa etapa da Volta ao Algarve\"}]},{\"@type\":\"WebSite\",\"@id\":\"https:\/\/portaltela.pt\/#website\",\"url\":\"https:\/\/portaltela.pt\/\",\"name\":\"Portal Tela Portugal\",\"description\":\"\",\"potentialAction\":[{\"@type\":\"SearchAction\",\"target\":{\"@type\":\"EntryPoint\",\"urlTemplate\":\"https:\/\/portaltela.pt\/?s={search_term_string}\"},\"query-input\":{\"@type\":\"PropertyValueSpecification\",\"valueRequired\":true,\"valueName\":\"search_term_string\"}}],\"inLanguage\":\"pt-PT\"},{\"@type\":\"Person\",\"@id\":\"https:\/\/portaltela.pt\/#\/schema\/person\/c4278d4a6028830caff9ee44b42d32ed\",\"name\":\"Telinha\",\"image\":{\"@type\":\"ImageObject\",\"inLanguage\":\"pt-PT\",\"@id\":\"https:\/\/portaltela.pt\/s.01k8rhncp4jt1\/2025\/11\/talking-bot-125x125.png\",\"url\":\"https:\/\/portaltela.pt\/s.01k8rhncp4jt1\/2025\/11\/talking-bot-125x125.png\",\"contentUrl\":\"https:\/\/portaltela.pt\/s.01k8rhncp4jt1\/2025\/11\/talking-bot-125x125.png\",\"caption\":\"Telinha\"},\"sameAs\":[\"https:\/\/portaltela.pt\/\"],\"url\":\"https:\/\/portaltela.pt\/por\/367410592786\/\"}]}<\/script>\n<!-- \/ Yoast SEO plugin. -->","yoast_head_json":{"title":"Ayuso come\u00e7a defesa da amarela no crono da 3\u00aa etapa da Volta ao Algarve - Portal Tela Portugal","robots":{"index":"index","follow":"follow","max-snippet":"max-snippet:-1","max-image-preview":"max-image-preview:large","max-video-preview":"max-video-preview:-1"},"og_locale":"pt_PT","og_type":"article","og_title":"Ayuso come\u00e7a defesa da amarela no crono da 3\u00aa etapa da Volta ao Algarve - Portal Tela Portugal","og_description":"Ayuso inicia hoje a defesa da camisola amarela na terceira etapa da Volta ao Algarve. A corrida prossegue com foco na lideran\u00e7a da classifica\u00e7\u00e3o geral durante a terceira etapa. A prova decorre no territ\u00f3rio do Algarve, com a camisola amarela em jogo. O texto completo est\u00e1 dispon\u00edvel apenas para subscritores.","og_url":"https:\/\/portaltela.pt\/noticias\/2026\/02\/20\/ayuso-comeca-defesa-da-amarela-no-crono-da-3a-etapa-da-volta-ao-algarve\/","og_site_name":"Portal Tela Portugal","article_published_time":"2026-02-20T05:31:00+00:00","author":"Telinha","twitter_card":"summary_large_image","twitter_misc":{"Escrito por":"Telinha","Tempo estimado de leitura":"1 minuto"},"schema":{"@context":"https:\/\/schema.org","@graph":[{"@type":"Article","@id":"https:\/\/portaltela.pt\/noticias\/2026\/02\/20\/ayuso-comeca-defesa-da-amarela-no-crono-da-3a-etapa-da-volta-ao-algarve\/#article","isPartOf":{"@id":"https:\/\/portaltela.pt\/noticias\/2026\/02\/20\/ayuso-comeca-defesa-da-amarela-no-crono-da-3a-etapa-da-volta-ao-algarve\/"},"author":{"name":"Telinha","@id":"https:\/\/portaltela.pt\/#\/schema\/person\/c4278d4a6028830caff9ee44b42d32ed"},"headline":"Ayuso come\u00e7a defesa da amarela no crono da 3\u00aa etapa da Volta ao Algarve","datePublished":"2026-02-20T05:31:00+00:00","mainEntityOfPage":{"@id":"https:\/\/portaltela.pt\/noticias\/2026\/02\/20\/ayuso-comeca-defesa-da-amarela-no-crono-da-3a-etapa-da-volta-ao-algarve\/"},"wordCount":135,"image":{"@id":"https:\/\/portaltela.pt\/noticias\/2026\/02\/20\/ayuso-comeca-defesa-da-amarela-no-crono-da-3a-etapa-da-volta-ao-algarve\/#primaryimage"},"thumbnailUrl":"https:\/\/portaltela.pt\/s.01k8rhncp4jt1\/2026\/02\/CACHE_780X1200_ANALOG_WATERMARKED_46601271_6372006_19022026062121.jpg","keywords":["Algarve","ciclismo","contrarrel\u00f3gio","desporto"],"articleSection":["Desporto"],"inLanguage":"pt-PT"},{"@type":"WebPage","@id":"https:\/\/portaltela.pt\/noticias\/2026\/02\/20\/ayuso-comeca-defesa-da-amarela-no-crono-da-3a-etapa-da-volta-ao-algarve\/","url":"https:\/\/portaltela.pt\/noticias\/2026\/02\/20\/ayuso-comeca-defesa-da-amarela-no-crono-da-3a-etapa-da-volta-ao-algarve\/","name":"Ayuso come\u00e7a defesa da amarela no crono da 3\u00aa etapa da Volta ao Algarve - Portal Tela Portugal","isPartOf":{"@id":"https:\/\/portaltela.pt\/#website"},"primaryImageOfPage":{"@id":"https:\/\/portaltela.pt\/noticias\/2026\/02\/20\/ayuso-comeca-defesa-da-amarela-no-crono-da-3a-etapa-da-volta-ao-algarve\/#primaryimage"},"image":{"@id":"https:\/\/portaltela.pt\/noticias\/2026\/02\/20\/ayuso-comeca-defesa-da-amarela-no-crono-da-3a-etapa-da-volta-ao-algarve\/#primaryimage"},"thumbnailUrl":"https:\/\/portaltela.pt\/s.01k8rhncp4jt1\/2026\/02\/CACHE_780X1200_ANALOG_WATERMARKED_46601271_6372006_19022026062121.jpg","datePublished":"2026-02-20T05:31:00+00:00","author":{"@id":"https:\/\/portaltela.pt\/#\/schema\/person\/c4278d4a6028830caff9ee44b42d32ed"},"breadcrumb":{"@id":"https:\/\/portaltela.pt\/noticias\/2026\/02\/20\/ayuso-comeca-defesa-da-amarela-no-crono-da-3a-etapa-da-volta-ao-algarve\/#breadcrumb"},"inLanguage":"pt-PT","potentialAction":[{"@type":"ReadAction","target":["https:\/\/portaltela.pt\/noticias\/2026\/02\/20\/ayuso-comeca-defesa-da-amarela-no-crono-da-3a-etapa-da-volta-ao-algarve\/"]}]},{"@type":"ImageObject","inLanguage":"pt-PT","@id":"https:\/\/portaltela.pt\/noticias\/2026\/02\/20\/ayuso-comeca-defesa-da-amarela-no-crono-da-3a-etapa-da-volta-ao-algarve\/#primaryimage","url":"https:\/\/portaltela.pt\/s.01k8rhncp4jt1\/2026\/02\/CACHE_780X1200_ANALOG_WATERMARKED_46601271_6372006_19022026062121.jpg","contentUrl":"https:\/\/portaltela.pt\/s.01k8rhncp4jt1\/2026\/02\/CACHE_780X1200_ANALOG_WATERMARKED_46601271_6372006_19022026062121.jpg","width":768,"height":512,"caption":"Ayuso inicia hoje defesa da amarela no crono da terceira etapa da Volta ao Algarve"},{"@type":"BreadcrumbList","@id":"https:\/\/portaltela.pt\/noticias\/2026\/02\/20\/ayuso-comeca-defesa-da-amarela-no-crono-da-3a-etapa-da-volta-ao-algarve\/#breadcrumb","itemListElement":[{"@type":"ListItem","position":1,"name":"In\u00edcio","item":"https:\/\/portaltela.pt\/"},{"@type":"ListItem","position":2,"name":"Ayuso come\u00e7a defesa da amarela no crono da 3\u00aa etapa da Volta ao Algarve"}]},{"@type":"WebSite","@id":"https:\/\/portaltela.pt\/#website","url":"https:\/\/portaltela.pt\/","name":"Portal Tela Portugal","description":"","potentialAction":[{"@type":"SearchAction","target":{"@type":"EntryPoint","urlTemplate":"https:\/\/portaltela.pt\/?s={search_term_string}"},"query-input":{"@type":"PropertyValueSpecification","valueRequired":true,"valueName":"search_term_string"}}],"inLanguage":"pt-PT"},{"@type":"Person","@id":"https:\/\/portaltela.pt\/#\/schema\/person\/c4278d4a6028830caff9ee44b42d32ed","name":"Telinha","image":{"@type":"ImageObject","inLanguage":"pt-PT","@id":"https:\/\/portaltela.pt\/s.01k8rhncp4jt1\/2025\/11\/talking-bot-125x125.png","url":"https:\/\/portaltela.pt\/s.01k8rhncp4jt1\/2025\/11\/talking-bot-125x125.png","contentUrl":"https:\/\/portaltela.pt\/s.01k8rhncp4jt1\/2025\/11\/talking-bot-125x125.png","caption":"Telinha"},"sameAs":["https:\/\/portaltela.pt\/"],"url":"https:\/\/portaltela.pt\/por\/367410592786\/"}]}},"_links":{"self":[{"href":"https:\/\/portaltela.pt\/api\/wp\/v2\/posts\/218552","targetHints":{"allow":["GET"]}}],"collection":[{"href":"https:\/\/portaltela.pt\/api\/wp\/v2\/posts"}],"about":[{"href":"https:\/\/portaltela.pt\/api\/wp\/v2\/types\/post"}],"author":[{"embeddable":true,"href":"https:\/\/portaltela.pt\/api\/wp\/v2\/users\/2"}],"replies":[{"embeddable":true,"href":"https:\/\/portaltela.pt\/api\/wp\/v2\/comments?post=218552"}],"version-history":[{"count":0,"href":"https:\/\/portaltela.pt\/api\/wp\/v2\/posts\/218552\/revisions"}],"wp:featuredmedia":[{"embeddable":true,"href":"https:\/\/portaltela.pt\/api\/wp\/v2\/media\/218555"}],"wp:attachment":[{"href":"https:\/\/portaltela.pt\/api\/wp\/v2\/media?parent=218552"}],"wp:term":[{"taxonomy":"category","embeddable":true,"href":"https:\/\/portaltela.pt\/api\/wp\/v2\/categories?post=218552"},{"taxonomy":"post_tag","embeddable":true,"href":"https:\/\/portaltela.pt\/api\/wp\/v2\/tags?post=218552"}],"curies":[{"name":"wp","href":"https:\/\/api.w.org\/{rel}","templated":true}]}}