{"id":218528,"date":"2026-02-19T22:30:00","date_gmt":"2026-02-20T01:30:00","guid":{"rendered":"https:\/\/portaltela.pt\/noticias\/2026\/02\/19\/volta-ao-algarve-paul-seixas-vence-joao-almeida-no-alto-da-foia\/"},"modified":"2026-02-19T22:30:00","modified_gmt":"2026-02-20T01:30:00","slug":"volta-ao-algarve-paul-seixas-vence-joao-almeida-no-alto-da-foia","status":"publish","type":"post","link":"https:\/\/portaltela.pt\/desporto\/2026\/02\/19\/volta-ao-algarve-paul-seixas-vence-joao-almeida-no-alto-da-foia\/","title":{"rendered":"Volta ao Algarve: Paul Seixas vence Jo\u00e3o Almeida no alto da F\u00f3ia"},"content":{"rendered":"<p>Paul Seixas alcan\u00e7ou a primeira vit\u00f3ria profissional em provas de alto n\u00edvel, ao vencer a 2.\u00aa etapa da Volta ao Algarve. O ciclista lusodescendente, de 19 anos, bateu Juan Ayuso no sprint final, com Jo\u00e3o Almeida a terminar a apenas um segundo.<\/p>\n<p>A etapa, com 147,2 quil\u00f3metros, ligou Portim\u00e3o ao alto da Serra da F\u00f3ia, em Monchique. Nos \u00faltimos nove quil\u00f3metros o ritmo foi elevado, com Ayuso a puxar o grupo e Seixas e Almeida a ficarem na roda. Na subida, o franc\u00eas imp\u00f4s velocidade, pressionando Almeida.<\/p>\n<p>\u00c0 medida que surgiam mais corredores, Almeida atirou-se ao ataque em tr\u00eas ocasi\u00f5es, sem sucesso. Nos \u00faltimos 400 metros, Seixas venceu o sprint frente a Ayuso, garantindo a gravidez de tempo. Almeida mant\u00e9m-se na terceira posi\u00e7\u00e3o, a sete segundos do l\u00edder Ayuso.<\/p>\n<p>O triunfo de Seixas representa uma subida importante na classifica\u00e7\u00e3o, mantendo Ayuso na lideran\u00e7a da prova. Almeida continua entre os tr\u00eas primeiros, com a diferen\u00e7a est\u00e1vel at\u00e9 ao momento.<\/p>\n<h3>Nova etapa decisiva<\/h3>\n<p>Esta sexta-feira realiza-se a terceira etapa, um contrarrel\u00f3gio individual de 19,5 quil\u00f3metros, em Vilamoura. A prova segue com foco na recupera\u00e7\u00e3o de tempos e na batalha pela lideran\u00e7a.<\/p>\n","protected":false},"excerpt":{"rendered":"<ul>\n<li>Paul Seixas, ciclista lusodescendente de 19 anos, venceu a 2.\u00aa etapa da Volta ao Algarve, conquistando a sua primeira vit\u00f3ria profissional em provas de topo.<\/li>\n<li>A prova terminou no alto da F\u00f3ia, em Monchique, ap\u00f3s 147,2 quil\u00f3metros que ligaram Portim\u00e3o ao monte algarvio.<\/li>\n<li>Nos \u00faltimos nove quil\u00f3metros, Ayuso imp\u00f4s ritmo, tendo Seixas e Almeida integrados ao trio durante a subida; no sprint final, Seixas foi o mais r\u00e1pido.<\/li>\n<li>Ayuso terminou em segundo, seguido de Jo\u00e3o Almeida, com o portugu\u00eas a ficar a sete segundos do l\u00edder da prova.<\/li>\n<li>A etapa de sexta-feira \u00e9 uma contrarrel\u00f3gio individual de 19,5 quil\u00f3metros em Vilamoura.<\/li>\n<\/ul>\n","protected":false},"author":2,"featured_media":218529,"comment_status":"closed","ping_status":"closed","sticky":false,"template":"","format":"standard","meta":{"footnotes":""},"categories":[21],"tags":[923,1285,6148,5198,1764,1014],"class_list":["post-218528","post","type-post","status-publish","format-standard","has-post-thumbnail","hentry","category-desporto","tag-ciclismo","tag-competicao","tag-joao-almeida","tag-monchique","tag-portimao","tag-portugal"],"yoast_head":"<!-- This site is optimized with the Yoast SEO plugin v27.2 - https:\/\/yoast.com\/product\/yoast-seo-wordpress\/ -->\n<title>Volta ao Algarve: Paul Seixas vence Jo\u00e3o Almeida no alto da F\u00f3ia - Portal Tela Portugal<\/title>\n<meta name=\"robots\" content=\"index, follow, max-snippet:-1, max-image-preview:large, max-video-preview:-1\" \/>\n<meta property=\"og:locale\" content=\"pt_PT\" \/>\n<meta property=\"og:type\" content=\"article\" \/>\n<meta property=\"og:title\" content=\"Volta ao Algarve: Paul Seixas vence Jo\u00e3o Almeida no alto da F\u00f3ia - Portal Tela Portugal\" \/>\n<meta property=\"og:description\" content=\"Paul Seixas, ciclista lusodescendente de 19 anos, venceu a 2.\u00aa etapa da Volta ao Algarve, conquistando a sua primeira vit\u00f3ria profissional em provas de topo. A prova terminou no alto da F\u00f3ia, em Monchique, ap\u00f3s 147,2 quil\u00f3metros que ligaram Portim\u00e3o ao monte algarvio. Nos \u00faltimos nove quil\u00f3metros, Ayuso imp\u00f4s ritmo, tendo Seixas e Almeida integrados ao trio durante a subida; no sprint final, Seixas foi o mais r\u00e1pido. Ayuso terminou em segundo, seguido de Jo\u00e3o Almeida, com o portugu\u00eas a ficar a sete segundos do l\u00edder da prova. A etapa de sexta-feira \u00e9 uma contrarrel\u00f3gio individual de 19,5 quil\u00f3metros em Vilamoura.\" \/>\n<meta property=\"og:url\" content=\"https:\/\/portaltela.pt\/noticias\/2026\/02\/19\/volta-ao-algarve-paul-seixas-vence-joao-almeida-no-alto-da-foia\/\" \/>\n<meta property=\"og:site_name\" content=\"Portal Tela Portugal\" \/>\n<meta property=\"article:published_time\" content=\"2026-02-20T01:30:00+00:00\" \/>\n<meta name=\"author\" content=\"Telinha\" \/>\n<meta name=\"twitter:card\" content=\"summary_large_image\" \/>\n<meta name=\"twitter:label1\" content=\"Escrito por\" \/>\n\t<meta name=\"twitter:data1\" content=\"Telinha\" \/>\n\t<meta name=\"twitter:label2\" content=\"Tempo estimado de leitura\" \/>\n\t<meta name=\"twitter:data2\" content=\"1 minuto\" \/>\n<script type=\"application\/ld+json\" class=\"yoast-schema-graph\">{\"@context\":\"https:\/\/schema.org\",\"@graph\":[{\"@type\":\"Article\",\"@id\":\"https:\/\/portaltela.pt\/noticias\/2026\/02\/19\/volta-ao-algarve-paul-seixas-vence-joao-almeida-no-alto-da-foia\/#article\",\"isPartOf\":{\"@id\":\"https:\/\/portaltela.pt\/noticias\/2026\/02\/19\/volta-ao-algarve-paul-seixas-vence-joao-almeida-no-alto-da-foia\/\"},\"author\":{\"name\":\"Telinha\",\"@id\":\"https:\/\/portaltela.pt\/#\/schema\/person\/c4278d4a6028830caff9ee44b42d32ed\"},\"headline\":\"Volta ao Algarve: Paul Seixas vence Jo\u00e3o Almeida no alto da F\u00f3ia\",\"datePublished\":\"2026-02-20T01:30:00+00:00\",\"mainEntityOfPage\":{\"@id\":\"https:\/\/portaltela.pt\/noticias\/2026\/02\/19\/volta-ao-algarve-paul-seixas-vence-joao-almeida-no-alto-da-foia\/\"},\"wordCount\":221,\"image\":{\"@id\":\"https:\/\/portaltela.pt\/noticias\/2026\/02\/19\/volta-ao-algarve-paul-seixas-vence-joao-almeida-no-alto-da-foia\/#primaryimage\"},\"thumbnailUrl\":\"https:\/\/portaltela.pt\/s.01k8rhncp4jt1\/2026\/02\/img_1280x721uu2026-02-19-23-19-04-2267838.jpg\",\"keywords\":[\"ciclismo\",\"competi\u00e7\u00e3o\",\"Jo\u00e3o Almeida\",\"Monchique\",\"Portim\u00e3o\",\"Portugal\"],\"articleSection\":[\"Desporto\"],\"inLanguage\":\"pt-PT\"},{\"@type\":\"WebPage\",\"@id\":\"https:\/\/portaltela.pt\/noticias\/2026\/02\/19\/volta-ao-algarve-paul-seixas-vence-joao-almeida-no-alto-da-foia\/\",\"url\":\"https:\/\/portaltela.pt\/noticias\/2026\/02\/19\/volta-ao-algarve-paul-seixas-vence-joao-almeida-no-alto-da-foia\/\",\"name\":\"Volta ao Algarve: Paul Seixas vence Jo\u00e3o Almeida no alto da F\u00f3ia - Portal Tela Portugal\",\"isPartOf\":{\"@id\":\"https:\/\/portaltela.pt\/#website\"},\"primaryImageOfPage\":{\"@id\":\"https:\/\/portaltela.pt\/noticias\/2026\/02\/19\/volta-ao-algarve-paul-seixas-vence-joao-almeida-no-alto-da-foia\/#primaryimage\"},\"image\":{\"@id\":\"https:\/\/portaltela.pt\/noticias\/2026\/02\/19\/volta-ao-algarve-paul-seixas-vence-joao-almeida-no-alto-da-foia\/#primaryimage\"},\"thumbnailUrl\":\"https:\/\/portaltela.pt\/s.01k8rhncp4jt1\/2026\/02\/img_1280x721uu2026-02-19-23-19-04-2267838.jpg\",\"datePublished\":\"2026-02-20T01:30:00+00:00\",\"author\":{\"@id\":\"https:\/\/portaltela.pt\/#\/schema\/person\/c4278d4a6028830caff9ee44b42d32ed\"},\"breadcrumb\":{\"@id\":\"https:\/\/portaltela.pt\/noticias\/2026\/02\/19\/volta-ao-algarve-paul-seixas-vence-joao-almeida-no-alto-da-foia\/#breadcrumb\"},\"inLanguage\":\"pt-PT\",\"potentialAction\":[{\"@type\":\"ReadAction\",\"target\":[\"https:\/\/portaltela.pt\/noticias\/2026\/02\/19\/volta-ao-algarve-paul-seixas-vence-joao-almeida-no-alto-da-foia\/\"]}]},{\"@type\":\"ImageObject\",\"inLanguage\":\"pt-PT\",\"@id\":\"https:\/\/portaltela.pt\/noticias\/2026\/02\/19\/volta-ao-algarve-paul-seixas-vence-joao-almeida-no-alto-da-foia\/#primaryimage\",\"url\":\"https:\/\/portaltela.pt\/s.01k8rhncp4jt1\/2026\/02\/img_1280x721uu2026-02-19-23-19-04-2267838.jpg\",\"contentUrl\":\"https:\/\/portaltela.pt\/s.01k8rhncp4jt1\/2026\/02\/img_1280x721uu2026-02-19-23-19-04-2267838.jpg\",\"width\":796,\"height\":448,\"caption\":\"Paul Seixas melhor no sprint\"},{\"@type\":\"BreadcrumbList\",\"@id\":\"https:\/\/portaltela.pt\/noticias\/2026\/02\/19\/volta-ao-algarve-paul-seixas-vence-joao-almeida-no-alto-da-foia\/#breadcrumb\",\"itemListElement\":[{\"@type\":\"ListItem\",\"position\":1,\"name\":\"In\u00edcio\",\"item\":\"https:\/\/portaltela.pt\/\"},{\"@type\":\"ListItem\",\"position\":2,\"name\":\"Volta ao Algarve: Paul Seixas vence Jo\u00e3o Almeida no alto da F\u00f3ia\"}]},{\"@type\":\"WebSite\",\"@id\":\"https:\/\/portaltela.pt\/#website\",\"url\":\"https:\/\/portaltela.pt\/\",\"name\":\"Portal Tela Portugal\",\"description\":\"\",\"potentialAction\":[{\"@type\":\"SearchAction\",\"target\":{\"@type\":\"EntryPoint\",\"urlTemplate\":\"https:\/\/portaltela.pt\/?s={search_term_string}\"},\"query-input\":{\"@type\":\"PropertyValueSpecification\",\"valueRequired\":true,\"valueName\":\"search_term_string\"}}],\"inLanguage\":\"pt-PT\"},{\"@type\":\"Person\",\"@id\":\"https:\/\/portaltela.pt\/#\/schema\/person\/c4278d4a6028830caff9ee44b42d32ed\",\"name\":\"Telinha\",\"image\":{\"@type\":\"ImageObject\",\"inLanguage\":\"pt-PT\",\"@id\":\"https:\/\/portaltela.pt\/s.01k8rhncp4jt1\/2025\/11\/talking-bot-125x125.png\",\"url\":\"https:\/\/portaltela.pt\/s.01k8rhncp4jt1\/2025\/11\/talking-bot-125x125.png\",\"contentUrl\":\"https:\/\/portaltela.pt\/s.01k8rhncp4jt1\/2025\/11\/talking-bot-125x125.png\",\"caption\":\"Telinha\"},\"sameAs\":[\"https:\/\/portaltela.pt\/\"],\"url\":\"https:\/\/portaltela.pt\/por\/367410592786\/\"}]}<\/script>\n<!-- \/ Yoast SEO plugin. -->","yoast_head_json":{"title":"Volta ao Algarve: Paul Seixas vence Jo\u00e3o Almeida no alto da F\u00f3ia - Portal Tela Portugal","robots":{"index":"index","follow":"follow","max-snippet":"max-snippet:-1","max-image-preview":"max-image-preview:large","max-video-preview":"max-video-preview:-1"},"og_locale":"pt_PT","og_type":"article","og_title":"Volta ao Algarve: Paul Seixas vence Jo\u00e3o Almeida no alto da F\u00f3ia - Portal Tela Portugal","og_description":"Paul Seixas, ciclista lusodescendente de 19 anos, venceu a 2.\u00aa etapa da Volta ao Algarve, conquistando a sua primeira vit\u00f3ria profissional em provas de topo. A prova terminou no alto da F\u00f3ia, em Monchique, ap\u00f3s 147,2 quil\u00f3metros que ligaram Portim\u00e3o ao monte algarvio. Nos \u00faltimos nove quil\u00f3metros, Ayuso imp\u00f4s ritmo, tendo Seixas e Almeida integrados ao trio durante a subida; no sprint final, Seixas foi o mais r\u00e1pido. Ayuso terminou em segundo, seguido de Jo\u00e3o Almeida, com o portugu\u00eas a ficar a sete segundos do l\u00edder da prova. A etapa de sexta-feira \u00e9 uma contrarrel\u00f3gio individual de 19,5 quil\u00f3metros em Vilamoura.","og_url":"https:\/\/portaltela.pt\/noticias\/2026\/02\/19\/volta-ao-algarve-paul-seixas-vence-joao-almeida-no-alto-da-foia\/","og_site_name":"Portal Tela Portugal","article_published_time":"2026-02-20T01:30:00+00:00","author":"Telinha","twitter_card":"summary_large_image","twitter_misc":{"Escrito por":"Telinha","Tempo estimado de leitura":"1 minuto"},"schema":{"@context":"https:\/\/schema.org","@graph":[{"@type":"Article","@id":"https:\/\/portaltela.pt\/noticias\/2026\/02\/19\/volta-ao-algarve-paul-seixas-vence-joao-almeida-no-alto-da-foia\/#article","isPartOf":{"@id":"https:\/\/portaltela.pt\/noticias\/2026\/02\/19\/volta-ao-algarve-paul-seixas-vence-joao-almeida-no-alto-da-foia\/"},"author":{"name":"Telinha","@id":"https:\/\/portaltela.pt\/#\/schema\/person\/c4278d4a6028830caff9ee44b42d32ed"},"headline":"Volta ao Algarve: Paul Seixas vence Jo\u00e3o Almeida no alto da F\u00f3ia","datePublished":"2026-02-20T01:30:00+00:00","mainEntityOfPage":{"@id":"https:\/\/portaltela.pt\/noticias\/2026\/02\/19\/volta-ao-algarve-paul-seixas-vence-joao-almeida-no-alto-da-foia\/"},"wordCount":221,"image":{"@id":"https:\/\/portaltela.pt\/noticias\/2026\/02\/19\/volta-ao-algarve-paul-seixas-vence-joao-almeida-no-alto-da-foia\/#primaryimage"},"thumbnailUrl":"https:\/\/portaltela.pt\/s.01k8rhncp4jt1\/2026\/02\/img_1280x721uu2026-02-19-23-19-04-2267838.jpg","keywords":["ciclismo","competi\u00e7\u00e3o","Jo\u00e3o Almeida","Monchique","Portim\u00e3o","Portugal"],"articleSection":["Desporto"],"inLanguage":"pt-PT"},{"@type":"WebPage","@id":"https:\/\/portaltela.pt\/noticias\/2026\/02\/19\/volta-ao-algarve-paul-seixas-vence-joao-almeida-no-alto-da-foia\/","url":"https:\/\/portaltela.pt\/noticias\/2026\/02\/19\/volta-ao-algarve-paul-seixas-vence-joao-almeida-no-alto-da-foia\/","name":"Volta ao Algarve: Paul Seixas vence Jo\u00e3o Almeida no alto da F\u00f3ia - Portal Tela Portugal","isPartOf":{"@id":"https:\/\/portaltela.pt\/#website"},"primaryImageOfPage":{"@id":"https:\/\/portaltela.pt\/noticias\/2026\/02\/19\/volta-ao-algarve-paul-seixas-vence-joao-almeida-no-alto-da-foia\/#primaryimage"},"image":{"@id":"https:\/\/portaltela.pt\/noticias\/2026\/02\/19\/volta-ao-algarve-paul-seixas-vence-joao-almeida-no-alto-da-foia\/#primaryimage"},"thumbnailUrl":"https:\/\/portaltela.pt\/s.01k8rhncp4jt1\/2026\/02\/img_1280x721uu2026-02-19-23-19-04-2267838.jpg","datePublished":"2026-02-20T01:30:00+00:00","author":{"@id":"https:\/\/portaltela.pt\/#\/schema\/person\/c4278d4a6028830caff9ee44b42d32ed"},"breadcrumb":{"@id":"https:\/\/portaltela.pt\/noticias\/2026\/02\/19\/volta-ao-algarve-paul-seixas-vence-joao-almeida-no-alto-da-foia\/#breadcrumb"},"inLanguage":"pt-PT","potentialAction":[{"@type":"ReadAction","target":["https:\/\/portaltela.pt\/noticias\/2026\/02\/19\/volta-ao-algarve-paul-seixas-vence-joao-almeida-no-alto-da-foia\/"]}]},{"@type":"ImageObject","inLanguage":"pt-PT","@id":"https:\/\/portaltela.pt\/noticias\/2026\/02\/19\/volta-ao-algarve-paul-seixas-vence-joao-almeida-no-alto-da-foia\/#primaryimage","url":"https:\/\/portaltela.pt\/s.01k8rhncp4jt1\/2026\/02\/img_1280x721uu2026-02-19-23-19-04-2267838.jpg","contentUrl":"https:\/\/portaltela.pt\/s.01k8rhncp4jt1\/2026\/02\/img_1280x721uu2026-02-19-23-19-04-2267838.jpg","width":796,"height":448,"caption":"Paul Seixas melhor no sprint"},{"@type":"BreadcrumbList","@id":"https:\/\/portaltela.pt\/noticias\/2026\/02\/19\/volta-ao-algarve-paul-seixas-vence-joao-almeida-no-alto-da-foia\/#breadcrumb","itemListElement":[{"@type":"ListItem","position":1,"name":"In\u00edcio","item":"https:\/\/portaltela.pt\/"},{"@type":"ListItem","position":2,"name":"Volta ao Algarve: Paul Seixas vence Jo\u00e3o Almeida no alto da F\u00f3ia"}]},{"@type":"WebSite","@id":"https:\/\/portaltela.pt\/#website","url":"https:\/\/portaltela.pt\/","name":"Portal Tela Portugal","description":"","potentialAction":[{"@type":"SearchAction","target":{"@type":"EntryPoint","urlTemplate":"https:\/\/portaltela.pt\/?s={search_term_string}"},"query-input":{"@type":"PropertyValueSpecification","valueRequired":true,"valueName":"search_term_string"}}],"inLanguage":"pt-PT"},{"@type":"Person","@id":"https:\/\/portaltela.pt\/#\/schema\/person\/c4278d4a6028830caff9ee44b42d32ed","name":"Telinha","image":{"@type":"ImageObject","inLanguage":"pt-PT","@id":"https:\/\/portaltela.pt\/s.01k8rhncp4jt1\/2025\/11\/talking-bot-125x125.png","url":"https:\/\/portaltela.pt\/s.01k8rhncp4jt1\/2025\/11\/talking-bot-125x125.png","contentUrl":"https:\/\/portaltela.pt\/s.01k8rhncp4jt1\/2025\/11\/talking-bot-125x125.png","caption":"Telinha"},"sameAs":["https:\/\/portaltela.pt\/"],"url":"https:\/\/portaltela.pt\/por\/367410592786\/"}]}},"_links":{"self":[{"href":"https:\/\/portaltela.pt\/api\/wp\/v2\/posts\/218528","targetHints":{"allow":["GET"]}}],"collection":[{"href":"https:\/\/portaltela.pt\/api\/wp\/v2\/posts"}],"about":[{"href":"https:\/\/portaltela.pt\/api\/wp\/v2\/types\/post"}],"author":[{"embeddable":true,"href":"https:\/\/portaltela.pt\/api\/wp\/v2\/users\/2"}],"replies":[{"embeddable":true,"href":"https:\/\/portaltela.pt\/api\/wp\/v2\/comments?post=218528"}],"version-history":[{"count":0,"href":"https:\/\/portaltela.pt\/api\/wp\/v2\/posts\/218528\/revisions"}],"wp:featuredmedia":[{"embeddable":true,"href":"https:\/\/portaltela.pt\/api\/wp\/v2\/media\/218529"}],"wp:attachment":[{"href":"https:\/\/portaltela.pt\/api\/wp\/v2\/media?parent=218528"}],"wp:term":[{"taxonomy":"category","embeddable":true,"href":"https:\/\/portaltela.pt\/api\/wp\/v2\/categories?post=218528"},{"taxonomy":"post_tag","embeddable":true,"href":"https:\/\/portaltela.pt\/api\/wp\/v2\/tags?post=218528"}],"curies":[{"name":"wp","href":"https:\/\/api.w.org\/{rel}","templated":true}]}}