{"id":218459,"date":"2026-02-19T21:34:00","date_gmt":"2026-02-20T00:34:00","guid":{"rendered":"https:\/\/portaltela.pt\/noticias\/2026\/02\/19\/trump-acusa-obama-de-divulgar-informacoes-confidenciais-sobre-extraterrestres\/"},"modified":"2026-02-19T21:34:00","modified_gmt":"2026-02-20T00:34:00","slug":"trump-acusa-obama-de-divulgar-informacoes-confidenciais-sobre-extraterrestres","status":"publish","type":"post","link":"https:\/\/portaltela.pt\/noticias\/politica\/2026\/02\/19\/trump-acusa-obama-de-divulgar-informacoes-confidenciais-sobre-extraterrestres\/","title":{"rendered":"Trump acusa Obama de divulgar informa\u00e7\u00f5es confidenciais sobre extraterrestres"},"content":{"rendered":"<p>Donald Trump acusou Barack Obama de divulgar informa\u00e7\u00f5es confidenciais ao sugerir, num podcast, a exist\u00eancia de extraterrestres. A declara\u00e7\u00e3o foi feita a bordo do Air Force One, enquanto comentava as \u00faltimas palavras do ex-presidente. O epis\u00f3dio elevou novamente as teorias de conspira\u00e7\u00e3o.<\/p>\n<p>O republicano afirmou que as palavras de Obama constitu\u00edram um erro grave e reiterou que n\u00e3o sabe se os seres s\u00e3o reais. A posi\u00e7\u00e3o de Obama ter\u00e1 causado pol\u00e9mica entre apoiantes e cr\u00edticos, motivando acalorados debates nas redes.<\/p>\n<p>Barack Obama disse, num podcast recente, que os extraterrestres existem, mas que n\u00e3o os viu. Acrescentou que, pelo que sabe, n\u00e3o existem instala\u00e7\u00f5es subterr\u00e2neas que ocultem a sua exist\u00eancia, conforme alguns te\u00f3ricos defendem.<\/p>\n<h3>Reac\u00e7\u00f5es e esclarecimentos<\/h3>\n<p>No fim de semana, Obama publicou um esclarecimento no Instagram, dizendo que os coment\u00e1rios eram para manter o tom descontra\u00eddo do programa. Acrescentou que, estatisticamente, a vida pode existir noutros lugares, mas as dist\u00e2ncias entre sistemas solares tornam improv\u00e1vel qualquer visita. N\u00e3o houve evid\u00eancia de contactos durante o mandato.<\/p>\n","protected":false},"excerpt":{"rendered":"<ul>\n<li>O presidente Donald Trump acusou Barack Obama de divulgar informa\u00e7\u00f5es confidenciais ao sugerir, num podcast, que extraterrestres existem.<\/li>\n<li>Trump afirmou que n\u00e3o sabe se s\u00e3o reais, mas considerou que Obama cometeu um grande erro, a bordo do Air Force One.<\/li>\n<li>Obama tinha dito, no podcast, que os extraterrestres s\u00e3o reais, por\u00e9m n\u00e3o os viu.<\/li>\n<li>Durante a entrevista, afirmou que, tanto quanto sabe, n\u00e3o existem instala\u00e7\u00f5es subterr\u00e2neas para ocultar a exist\u00eancia de vida extraterrestre.<\/li>\n<li>Ap\u00f3s a rea\u00e7\u00e3o nas redes, Obama esclareceu no Instagram que o objetivo era manter o tom descontra\u00eddo e que, estatisticamente, o universo pode albergar vida, mas n\u00e3o houve evid\u00eancia de contacto durante o seu mandato.<\/li>\n<\/ul>\n","protected":false},"author":2,"featured_media":218467,"comment_status":"closed","ping_status":"closed","sticky":false,"template":"","format":"standard","meta":{"footnotes":""},"categories":[1,5],"tags":[6044,5655,2560,4953,195,2832],"class_list":["post-218459","post","type-post","status-publish","format-standard","has-post-thumbnail","hentry","category-noticias","category-politica","tag-barack-obama","tag-conspiracao","tag-conspiracao-internacional","tag-donald-trump","tag-informacao","tag-politica"],"yoast_head":"<!-- This site is optimized with the Yoast SEO plugin v27.2 - https:\/\/yoast.com\/product\/yoast-seo-wordpress\/ -->\n<title>Trump acusa Obama de divulgar informa\u00e7\u00f5es confidenciais sobre extraterrestres - Portal Tela Portugal<\/title>\n<meta name=\"robots\" content=\"index, follow, max-snippet:-1, max-image-preview:large, max-video-preview:-1\" \/>\n<meta property=\"og:locale\" content=\"pt_PT\" \/>\n<meta property=\"og:type\" content=\"article\" \/>\n<meta property=\"og:title\" content=\"Trump acusa Obama de divulgar informa\u00e7\u00f5es confidenciais sobre extraterrestres - Portal Tela Portugal\" \/>\n<meta property=\"og:description\" content=\"O presidente Donald Trump acusou Barack Obama de divulgar informa\u00e7\u00f5es confidenciais ao sugerir, num podcast, que extraterrestres existem. Trump afirmou que n\u00e3o sabe se s\u00e3o reais, mas considerou que Obama cometeu um grande erro, a bordo do Air Force One. Obama tinha dito, no podcast, que os extraterrestres s\u00e3o reais, por\u00e9m n\u00e3o os viu. Durante a entrevista, afirmou que, tanto quanto sabe, n\u00e3o existem instala\u00e7\u00f5es subterr\u00e2neas para ocultar a exist\u00eancia de vida extraterrestre. Ap\u00f3s a rea\u00e7\u00e3o nas redes, Obama esclareceu no Instagram que o objetivo era manter o tom descontra\u00eddo e que, estatisticamente, o universo pode albergar vida, mas n\u00e3o houve evid\u00eancia de contacto durante o seu mandato.\" \/>\n<meta property=\"og:url\" content=\"https:\/\/portaltela.pt\/noticias\/2026\/02\/19\/trump-acusa-obama-de-divulgar-informacoes-confidenciais-sobre-extraterrestres\/\" \/>\n<meta property=\"og:site_name\" content=\"Portal Tela Portugal\" \/>\n<meta property=\"article:published_time\" content=\"2026-02-20T00:34:00+00:00\" \/>\n<meta name=\"author\" content=\"Telinha\" \/>\n<meta name=\"twitter:card\" content=\"summary_large_image\" \/>\n<meta name=\"twitter:label1\" content=\"Escrito por\" \/>\n\t<meta name=\"twitter:data1\" content=\"Telinha\" \/>\n\t<meta name=\"twitter:label2\" content=\"Tempo estimado de leitura\" \/>\n\t<meta name=\"twitter:data2\" content=\"1 minuto\" \/>\n<script type=\"application\/ld+json\" class=\"yoast-schema-graph\">{\"@context\":\"https:\/\/schema.org\",\"@graph\":[{\"@type\":\"Article\",\"@id\":\"https:\/\/portaltela.pt\/noticias\/2026\/02\/19\/trump-acusa-obama-de-divulgar-informacoes-confidenciais-sobre-extraterrestres\/#article\",\"isPartOf\":{\"@id\":\"https:\/\/portaltela.pt\/noticias\/2026\/02\/19\/trump-acusa-obama-de-divulgar-informacoes-confidenciais-sobre-extraterrestres\/\"},\"author\":{\"name\":\"Telinha\",\"@id\":\"https:\/\/portaltela.pt\/#\/schema\/person\/c4278d4a6028830caff9ee44b42d32ed\"},\"headline\":\"Trump acusa Obama de divulgar informa\u00e7\u00f5es confidenciais sobre extraterrestres\",\"datePublished\":\"2026-02-20T00:34:00+00:00\",\"mainEntityOfPage\":{\"@id\":\"https:\/\/portaltela.pt\/noticias\/2026\/02\/19\/trump-acusa-obama-de-divulgar-informacoes-confidenciais-sobre-extraterrestres\/\"},\"wordCount\":199,\"image\":{\"@id\":\"https:\/\/portaltela.pt\/noticias\/2026\/02\/19\/trump-acusa-obama-de-divulgar-informacoes-confidenciais-sobre-extraterrestres\/#primaryimage\"},\"thumbnailUrl\":\"https:\/\/portaltela.pt\/s.01k8rhncp4jt1\/2026\/02\/image-1461.jpg\",\"keywords\":[\"Barack Obama\",\"conspira\u00e7\u00e3o\",\"conspira\u00e7\u00e3o internacional\",\"Donald Trump\",\"informa\u00e7\u00e3o\",\"pol\u00edtica\"],\"articleSection\":[\"Not\u00edcias\",\"Pol\u00edtica\"],\"inLanguage\":\"pt-PT\"},{\"@type\":\"WebPage\",\"@id\":\"https:\/\/portaltela.pt\/noticias\/2026\/02\/19\/trump-acusa-obama-de-divulgar-informacoes-confidenciais-sobre-extraterrestres\/\",\"url\":\"https:\/\/portaltela.pt\/noticias\/2026\/02\/19\/trump-acusa-obama-de-divulgar-informacoes-confidenciais-sobre-extraterrestres\/\",\"name\":\"Trump acusa Obama de divulgar informa\u00e7\u00f5es confidenciais sobre extraterrestres - Portal Tela Portugal\",\"isPartOf\":{\"@id\":\"https:\/\/portaltela.pt\/#website\"},\"primaryImageOfPage\":{\"@id\":\"https:\/\/portaltela.pt\/noticias\/2026\/02\/19\/trump-acusa-obama-de-divulgar-informacoes-confidenciais-sobre-extraterrestres\/#primaryimage\"},\"image\":{\"@id\":\"https:\/\/portaltela.pt\/noticias\/2026\/02\/19\/trump-acusa-obama-de-divulgar-informacoes-confidenciais-sobre-extraterrestres\/#primaryimage\"},\"thumbnailUrl\":\"https:\/\/portaltela.pt\/s.01k8rhncp4jt1\/2026\/02\/image-1461.jpg\",\"datePublished\":\"2026-02-20T00:34:00+00:00\",\"author\":{\"@id\":\"https:\/\/portaltela.pt\/#\/schema\/person\/c4278d4a6028830caff9ee44b42d32ed\"},\"breadcrumb\":{\"@id\":\"https:\/\/portaltela.pt\/noticias\/2026\/02\/19\/trump-acusa-obama-de-divulgar-informacoes-confidenciais-sobre-extraterrestres\/#breadcrumb\"},\"inLanguage\":\"pt-PT\",\"potentialAction\":[{\"@type\":\"ReadAction\",\"target\":[\"https:\/\/portaltela.pt\/noticias\/2026\/02\/19\/trump-acusa-obama-de-divulgar-informacoes-confidenciais-sobre-extraterrestres\/\"]}]},{\"@type\":\"ImageObject\",\"inLanguage\":\"pt-PT\",\"@id\":\"https:\/\/portaltela.pt\/noticias\/2026\/02\/19\/trump-acusa-obama-de-divulgar-informacoes-confidenciais-sobre-extraterrestres\/#primaryimage\",\"url\":\"https:\/\/portaltela.pt\/s.01k8rhncp4jt1\/2026\/02\/image-1461.jpg\",\"contentUrl\":\"https:\/\/portaltela.pt\/s.01k8rhncp4jt1\/2026\/02\/image-1461.jpg\",\"width\":796,\"height\":448,\"caption\":\"O antigo presidente dos EUA Barack Obama com o atual l\u00edder norte-americano Donald Trump\"},{\"@type\":\"BreadcrumbList\",\"@id\":\"https:\/\/portaltela.pt\/noticias\/2026\/02\/19\/trump-acusa-obama-de-divulgar-informacoes-confidenciais-sobre-extraterrestres\/#breadcrumb\",\"itemListElement\":[{\"@type\":\"ListItem\",\"position\":1,\"name\":\"In\u00edcio\",\"item\":\"https:\/\/portaltela.pt\/\"},{\"@type\":\"ListItem\",\"position\":2,\"name\":\"Trump acusa Obama de divulgar informa\u00e7\u00f5es confidenciais sobre extraterrestres\"}]},{\"@type\":\"WebSite\",\"@id\":\"https:\/\/portaltela.pt\/#website\",\"url\":\"https:\/\/portaltela.pt\/\",\"name\":\"Portal Tela Portugal\",\"description\":\"\",\"potentialAction\":[{\"@type\":\"SearchAction\",\"target\":{\"@type\":\"EntryPoint\",\"urlTemplate\":\"https:\/\/portaltela.pt\/?s={search_term_string}\"},\"query-input\":{\"@type\":\"PropertyValueSpecification\",\"valueRequired\":true,\"valueName\":\"search_term_string\"}}],\"inLanguage\":\"pt-PT\"},{\"@type\":\"Person\",\"@id\":\"https:\/\/portaltela.pt\/#\/schema\/person\/c4278d4a6028830caff9ee44b42d32ed\",\"name\":\"Telinha\",\"image\":{\"@type\":\"ImageObject\",\"inLanguage\":\"pt-PT\",\"@id\":\"https:\/\/portaltela.pt\/s.01k8rhncp4jt1\/2025\/11\/talking-bot-125x125.png\",\"url\":\"https:\/\/portaltela.pt\/s.01k8rhncp4jt1\/2025\/11\/talking-bot-125x125.png\",\"contentUrl\":\"https:\/\/portaltela.pt\/s.01k8rhncp4jt1\/2025\/11\/talking-bot-125x125.png\",\"caption\":\"Telinha\"},\"sameAs\":[\"https:\/\/portaltela.pt\/\"],\"url\":\"https:\/\/portaltela.pt\/por\/367410592786\/\"}]}<\/script>\n<!-- \/ Yoast SEO plugin. -->","yoast_head_json":{"title":"Trump acusa Obama de divulgar informa\u00e7\u00f5es confidenciais sobre extraterrestres - Portal Tela Portugal","robots":{"index":"index","follow":"follow","max-snippet":"max-snippet:-1","max-image-preview":"max-image-preview:large","max-video-preview":"max-video-preview:-1"},"og_locale":"pt_PT","og_type":"article","og_title":"Trump acusa Obama de divulgar informa\u00e7\u00f5es confidenciais sobre extraterrestres - Portal Tela Portugal","og_description":"O presidente Donald Trump acusou Barack Obama de divulgar informa\u00e7\u00f5es confidenciais ao sugerir, num podcast, que extraterrestres existem. Trump afirmou que n\u00e3o sabe se s\u00e3o reais, mas considerou que Obama cometeu um grande erro, a bordo do Air Force One. Obama tinha dito, no podcast, que os extraterrestres s\u00e3o reais, por\u00e9m n\u00e3o os viu. Durante a entrevista, afirmou que, tanto quanto sabe, n\u00e3o existem instala\u00e7\u00f5es subterr\u00e2neas para ocultar a exist\u00eancia de vida extraterrestre. Ap\u00f3s a rea\u00e7\u00e3o nas redes, Obama esclareceu no Instagram que o objetivo era manter o tom descontra\u00eddo e que, estatisticamente, o universo pode albergar vida, mas n\u00e3o houve evid\u00eancia de contacto durante o seu mandato.","og_url":"https:\/\/portaltela.pt\/noticias\/2026\/02\/19\/trump-acusa-obama-de-divulgar-informacoes-confidenciais-sobre-extraterrestres\/","og_site_name":"Portal Tela Portugal","article_published_time":"2026-02-20T00:34:00+00:00","author":"Telinha","twitter_card":"summary_large_image","twitter_misc":{"Escrito por":"Telinha","Tempo estimado de leitura":"1 minuto"},"schema":{"@context":"https:\/\/schema.org","@graph":[{"@type":"Article","@id":"https:\/\/portaltela.pt\/noticias\/2026\/02\/19\/trump-acusa-obama-de-divulgar-informacoes-confidenciais-sobre-extraterrestres\/#article","isPartOf":{"@id":"https:\/\/portaltela.pt\/noticias\/2026\/02\/19\/trump-acusa-obama-de-divulgar-informacoes-confidenciais-sobre-extraterrestres\/"},"author":{"name":"Telinha","@id":"https:\/\/portaltela.pt\/#\/schema\/person\/c4278d4a6028830caff9ee44b42d32ed"},"headline":"Trump acusa Obama de divulgar informa\u00e7\u00f5es confidenciais sobre extraterrestres","datePublished":"2026-02-20T00:34:00+00:00","mainEntityOfPage":{"@id":"https:\/\/portaltela.pt\/noticias\/2026\/02\/19\/trump-acusa-obama-de-divulgar-informacoes-confidenciais-sobre-extraterrestres\/"},"wordCount":199,"image":{"@id":"https:\/\/portaltela.pt\/noticias\/2026\/02\/19\/trump-acusa-obama-de-divulgar-informacoes-confidenciais-sobre-extraterrestres\/#primaryimage"},"thumbnailUrl":"https:\/\/portaltela.pt\/s.01k8rhncp4jt1\/2026\/02\/image-1461.jpg","keywords":["Barack Obama","conspira\u00e7\u00e3o","conspira\u00e7\u00e3o internacional","Donald Trump","informa\u00e7\u00e3o","pol\u00edtica"],"articleSection":["Not\u00edcias","Pol\u00edtica"],"inLanguage":"pt-PT"},{"@type":"WebPage","@id":"https:\/\/portaltela.pt\/noticias\/2026\/02\/19\/trump-acusa-obama-de-divulgar-informacoes-confidenciais-sobre-extraterrestres\/","url":"https:\/\/portaltela.pt\/noticias\/2026\/02\/19\/trump-acusa-obama-de-divulgar-informacoes-confidenciais-sobre-extraterrestres\/","name":"Trump acusa Obama de divulgar informa\u00e7\u00f5es confidenciais sobre extraterrestres - Portal Tela Portugal","isPartOf":{"@id":"https:\/\/portaltela.pt\/#website"},"primaryImageOfPage":{"@id":"https:\/\/portaltela.pt\/noticias\/2026\/02\/19\/trump-acusa-obama-de-divulgar-informacoes-confidenciais-sobre-extraterrestres\/#primaryimage"},"image":{"@id":"https:\/\/portaltela.pt\/noticias\/2026\/02\/19\/trump-acusa-obama-de-divulgar-informacoes-confidenciais-sobre-extraterrestres\/#primaryimage"},"thumbnailUrl":"https:\/\/portaltela.pt\/s.01k8rhncp4jt1\/2026\/02\/image-1461.jpg","datePublished":"2026-02-20T00:34:00+00:00","author":{"@id":"https:\/\/portaltela.pt\/#\/schema\/person\/c4278d4a6028830caff9ee44b42d32ed"},"breadcrumb":{"@id":"https:\/\/portaltela.pt\/noticias\/2026\/02\/19\/trump-acusa-obama-de-divulgar-informacoes-confidenciais-sobre-extraterrestres\/#breadcrumb"},"inLanguage":"pt-PT","potentialAction":[{"@type":"ReadAction","target":["https:\/\/portaltela.pt\/noticias\/2026\/02\/19\/trump-acusa-obama-de-divulgar-informacoes-confidenciais-sobre-extraterrestres\/"]}]},{"@type":"ImageObject","inLanguage":"pt-PT","@id":"https:\/\/portaltela.pt\/noticias\/2026\/02\/19\/trump-acusa-obama-de-divulgar-informacoes-confidenciais-sobre-extraterrestres\/#primaryimage","url":"https:\/\/portaltela.pt\/s.01k8rhncp4jt1\/2026\/02\/image-1461.jpg","contentUrl":"https:\/\/portaltela.pt\/s.01k8rhncp4jt1\/2026\/02\/image-1461.jpg","width":796,"height":448,"caption":"O antigo presidente dos EUA Barack Obama com o atual l\u00edder norte-americano Donald Trump"},{"@type":"BreadcrumbList","@id":"https:\/\/portaltela.pt\/noticias\/2026\/02\/19\/trump-acusa-obama-de-divulgar-informacoes-confidenciais-sobre-extraterrestres\/#breadcrumb","itemListElement":[{"@type":"ListItem","position":1,"name":"In\u00edcio","item":"https:\/\/portaltela.pt\/"},{"@type":"ListItem","position":2,"name":"Trump acusa Obama de divulgar informa\u00e7\u00f5es confidenciais sobre extraterrestres"}]},{"@type":"WebSite","@id":"https:\/\/portaltela.pt\/#website","url":"https:\/\/portaltela.pt\/","name":"Portal Tela Portugal","description":"","potentialAction":[{"@type":"SearchAction","target":{"@type":"EntryPoint","urlTemplate":"https:\/\/portaltela.pt\/?s={search_term_string}"},"query-input":{"@type":"PropertyValueSpecification","valueRequired":true,"valueName":"search_term_string"}}],"inLanguage":"pt-PT"},{"@type":"Person","@id":"https:\/\/portaltela.pt\/#\/schema\/person\/c4278d4a6028830caff9ee44b42d32ed","name":"Telinha","image":{"@type":"ImageObject","inLanguage":"pt-PT","@id":"https:\/\/portaltela.pt\/s.01k8rhncp4jt1\/2025\/11\/talking-bot-125x125.png","url":"https:\/\/portaltela.pt\/s.01k8rhncp4jt1\/2025\/11\/talking-bot-125x125.png","contentUrl":"https:\/\/portaltela.pt\/s.01k8rhncp4jt1\/2025\/11\/talking-bot-125x125.png","caption":"Telinha"},"sameAs":["https:\/\/portaltela.pt\/"],"url":"https:\/\/portaltela.pt\/por\/367410592786\/"}]}},"_links":{"self":[{"href":"https:\/\/portaltela.pt\/api\/wp\/v2\/posts\/218459","targetHints":{"allow":["GET"]}}],"collection":[{"href":"https:\/\/portaltela.pt\/api\/wp\/v2\/posts"}],"about":[{"href":"https:\/\/portaltela.pt\/api\/wp\/v2\/types\/post"}],"author":[{"embeddable":true,"href":"https:\/\/portaltela.pt\/api\/wp\/v2\/users\/2"}],"replies":[{"embeddable":true,"href":"https:\/\/portaltela.pt\/api\/wp\/v2\/comments?post=218459"}],"version-history":[{"count":0,"href":"https:\/\/portaltela.pt\/api\/wp\/v2\/posts\/218459\/revisions"}],"wp:featuredmedia":[{"embeddable":true,"href":"https:\/\/portaltela.pt\/api\/wp\/v2\/media\/218467"}],"wp:attachment":[{"href":"https:\/\/portaltela.pt\/api\/wp\/v2\/media?parent=218459"}],"wp:term":[{"taxonomy":"category","embeddable":true,"href":"https:\/\/portaltela.pt\/api\/wp\/v2\/categories?post=218459"},{"taxonomy":"post_tag","embeddable":true,"href":"https:\/\/portaltela.pt\/api\/wp\/v2\/tags?post=218459"}],"curies":[{"name":"wp","href":"https:\/\/api.w.org\/{rel}","templated":true}]}}