{"id":218433,"date":"2026-02-19T21:00:00","date_gmt":"2026-02-20T00:00:00","guid":{"rendered":"https:\/\/portaltela.pt\/noticias\/2026\/02\/19\/crises-e-a-gestao-analise-dos-mecanismos-de-resposta\/"},"modified":"2026-02-19T21:00:00","modified_gmt":"2026-02-20T00:00:00","slug":"crises-e-a-gestao-analise-dos-mecanismos-de-resposta","status":"publish","type":"post","link":"https:\/\/portaltela.pt\/noticias\/politica\/2026\/02\/19\/crises-e-a-gestao-analise-dos-mecanismos-de-resposta\/","title":{"rendered":"Crises e a gest\u00e3o: an\u00e1lise dos mecanismos de resposta"},"content":{"rendered":"<p>O inverno est\u00e1 a revelar-se marcado por fen\u00f3menos clim\u00e1ticos extremos, al\u00e9m da chuva intensa. A discuss\u00e3o centra-se na gest\u00e3o das crises e na diferen\u00e7a entre realidade e perce\u00e7\u00e3o.<\/p>\n<p>No dia 28 de janeiro, um fort\u00edssimo temporal ligado \u00e0 depress\u00e3o Kristin fustigou a Zona Centro, sobretudo Leiria, com ventos pr\u00f3ximos dos 200 km\/h. Houve danos significativos: postes de alta tens\u00e3o ca\u00eddos, estruturas danificadas, \u00e1rvores derrubadas e habita\u00e7\u00f5es destru\u00eddas.<\/p>\n<p>Durante a madrugada, o cen\u00e1rio de destrui\u00e7\u00e3o foi evidente nas implica\u00e7\u00f5es locais. O l\u00edder do Governo e a ministra da Administra\u00e7\u00e3o Interna enfrentaram perguntas sobre a dimens\u00e3o da crise e a efic\u00e1cia da comunica\u00e7\u00e3o de crise.<\/p>\n<h3>Gest\u00e3o de crises e timing<\/h3>\n<p>Pouco depois, as cheias obrigaram a acionar o sistema de gest\u00e3o integrada de caudais. Os canais do Mondego, entre Coimbra e Montemor-o-Velho, ganharam destaque na cobertura medi\u00e1tica, com imagens em direto dos danos.<\/p>\n<p>Destes eventos emergiu o reconhecimento de uma decis\u00e3o antecipada de fechar a A1, medida que ter\u00e1 evitado consequ\u00eancias graves. Contudo, esse facto permaneceu ocultado em parte da cobertura p\u00fablica.<\/p>\n<p>A crise atual discute-se mais pela percep\u00e7\u00e3o p\u00fablica do que pela realidade operacional. A gest\u00e3o de crises continua dependente da coordena\u00e7\u00e3o entre autoridades e servi\u00e7os de prote\u00e7\u00e3o civil, e n\u00e3o apenas de dados t\u00e9cnicos.<\/p>\n","protected":false},"excerpt":{"rendered":"<ul>\n<li>Em 28 de janeiro, um temporal forte ligado \u00e0 depress\u00e3o Kristin atingiu a Zona Centro, principalmente o distrito de Leiria, com ventos pr\u00f3ximos de 200 km\/h e danos significativos.<\/li>\n<li>Prote\u00e7\u00f5es derrubadas, postes de alta tens\u00e3o, estruturas, \u00e1rvores e telhados destru\u00eddos causaram danos a casas e armaz\u00e9ns durante a madrugada.<\/li>\n<li>Dois dias depois, o autor da pe\u00e7a acompanhou a \u00e1rea e questionou a percep\u00e7\u00e3o da gravidade pela lideran\u00e7a, sugerindo falhas no sistema de comunica\u00e7\u00e3o de crise.<\/li>\n<li>Subsequentes chuvas torrenciais colocaram \u00e0 prova o sistema de gest\u00e3o integrada de caudais, com o Mondego e os diques em Coimbra e Montemor-o-Velho a constitu\u00edrem o foco medi\u00e1tico.<\/li>\n<li>Destaca-se a antecipa\u00e7\u00e3o do corte da A1 como medida prudente, mas houve pouco destaque ao m\u00e9rito dessa decis\u00e3o, levando a uma sensa\u00e7\u00e3o de sil\u00eancio sobre o assunto.<\/li>\n<\/ul>\n","protected":false},"author":2,"featured_media":218435,"comment_status":"closed","ping_status":"closed","sticky":false,"template":"","format":"standard","meta":{"footnotes":""},"categories":[1,5],"tags":[5224,6063,2415,1385,320,5545],"class_list":["post-218433","post","type-post","status-publish","format-standard","has-post-thumbnail","hentry","category-noticias","category-politica","tag-clima","tag-desastres","tag-gestao","tag-leiria","tag-protecao-civil","tag-zona-centro"],"yoast_head":"<!-- This site is optimized with the Yoast SEO plugin v27.2 - https:\/\/yoast.com\/product\/yoast-seo-wordpress\/ -->\n<title>Crises e a gest\u00e3o: an\u00e1lise dos mecanismos de resposta - Portal Tela Portugal<\/title>\n<meta name=\"robots\" content=\"index, follow, max-snippet:-1, max-image-preview:large, max-video-preview:-1\" \/>\n<meta property=\"og:locale\" content=\"pt_PT\" \/>\n<meta property=\"og:type\" content=\"article\" \/>\n<meta property=\"og:title\" content=\"Crises e a gest\u00e3o: an\u00e1lise dos mecanismos de resposta - Portal Tela Portugal\" \/>\n<meta property=\"og:description\" content=\"Em 28 de janeiro, um temporal forte ligado \u00e0 depress\u00e3o Kristin atingiu a Zona Centro, principalmente o distrito de Leiria, com ventos pr\u00f3ximos de 200 km\/h e danos significativos. Prote\u00e7\u00f5es derrubadas, postes de alta tens\u00e3o, estruturas, \u00e1rvores e telhados destru\u00eddos causaram danos a casas e armaz\u00e9ns durante a madrugada. Dois dias depois, o autor da pe\u00e7a acompanhou a \u00e1rea e questionou a percep\u00e7\u00e3o da gravidade pela lideran\u00e7a, sugerindo falhas no sistema de comunica\u00e7\u00e3o de crise. Subsequentes chuvas torrenciais colocaram \u00e0 prova o sistema de gest\u00e3o integrada de caudais, com o Mondego e os diques em Coimbra e Montemor-o-Velho a constitu\u00edrem o foco medi\u00e1tico. Destaca-se a antecipa\u00e7\u00e3o do corte da A1 como medida prudente, mas houve pouco destaque ao m\u00e9rito dessa decis\u00e3o, levando a uma sensa\u00e7\u00e3o de sil\u00eancio sobre o assunto.\" \/>\n<meta property=\"og:url\" content=\"https:\/\/portaltela.pt\/noticias\/2026\/02\/19\/crises-e-a-gestao-analise-dos-mecanismos-de-resposta\/\" \/>\n<meta property=\"og:site_name\" content=\"Portal Tela Portugal\" \/>\n<meta property=\"article:published_time\" content=\"2026-02-20T00:00:00+00:00\" \/>\n<meta name=\"author\" content=\"Telinha\" \/>\n<meta name=\"twitter:card\" content=\"summary_large_image\" \/>\n<meta name=\"twitter:label1\" content=\"Escrito por\" \/>\n\t<meta name=\"twitter:data1\" content=\"Telinha\" \/>\n\t<meta name=\"twitter:label2\" content=\"Tempo estimado de leitura\" \/>\n\t<meta name=\"twitter:data2\" content=\"1 minuto\" \/>\n<script type=\"application\/ld+json\" class=\"yoast-schema-graph\">{\"@context\":\"https:\/\/schema.org\",\"@graph\":[{\"@type\":\"Article\",\"@id\":\"https:\/\/portaltela.pt\/noticias\/2026\/02\/19\/crises-e-a-gestao-analise-dos-mecanismos-de-resposta\/#article\",\"isPartOf\":{\"@id\":\"https:\/\/portaltela.pt\/noticias\/2026\/02\/19\/crises-e-a-gestao-analise-dos-mecanismos-de-resposta\/\"},\"author\":{\"name\":\"Telinha\",\"@id\":\"https:\/\/portaltela.pt\/#\/schema\/person\/c4278d4a6028830caff9ee44b42d32ed\"},\"headline\":\"Crises e a gest\u00e3o: an\u00e1lise dos mecanismos de resposta\",\"datePublished\":\"2026-02-20T00:00:00+00:00\",\"mainEntityOfPage\":{\"@id\":\"https:\/\/portaltela.pt\/noticias\/2026\/02\/19\/crises-e-a-gestao-analise-dos-mecanismos-de-resposta\/\"},\"wordCount\":249,\"image\":{\"@id\":\"https:\/\/portaltela.pt\/noticias\/2026\/02\/19\/crises-e-a-gestao-analise-dos-mecanismos-de-resposta\/#primaryimage\"},\"thumbnailUrl\":\"https:\/\/portaltela.pt\/s.01k8rhncp4jt1\/2026\/02\/d72ed6f3-7f87-4ff5-bf3c-1afd15d7e997_1200x675.jpg\",\"keywords\":[\"clima\",\"desastres\",\"gest\u00e3o\",\"Leiria\",\"prote\u00e7\u00e3o civil\",\"Zona Centro\"],\"articleSection\":[\"Not\u00edcias\",\"Pol\u00edtica\"],\"inLanguage\":\"pt-PT\"},{\"@type\":\"WebPage\",\"@id\":\"https:\/\/portaltela.pt\/noticias\/2026\/02\/19\/crises-e-a-gestao-analise-dos-mecanismos-de-resposta\/\",\"url\":\"https:\/\/portaltela.pt\/noticias\/2026\/02\/19\/crises-e-a-gestao-analise-dos-mecanismos-de-resposta\/\",\"name\":\"Crises e a gest\u00e3o: an\u00e1lise dos mecanismos de resposta - Portal Tela Portugal\",\"isPartOf\":{\"@id\":\"https:\/\/portaltela.pt\/#website\"},\"primaryImageOfPage\":{\"@id\":\"https:\/\/portaltela.pt\/noticias\/2026\/02\/19\/crises-e-a-gestao-analise-dos-mecanismos-de-resposta\/#primaryimage\"},\"image\":{\"@id\":\"https:\/\/portaltela.pt\/noticias\/2026\/02\/19\/crises-e-a-gestao-analise-dos-mecanismos-de-resposta\/#primaryimage\"},\"thumbnailUrl\":\"https:\/\/portaltela.pt\/s.01k8rhncp4jt1\/2026\/02\/d72ed6f3-7f87-4ff5-bf3c-1afd15d7e997_1200x675.jpg\",\"datePublished\":\"2026-02-20T00:00:00+00:00\",\"author\":{\"@id\":\"https:\/\/portaltela.pt\/#\/schema\/person\/c4278d4a6028830caff9ee44b42d32ed\"},\"breadcrumb\":{\"@id\":\"https:\/\/portaltela.pt\/noticias\/2026\/02\/19\/crises-e-a-gestao-analise-dos-mecanismos-de-resposta\/#breadcrumb\"},\"inLanguage\":\"pt-PT\",\"potentialAction\":[{\"@type\":\"ReadAction\",\"target\":[\"https:\/\/portaltela.pt\/noticias\/2026\/02\/19\/crises-e-a-gestao-analise-dos-mecanismos-de-resposta\/\"]}]},{\"@type\":\"ImageObject\",\"inLanguage\":\"pt-PT\",\"@id\":\"https:\/\/portaltela.pt\/noticias\/2026\/02\/19\/crises-e-a-gestao-analise-dos-mecanismos-de-resposta\/#primaryimage\",\"url\":\"https:\/\/portaltela.pt\/s.01k8rhncp4jt1\/2026\/02\/d72ed6f3-7f87-4ff5-bf3c-1afd15d7e997_1200x675.jpg\",\"contentUrl\":\"https:\/\/portaltela.pt\/s.01k8rhncp4jt1\/2026\/02\/d72ed6f3-7f87-4ff5-bf3c-1afd15d7e997_1200x675.jpg\",\"width\":796,\"height\":448,\"caption\":\"Photo\"},{\"@type\":\"BreadcrumbList\",\"@id\":\"https:\/\/portaltela.pt\/noticias\/2026\/02\/19\/crises-e-a-gestao-analise-dos-mecanismos-de-resposta\/#breadcrumb\",\"itemListElement\":[{\"@type\":\"ListItem\",\"position\":1,\"name\":\"In\u00edcio\",\"item\":\"https:\/\/portaltela.pt\/\"},{\"@type\":\"ListItem\",\"position\":2,\"name\":\"Crises e a gest\u00e3o: an\u00e1lise dos mecanismos de resposta\"}]},{\"@type\":\"WebSite\",\"@id\":\"https:\/\/portaltela.pt\/#website\",\"url\":\"https:\/\/portaltela.pt\/\",\"name\":\"Portal Tela Portugal\",\"description\":\"\",\"potentialAction\":[{\"@type\":\"SearchAction\",\"target\":{\"@type\":\"EntryPoint\",\"urlTemplate\":\"https:\/\/portaltela.pt\/?s={search_term_string}\"},\"query-input\":{\"@type\":\"PropertyValueSpecification\",\"valueRequired\":true,\"valueName\":\"search_term_string\"}}],\"inLanguage\":\"pt-PT\"},{\"@type\":\"Person\",\"@id\":\"https:\/\/portaltela.pt\/#\/schema\/person\/c4278d4a6028830caff9ee44b42d32ed\",\"name\":\"Telinha\",\"image\":{\"@type\":\"ImageObject\",\"inLanguage\":\"pt-PT\",\"@id\":\"https:\/\/portaltela.pt\/s.01k8rhncp4jt1\/2025\/11\/talking-bot-125x125.png\",\"url\":\"https:\/\/portaltela.pt\/s.01k8rhncp4jt1\/2025\/11\/talking-bot-125x125.png\",\"contentUrl\":\"https:\/\/portaltela.pt\/s.01k8rhncp4jt1\/2025\/11\/talking-bot-125x125.png\",\"caption\":\"Telinha\"},\"sameAs\":[\"https:\/\/portaltela.pt\/\"],\"url\":\"https:\/\/portaltela.pt\/por\/367410592786\/\"}]}<\/script>\n<!-- \/ Yoast SEO plugin. -->","yoast_head_json":{"title":"Crises e a gest\u00e3o: an\u00e1lise dos mecanismos de resposta - Portal Tela Portugal","robots":{"index":"index","follow":"follow","max-snippet":"max-snippet:-1","max-image-preview":"max-image-preview:large","max-video-preview":"max-video-preview:-1"},"og_locale":"pt_PT","og_type":"article","og_title":"Crises e a gest\u00e3o: an\u00e1lise dos mecanismos de resposta - Portal Tela Portugal","og_description":"Em 28 de janeiro, um temporal forte ligado \u00e0 depress\u00e3o Kristin atingiu a Zona Centro, principalmente o distrito de Leiria, com ventos pr\u00f3ximos de 200 km\/h e danos significativos. Prote\u00e7\u00f5es derrubadas, postes de alta tens\u00e3o, estruturas, \u00e1rvores e telhados destru\u00eddos causaram danos a casas e armaz\u00e9ns durante a madrugada. Dois dias depois, o autor da pe\u00e7a acompanhou a \u00e1rea e questionou a percep\u00e7\u00e3o da gravidade pela lideran\u00e7a, sugerindo falhas no sistema de comunica\u00e7\u00e3o de crise. Subsequentes chuvas torrenciais colocaram \u00e0 prova o sistema de gest\u00e3o integrada de caudais, com o Mondego e os diques em Coimbra e Montemor-o-Velho a constitu\u00edrem o foco medi\u00e1tico. Destaca-se a antecipa\u00e7\u00e3o do corte da A1 como medida prudente, mas houve pouco destaque ao m\u00e9rito dessa decis\u00e3o, levando a uma sensa\u00e7\u00e3o de sil\u00eancio sobre o assunto.","og_url":"https:\/\/portaltela.pt\/noticias\/2026\/02\/19\/crises-e-a-gestao-analise-dos-mecanismos-de-resposta\/","og_site_name":"Portal Tela Portugal","article_published_time":"2026-02-20T00:00:00+00:00","author":"Telinha","twitter_card":"summary_large_image","twitter_misc":{"Escrito por":"Telinha","Tempo estimado de leitura":"1 minuto"},"schema":{"@context":"https:\/\/schema.org","@graph":[{"@type":"Article","@id":"https:\/\/portaltela.pt\/noticias\/2026\/02\/19\/crises-e-a-gestao-analise-dos-mecanismos-de-resposta\/#article","isPartOf":{"@id":"https:\/\/portaltela.pt\/noticias\/2026\/02\/19\/crises-e-a-gestao-analise-dos-mecanismos-de-resposta\/"},"author":{"name":"Telinha","@id":"https:\/\/portaltela.pt\/#\/schema\/person\/c4278d4a6028830caff9ee44b42d32ed"},"headline":"Crises e a gest\u00e3o: an\u00e1lise dos mecanismos de resposta","datePublished":"2026-02-20T00:00:00+00:00","mainEntityOfPage":{"@id":"https:\/\/portaltela.pt\/noticias\/2026\/02\/19\/crises-e-a-gestao-analise-dos-mecanismos-de-resposta\/"},"wordCount":249,"image":{"@id":"https:\/\/portaltela.pt\/noticias\/2026\/02\/19\/crises-e-a-gestao-analise-dos-mecanismos-de-resposta\/#primaryimage"},"thumbnailUrl":"https:\/\/portaltela.pt\/s.01k8rhncp4jt1\/2026\/02\/d72ed6f3-7f87-4ff5-bf3c-1afd15d7e997_1200x675.jpg","keywords":["clima","desastres","gest\u00e3o","Leiria","prote\u00e7\u00e3o civil","Zona Centro"],"articleSection":["Not\u00edcias","Pol\u00edtica"],"inLanguage":"pt-PT"},{"@type":"WebPage","@id":"https:\/\/portaltela.pt\/noticias\/2026\/02\/19\/crises-e-a-gestao-analise-dos-mecanismos-de-resposta\/","url":"https:\/\/portaltela.pt\/noticias\/2026\/02\/19\/crises-e-a-gestao-analise-dos-mecanismos-de-resposta\/","name":"Crises e a gest\u00e3o: an\u00e1lise dos mecanismos de resposta - Portal Tela Portugal","isPartOf":{"@id":"https:\/\/portaltela.pt\/#website"},"primaryImageOfPage":{"@id":"https:\/\/portaltela.pt\/noticias\/2026\/02\/19\/crises-e-a-gestao-analise-dos-mecanismos-de-resposta\/#primaryimage"},"image":{"@id":"https:\/\/portaltela.pt\/noticias\/2026\/02\/19\/crises-e-a-gestao-analise-dos-mecanismos-de-resposta\/#primaryimage"},"thumbnailUrl":"https:\/\/portaltela.pt\/s.01k8rhncp4jt1\/2026\/02\/d72ed6f3-7f87-4ff5-bf3c-1afd15d7e997_1200x675.jpg","datePublished":"2026-02-20T00:00:00+00:00","author":{"@id":"https:\/\/portaltela.pt\/#\/schema\/person\/c4278d4a6028830caff9ee44b42d32ed"},"breadcrumb":{"@id":"https:\/\/portaltela.pt\/noticias\/2026\/02\/19\/crises-e-a-gestao-analise-dos-mecanismos-de-resposta\/#breadcrumb"},"inLanguage":"pt-PT","potentialAction":[{"@type":"ReadAction","target":["https:\/\/portaltela.pt\/noticias\/2026\/02\/19\/crises-e-a-gestao-analise-dos-mecanismos-de-resposta\/"]}]},{"@type":"ImageObject","inLanguage":"pt-PT","@id":"https:\/\/portaltela.pt\/noticias\/2026\/02\/19\/crises-e-a-gestao-analise-dos-mecanismos-de-resposta\/#primaryimage","url":"https:\/\/portaltela.pt\/s.01k8rhncp4jt1\/2026\/02\/d72ed6f3-7f87-4ff5-bf3c-1afd15d7e997_1200x675.jpg","contentUrl":"https:\/\/portaltela.pt\/s.01k8rhncp4jt1\/2026\/02\/d72ed6f3-7f87-4ff5-bf3c-1afd15d7e997_1200x675.jpg","width":796,"height":448,"caption":"Photo"},{"@type":"BreadcrumbList","@id":"https:\/\/portaltela.pt\/noticias\/2026\/02\/19\/crises-e-a-gestao-analise-dos-mecanismos-de-resposta\/#breadcrumb","itemListElement":[{"@type":"ListItem","position":1,"name":"In\u00edcio","item":"https:\/\/portaltela.pt\/"},{"@type":"ListItem","position":2,"name":"Crises e a gest\u00e3o: an\u00e1lise dos mecanismos de resposta"}]},{"@type":"WebSite","@id":"https:\/\/portaltela.pt\/#website","url":"https:\/\/portaltela.pt\/","name":"Portal Tela Portugal","description":"","potentialAction":[{"@type":"SearchAction","target":{"@type":"EntryPoint","urlTemplate":"https:\/\/portaltela.pt\/?s={search_term_string}"},"query-input":{"@type":"PropertyValueSpecification","valueRequired":true,"valueName":"search_term_string"}}],"inLanguage":"pt-PT"},{"@type":"Person","@id":"https:\/\/portaltela.pt\/#\/schema\/person\/c4278d4a6028830caff9ee44b42d32ed","name":"Telinha","image":{"@type":"ImageObject","inLanguage":"pt-PT","@id":"https:\/\/portaltela.pt\/s.01k8rhncp4jt1\/2025\/11\/talking-bot-125x125.png","url":"https:\/\/portaltela.pt\/s.01k8rhncp4jt1\/2025\/11\/talking-bot-125x125.png","contentUrl":"https:\/\/portaltela.pt\/s.01k8rhncp4jt1\/2025\/11\/talking-bot-125x125.png","caption":"Telinha"},"sameAs":["https:\/\/portaltela.pt\/"],"url":"https:\/\/portaltela.pt\/por\/367410592786\/"}]}},"_links":{"self":[{"href":"https:\/\/portaltela.pt\/api\/wp\/v2\/posts\/218433","targetHints":{"allow":["GET"]}}],"collection":[{"href":"https:\/\/portaltela.pt\/api\/wp\/v2\/posts"}],"about":[{"href":"https:\/\/portaltela.pt\/api\/wp\/v2\/types\/post"}],"author":[{"embeddable":true,"href":"https:\/\/portaltela.pt\/api\/wp\/v2\/users\/2"}],"replies":[{"embeddable":true,"href":"https:\/\/portaltela.pt\/api\/wp\/v2\/comments?post=218433"}],"version-history":[{"count":0,"href":"https:\/\/portaltela.pt\/api\/wp\/v2\/posts\/218433\/revisions"}],"wp:featuredmedia":[{"embeddable":true,"href":"https:\/\/portaltela.pt\/api\/wp\/v2\/media\/218435"}],"wp:attachment":[{"href":"https:\/\/portaltela.pt\/api\/wp\/v2\/media?parent=218433"}],"wp:term":[{"taxonomy":"category","embeddable":true,"href":"https:\/\/portaltela.pt\/api\/wp\/v2\/categories?post=218433"},{"taxonomy":"post_tag","embeddable":true,"href":"https:\/\/portaltela.pt\/api\/wp\/v2\/tags?post=218433"}],"curies":[{"name":"wp","href":"https:\/\/api.w.org\/{rel}","templated":true}]}}