{"id":218407,"date":"2026-02-19T20:19:18","date_gmt":"2026-02-19T23:19:18","guid":{"rendered":"https:\/\/portaltela.pt\/noticias\/2026\/02\/19\/governo-dos-acores-destaca-melhorias-nos-indicadores-de-alcool-e-droga\/"},"modified":"2026-02-19T20:19:18","modified_gmt":"2026-02-19T23:19:18","slug":"governo-dos-acores-destaca-melhorias-nos-indicadores-de-alcool-e-droga","status":"publish","type":"post","link":"https:\/\/portaltela.pt\/noticias\/2026\/02\/19\/governo-dos-acores-destaca-melhorias-nos-indicadores-de-alcool-e-droga\/","title":{"rendered":"Governo dos A\u00e7ores destaca melhorias nos indicadores de \u00e1lcool e droga"},"content":{"rendered":"<p>O Governo Regional dos A\u00e7ores destacou, nesta quinta-feira, melhorias consistentes nos indicadores de consumo de \u00e1lcool e drogas na regi\u00e3o. Os relat\u00f3rios recentes, do ICAD, apontam um caminho de refor\u00e7o das respostas p\u00fablicas e da preven\u00e7\u00e3o.<\/p>\n<p>A Dire\u00e7\u00e3o Regional de Preven\u00e7\u00e3o e Combate \u00e0s Depend\u00eancias afirma que os resultados comprovam efeitos das medidas implementadas, ainda que de forma gradual. O Governo real\u00e7a a ades\u00e3o a pol\u00edticas de preven\u00e7\u00e3o, tratamento e redu\u00e7\u00e3o de riscos.<\/p>\n<p>Os A\u00e7ores aparecem entre as regi\u00f5es com menor preval\u00eancia de consumo recente de qualquer droga na popula\u00e7\u00e3o entre 15 e 74 anos, acompanhando a descida nacional. Tamb\u00e9m afirmam ter ocorrido a descida mais expressiva do consumo recente de outras drogas que n\u00e3o can\u00e1bis face ao ano anterior.<\/p>\n<h3>Desempenho por droga e \u00e1lcool<\/h3>\n<p>Segundo o ICAD, os A\u00e7ores registaram a maior preval\u00eancia de consumo recente de outras drogas n\u00e3o can\u00e1bis no pa\u00eds (9%), comparando com 6% a 7% noutras regi\u00f5es. Mant\u00eam-se, contudo, n\u00edveis elevados de coca\u00edna e opi\u00e1ceos na regi\u00e3o.<\/p>\n<p>Em rela\u00e7\u00e3o ao consumo de \u00e1lcool, o Governo destaca uma das poucas regi\u00f5es com descidas simult\u00e2neas na embriaguez severa recente, tanto na popula\u00e7\u00e3o 15-74 como na faixa 15-34. Observa-se redu\u00e7\u00e3o de consumos de risco elevado\/nocivo ou depend\u00eancia.<\/p>\n<p>Apreens\u00f5es destacadas incluem a maior quantidade de buprenorfina apreendida e a totalidade da code\u00edna no territ\u00f3rio nacional, segundo o relat\u00f3rio.<\/p>\n<h3>Internamentos, mortalidade e anos de vida<\/h3>\n<p>Em 2024, registaram-se 790 internamentos hospitalares relacionados com \u00e1lcool, mais 36 que em 2023, embora seja uma queda significativa face a 2019 (1.026). Ainda assim, os A\u00e7ores apresentam a maior taxa de internamentos a n\u00edvel nacional (3,10%), a menor j\u00e1 registada na regi\u00e3o.<\/p>\n<p>Os dados indicam que os A\u00e7ores deixaram de ser a regi\u00e3o com maior mortalidade por doen\u00e7as atribu\u00edveis ao \u00e1lcool, caindo de 37,3% em 2022 para 29,1% em 2023. Em 2023 contabilizaram-se 71 \u00f3bitos por patologias associadas ao \u00e1lcool.<\/p>\n<p>Quanto aos anos potenciais de vida perdidos (APVP) por doen\u00e7as atribu\u00edveis ao \u00e1lcool, houve melhoria expressiva: 322,6 em 2023, face a 444,9 em 2022, a apenas Madeira (353,6) acima.<\/p>\n<h3>Conclus\u00e3o de leitura dos indicadores<\/h3>\n<p>Os dados de 2023\/2024 apontam para progressos relevantes na regi\u00e3o, com redu\u00e7\u00e3o de consumo de \u00e1lcool em determinados indicadores, e com melhoria nos dom\u00ednios de preven\u00e7\u00e3o e tratamento. O Governo refor\u00e7a a necessidade de continuar o trabalho conjunto entre parceiros para consolidar os progressos.<\/p>\n","protected":false},"excerpt":{"rendered":"<ul>\n<li>O Governo Regional dos A\u00e7ores afirma que os relat\u00f3rios do ICAD indicam um caminho sustentado de melhoria nos consumos de \u00e1lcool e drogas na regi\u00e3o.<\/li>\n<li>Os n\u00fameros apontam efeitos das medidas de preven\u00e7\u00e3o, tratamento e redu\u00e7\u00e3o de riscos, com melhoria gradual.<\/li>\n<li>Os A\u00e7ores aparecem entre as regi\u00f5es com menores preval\u00eancias de consumo recente de qualquer droga na popula\u00e7\u00e3o de 15 a 74 anos, acompanhando a descida nacional, com a descida mais expressiva em outras drogas que n\u00e3o can\u00e1bis.<\/li>\n<li>A preval\u00eancia de consumo recente de outras drogas n\u00e3o can\u00e1bis continua superior \u00e0 m\u00e9dia nacional (9%), com as maiores preval\u00eancias de coca\u00edna e opi\u00e1ceos; tamb\u00e9m houve maior apreens\u00e3o de buprenorfina e de code\u00edna.<\/li>\n<li>No \u00e1lcool, registaram-se descidas na embriaguez severa e redu\u00e7\u00e3o de consumos de risco\/nocivos; 2024 teve 790 internamentos por \u00e1lcool, a maior taxa do pa\u00eds mas a menor de sempre na regi\u00e3o desde 2019; a mortalidade por doen\u00e7as atribu\u00edveis ao \u00e1lcool caiu para 29,1% em 2023, com 71 \u00f3bitos, e os anos potenciais de vida perdidos foram 322,6 por 100 mil habitantes.<\/li>\n<\/ul>\n","protected":false},"author":2,"featured_media":218410,"comment_status":"closed","ping_status":"closed","sticky":false,"template":"","format":"standard","meta":{"footnotes":""},"categories":[1],"tags":[822,6051,6156,4347,5410,271],"class_list":["post-218407","post","type-post","status-publish","format-standard","has-post-thumbnail","hentry","category-noticias","tag-acores","tag-alcool","tag-dependencias","tag-drogas","tag-internamentos","tag-saude-publica"],"yoast_head":"<!-- This site is optimized with the Yoast SEO plugin v27.2 - https:\/\/yoast.com\/product\/yoast-seo-wordpress\/ -->\n<title>Governo dos A\u00e7ores destaca melhorias nos indicadores de \u00e1lcool e droga - Portal Tela Portugal<\/title>\n<meta name=\"robots\" content=\"index, follow, max-snippet:-1, max-image-preview:large, max-video-preview:-1\" \/>\n<meta property=\"og:locale\" content=\"pt_PT\" \/>\n<meta property=\"og:type\" content=\"article\" \/>\n<meta property=\"og:title\" content=\"Governo dos A\u00e7ores destaca melhorias nos indicadores de \u00e1lcool e droga - Portal Tela Portugal\" \/>\n<meta property=\"og:description\" content=\"O Governo Regional dos A\u00e7ores afirma que os relat\u00f3rios do ICAD indicam um caminho sustentado de melhoria nos consumos de \u00e1lcool e drogas na regi\u00e3o. Os n\u00fameros apontam efeitos das medidas de preven\u00e7\u00e3o, tratamento e redu\u00e7\u00e3o de riscos, com melhoria gradual. Os A\u00e7ores aparecem entre as regi\u00f5es com menores preval\u00eancias de consumo recente de qualquer droga na popula\u00e7\u00e3o de 15 a 74 anos, acompanhando a descida nacional, com a descida mais expressiva em outras drogas que n\u00e3o can\u00e1bis. A preval\u00eancia de consumo recente de outras drogas n\u00e3o can\u00e1bis continua superior \u00e0 m\u00e9dia nacional (9%), com as maiores preval\u00eancias de coca\u00edna e opi\u00e1ceos; tamb\u00e9m houve maior apreens\u00e3o de buprenorfina e de code\u00edna. No \u00e1lcool, registaram-se descidas na embriaguez severa e redu\u00e7\u00e3o de consumos de risco\/nocivos; 2024 teve 790 internamentos por \u00e1lcool, a maior taxa do pa\u00eds mas a menor de sempre na regi\u00e3o desde 2019; a mortalidade por doen\u00e7as atribu\u00edveis ao \u00e1lcool caiu para 29,1% em 2023, com 71 \u00f3bitos, e os anos potenciais de vida perdidos foram 322,6 por 100 mil habitantes.\" \/>\n<meta property=\"og:url\" content=\"https:\/\/portaltela.pt\/noticias\/2026\/02\/19\/governo-dos-acores-destaca-melhorias-nos-indicadores-de-alcool-e-droga\/\" \/>\n<meta property=\"og:site_name\" content=\"Portal Tela Portugal\" \/>\n<meta property=\"article:published_time\" content=\"2026-02-19T23:19:18+00:00\" \/>\n<meta name=\"author\" content=\"Telinha\" \/>\n<meta name=\"twitter:card\" content=\"summary_large_image\" \/>\n<meta name=\"twitter:label1\" content=\"Escrito por\" \/>\n\t<meta name=\"twitter:data1\" content=\"Telinha\" \/>\n\t<meta name=\"twitter:label2\" content=\"Tempo estimado de leitura\" \/>\n\t<meta name=\"twitter:data2\" content=\"2 minutos\" \/>\n<script type=\"application\/ld+json\" class=\"yoast-schema-graph\">{\"@context\":\"https:\/\/schema.org\",\"@graph\":[{\"@type\":\"Article\",\"@id\":\"https:\/\/portaltela.pt\/noticias\/2026\/02\/19\/governo-dos-acores-destaca-melhorias-nos-indicadores-de-alcool-e-droga\/#article\",\"isPartOf\":{\"@id\":\"https:\/\/portaltela.pt\/noticias\/2026\/02\/19\/governo-dos-acores-destaca-melhorias-nos-indicadores-de-alcool-e-droga\/\"},\"author\":{\"name\":\"Telinha\",\"@id\":\"https:\/\/portaltela.pt\/#\/schema\/person\/c4278d4a6028830caff9ee44b42d32ed\"},\"headline\":\"Governo dos A\u00e7ores destaca melhorias nos indicadores de \u00e1lcool e droga\",\"datePublished\":\"2026-02-19T23:19:18+00:00\",\"mainEntityOfPage\":{\"@id\":\"https:\/\/portaltela.pt\/noticias\/2026\/02\/19\/governo-dos-acores-destaca-melhorias-nos-indicadores-de-alcool-e-droga\/\"},\"wordCount\":430,\"image\":{\"@id\":\"https:\/\/portaltela.pt\/noticias\/2026\/02\/19\/governo-dos-acores-destaca-melhorias-nos-indicadores-de-alcool-e-droga\/#primaryimage\"},\"thumbnailUrl\":\"https:\/\/portaltela.pt\/s.01k8rhncp4jt1\/2026\/02\/img_1500x1000uu2009-08-17-14-42-00-248545.jpg\",\"keywords\":[\"A\u00e7ores\",\"\u00e1lcool\",\"depend\u00eancias\",\"drogas\",\"internamentos\",\"sa\u00fade p\u00fablica\"],\"articleSection\":[\"Not\u00edcias\"],\"inLanguage\":\"pt-PT\"},{\"@type\":\"WebPage\",\"@id\":\"https:\/\/portaltela.pt\/noticias\/2026\/02\/19\/governo-dos-acores-destaca-melhorias-nos-indicadores-de-alcool-e-droga\/\",\"url\":\"https:\/\/portaltela.pt\/noticias\/2026\/02\/19\/governo-dos-acores-destaca-melhorias-nos-indicadores-de-alcool-e-droga\/\",\"name\":\"Governo dos A\u00e7ores destaca melhorias nos indicadores de \u00e1lcool e droga - Portal Tela Portugal\",\"isPartOf\":{\"@id\":\"https:\/\/portaltela.pt\/#website\"},\"primaryImageOfPage\":{\"@id\":\"https:\/\/portaltela.pt\/noticias\/2026\/02\/19\/governo-dos-acores-destaca-melhorias-nos-indicadores-de-alcool-e-droga\/#primaryimage\"},\"image\":{\"@id\":\"https:\/\/portaltela.pt\/noticias\/2026\/02\/19\/governo-dos-acores-destaca-melhorias-nos-indicadores-de-alcool-e-droga\/#primaryimage\"},\"thumbnailUrl\":\"https:\/\/portaltela.pt\/s.01k8rhncp4jt1\/2026\/02\/img_1500x1000uu2009-08-17-14-42-00-248545.jpg\",\"datePublished\":\"2026-02-19T23:19:18+00:00\",\"author\":{\"@id\":\"https:\/\/portaltela.pt\/#\/schema\/person\/c4278d4a6028830caff9ee44b42d32ed\"},\"breadcrumb\":{\"@id\":\"https:\/\/portaltela.pt\/noticias\/2026\/02\/19\/governo-dos-acores-destaca-melhorias-nos-indicadores-de-alcool-e-droga\/#breadcrumb\"},\"inLanguage\":\"pt-PT\",\"potentialAction\":[{\"@type\":\"ReadAction\",\"target\":[\"https:\/\/portaltela.pt\/noticias\/2026\/02\/19\/governo-dos-acores-destaca-melhorias-nos-indicadores-de-alcool-e-droga\/\"]}]},{\"@type\":\"ImageObject\",\"inLanguage\":\"pt-PT\",\"@id\":\"https:\/\/portaltela.pt\/noticias\/2026\/02\/19\/governo-dos-acores-destaca-melhorias-nos-indicadores-de-alcool-e-droga\/#primaryimage\",\"url\":\"https:\/\/portaltela.pt\/s.01k8rhncp4jt1\/2026\/02\/img_1500x1000uu2009-08-17-14-42-00-248545.jpg\",\"contentUrl\":\"https:\/\/portaltela.pt\/s.01k8rhncp4jt1\/2026\/02\/img_1500x1000uu2009-08-17-14-42-00-248545.jpg\",\"width\":796,\"height\":448,\"caption\":\"Tr\u00e1fico de droga\"},{\"@type\":\"BreadcrumbList\",\"@id\":\"https:\/\/portaltela.pt\/noticias\/2026\/02\/19\/governo-dos-acores-destaca-melhorias-nos-indicadores-de-alcool-e-droga\/#breadcrumb\",\"itemListElement\":[{\"@type\":\"ListItem\",\"position\":1,\"name\":\"In\u00edcio\",\"item\":\"https:\/\/portaltela.pt\/\"},{\"@type\":\"ListItem\",\"position\":2,\"name\":\"Governo dos A\u00e7ores destaca melhorias nos indicadores de \u00e1lcool e droga\"}]},{\"@type\":\"WebSite\",\"@id\":\"https:\/\/portaltela.pt\/#website\",\"url\":\"https:\/\/portaltela.pt\/\",\"name\":\"Portal Tela Portugal\",\"description\":\"\",\"potentialAction\":[{\"@type\":\"SearchAction\",\"target\":{\"@type\":\"EntryPoint\",\"urlTemplate\":\"https:\/\/portaltela.pt\/?s={search_term_string}\"},\"query-input\":{\"@type\":\"PropertyValueSpecification\",\"valueRequired\":true,\"valueName\":\"search_term_string\"}}],\"inLanguage\":\"pt-PT\"},{\"@type\":\"Person\",\"@id\":\"https:\/\/portaltela.pt\/#\/schema\/person\/c4278d4a6028830caff9ee44b42d32ed\",\"name\":\"Telinha\",\"image\":{\"@type\":\"ImageObject\",\"inLanguage\":\"pt-PT\",\"@id\":\"https:\/\/portaltela.pt\/s.01k8rhncp4jt1\/2025\/11\/talking-bot-125x125.png\",\"url\":\"https:\/\/portaltela.pt\/s.01k8rhncp4jt1\/2025\/11\/talking-bot-125x125.png\",\"contentUrl\":\"https:\/\/portaltela.pt\/s.01k8rhncp4jt1\/2025\/11\/talking-bot-125x125.png\",\"caption\":\"Telinha\"},\"sameAs\":[\"https:\/\/portaltela.pt\/\"],\"url\":\"https:\/\/portaltela.pt\/por\/367410592786\/\"}]}<\/script>\n<!-- \/ Yoast SEO plugin. -->","yoast_head_json":{"title":"Governo dos A\u00e7ores destaca melhorias nos indicadores de \u00e1lcool e droga - Portal Tela Portugal","robots":{"index":"index","follow":"follow","max-snippet":"max-snippet:-1","max-image-preview":"max-image-preview:large","max-video-preview":"max-video-preview:-1"},"og_locale":"pt_PT","og_type":"article","og_title":"Governo dos A\u00e7ores destaca melhorias nos indicadores de \u00e1lcool e droga - Portal Tela Portugal","og_description":"O Governo Regional dos A\u00e7ores afirma que os relat\u00f3rios do ICAD indicam um caminho sustentado de melhoria nos consumos de \u00e1lcool e drogas na regi\u00e3o. Os n\u00fameros apontam efeitos das medidas de preven\u00e7\u00e3o, tratamento e redu\u00e7\u00e3o de riscos, com melhoria gradual. Os A\u00e7ores aparecem entre as regi\u00f5es com menores preval\u00eancias de consumo recente de qualquer droga na popula\u00e7\u00e3o de 15 a 74 anos, acompanhando a descida nacional, com a descida mais expressiva em outras drogas que n\u00e3o can\u00e1bis. A preval\u00eancia de consumo recente de outras drogas n\u00e3o can\u00e1bis continua superior \u00e0 m\u00e9dia nacional (9%), com as maiores preval\u00eancias de coca\u00edna e opi\u00e1ceos; tamb\u00e9m houve maior apreens\u00e3o de buprenorfina e de code\u00edna. No \u00e1lcool, registaram-se descidas na embriaguez severa e redu\u00e7\u00e3o de consumos de risco\/nocivos; 2024 teve 790 internamentos por \u00e1lcool, a maior taxa do pa\u00eds mas a menor de sempre na regi\u00e3o desde 2019; a mortalidade por doen\u00e7as atribu\u00edveis ao \u00e1lcool caiu para 29,1% em 2023, com 71 \u00f3bitos, e os anos potenciais de vida perdidos foram 322,6 por 100 mil habitantes.","og_url":"https:\/\/portaltela.pt\/noticias\/2026\/02\/19\/governo-dos-acores-destaca-melhorias-nos-indicadores-de-alcool-e-droga\/","og_site_name":"Portal Tela Portugal","article_published_time":"2026-02-19T23:19:18+00:00","author":"Telinha","twitter_card":"summary_large_image","twitter_misc":{"Escrito por":"Telinha","Tempo estimado de leitura":"2 minutos"},"schema":{"@context":"https:\/\/schema.org","@graph":[{"@type":"Article","@id":"https:\/\/portaltela.pt\/noticias\/2026\/02\/19\/governo-dos-acores-destaca-melhorias-nos-indicadores-de-alcool-e-droga\/#article","isPartOf":{"@id":"https:\/\/portaltela.pt\/noticias\/2026\/02\/19\/governo-dos-acores-destaca-melhorias-nos-indicadores-de-alcool-e-droga\/"},"author":{"name":"Telinha","@id":"https:\/\/portaltela.pt\/#\/schema\/person\/c4278d4a6028830caff9ee44b42d32ed"},"headline":"Governo dos A\u00e7ores destaca melhorias nos indicadores de \u00e1lcool e droga","datePublished":"2026-02-19T23:19:18+00:00","mainEntityOfPage":{"@id":"https:\/\/portaltela.pt\/noticias\/2026\/02\/19\/governo-dos-acores-destaca-melhorias-nos-indicadores-de-alcool-e-droga\/"},"wordCount":430,"image":{"@id":"https:\/\/portaltela.pt\/noticias\/2026\/02\/19\/governo-dos-acores-destaca-melhorias-nos-indicadores-de-alcool-e-droga\/#primaryimage"},"thumbnailUrl":"https:\/\/portaltela.pt\/s.01k8rhncp4jt1\/2026\/02\/img_1500x1000uu2009-08-17-14-42-00-248545.jpg","keywords":["A\u00e7ores","\u00e1lcool","depend\u00eancias","drogas","internamentos","sa\u00fade p\u00fablica"],"articleSection":["Not\u00edcias"],"inLanguage":"pt-PT"},{"@type":"WebPage","@id":"https:\/\/portaltela.pt\/noticias\/2026\/02\/19\/governo-dos-acores-destaca-melhorias-nos-indicadores-de-alcool-e-droga\/","url":"https:\/\/portaltela.pt\/noticias\/2026\/02\/19\/governo-dos-acores-destaca-melhorias-nos-indicadores-de-alcool-e-droga\/","name":"Governo dos A\u00e7ores destaca melhorias nos indicadores de \u00e1lcool e droga - Portal Tela Portugal","isPartOf":{"@id":"https:\/\/portaltela.pt\/#website"},"primaryImageOfPage":{"@id":"https:\/\/portaltela.pt\/noticias\/2026\/02\/19\/governo-dos-acores-destaca-melhorias-nos-indicadores-de-alcool-e-droga\/#primaryimage"},"image":{"@id":"https:\/\/portaltela.pt\/noticias\/2026\/02\/19\/governo-dos-acores-destaca-melhorias-nos-indicadores-de-alcool-e-droga\/#primaryimage"},"thumbnailUrl":"https:\/\/portaltela.pt\/s.01k8rhncp4jt1\/2026\/02\/img_1500x1000uu2009-08-17-14-42-00-248545.jpg","datePublished":"2026-02-19T23:19:18+00:00","author":{"@id":"https:\/\/portaltela.pt\/#\/schema\/person\/c4278d4a6028830caff9ee44b42d32ed"},"breadcrumb":{"@id":"https:\/\/portaltela.pt\/noticias\/2026\/02\/19\/governo-dos-acores-destaca-melhorias-nos-indicadores-de-alcool-e-droga\/#breadcrumb"},"inLanguage":"pt-PT","potentialAction":[{"@type":"ReadAction","target":["https:\/\/portaltela.pt\/noticias\/2026\/02\/19\/governo-dos-acores-destaca-melhorias-nos-indicadores-de-alcool-e-droga\/"]}]},{"@type":"ImageObject","inLanguage":"pt-PT","@id":"https:\/\/portaltela.pt\/noticias\/2026\/02\/19\/governo-dos-acores-destaca-melhorias-nos-indicadores-de-alcool-e-droga\/#primaryimage","url":"https:\/\/portaltela.pt\/s.01k8rhncp4jt1\/2026\/02\/img_1500x1000uu2009-08-17-14-42-00-248545.jpg","contentUrl":"https:\/\/portaltela.pt\/s.01k8rhncp4jt1\/2026\/02\/img_1500x1000uu2009-08-17-14-42-00-248545.jpg","width":796,"height":448,"caption":"Tr\u00e1fico de droga"},{"@type":"BreadcrumbList","@id":"https:\/\/portaltela.pt\/noticias\/2026\/02\/19\/governo-dos-acores-destaca-melhorias-nos-indicadores-de-alcool-e-droga\/#breadcrumb","itemListElement":[{"@type":"ListItem","position":1,"name":"In\u00edcio","item":"https:\/\/portaltela.pt\/"},{"@type":"ListItem","position":2,"name":"Governo dos A\u00e7ores destaca melhorias nos indicadores de \u00e1lcool e droga"}]},{"@type":"WebSite","@id":"https:\/\/portaltela.pt\/#website","url":"https:\/\/portaltela.pt\/","name":"Portal Tela Portugal","description":"","potentialAction":[{"@type":"SearchAction","target":{"@type":"EntryPoint","urlTemplate":"https:\/\/portaltela.pt\/?s={search_term_string}"},"query-input":{"@type":"PropertyValueSpecification","valueRequired":true,"valueName":"search_term_string"}}],"inLanguage":"pt-PT"},{"@type":"Person","@id":"https:\/\/portaltela.pt\/#\/schema\/person\/c4278d4a6028830caff9ee44b42d32ed","name":"Telinha","image":{"@type":"ImageObject","inLanguage":"pt-PT","@id":"https:\/\/portaltela.pt\/s.01k8rhncp4jt1\/2025\/11\/talking-bot-125x125.png","url":"https:\/\/portaltela.pt\/s.01k8rhncp4jt1\/2025\/11\/talking-bot-125x125.png","contentUrl":"https:\/\/portaltela.pt\/s.01k8rhncp4jt1\/2025\/11\/talking-bot-125x125.png","caption":"Telinha"},"sameAs":["https:\/\/portaltela.pt\/"],"url":"https:\/\/portaltela.pt\/por\/367410592786\/"}]}},"_links":{"self":[{"href":"https:\/\/portaltela.pt\/api\/wp\/v2\/posts\/218407","targetHints":{"allow":["GET"]}}],"collection":[{"href":"https:\/\/portaltela.pt\/api\/wp\/v2\/posts"}],"about":[{"href":"https:\/\/portaltela.pt\/api\/wp\/v2\/types\/post"}],"author":[{"embeddable":true,"href":"https:\/\/portaltela.pt\/api\/wp\/v2\/users\/2"}],"replies":[{"embeddable":true,"href":"https:\/\/portaltela.pt\/api\/wp\/v2\/comments?post=218407"}],"version-history":[{"count":0,"href":"https:\/\/portaltela.pt\/api\/wp\/v2\/posts\/218407\/revisions"}],"wp:featuredmedia":[{"embeddable":true,"href":"https:\/\/portaltela.pt\/api\/wp\/v2\/media\/218410"}],"wp:attachment":[{"href":"https:\/\/portaltela.pt\/api\/wp\/v2\/media?parent=218407"}],"wp:term":[{"taxonomy":"category","embeddable":true,"href":"https:\/\/portaltela.pt\/api\/wp\/v2\/categories?post=218407"},{"taxonomy":"post_tag","embeddable":true,"href":"https:\/\/portaltela.pt\/api\/wp\/v2\/tags?post=218407"}],"curies":[{"name":"wp","href":"https:\/\/api.w.org\/{rel}","templated":true}]}}